{"id":4725,"date":"2022-08-18T10:08:11","date_gmt":"2022-08-18T13:08:11","guid":{"rendered":"https:\/\/www.reportedeprensa.utalca.cl\/?p=4725"},"modified":"2022-08-18T10:13:10","modified_gmt":"2022-08-18T13:13:10","slug":"18-de-agosto-de-2022","status":"publish","type":"post","link":"https:\/\/www.reportedeprensa.utalca.cl\/?p=4725","title":{"rendered":"18 de agosto de 2022"},"content":{"rendered":"\t\t<div data-elementor-type=\"wp-post\" data-elementor-id=\"4725\" class=\"elementor elementor-4725\" data-elementor-settings=\"[]\">\n\t\t\t\t\t\t\t<div class=\"elementor-section-wrap\">\n\t\t\t\t\t\t\t<section class=\"elementor-section elementor-top-section elementor-element elementor-element-44052ab7 elementor-section-boxed elementor-section-height-default elementor-section-height-default\" data-id=\"44052ab7\" data-element_type=\"section\">\n\t\t\t\t\t\t<div class=\"elementor-container elementor-column-gap-default\">\n\t\t\t\t\t<div class=\"elementor-column elementor-col-100 elementor-top-column elementor-element elementor-element-5b002d83\" data-id=\"5b002d83\" data-element_type=\"column\">\n\t\t\t<div class=\"elementor-widget-wrap elementor-element-populated\">\n\t\t\t\t\t\t\t\t<div class=\"elementor-element elementor-element-477998b8 elementor-widget elementor-widget-text-editor\" data-id=\"477998b8\" data-element_type=\"widget\" data-widget_type=\"text-editor.default\">\n\t\t\t\t<div class=\"elementor-widget-container\">\n\t\t\t\t\t\t\t\t<p class=\"x_MsoNormal\"><strong>RADIO COOPERATIVA\u00a0<\/strong><\/p><p class=\"x_MsoNormal\"><a href=\"https:\/\/www.litoralpress.cl\/sitio\/RadioTV_Detalles.cshtml?LPKey=MEBVWXUXTXB376STYIPV3WDL73JKT6WWYVR6WYEZ2MCQPCYKJRDHNDTCAOEIW27PYIWT7JMX5NXTU\">Situaci\u00f3n del Coronavirus y la quinta dosis de vacunas. Se refiere Sergio Wehinger, director del Mag\u00edster en Ciencias Biom\u00e9dicas. \u00a0<\/a><\/p><p class=\"x_MsoNormal\">\u00a0<\/p><p class=\"x_MsoNormal\"><strong>COOPERATIVA.CL\u00a0<\/strong><\/p><p class=\"x_MsoNormal\"><a href=\"https:\/\/cooperativa.cl\/noticias\/sociedad\/salud\/coronavirus\/ministra-yarza-confirmo-que-habra-quinta-dosis-contra-el-covid-19-antes\/2022-08-17\/083929.html\">Ministra Yarza confirm\u00f3 que habr\u00e1 quinta dosis contra el Covid-19 antes de fin de a\u00f1o. Se refiere Sergio Wehinger, director del Mag\u00edster en Ciencias Biom\u00e9dicas.\u00a0<\/a><\/p><p class=\"x_MsoNormal\">\u00a0<\/p><p class=\"x_MsoNormal\"><strong>M\u00daSICAYNOTICIAS.CL\u00a0<\/strong><\/p><p class=\"x_MsoNormal\"><a href=\"https:\/\/www.musicaynoticias.cl\/nacional\/confirman-que-habra-quinta-dosis-contra-el-covid-19-antes-de-fin-de-ano\">Confirman que habr\u00e1 quinta dosis contra el Covid-19 antes de fin de a\u00f1o. Se refiere Sergio Wehinger, director del Mag\u00edster en Ciencias Biom\u00e9dicas.\u00a0<\/a><\/p><p class=\"x_MsoNormal\"><span class=\"x_MsoHyperlink\">\u00a0<\/span><\/p><p class=\"x_MsoNormal\"><strong><span class=\"x_MsoHyperlink\">ELCIUDADANO.COM\u00a0<\/span><\/strong><\/p><p class=\"x_MsoNormal\"><a href=\"https:\/\/www.elciudadano.com\/alimentacion\/envejecimiento-saludable-estudio-identificara-el-patron-alimentario-y-perfil-sociosanitario-de-personas-mayores-en-todo-el-pais\/08\/17\/\"><span class=\"x_MsoHyperlink\">Envejecimiento saludable: Estudio identificar\u00e1 el patr\u00f3n alimentario y perfil sociosanitario de personas mayores en todo el pa\u00eds. Se refiere Iv\u00e1n Palomo, acad\u00e9mico de la Facultad de Ciencias de la Salud.\u00a0<\/span><span class=\"x_MsoHyperlink\">\u00a0<\/span><\/a><\/p><p class=\"x_MsoNormal\">\u00a0<\/p><p class=\"x_MsoNormal\"><strong>EL MERCURIO\u00a0<\/strong><\/p><p class=\"x_MsoNormal\"><a href=\"https:\/\/www.litoralpress.cl\/paginaconsultas\/Servicios_NClipSitio\/Get_Imagen_Nota.aspx?LPKey=LGX3P4DQDSTNGTUNFSEY445YK5PUOZ37XTA46LWFEJERHBZRZW4MRFTYPRTV5ZJRXEYIQI4N75KH4\">El \u2018greenwashing\u2019 empeora la crisis clim\u00e1tica y se vuelve clave aprender a identificar esta pr\u00e1ctica. Se refiere Yerko Cort\u00e9s, acad\u00e9mico de la Facultad de Econom\u00eda y Negocios (FEN).\u00a0<\/a><\/p><p class=\"x_MsoNormal\">\u00a0<\/p><p class=\"x_MsoNormal\"><strong>LEGALNEWS.CL\u00a0<\/strong><\/p><p class=\"x_MsoNormal\"><a href=\"https:\/\/www.legalnews.cl\/2022\/08\/17\/analizan-cambios-que-tendria-la-defensoria-penal-publica-en-la-nueva-constitucion\/\">Analizan cambios que tendr\u00eda la Defensor\u00eda Penal P\u00fablica en la Nueva Constituci\u00f3n. Se refiere Diego Palomo, acad\u00e9mico de la Facultad de Ciencias Jur\u00eddicas y Sociales. \u00a0<\/a><\/p><p class=\"x_MsoNormal\">\u00a0<\/p><p class=\"x_MsoNormal\"><strong>ADPRENSA.CL\u00a0<\/strong><\/p><p class=\"x_MsoNormal\"><a href=\"https:\/\/www.adprensa.cl\/actividades-academicas\/expertos-analizan-derechos-laborales-que-propone-la-nueva-constitucion\/\">Expertos analizan derechos laborales que propone la nueva Constituci\u00f3n. Se refiere Irene Rojas, directora del Centro de Estudios de Derecho del Trabajo y de la Seguridad Social (CENTRASS).\u00a0<\/a><\/p><p class=\"x_MsoNormal\">\u00a0<\/p><p class=\"x_MsoNormal\"><strong>EL LECTOR\u00a0<\/strong><\/p><p class=\"x_MsoNormal\"><a href=\"https:\/\/www.litoralpress.cl\/paginaconsultas\/Servicios_NClipSitio\/Get_Imagen_Nota.aspx?LPKey=PHKPDO4A64I5ETVEXOBWCVUY532VP5VWK7ZWJPCKL25H5TOEEHW2PJX7XE6SMIE543WA3I46OTLYA\">Investigaci\u00f3n detect\u00f3 alto porcentaje de licitaciones desiertas en la construcci\u00f3n p\u00fablica. Se refiere Armando Dur\u00e1n, director de la Escuela de Ingenier\u00eda Civil en Obras Civiles.\u00a0<\/a><\/p><p class=\"x_MsoNormal\">\u00a0<\/p><p class=\"x_MsoNormal\"><strong>RADIO FAVORITA\u00a0<\/strong><\/p><p class=\"x_MsoNormal\"><a href=\"https:\/\/www.litoralpress.cl\/sitio\/RadioTV_Detalles.cshtml?LPKey=CHRK437WXTKNZOAN3V7Q2Q4M2RTKV3377ZVTMMUUQOLFV5CFI73NAFN7TDIKRP4JVDUYFRFXOLHYK\">Licitaciones desiertas. Se refiere Armando Dur\u00e1n, director de la Escuela de Ingenier\u00eda Civil en Obras Civiles.\u00a0<\/a><\/p><p class=\"x_MsoNormal\">\u00a0<\/p><p class=\"x_MsoNormal\"><strong>ELMAULEINFORMA.CL\u00a0<\/strong><\/p><p class=\"x_MsoNormal\"><a href=\"https:\/\/elmauleinforma.cl\/investigacion-detecto-alto-porcentaje-de-licitaciones-desiertas-en-la-construccion-publica\/\">Investigaci\u00f3n detect\u00f3 alto porcentaje de licitaciones desiertas en la construcci\u00f3n p\u00fablica. Se refiere Armando Dur\u00e1n, director de la Escuela de Ingenier\u00eda Civil en Obras Civiles.\u00a0<\/a><\/p><p class=\"x_MsoNormal\" aria-hidden=\"true\">\u00a0<\/p><p class=\"x_MsoNormal\"><strong>G5NOTICIAS.CL\u00a0<\/strong><\/p><p class=\"x_MsoNormal\"><a href=\"https:\/\/g5noticias.cl\/2022\/08\/17\/investigacion-detecto-alto-porcentaje-de-licitaciones-desiertas-en-la-construccion-publica\/\">Investigaci\u00f3n detect\u00f3 alto porcentaje de licitaciones desiertas en la construcci\u00f3n p\u00fablica. Se refiere Armando Dur\u00e1n, director de la Escuela de Ingenier\u00eda Civil en Obras Civiles. \u00a0<\/a><\/p><p class=\"x_MsoNormal\" aria-hidden=\"true\">\u00a0<\/p><p class=\"x_MsoNormal\"><strong>LA PRENSA\u00a0<\/strong><\/p><p class=\"x_MsoNormal\"><a href=\"https:\/\/www.litoralpress.cl\/paginaconsultas\/Servicios_NClipSitio\/Get_Imagen_Nota.aspx?LPKey=I7GJE2IQSEOIRUILSBXDXBOGI3SE2SCCLOEN3ZBLI5ECN5TDHC72F255Q23KGGIIRBE4ZF3V7M52W\">Energ\u00eda como derecho y nueva Constituci\u00f3n: avances, Innovaciones y desaf\u00edos. Se refiere Marco Rivera, acad\u00e9mico de la Facultad de Ingenier\u00eda.\u00a0\u00a0\u00a0<\/a><\/p><p class=\"x_MsoNormal\">\u00a0<\/p><p class=\"x_MsoNormal\"><strong>SPANISH.NEWS.CN\u00a0<\/strong><\/p><p class=\"x_MsoNormal\"><a href=\"http:\/\/spanish.news.cn\/20220813\/64ea5bf7888d4593b098378bd8735d02\/c.html\">Expertos celebran reforma tributaria de Chile, pero advierten proyecci\u00f3n sobredimensionada de recaudaci\u00f3n del PIB. Se refiere Mois\u00e9s Gonz\u00e1lez, acad\u00e9mico de la Facultad de Econom\u00eda y Negocios (FEN).\u00a0<\/a><\/p><p class=\"x_MsoNormal\">\u00a0<\/p><p class=\"x_MsoNormal\"><strong>VEINTITRES.COM.AR\u00a0<\/strong><\/p><p class=\"x_MsoNormal\"><a href=\"https:\/\/www.litoralpress.cl\/sitio\/Prensa_PaginaCompleta.cshtml?LPKey=BSTPZKDAZD7CUSW4YGIMTAYVK2P64NAD2HCZETJHBI6LYSDDVL7A\">Expertos celebran reforma tributaria de Chile, pero advierten proyecci\u00f3n sobredimensionada de recaudaci\u00f3n del PIB. Se refiere Mois\u00e9s Gonz\u00e1lez, acad\u00e9mico de la Facultad de Econom\u00eda y Negocios (FEN).\u00a0<\/a><\/p><p class=\"x_MsoNormal\">\u00a0<\/p><p class=\"x_MsoNormal\"><strong>DEBATE.COM.MX\u00a0<\/strong><\/p><p class=\"x_MsoNormal\"><a href=\"https:\/\/www.litoralpress.cl\/sitio\/Prensa_PaginaCompleta.cshtml?LPKey=NC6YATNBRCZZJP7EWKYFPHMQNWUQBMJSKGDW6UHDXD6AI43QQ7CA\">Expertos celebran reforma tributaria de Chile, pero advierten proyecci\u00f3n sobredimensionada de recaudaci\u00f3n del PIB. Se refiere Mois\u00e9s Gonz\u00e1lez, acad\u00e9mico de la Facultad de Econom\u00eda y Negocios (FEN).\u00a0<\/a><\/p><p class=\"x_MsoNormal\">\u00a0<\/p><p class=\"x_MsoNormal\"><strong>MEXICO-TIMES.MX\u00a0<\/strong><\/p><p class=\"x_MsoNormal\"><a href=\"https:\/\/www.litoralpress.cl\/sitio\/Prensa_PaginaCompleta.cshtml?LPKey=KQQEHVJWJLRZZEXRNETCBVUTKEWI4I2S5JU5RDVURPCA2U2CCNAA\">Expertos celebran reforma tributaria de Chile, pero advierten proyecci\u00f3n sobredimensionada de recaudaci\u00f3n del PIB. Se refiere Mois\u00e9s Gonz\u00e1lez, acad\u00e9mico de la Facultad de Econom\u00eda y Negocios (FEN).\u00a0<\/a><\/p><p class=\"x_MsoNormal\">\u00a0<\/p><p class=\"x_MsoNormal\"><strong>RADIO NUEVO MUNDO\u00a0<\/strong><\/p><p class=\"x_MsoNormal\"><a href=\"https:\/\/www.litoralpress.cl\/sitio\/RadioTV_Detalles.cshtml?LPKey=V33MT6YN3ZNDIJPXRI3J5LS4KHEI7AXVYFWZYKWQI6U4PJDFKUKLDIYJLODH4A4VJVCWNTNHRVDLC\">Entrevista a Mar\u00eda Ignacia Sandoval, del Centro de Estudios Constitucionales de Chile (CECOCH).\u00a0<\/a><\/p><p class=\"x_MsoNormal\">\u00a0<\/p><p class=\"x_MsoNormal\"><strong>LA SEGUNDA\u00a0<\/strong><\/p><p class=\"x_MsoNormal\"><a href=\"https:\/\/www.litoralpress.cl\/sitio\/Prensa_PaginaCompleta.cshtml?LPKey=IGP42BRIC3KXC2646PYMEAANHD6VZ5JJGOLHFCQQ2S7PF5OZCJYA\">Tres ganadores de la cita Jackson con Rinc\u00f3n y Walker: El ministro, el Rechazo y los disidentes DC. Se refiere Mauricio Morales, director del Centro de An\u00e1lisis Pol\u00edtico (CAP).\u00a0<\/a><\/p><p class=\"x_MsoNormal\">\u00a0<\/p><p class=\"x_MsoNormal\"><strong>DF.CL\u00a0<\/strong><\/p><p class=\"x_MsoNormal\"><a href=\"https:\/\/www.df.cl\/economia-y-politica\/pais\/el-plan-b-fijar-pronto-nuevo-itinerario-constitucional-y-rapido-ajuste\">El plan B tras plebiscito: fijar pronto nuevo itinerario constitucional y r\u00e1pido ajuste de gabinete. Se refiere Mauricio Morales, director del Centro de An\u00e1lisis Pol\u00edtico (CAP).\u00a0<\/a><\/p><p class=\"x_MsoNormal\">\u00a0<\/p><p class=\"x_MsoNormal\"><strong>NUEVOPODER.CL\u00a0<\/strong><\/p><p class=\"x_MsoNormal\"><a href=\"https:\/\/www.nuevopoder.cl\/gobierno-planifica-agenda-b-post-plebiscito-con-foco-en-lo-urgente\/\">Gobierno planifica agenda B post plebiscito con foco en \u00ablo urgente\u00bb. Se refiere Mauricio Morales, director del Centro de An\u00e1lisis Pol\u00edtico (CAP).\u00a0<\/a><\/p><p class=\"x_MsoNormal\">\u00a0<\/p>\t\t\t\t\t\t<\/div>\n\t\t\t\t<\/div>\n\t\t\t\t\t<\/div>\n\t\t<\/div>\n\t\t\t\t\t\t\t<\/div>\n\t\t<\/section>\n\t\t\t\t\t\t<\/div>\n\t\t\t\t\t<\/div>\n\t\t","protected":false},"excerpt":{"rendered":"<p>RADIO COOPERATIVA\u00a0 Situaci\u00f3n del Coronavirus y la quinta dosis de vacunas. Se refiere Sergio Wehinger, director del Mag\u00edster en Ciencias Biom\u00e9dicas. \u00a0 \u00a0 COOPERATIVA.CL\u00a0 Ministra Yarza confirm\u00f3 que habr\u00e1 quinta dosis contra el Covid-19 antes de fin de a\u00f1o. Se refiere Sergio Wehinger, director del Mag\u00edster en Ciencias Biom\u00e9dicas.\u00a0 \u00a0 M\u00daSICAYNOTICIAS.CL\u00a0 Confirman que habr\u00e1 quinta &hellip;<\/p>\n<p class=\"read-more\"> <a class=\"\" href=\"https:\/\/www.reportedeprensa.utalca.cl\/?p=4725\"> <span class=\"screen-reader-text\">18 de agosto de 2022<\/span> Read More &raquo;<\/a><\/p>\n","protected":false},"author":1,"featured_media":0,"comment_status":"closed","ping_status":"open","sticky":false,"template":"","format":"standard","meta":{"_monsterinsights_skip_tracking":false,"_monsterinsights_sitenote_active":false,"_monsterinsights_sitenote_note":"","_monsterinsights_sitenote_category":0},"categories":[24],"tags":[],"_links":{"self":[{"href":"https:\/\/www.reportedeprensa.utalca.cl\/index.php?rest_route=\/wp\/v2\/posts\/4725"}],"collection":[{"href":"https:\/\/www.reportedeprensa.utalca.cl\/index.php?rest_route=\/wp\/v2\/posts"}],"about":[{"href":"https:\/\/www.reportedeprensa.utalca.cl\/index.php?rest_route=\/wp\/v2\/types\/post"}],"author":[{"embeddable":true,"href":"https:\/\/www.reportedeprensa.utalca.cl\/index.php?rest_route=\/wp\/v2\/users\/1"}],"replies":[{"embeddable":true,"href":"https:\/\/www.reportedeprensa.utalca.cl\/index.php?rest_route=%2Fwp%2Fv2%2Fcomments&post=4725"}],"version-history":[{"count":4,"href":"https:\/\/www.reportedeprensa.utalca.cl\/index.php?rest_route=\/wp\/v2\/posts\/4725\/revisions"}],"predecessor-version":[{"id":4732,"href":"https:\/\/www.reportedeprensa.utalca.cl\/index.php?rest_route=\/wp\/v2\/posts\/4725\/revisions\/4732"}],"wp:attachment":[{"href":"https:\/\/www.reportedeprensa.utalca.cl\/index.php?rest_route=%2Fwp%2Fv2%2Fmedia&parent=4725"}],"wp:term":[{"taxonomy":"category","embeddable":true,"href":"https:\/\/www.reportedeprensa.utalca.cl\/index.php?rest_route=%2Fwp%2Fv2%2Fcategories&post=4725"},{"taxonomy":"post_tag","embeddable":true,"href":"https:\/\/www.reportedeprensa.utalca.cl\/index.php?rest_route=%2Fwp%2Fv2%2Ftags&post=4725"}],"curies":[{"name":"wp","href":"https:\/\/api.w.org\/{rel}","templated":true}]}}