{"id":4740,"date":"2022-08-19T10:05:14","date_gmt":"2022-08-19T13:05:14","guid":{"rendered":"https:\/\/www.reportedeprensa.utalca.cl\/?p=4740"},"modified":"2022-08-19T10:11:21","modified_gmt":"2022-08-19T13:11:21","slug":"19-de-agosto-de-2022","status":"publish","type":"post","link":"https:\/\/www.reportedeprensa.utalca.cl\/?p=4740","title":{"rendered":"19 de agosto de 2022"},"content":{"rendered":"\t\t<div data-elementor-type=\"wp-post\" data-elementor-id=\"4740\" class=\"elementor elementor-4740\" data-elementor-settings=\"[]\">\n\t\t\t\t\t\t\t<div class=\"elementor-section-wrap\">\n\t\t\t\t\t\t\t<section class=\"elementor-section elementor-top-section elementor-element elementor-element-44052ab7 elementor-section-boxed elementor-section-height-default elementor-section-height-default\" data-id=\"44052ab7\" data-element_type=\"section\">\n\t\t\t\t\t\t<div class=\"elementor-container elementor-column-gap-default\">\n\t\t\t\t\t<div class=\"elementor-column elementor-col-100 elementor-top-column elementor-element elementor-element-5b002d83\" data-id=\"5b002d83\" data-element_type=\"column\">\n\t\t\t<div class=\"elementor-widget-wrap elementor-element-populated\">\n\t\t\t\t\t\t\t\t<div class=\"elementor-element elementor-element-477998b8 elementor-widget elementor-widget-text-editor\" data-id=\"477998b8\" data-element_type=\"widget\" data-widget_type=\"text-editor.default\">\n\t\t\t\t<div class=\"elementor-widget-container\">\n\t\t\t\t\t\t\t\t<p class=\"x_MsoNormal\"><strong>ADPRENSA.CL\u00a0<\/strong><\/p><p class=\"x_MsoNormal\"><a href=\"https:\/\/www.adprensa.cl\/cronica\/rector-de-la-utalca-presento-balance-de-sus-primeros-100-dias-de-gestion%ef%bf%bc\/\">Rector de la UTalca present\u00f3 balance de sus primeros 100 d\u00edas de gesti\u00f3n.\u00a0<\/a><\/p><p>\u00a0<\/p><p class=\"x_MsoNormal\"><strong>DIARIOELHERALDO.CL\u00a0<\/strong><\/p><p class=\"x_MsoNormal\"><a href=\"http:\/\/www.diarioelheraldo.cl\/noticia\/en-campus-linares-rector-de-la-utalca-presento-balance-de-sus-primeros-100-dias-de-gestion-\">En Campus Linares: Rector de la UTalca present\u00f3 balance de sus primeros 100 d\u00edas de gesti\u00f3n.<\/a><\/p><p>\u00a0<\/p><p class=\"x_MsoNormal\"><strong>G5NOTICIAS.CL\u00a0<\/strong><\/p><p class=\"x_MsoNormal\"><a href=\"https:\/\/g5noticias.cl\/2022\/08\/19\/rector-de-la-utalca-presento-balance-de-sus-primeros-100-dias-de-gestion\/\">Rector de la UTalca present\u00f3 balance de sus primeros 100 d\u00edas de gesti\u00f3n.\u00a0<\/a><\/p><p>\u00a0<\/p><p class=\"x_MsoNormal\"><strong>RADIO COOPERATIVA\u00a0<\/strong><\/p><p class=\"x_MsoNormal\"><a href=\"https:\/\/www.litoralpress.cl\/sitio\/RadioTV_Detalles.cshtml?LPKey=GVAYM3F4FGIFTPXSATEVR4OTBSCMZWGA4DBAAJLPDJDVCQPIFJF5A7QKVWA3CHMORCJGYKL6A57RS\">La ministra de Salud se refiri\u00f3 a la quinta dosis de la vacuna Covid-19. Se refiere Sergio Wehinger, director del Mag\u00edster en Ciencias Biom\u00e9dicas. \u00a0<\/a><\/p><p>\u00a0<\/p><p class=\"x_MsoNormal\"><strong>CANAL CNN CHILE\u00a0<\/strong><\/p><p class=\"x_MsoNormal\"><a href=\"https:\/\/www.litoralpress.cl\/sitio\/RadioTV_Detalles.cshtml?LPKey=JQ75WABBXRRAS34YXBER4IOJA2JJRAOYXK2VH6CTNQFZBPKLN66BNAHLVZCR7MWTMDY3V5WHAWYMO\">Alza en costo de la construcci\u00f3n pone en riesgo obras. Se menciona estudio de Armando Dur\u00e1n, director de la Escuela de Ingenier\u00eda Civil en Obras Civiles. \u00a0<\/a><\/p><p>\u00a0<\/p><p class=\"x_MsoNormal\"><strong>VERITASCAPITUR.CL\u00a0<\/strong><\/p><p class=\"x_MsoNormal\"><a href=\"https:\/\/veritascapitur.cl\/investigacion-detecta-alto-porcentaje-de-licitaciones-desiertas-en-la-construccion-publicas\/\">Investigaci\u00f3n detecta alto porcentaje de licitaciones desiertas en la construcci\u00f3n p\u00fablica. Se refiere Armando Dur\u00e1n, director de la Escuela de Ingenier\u00eda Civil en Obras Civiles. \u00a0<\/a><\/p><p>\u00a0<\/p><p class=\"x_MsoNormal\"><strong>PORTALEDUCACION.CL\u00a0<\/strong><\/p><p class=\"x_MsoNormal\"><a href=\"https:\/\/portaleducacion.cl\/index.php\/2022\/08\/18\/estudiantes-del-magister-en-ingenieria-mecanica-de-la-utalca-presentan-sus-trabajos-en-simulacion-computacional\/\">Estudiantes del Mag\u00edster en Ingenier\u00eda Mec\u00e1nica de la UTalca presentan sus trabajos en simulaci\u00f3n computacional. Se refiere H\u00e9ctor Quinteros, director del programa.\u00a0<\/a><\/p><p>\u00a0<\/p><p class=\"x_MsoNormal\"><strong>ELCENTRO.CL\u00a0<\/strong><\/p><p class=\"x_MsoNormal\"><a href=\"https:\/\/www.litoralpress.cl\/paginaconsultas\/Documentos\/Get_Imagen.aspx?lpkey=S4NDRLUY6GSFBWFSDBFPWW4JEKVJQTRY52QC2ODGUMTQ5G6A2VI46PDQQDNFTXRRDVRCTIAQXHBWW\">Analizan cambios que tendr\u00eda la defensor\u00eda penal p\u00fablica en la nueva Constituci\u00f3n. Se refiere Diego Palomo, acad\u00e9mico de la Facultad de Ciencias Jur\u00eddicas y Sociales. \u00a0<\/a><\/p><p>\u00a0<\/p><p class=\"x_MsoNormal\"><strong>LA PRENSA\u00a0<\/strong><\/p><p class=\"x_MsoNormal\"><a href=\"https:\/\/www.litoralpress.cl\/sitio\/Prensa_PaginaCompleta.cshtml?LPKey=IWKRNY4777ZZC7CRMF2GLDQBRZNXP33JNVHHCBSBSM2QJLM53Q3Q\">Analizan derechos laborales en propuesta de nueva Constituci\u00f3n. Se refiere Irene Rojas, directora del Centro de Estudios de Derecho del Trabajo y de la Seguridad Social (CENTRASS).\u00a0<\/a><\/p><p>\u00a0<\/p><p class=\"x_MsoNormal\"><strong>DIARIOLAPRENSA.CL\u00a0<\/strong><\/p><p class=\"x_MsoNormal\"><a href=\"https:\/\/new.diariolaprensa.cl\/index.php\/2022\/08\/18\/analizan-derechos-laborales-en-propuesta-de-nueva-constitucion\/\">Analizan derechos laborales en propuesta de nueva Constituci\u00f3n. Se refiere Irene Rojas, directora del Centro de Estudios de Derecho del Trabajo y de la Seguridad Social (CENTRASS). \u00a0<\/a><\/p><p>\u00a0<\/p><p class=\"x_MsoNormal\"><strong>G5NOTICIAS.CL\u00a0<\/strong><\/p><p class=\"x_MsoNormal\"><a href=\"https:\/\/g5noticias.cl\/2022\/08\/18\/expertos-analizan-derechos-laborales-que-propone-la-nueva-constitucion\/\">Expertos analizan derechos laborales que propone la nueva Constituci\u00f3n. Se refiere Irene Rojas, directora del Centro de Estudios de Derecho del Trabajo y de la Seguridad Social (CENTRASS).\u00a0<\/a><\/p><p>\u00a0<\/p><p class=\"x_MsoNormal\"><strong>ELDESCONCIERTO.CL\u00a0<\/strong><\/p><p class=\"x_MsoNormal\"><a href=\"https:\/\/www.eldesconcierto.cl\/nacional\/2022\/08\/18\/mujeres-de-lo-espejo-por-el-apruebo-nos-sentimos-empoderadas-para-cambiar-la-realidad.html\">Mujeres de Lo Espejo por el Apruebo: \u201cNos sentimos empoderadas para cambiar la realidad\u201d. Se menciona estudio de la UTalca.\u00a0<\/a><\/p><p>\u00a0<\/p><p class=\"x_MsoNormal\"><strong>ELMAULEINFORMA.CL\u00a0<\/strong><\/p><p class=\"x_MsoNormal\"><a href=\"https:\/\/elmauleinforma.cl\/junta-de-adelanto-del-maule-analizara-la-descentralizacion-en-la-nueva-constitucion-con-ex-convencionales\/\">Junta de Adelanto del Maule analizar\u00e1 la descentralizaci\u00f3n en la nueva Constituci\u00f3n con ex convencionales. \u00a0<\/a><\/p><p>\u00a0<\/p><p class=\"x_MsoNormal\"><strong>CANAL TVN RED MAULE\u00a0<\/strong><\/p><p class=\"x_MsoNormal\"><a href=\"https:\/\/www.litoralpress.cl\/sitio\/RadioTV_Detalles.cshtml?LPKey=UCLIIGN7WH7QXFYK7FNIMWASVGBQ6L6B3VL4M2JL4YEX3J3O3LGB3MI7QQ5T723O5NJJMYC2TJ7UU\">Estrenar\u00e1n nuevo cap\u00edtulo del Mundo Oculto e los textiles en canal de Youtube Extensi\u00f3n UTalca.\u00a0<\/a><\/p>\t\t\t\t\t\t<\/div>\n\t\t\t\t<\/div>\n\t\t\t\t\t<\/div>\n\t\t<\/div>\n\t\t\t\t\t\t\t<\/div>\n\t\t<\/section>\n\t\t\t\t\t\t<\/div>\n\t\t\t\t\t<\/div>\n\t\t","protected":false},"excerpt":{"rendered":"<p>ADPRENSA.CL\u00a0 Rector de la UTalca present\u00f3 balance de sus primeros 100 d\u00edas de gesti\u00f3n.\u00a0 \u00a0 DIARIOELHERALDO.CL\u00a0 En Campus Linares: Rector de la UTalca present\u00f3 balance de sus primeros 100 d\u00edas de gesti\u00f3n. \u00a0 G5NOTICIAS.CL\u00a0 Rector de la UTalca present\u00f3 balance de sus primeros 100 d\u00edas de gesti\u00f3n.\u00a0 \u00a0 RADIO COOPERATIVA\u00a0 La ministra de Salud se &hellip;<\/p>\n<p class=\"read-more\"> <a class=\"\" href=\"https:\/\/www.reportedeprensa.utalca.cl\/?p=4740\"> <span class=\"screen-reader-text\">19 de agosto de 2022<\/span> Read More &raquo;<\/a><\/p>\n","protected":false},"author":1,"featured_media":0,"comment_status":"closed","ping_status":"open","sticky":false,"template":"","format":"standard","meta":{"_monsterinsights_skip_tracking":false,"_monsterinsights_sitenote_active":false,"_monsterinsights_sitenote_note":"","_monsterinsights_sitenote_category":0},"categories":[24],"tags":[],"_links":{"self":[{"href":"https:\/\/www.reportedeprensa.utalca.cl\/index.php?rest_route=\/wp\/v2\/posts\/4740"}],"collection":[{"href":"https:\/\/www.reportedeprensa.utalca.cl\/index.php?rest_route=\/wp\/v2\/posts"}],"about":[{"href":"https:\/\/www.reportedeprensa.utalca.cl\/index.php?rest_route=\/wp\/v2\/types\/post"}],"author":[{"embeddable":true,"href":"https:\/\/www.reportedeprensa.utalca.cl\/index.php?rest_route=\/wp\/v2\/users\/1"}],"replies":[{"embeddable":true,"href":"https:\/\/www.reportedeprensa.utalca.cl\/index.php?rest_route=%2Fwp%2Fv2%2Fcomments&post=4740"}],"version-history":[{"count":7,"href":"https:\/\/www.reportedeprensa.utalca.cl\/index.php?rest_route=\/wp\/v2\/posts\/4740\/revisions"}],"predecessor-version":[{"id":4750,"href":"https:\/\/www.reportedeprensa.utalca.cl\/index.php?rest_route=\/wp\/v2\/posts\/4740\/revisions\/4750"}],"wp:attachment":[{"href":"https:\/\/www.reportedeprensa.utalca.cl\/index.php?rest_route=%2Fwp%2Fv2%2Fmedia&parent=4740"}],"wp:term":[{"taxonomy":"category","embeddable":true,"href":"https:\/\/www.reportedeprensa.utalca.cl\/index.php?rest_route=%2Fwp%2Fv2%2Fcategories&post=4740"},{"taxonomy":"post_tag","embeddable":true,"href":"https:\/\/www.reportedeprensa.utalca.cl\/index.php?rest_route=%2Fwp%2Fv2%2Ftags&post=4740"}],"curies":[{"name":"wp","href":"https:\/\/api.w.org\/{rel}","templated":true}]}}