{"id":4759,"date":"2022-08-22T10:03:05","date_gmt":"2022-08-22T13:03:05","guid":{"rendered":"https:\/\/www.reportedeprensa.utalca.cl\/?p=4759"},"modified":"2022-08-22T10:09:29","modified_gmt":"2022-08-22T13:09:29","slug":"22-de-agosto-de-2022","status":"publish","type":"post","link":"https:\/\/www.reportedeprensa.utalca.cl\/?p=4759","title":{"rendered":"22 de agosto de 2022"},"content":{"rendered":"\t\t<div data-elementor-type=\"wp-post\" data-elementor-id=\"4759\" class=\"elementor elementor-4759\" data-elementor-settings=\"[]\">\n\t\t\t\t\t\t\t<div class=\"elementor-section-wrap\">\n\t\t\t\t\t\t\t<section class=\"elementor-section elementor-top-section elementor-element elementor-element-44052ab7 elementor-section-boxed elementor-section-height-default elementor-section-height-default\" data-id=\"44052ab7\" data-element_type=\"section\">\n\t\t\t\t\t\t<div class=\"elementor-container elementor-column-gap-default\">\n\t\t\t\t\t<div class=\"elementor-column elementor-col-100 elementor-top-column elementor-element elementor-element-5b002d83\" data-id=\"5b002d83\" data-element_type=\"column\">\n\t\t\t<div class=\"elementor-widget-wrap elementor-element-populated\">\n\t\t\t\t\t\t\t\t<div class=\"elementor-element elementor-element-477998b8 elementor-widget elementor-widget-text-editor\" data-id=\"477998b8\" data-element_type=\"widget\" data-widget_type=\"text-editor.default\">\n\t\t\t\t<div class=\"elementor-widget-container\">\n\t\t\t\t\t\t\t\t<p class=\"x_MsoNormal\"><strong>LA PRENSA\u00a0<\/strong><\/p><p class=\"x_MsoNormal\"><a href=\"https:\/\/www.litoralpress.cl\/paginaconsultas\/Servicios_NClipSitio\/Get_Imagen_Nota.aspx?LPKey=K5X7ZLOQ3Y4FE3KQ3V76GICVI7LF7CNZLUFPGHV5ZTPRPFB5AUMGHG5EDHJ5ELKQAONKS6CM3BFCS\">\u201cHemos puesto lo mejor de nuestras capacidades para servir a comunidad universitaria y externa\u201d.\u00a0\u00a0Se refieren Carlos Torres, rector de la UTalca y Carolina Iturra, decana de la Facultad de Ciencias de la Educaci\u00f3n.\u00a0<\/a><\/p><p>\u00a0<\/p><p class=\"x_MsoNormal\"><strong>EL HERALDO\u00a0<\/strong><\/p><p class=\"x_MsoNormal\"><a href=\"https:\/\/www.litoralpress.cl\/paginaconsultas\/Servicios_NClipSitio\/Get_Imagen_Nota.aspx?LPKey=5DOBFQQW445LIKYDH5HHY4Q4KTXFFWBSLXI3CKJYLWX3AXM2UDOV6E36HPZRBPJ36DOKWSDLJ6B7C\">En Campus Linares: Rector de la UTalca present\u00f3 balance de sus primeros 100 d\u00edas de gesti\u00f3n.\u00a0<\/a><\/p><p class=\"x_MsoNormal\">\u00a0<\/p><p class=\"x_MsoNormal\"><strong>DIARIOTALCA.CL\u00a0<\/strong><\/p><p class=\"x_MsoNormal\"><a href=\"https:\/\/diariotalca.cl\/rector-de-la-utalca-presento-balance-de-sus-primeros-100-dias-de-gestion\/\">Rector de la UTalca present\u00f3 balance de sus primeros 100 d\u00edas de gesti\u00f3n.\u00a0<\/a><\/p><p class=\"x_MsoNormal\">\u00a0<\/p><p class=\"x_MsoNormal\"><strong>G5NOTICIAS.CL\u00a0<\/strong><\/p><p class=\"x_MsoNormal\"><a href=\"https:\/\/g5noticias.cl\/2022\/08\/19\/rector-de-la-utalca-presento-balance-de-sus-primeros-100-dias-de-gestion\/\">Rector de la UTalca present\u00f3 balance de sus primeros 100 d\u00edas de gesti\u00f3n.\u00a0<\/a><\/p><p class=\"x_MsoNormal\">\u00a0<\/p><p class=\"x_MsoNormal\"><strong>ELMOSTRADOR.CL\u00a0<\/strong><\/p><p class=\"x_MsoNormal\"><a href=\"https:\/\/www.elmostrador.cl\/braga\/2022\/08\/21\/universidad-de-talca-lanza-importante-proyecto-que-impulsa-la-paridad-queremos-que-el-genero-no-sea-un-impedimento-en-las-oportunidades\/\">Universidad de Talca lanza importante proyecto que impulsa la paridad: &#8220;Queremos que el g\u00e9nero no sea un impedimento en las oportunidades&#8221;. Se refieren Carlos Torres, rector de la UTalca, Karin Saavedra, directora General de Vinculaci\u00f3n con el Medio, Soraya Le\u00f3n, directora del Mag\u00edster en Odontogeriatr\u00eda y Catalina Fuentes, estudiante del Mag\u00edster en Odontogeriatr\u00eda.\u00a0<\/a><\/p><p class=\"x_MsoNormal\">\u00a0<\/p><p class=\"x_MsoNormal\"><strong>CANAL CONTIVISI\u00d3N\u00a0<\/strong><\/p><p class=\"x_MsoNormal\"><a href=\"https:\/\/www.litoralpress.cl\/sitio\/RadioTV_Detalles.cshtml?LPKey=6SO24UBU2I32ZY5IUIILFQIVGTNMAQGEKK37RUNVACEGJQUCLMBVOWQXOMT3ET6OJTTBGP74UGNWA\">Eliminar brechas de g\u00e9nero un tema importante para U. de Talca. Se refieren Carlos Torres, rector de la UTalca, Karin Saavedra, directora General de Vinculaci\u00f3n con el Medio y Catalina Fuentes, estudiante del Mag\u00edster en Odontogeriatr\u00eda.\u00a0<\/a><\/p><p class=\"x_MsoNormal\">\u00a0<\/p><p class=\"x_MsoNormal\"><strong>TVN RED MAULE\u00a0<\/strong><\/p><p class=\"x_MsoNormal\"><a href=\"https:\/\/www.litoralpress.cl\/sitio\/RadioTV_Detalles.cshtml?LPKey=CVQWTLQCTBYCXX4752WXU7H4UHGDOL4N3AUNIQHLNQISPGB27YBB4ANVCSAIGP3QEX5UFX3S2YADU\">Lanzan en la U. de Talca un proyecto para aumentar la participaci\u00f3n femenina en la ciencia.\u00a0<\/a><\/p><p class=\"x_MsoNormal\">\u00a0<\/p><p class=\"x_MsoNormal\"><strong>ADPRENSA.CL\u00a0<\/strong><\/p><p class=\"x_MsoNormal\"><a href=\"https:\/\/www.adprensa.cl\/cronica\/lanzan-importante-proyecto-que-impulsa-la-paridad%ef%bf%bc\/\">Lanzan importante proyecto que impulsa la paridad. Se refieren Carlos Torres, rector de la UTalca, Karin Saavedra, directora General de Vinculaci\u00f3n con el Medio, Soraya Le\u00f3n, directora del Mag\u00edster en Odontogeriatr\u00eda y Catalina Fuentes, estudiante del Mag\u00edster en Odontogeriatr\u00eda.\u00a0<\/a><\/p><p class=\"x_MsoNormal\">\u00a0<\/p><p class=\"x_MsoNormal\"><strong>MEDIABANCO.COM\u00a0<\/strong><\/p><p class=\"x_MsoNormal\"><a href=\"https:\/\/www.mediabanco.com\/lanzan-importante-proyecto-que-impulsa-la-paridad\/\">Lanzan importante proyecto que impulsa la paridad. Se refieren Carlos Torres, rector de la UTalca, Karin Saavedra, directora General de Vinculaci\u00f3n con el Medio, Soraya Le\u00f3n, directora del Mag\u00edster en Odontogeriatr\u00eda y Catalina Fuentes, estudiante del Mag\u00edster en Odontogeriatr\u00eda.\u00a0<\/a><\/p><p class=\"x_MsoNormal\" aria-hidden=\"true\">\u00a0<\/p><p class=\"x_MsoNormal\"><strong>SEPTIMAPAGINANOTICIAS.CL\u00a0<\/strong><\/p><p class=\"x_MsoNormal\"><a href=\"https:\/\/www.septimapaginanoticias.cl\/lanzan-importante-proyecto-que-impulsa-la-paridad\">Lanzan importante proyecto que impulsa la paridad. Se refieren Carlos Torres, rector de la UTalca, Karin Saavedra, directora General de Vinculaci\u00f3n con el Medio, Soraya Le\u00f3n, directora del Mag\u00edster en Odontogeriatr\u00eda y Catalina Fuentes, estudiante del Mag\u00edster en Odontogeriatr\u00eda.\u00a0<\/a><\/p><p class=\"x_MsoNormal\" aria-hidden=\"true\">\u00a0<\/p><p class=\"x_MsoNormal\"><strong>G5NOTICIAS.CL\u00a0<\/strong><\/p><p class=\"x_MsoNormal\"><a href=\"https:\/\/elmauleinforma.cl\/utalca-lanza-proyecto-que-impulsa-la-paridad\/\">Lanzan importante proyecto que impulsa la paridad. Se refieren Carlos Torres, rector de la UTalca, Karin Saavedra, directora General de Vinculaci\u00f3n con el Medio, Soraya Le\u00f3n, directora del Mag\u00edster en Odontogeriatr\u00eda y Catalina Fuentes, estudiante del Mag\u00edster en Odontogeriatr\u00eda.\u00a0<\/a><\/p><p class=\"x_MsoNormal\" aria-hidden=\"true\">\u00a0<\/p><p class=\"x_MsoNormal\"><strong>RADIO COOPERATIVA\u00a0<\/strong><\/p><p class=\"x_MsoNormal\"><a href=\"https:\/\/www.litoralpress.cl\/sitio\/RadioTV_Detalles.cshtml?LPKey=HBL5NXW6IIOK755MCPVJBZLCURQTDONE5AKTFF6332BSFV5G7BKJ476642FYULZ5QTOES7FWOYREC\">Los casos activos de coronavirus se mantienen sobre los 40 mil. Se refiere \u00c9rika Retamal, directora del Departamento de Salud P\u00fablica.\u00a0<\/a><\/p><p class=\"x_MsoNormal\">\u00a0<\/p><p class=\"x_MsoNormal\"><strong>RADIO COOPERATIVA\u00a0<\/strong><\/p><p class=\"x_MsoNormal\"><a href=\"https:\/\/www.litoralpress.cl\/sitio\/RadioTV_Detalles.cshtml?LPKey=VYQWGUUDIX6MELMTPPURMEYSAGSKAO7NFA3FVEJDRIMWPWLTDBOZ6Y5V2MEAIHMPKFWUT7TNFTBMS\">Autoridades sanitarias reportaron 10.295 nuevos casos y 39 fallecidos por Covid-19 en la \u00faltima jornada. Se refiere \u00c9rika Retamal, directora del Departamento de Salud P\u00fablica.\u00a0<\/a><\/p><p class=\"x_MsoNormal\">\u00a0<\/p><p class=\"x_MsoNormal\"><strong>LA DISCUSI\u00d3N DE CHILL\u00c1N\u00a0<\/strong><\/p><p class=\"x_MsoNormal\"><a href=\"https:\/\/www.litoralpress.cl\/paginaconsultas\/Servicios_NClipSitio\/Get_Imagen_Nota.aspx?LPKey=JBFCRZSMFDFT67FTDXDBHRJNBCVCQDVO426ZJFQ2WH7D2Y32ONFZQYIUOR3KCQVPLRYER4BEW3H3Y\">Chile registr\u00f3 m\u00e1s de 10 mil casos diarios de Covid y una positividad del 13%. Se refiere \u00c9rika Retamal, directora del Departamento de Salud P\u00fablica.\u00a0<\/a><\/p><p class=\"x_MsoNormal\">\u00a0<\/p><p class=\"x_MsoNormal\"><strong>RADIO BIO-B\u00cdO DE VALPARA\u00cdSO\u00a0<\/strong><\/p><p class=\"x_MsoNormal\"><a href=\"https:\/\/www.litoralpress.cl\/sitio\/RadioTV_Detalles.cshtml?LPKey=LJED6ULNHI5WZSEXHNL5VJJQXDYE5OQQWM5JG7ZZGXW34WDQO54RMLJQ4HPUV6K4RUDKP6ESSZIBO\">Balance Covid-19 en la regi\u00f3n de Valpara\u00edso. Se refiere \u00c9rika Retamal, directora del Departamento de Salud P\u00fablica. \u00a0<\/a><\/p><p class=\"x_MsoNormal\" aria-hidden=\"true\">\u00a0<\/p><p class=\"x_MsoNormal\"><strong>RADIO GUAYAC\u00c1N\u00a0<\/strong><\/p><p class=\"x_MsoNormal\"><a href=\"https:\/\/www.litoralpress.cl\/sitio\/RadioTV_Detalles.cshtml?LPKey=ICCKX7XHNKCXSMDJIRF7K2CE346ZPTYF6RCZK2UVWTVD5QZW4XVPCXAHXWJZTDFACMGFMXYHRKEUE\">Entrevista a Marcelo Alarc\u00f3n, acad\u00e9mico del Departamento de Bioqu\u00edmica e Inmunohematolog\u00eda.\u00a0<\/a><\/p><p class=\"x_MsoNormal\">\u00a0<\/p><p class=\"x_MsoNormal\"><strong>MEDIABANCO.COM\u00a0<\/strong><\/p><p class=\"x_MsoNormal\"><a href=\"https:\/\/www.mediabanco.com\/covid-19-epidemiologos-plantean-su-preocupacion-por-cifra-de-fallecidos\/\">Covid-19: Epidemi\u00f3logos plantean su preocupaci\u00f3n por cifra de fallecidos. Se refieren \u00c9rika Retamal, directora del Departamento de Salud P\u00fablica y Daniel Jim\u00e9nez, director de Salud del Estudiante.\u00a0<\/a><\/p><p class=\"x_MsoNormal\" aria-hidden=\"true\">\u00a0<\/p><p class=\"x_MsoNormal\"><strong>G5NOTICIAS.CL\u00a0<\/strong><\/p><p class=\"x_MsoNormal\"><a href=\"https:\/\/g5noticias.cl\/2022\/08\/21\/covid-19-epidemiologos-plantean-su-preocupacion-por-cifra-de-fallecidos\/\">Covid-19: Epidemi\u00f3logos plantean su preocupaci\u00f3n por cifra de fallecidos. Se refieren \u00c9rika Retamal, directora del Departamento de Salud P\u00fablica y Daniel Jim\u00e9nez, director de Salud del Estudiante.\u00a0<\/a><\/p><p class=\"x_MsoNormal\" aria-hidden=\"true\">\u00a0<\/p><p class=\"x_MsoNormal\"><strong>ITVPATAGONIA.COM\u00a0<\/strong><\/p><p class=\"x_MsoNormal\"><a href=\"https:\/\/www.itvpatagonia.com\/salud\/covid-19-epidemiologos-plantean-su-preocupacion-por-cifra-de-fallecidos\/2022\/08\/21\/6302e0c3fa49d5000a5b48fb\">Covid-19: Epidemi\u00f3logos plantean su preocupaci\u00f3n por cifra de fallecidos. Se refieren \u00c9rika Retamal, directora del Departamento de Salud P\u00fablica y Daniel Jim\u00e9nez, director de Salud del Estudiante.\u00a0<\/a><\/p><p class=\"x_MsoNormal\" aria-hidden=\"true\">\u00a0<\/p><p class=\"x_MsoNormal\"><strong>CANAL TVN\u00a0<\/strong><\/p><p class=\"x_MsoNormal\"><a href=\"https:\/\/www.litoralpress.cl\/sitio\/RadioTV_Detalles.cshtml?LPKey=O2KPOEH3PVW5NZVI253EESXJVB4PRNA7EG4U5CFKZMTMOOJ5NIAM77JXFRS7ZLXTLOMHAI5P3DPY6\">\u00daltimas precipitaciones potencian los grandes embalses del Maule. Se refiere Patricio Gonz\u00e1lez, acad\u00e9mico del Centro de Investigaci\u00f3n y Transferencia en Riego y Agroclimatolog\u00eda (CITRA).\u00a0<\/a><\/p><p class=\"x_MsoNormal\">\u00a0<\/p><p class=\"x_MsoNormal\"><strong>CANAL 24 HORAS\u00a0<\/strong><\/p><p class=\"x_MsoNormal\"><a href=\"https:\/\/www.litoralpress.cl\/sitio\/RadioTV_Detalles.cshtml?LPKey=IX2X4KWAWVLQWAIBQ7U4UGEMLDCIGIXQ4O2RWC7GLZWU73GNPK3NGNGLNTUHQEOYLX7JJ665I45LC\">\u00daltimas precipitaciones potencian los grandes embalses del Maule. Se refiere Patricio Gonz\u00e1lez, acad\u00e9mico del Centro de Investigaci\u00f3n y Transferencia en Riego y Agroclimatolog\u00eda (CITRA).\u00a0<\/a><\/p><p class=\"x_MsoNormal\">\u00a0<\/p><p class=\"x_MsoNormal\"><strong>CANAL TVN RED MAULE\u00a0<\/strong><\/p><p class=\"x_MsoNormal\"><a href=\"https:\/\/www.litoralpress.cl\/sitio\/RadioTV_Detalles.cshtml?LPKey=K2GF7EI4ZDWWL2BEAEJCAB6MFUOR52YPJ7O34JDEYSRQNJP2VY6X4H46EMXMHI47MXMKMQH6PTWDA\">Acumulaci\u00f3n de nieve en la cordillera del Maule descarta la posibilidad de racionamiento h\u00eddrico durante el verano. Se refiere Patricio Gonz\u00e1lez, acad\u00e9mico del Centro de Investigaci\u00f3n y Transferencia en Riego y Agroclimatolog\u00eda (CITRA).\u00a0<\/a><\/p><p class=\"x_MsoNormal\">\u00a0<\/p><p class=\"x_MsoNormal\"><strong>MAULEHOY.CL\u00a0<\/strong><\/p><p class=\"x_MsoNormal\"><a href=\"https:\/\/maulehoy.cl\/2022\/08\/20\/en-chile-por-cada-tonelada-de-cobre-que-se-extrae-se-producen-alrededor-de-28-toneladas-de-desechos\/\">\u201cEn Chile, por cada tonelada de cobre que se extrae, se producen alrededor de 28 toneladas de desechos\u201d. Se refiere Fernando Guerra, acad\u00e9mico del Instituto de Ciencias Biol\u00f3gicas.\u00a0<\/a><\/p><p class=\"x_MsoNormal\">\u00a0<\/p><p class=\"x_MsoNormal\"><strong>MAULEHOY.CL\u00a0<\/strong><\/p><p class=\"x_MsoNormal\"><a href=\"https:\/\/maulehoy.cl\/2022\/08\/20\/en-este-mundo-con-nuevo-clima-para-ser-resilientes-tenemos-que-bajar-las-tasas-de-consumo\/\">\u201cEn este mundo con nuevo clima para ser resilientes, tenemos que bajar las tasas de consumo\u201d. Se refiere Frida Piper, acad\u00e9mica del Instituto de Ciencias Biol\u00f3gicas.\u00a0<\/a><\/p><p class=\"x_MsoNormal\">\u00a0<\/p><p class=\"x_MsoNormal\"><strong>EMOL.COM\u00a0<\/strong><\/p><p class=\"x_MsoNormal\"><a href=\"https:\/\/www.emol.com\/noticias\/Economia\/2022\/08\/20\/1070399\/litio.html\">&#8220;Carrera contra el tiempo&#8221;: Expertos advierten que Chile pierde competitividad en litio mientras Argentina gana terreno. Se refiere Francisco Rivas, director de la Escuela de Ingenier\u00eda Civil de Minas. \u00a0<\/a><\/p><p class=\"x_MsoNormal\" aria-hidden=\"true\">\u00a0<\/p><p class=\"x_MsoNormal\"><strong>NOSTALGICA.CL\u00a0<\/strong><\/p><p class=\"x_MsoNormal\"><a href=\"https:\/\/www.nostalgica.cl\/carrera-contra-el-tiempo-expertos-advierten-que-chile-pierde-competitividad-en-litio-mientras-argentina-gana-terreno\/\">&#8220;Carrera contra el tiempo&#8221;: Expertos advierten que Chile pierde competitividad en litio mientras Argentina gana terreno. Se refiere Francisco Rivas, director de la Escuela de Ingenier\u00eda Civil de Minas.\u00a0<\/a><\/p><p class=\"x_MsoNormal\" aria-hidden=\"true\">\u00a0<\/p><p class=\"x_MsoNormal\"><strong>ELDESCONCIERTO.CL\u00a0<\/strong><\/p><p class=\"x_MsoNormal\"><a href=\"https:\/\/www.eldesconcierto.cl\/economia\/2022\/08\/20\/mas-de-309-mil-millones-sin-adjudicar-estudio-revela-alza-de-obras-publicas-desiertas.html\">M\u00e1s de $309 mil millones sin adjudicar: Estudio revela alza de obras p\u00fablicas desiertas. Se refiere Armando Dur\u00e1n, director de la Escuela de Ingenier\u00eda Civil en Obras Civiles.\u00a0<\/a><\/p><p class=\"x_MsoNormal\">\u00a0<\/p><p class=\"x_MsoNormal\"><strong>HORADENOTICIAS.CL\u00a0<\/strong><\/p><p class=\"x_MsoNormal\"><a href=\"https:\/\/horadenoticias.cl\/actualidad\/investigacion-detecto-alto-porcentaje-de-licitaciones-desiertas-en-la-construccion-publica\/\">Investigaci\u00f3n detect\u00f3 alto porcentaje de licitaciones desiertas en la construcci\u00f3n p\u00fablica. Se refiere Armando Dur\u00e1n, director de la Escuela de Ingenier\u00eda Civil en Obras Civiles.\u00a0<\/a><\/p><p class=\"x_MsoNormal\" aria-hidden=\"true\">\u00a0<\/p><p class=\"x_MsoNormal\"><strong>RADIO GUAYAC\u00c1N\u00a0<\/strong><\/p><p class=\"x_MsoNormal\"><a href=\"https:\/\/www.litoralpress.cl\/sitio\/RadioTV_Detalles.cshtml?LPKey=O3UVQTEQX6POF57EB77NB73LV4G5OMWPIAFNIEBWPOKGO2YTLZMGJOWTDPTUEDV4PBUJH2LFBMRTC\">Entrevista a Armando Dur\u00e1n, director de la Escuela de Ingenier\u00eda Civil en Obras Civiles.\u00a0<\/a><\/p><p class=\"x_MsoNormal\" aria-hidden=\"true\">\u00a0<\/p><p class=\"x_MsoNormal\"><strong>RADIOPOLAR.COM\u00a0<\/strong><\/p><p class=\"x_MsoNormal\"><a href=\"https:\/\/radiopolar.com\/noticia_178772.html\">Investigaci\u00f3n detect\u00f3 alto porcentaje de licitaciones desiertas en la construcci\u00f3n p\u00fablica. Se refiere Armando Dur\u00e1n, director de la Escuela de Ingenier\u00eda Civil en Obras Civiles.\u00a0<\/a><\/p><p class=\"x_MsoNormal\" aria-hidden=\"true\">\u00a0<\/p><p class=\"x_MsoNormal\"><strong>LA PRENSA\u00a0<\/strong><\/p><p class=\"x_MsoNormal\"><a href=\"https:\/\/www.litoralpress.cl\/paginaconsultas\/Servicios_NClipSitio\/Get_Imagen_Nota.aspx?LPKey=ANHOL6ICVXU5VPSHJ5OSB46VBIDXZSXFPHZOMHYYD6BEWCY3U2GOQGU7IMHZVHGHXF27VPQURAY5S\">Migraci\u00f3n: Plantean necesidad de una pol\u00edtica p\u00fablica efectiva y de largo plazo. Se refiere Samy Hawa, acad\u00e9mico de la Facultad de Ciencias Jur\u00eddicas y Sociales, y Fabiola Vergara, directora de la Escuela de Derecho en el Campus Talca.\u00a0<\/a><\/p><p class=\"x_MsoNormal\">\u00a0<\/p><p class=\"x_MsoNormal\"><strong>ADPRENSA.CL\u00a0<\/strong><\/p><p class=\"x_MsoNormal\"><a href=\"https:\/\/www.adprensa.cl\/cronica\/migracion-plantean-necesidad-de-una-politica-publica-efectiva-y-de-largo-plazo\/\">Migraci\u00f3n: Plantean necesidad de una pol\u00edtica p\u00fablica efectiva y de largo plazo. Se refiere Samy Hawa, acad\u00e9mico de la Facultad de Ciencias Jur\u00eddicas y Sociales, y Fabiola Vergara, directora de la Escuela de Derecho en el Campus Talca.\u00a0<\/a><\/p><p class=\"x_MsoNormal\" aria-hidden=\"true\">\u00a0<\/p><p class=\"x_MsoNormal\"><strong>MEDIABANCO.COM\u00a0<\/strong><\/p><p class=\"x_MsoNormal\"><a href=\"https:\/\/www.mediabanco.com\/migracion-plantean-necesidad-de-una-politicapublica-efectiva-y-de-largo-plazo\/\">Migraci\u00f3n: Plantean necesidad de una pol\u00edtica p\u00fablica efectiva y de largo plazo. Se refiere Samy Hawa, acad\u00e9mico de la Facultad de Ciencias Jur\u00eddicas y Sociales, y Fabiola Vergara, directora de la Escuela de Derecho en el Campus Talca.\u00a0<\/a><\/p><p class=\"x_MsoNormal\" aria-hidden=\"true\">\u00a0<\/p><p class=\"x_MsoNormal\"><strong>G5NOTICIAS.CL\u00a0<\/strong><\/p><p class=\"x_MsoNormal\"><a href=\"https:\/\/g5noticias.cl\/2022\/08\/20\/migracion-plantean-necesidad-de-una-politica-publica-efectiva-y-de-largo-plazo\/\">Migraci\u00f3n: Plantean necesidad de una pol\u00edtica p\u00fablica efectiva y de largo plazo. Se refiere Samy Hawa, acad\u00e9mico de la Facultad de Ciencias Jur\u00eddicas y Sociales, y Fabiola Vergara, directora de la Escuela de Derecho en el Campus Talca.\u00a0<\/a><\/p><p class=\"x_MsoNormal\" aria-hidden=\"true\">\u00a0<\/p><p class=\"x_MsoNormal\"><strong>RADIOPOLAR.COM\u00a0<\/strong><\/p><p class=\"x_MsoNormal\"><a href=\"https:\/\/radiopolar.com\/noticia_178770.html\">Expertos analiza derechos laborales que propone la nueva Constituci\u00f3n. Se refiere Irene Rojas, directora del Centro de Estudios del Derecho del Trabajo y de la Seguridad Social (CENTRASS).\u00a0<\/a><\/p><p class=\"x_MsoNormal\" aria-hidden=\"true\">\u00a0<\/p><p class=\"x_MsoNormal\"><strong>RADIO CORPORACI\u00d3N\u00a0<\/strong><\/p><p class=\"x_MsoNormal\"><a href=\"https:\/\/www.litoralpress.cl\/sitio\/RadioTV_Detalles.cshtml?LPKey=6OKRZJLYN7W46ANTYTN2B76FNVXRHHQQ6BSUHFSEE7RISGTFF4657LAC67WF725UVMCLPNN2YVKEK\">Mario Marcel habl\u00f3 sobre las cuentas del pa\u00eds. Se refiere Juan Andr\u00e9s Riquelme, director del Mag\u00edster en Econom\u00eda. \u00a0<\/a><\/p><p class=\"x_MsoNormal\">\u00a0<\/p><p class=\"x_MsoNormal\"><strong>DF.CL\u00a0<\/strong><\/p><p class=\"x_MsoNormal\"><a href=\"https:\/\/www.litoralpress.cl\/paginaconsultas\/Documentos\/Get_Imagen.aspx?lpkey=FJOA3B2OFSERGJ7YPZUYYNVJQPGPDP6WR2CR3OG5R4CBCXI7KKF4ZFJPMN37WPRXXK665BCRALZWY\">Intervenci\u00f3n cambiar\u00eda: Banco Central reduce su monto semanal de cobertura a 15 d\u00edas del Plebiscito. Se refiere Hern\u00e1n D\u00edaz, acad\u00e9mico de la Facultad de Econom\u00eda y Negocios (FEN).\u00a0<\/a><\/p><p class=\"x_MsoNormal\">\u00a0<\/p><p class=\"x_MsoNormal\"><strong>EL MERCURIO\u00a0<\/strong><\/p><p class=\"x_MsoNormal\"><a href=\"https:\/\/www.litoralpress.cl\/sitio\/Prensa_PaginaCompleta.cshtml?LPKey=KKGNDQA434ZTYATE4HJVFZK2NRUZJ33WS6OLRY2SBZJ4U7P7RWMA\">Qu\u00e9 se espera de los responsables del hist\u00f3rico 4S. Se refiere Mauricio Morales, director del Centro de An\u00e1lisis Pol\u00edtico (CAP).\u00a0<\/a><\/p><p class=\"x_MsoNormal\">\u00a0<\/p><p class=\"x_MsoNormal\"><strong>LA TERCERA\u00a0<\/strong><\/p><p class=\"x_MsoNormal\"><a href=\"https:\/\/www.litoralpress.cl\/sitio\/Prensa_PaginaCompleta.cshtml?LPKey=MU35ROHKXAL7DEVXUDWVXNUPA37QJCLGNJ7WM43HTSBASUYKVH7Q\">5S El d\u00eda despu\u00e9s. Se refiere Mauricio Morales, director del Centro de An\u00e1lisis Pol\u00edtico (CAP).\u00a0<\/a><\/p><p class=\"x_MsoNormal\">\u00a0<\/p><p class=\"x_MsoNormal\"><strong>CANAL MEGA\u00a0<\/strong><\/p><p class=\"x_MsoNormal\"><a href=\"https:\/\/www.litoralpress.cl\/sitio\/RadioTV_Detalles.cshtml?LPKey=GL3BS4NITKLQUFG2MALDUYUHGQWFFBPEM62XNY6ZI7ZNGWXQXBST4JOZRLO3PP3QHN6XJHDBAE5ZS\">Comentario de Mauricio Morales, director del Centro de An\u00e1lisis Pol\u00edtico (CAP).\u00a0<\/a><\/p><p class=\"x_MsoNormal\" aria-hidden=\"true\">\u00a0<\/p><p class=\"x_MsoNormal\"><strong>CANAL MEGA\u00a0<\/strong><\/p><p class=\"x_MsoNormal\"><a href=\"https:\/\/www.litoralpress.cl\/sitio\/RadioTV_Detalles.cshtml?LPKey=E3EJD7JWX4PZO345OWMRKFELUKGPQGYSDACPONDDO7IWWKGHT4ETDA4ATF44ODYYBO2UU7XLE64TK\">\u00daltimas encuestas dan ventaja al Rechazo. Se refiere Mauricio Morales, director del Centro de An\u00e1lisis Pol\u00edtico (CAP).\u00a0<\/a><\/p><p class=\"x_MsoNormal\" aria-hidden=\"true\">\u00a0<\/p><p class=\"x_MsoNormal\"><strong>CANAL CNN CHILE\u00a0<\/strong><\/p><p class=\"x_MsoNormal\"><a href=\"https:\/\/www.litoralpress.cl\/sitio\/RadioTV_Detalles.cshtml?LPKey=3V74GZHJQSC3MFNF224XXP3DACQVKNIIJCHTWDBOMP65XS67M4GZI7HLHI75PIMQIWAHFB6DBHWWQ\">Debate por escenario pol\u00edtico luego del plebiscito. Se refiere Mauricio Morales, director del Centro de An\u00e1lisis Pol\u00edtico (CAP).\u00a0<\/a><\/p><p class=\"x_MsoNormal\" aria-hidden=\"true\">\u00a0<\/p><p class=\"x_MsoNormal\"><strong>CANAL CNN CHILE\u00a0<\/strong><\/p><p class=\"x_MsoNormal\"><a href=\"https:\/\/www.litoralpress.cl\/sitio\/RadioTV_Detalles.cshtml?LPKey=PBVVN2Z2RATVS2DTNQ5UTPSEOGJIH632HWDKOWPILV3X6N4BYBJY3PGVQXPIPBDKBMO7CV3532USE\">\u00bfCambio de gabinete tras plebiscito? Se refiere Mauricio Morales, director del Centro de An\u00e1lisis Pol\u00edtico (CAP).\u00a0<\/a><\/p><p class=\"x_MsoNormal\" aria-hidden=\"true\">\u00a0<\/p><p class=\"x_MsoNormal\"><strong>RADIO INFINITA\u00a0<\/strong><\/p><p class=\"x_MsoNormal\"><a href=\"https:\/\/www.litoralpress.cl\/sitio\/RadioTV_Detalles.cshtml?LPKey=BWBAUFXBCIYIJ3JKHVCW4AAMEH7IGM2DUWODKA5BBGH7CFF5ACM4XQOOP437UTSWJTZW23VGTECDA\">Comentario de Mauricio Morales, director del Centro de An\u00e1lisis Pol\u00edtico (CAP).\u00a0<\/a><\/p><p class=\"x_MsoNormal\" aria-hidden=\"true\">\u00a0<\/p><p class=\"x_MsoNormal\"><strong>EL MERCURIO DE VALPARA\u00cdSO\u00a0<\/strong><\/p><p class=\"x_MsoNormal\"><a href=\"https:\/\/www.litoralpress.cl\/sitio\/Prensa_PaginaCompleta.cshtml?LPKey=BPNFR2LGOIUOMGRAQBDU2RF6WQ4WFM7HDC7JWFKNT7GDB7UCJA7A\">Bajo impacto de los rostros a escasos d\u00edas del Plebiscito. Se refiere Mauricio Morales, director del Centro de An\u00e1lisis Pol\u00edtico (CAP).\u00a0<\/a><\/p><p class=\"x_MsoNormal\" aria-hidden=\"true\">\u00a0<\/p><p class=\"x_MsoNormal\"><strong>LATERCERA.COM\u00a0<\/strong><\/p><p class=\"x_MsoNormal\"><a href=\"https:\/\/www.latercera.com\/la-tercera-domingo\/noticia\/plebiscito-de-salida-los-4-escenarios-que-se-vislumbran-y-se-trabajan-para-el-dia-despues\/NSBFI2FZTRA2LAEVW3FYMRJVC4\/\">Plebiscito de salida: Los 4 escenarios que se vislumbran \u2013y se trabajan- para el d\u00eda despu\u00e9s. Se refiere Mauricio Morales, director del Centro de An\u00e1lisis Pol\u00edtico (CAP).\u00a0<\/a><\/p><p class=\"x_MsoNormal\">\u00a0<\/p>\t\t\t\t\t\t<\/div>\n\t\t\t\t<\/div>\n\t\t\t\t\t<\/div>\n\t\t<\/div>\n\t\t\t\t\t\t\t<\/div>\n\t\t<\/section>\n\t\t\t\t\t\t<\/div>\n\t\t\t\t\t<\/div>\n\t\t","protected":false},"excerpt":{"rendered":"<p>LA PRENSA\u00a0 \u201cHemos puesto lo mejor de nuestras capacidades para servir a comunidad universitaria y externa\u201d.\u00a0\u00a0Se refieren Carlos Torres, rector de la UTalca y Carolina Iturra, decana de la Facultad de Ciencias de la Educaci\u00f3n.\u00a0 \u00a0 EL HERALDO\u00a0 En Campus Linares: Rector de la UTalca present\u00f3 balance de sus primeros 100 d\u00edas de gesti\u00f3n.\u00a0 \u00a0 &hellip;<\/p>\n<p class=\"read-more\"> <a class=\"\" href=\"https:\/\/www.reportedeprensa.utalca.cl\/?p=4759\"> <span class=\"screen-reader-text\">22 de agosto de 2022<\/span> Read More &raquo;<\/a><\/p>\n","protected":false},"author":1,"featured_media":0,"comment_status":"closed","ping_status":"open","sticky":false,"template":"","format":"standard","meta":{"_monsterinsights_skip_tracking":false,"_monsterinsights_sitenote_active":false,"_monsterinsights_sitenote_note":"","_monsterinsights_sitenote_category":0},"categories":[24],"tags":[],"_links":{"self":[{"href":"https:\/\/www.reportedeprensa.utalca.cl\/index.php?rest_route=\/wp\/v2\/posts\/4759"}],"collection":[{"href":"https:\/\/www.reportedeprensa.utalca.cl\/index.php?rest_route=\/wp\/v2\/posts"}],"about":[{"href":"https:\/\/www.reportedeprensa.utalca.cl\/index.php?rest_route=\/wp\/v2\/types\/post"}],"author":[{"embeddable":true,"href":"https:\/\/www.reportedeprensa.utalca.cl\/index.php?rest_route=\/wp\/v2\/users\/1"}],"replies":[{"embeddable":true,"href":"https:\/\/www.reportedeprensa.utalca.cl\/index.php?rest_route=%2Fwp%2Fv2%2Fcomments&post=4759"}],"version-history":[{"count":4,"href":"https:\/\/www.reportedeprensa.utalca.cl\/index.php?rest_route=\/wp\/v2\/posts\/4759\/revisions"}],"predecessor-version":[{"id":4763,"href":"https:\/\/www.reportedeprensa.utalca.cl\/index.php?rest_route=\/wp\/v2\/posts\/4759\/revisions\/4763"}],"wp:attachment":[{"href":"https:\/\/www.reportedeprensa.utalca.cl\/index.php?rest_route=%2Fwp%2Fv2%2Fmedia&parent=4759"}],"wp:term":[{"taxonomy":"category","embeddable":true,"href":"https:\/\/www.reportedeprensa.utalca.cl\/index.php?rest_route=%2Fwp%2Fv2%2Fcategories&post=4759"},{"taxonomy":"post_tag","embeddable":true,"href":"https:\/\/www.reportedeprensa.utalca.cl\/index.php?rest_route=%2Fwp%2Fv2%2Ftags&post=4759"}],"curies":[{"name":"wp","href":"https:\/\/api.w.org\/{rel}","templated":true}]}}