{"id":4771,"date":"2022-08-23T09:53:46","date_gmt":"2022-08-23T12:53:46","guid":{"rendered":"https:\/\/www.reportedeprensa.utalca.cl\/?p=4771"},"modified":"2022-08-23T09:57:38","modified_gmt":"2022-08-23T12:57:38","slug":"23-de-agosto-de-2022","status":"publish","type":"post","link":"https:\/\/www.reportedeprensa.utalca.cl\/?p=4771","title":{"rendered":"23 de agosto de 2022"},"content":{"rendered":"\t\t<div data-elementor-type=\"wp-post\" data-elementor-id=\"4771\" class=\"elementor elementor-4771\" data-elementor-settings=\"[]\">\n\t\t\t\t\t\t\t<div class=\"elementor-section-wrap\">\n\t\t\t\t\t\t\t<section class=\"elementor-section elementor-top-section elementor-element elementor-element-44052ab7 elementor-section-boxed elementor-section-height-default elementor-section-height-default\" data-id=\"44052ab7\" data-element_type=\"section\">\n\t\t\t\t\t\t<div class=\"elementor-container elementor-column-gap-default\">\n\t\t\t\t\t<div class=\"elementor-column elementor-col-100 elementor-top-column elementor-element elementor-element-5b002d83\" data-id=\"5b002d83\" data-element_type=\"column\">\n\t\t\t<div class=\"elementor-widget-wrap elementor-element-populated\">\n\t\t\t\t\t\t\t\t<div class=\"elementor-element elementor-element-477998b8 elementor-widget elementor-widget-text-editor\" data-id=\"477998b8\" data-element_type=\"widget\" data-widget_type=\"text-editor.default\">\n\t\t\t\t<div class=\"elementor-widget-container\">\n\t\t\t\t\t\t\t\t<p class=\"x_MsoNormal\"><strong>ADPRENSA.CL\u00a0<\/strong><\/p><p class=\"x_MsoNormal\"><a href=\"https:\/\/www.adprensa.cl\/cronica\/avanza-desarrollo-de-aplicacion-movil-para-cuidar-la-salud-mental\/\">Avanza desarrollo de aplicaci\u00f3n m\u00f3vil para cuidar la salud mental. Se refiere Nadia Ramos, acad\u00e9mica de la Facultad de Psicolog\u00eda.\u00a0<\/a><\/p><p class=\"x_MsoNormal\">\u00a0<\/p><p class=\"x_MsoNormal\"><strong>MEDIABANCO.COM\u00a0<\/strong><\/p><p class=\"x_MsoNormal\"><a href=\"https:\/\/www.mediabanco.com\/avanza-desarrollo-de-aplicacion-movil-para-cuidar-la-salud-mental\/\">Avanza desarrollo de aplicaci\u00f3n m\u00f3vil para cuidar la salud mental. Se refiere Nadia Ramos, acad\u00e9mica de la Facultad de Psicolog\u00eda.\u00a0<\/a><\/p><p class=\"x_MsoNormal\">\u00a0<\/p><p class=\"x_MsoNormal\"><strong>RADIO COOPERATIVA\u00a0<\/strong><\/p><p class=\"x_MsoNormal\"><a href=\"https:\/\/www.litoralpress.cl\/sitio\/RadioTV_Detalles.cshtml?LPKey=6VXUZN6QZP3OP3RSKWEWK7XYLPRNZCGUIOVLWNCFJLCQGCVCGJZF6FCLBN53SDFFVJYV6RTI7AMHK\">Grupo antivacunas lleg\u00f3 hasta las cercan\u00edas de la casa de la ministra de Salud. Se refiere \u00c9rika Retamal, directora del Departamento de Salud P\u00fablica. \u00a0<\/a><\/p><p class=\"x_MsoNormal\"><span class=\"x_MsoHyperlink\">\u00a0<\/span><\/p><p class=\"x_MsoNormal\"><strong><span class=\"x_MsoHyperlink\">RADIO COOPERATIVA<\/span><span class=\"x_MsoHyperlink\">\u00a0<\/span><\/strong><\/p><p class=\"x_MsoNormal\"><a href=\"https:\/\/www.litoralpress.cl\/sitio\/RadioTV_Detalles.cshtml?LPKey=5243ELY6T3EUB5JHH54OR53QNKLIVLF2IKWZMSZL4Q3AU3VQ7EYONKW2NS5HGTYOEIWW32AGT7LXQ\">Casos nuevos de Covid-19 disminuyeron un 17% este lunes respecto a la semana pasada. Se refiere Daniel Jim\u00e9nez, director de Salud del Estudiante.\u00a0<\/a><\/p><p class=\"x_MsoNormal\">\u00a0<\/p><p class=\"x_MsoNormal\"><strong>ELPERIODISTA.CL\u00a0<\/strong><\/p><p class=\"x_MsoNormal\"><a href=\"https:\/\/www.elperiodista.cl\/2022\/08\/covid-19-epidemiologos-plantean-su-preocupacion-por-cifra-de-fallecidos\/\">Covid-19: Epidemi\u00f3logos plantean su preocupaci\u00f3n por cifra de fallecidos. Se refieren \u00c9rika Retamal, directora del Departamento de Salud P\u00fablica y Daniel Jim\u00e9nez, director de Salud del Estudiante.\u00a0<\/a><\/p><p class=\"x_MsoNormal\">\u00a0<\/p><p class=\"x_MsoNormal\"><strong>ADPRENSA.CL\u00a0<\/strong><\/p><p class=\"x_MsoNormal\"><a href=\"https:\/\/www.adprensa.cl\/cronica\/covid-19-epidemiologos-plantean-su-preocupacion-por-cifra-de-fallecidos\/\">Epidemi\u00f3logos plantean su preocupaci\u00f3n por cifra de fallecidos por Covid. Se refieren \u00c9rika Retamal, directora del Departamento de Salud P\u00fablica y Daniel Jim\u00e9nez, director de Salud del Estudiante.\u00a0<\/a><\/p><p class=\"x_MsoNormal\" aria-hidden=\"true\">\u00a0<\/p><p class=\"x_MsoNormal\"><strong>DIARIOTALCA.CL\u00a0<\/strong><\/p><p class=\"x_MsoNormal\"><a href=\"https:\/\/diariotalca.cl\/epidemiologos-plantean-su-preocupacion-por-cifra-de-fallecidos-por-covid\/\">Epidemi\u00f3logos plantean su preocupaci\u00f3n por cifra de fallecidos por Covid. Se refieren \u00c9rika Retamal, directora del Departamento de Salud P\u00fablica y Daniel Jim\u00e9nez, director de Salud del Estudiante.\u00a0<\/a><\/p><p class=\"x_MsoNormal\" aria-hidden=\"true\">\u00a0<\/p><p class=\"x_MsoNormal\"><strong>EPICENTROCHILE.COM\u00a0<\/strong><\/p><p class=\"x_MsoNormal\"><a href=\"https:\/\/www.epicentrochile.com\/2022\/08\/22\/covid-19-epidemiologos-plantean-su-preocupacion-por-cifra-de-fallecidos\/\">Epidemi\u00f3logos plantean su preocupaci\u00f3n por cifra de fallecidos por Covid. Se refieren \u00c9rika Retamal, directora del Departamento de Salud P\u00fablica y Daniel Jim\u00e9nez, director de Salud del Estudiante.\u00a0<\/a><\/p><p class=\"x_MsoNormal\" aria-hidden=\"true\">\u00a0<\/p><p class=\"x_MsoNormal\"><strong>ELMAULEINFORMA.CL\u00a0<\/strong><\/p><p class=\"x_MsoNormal\"><a href=\"https:\/\/elmauleinforma.cl\/covid-19-epidemiologos-plantean-su-preocupacion-por-cifra-de-fallecidos\/\">Covid-19: Epidemi\u00f3logos plantean su preocupaci\u00f3n por cifra de fallecidos. Se refieren \u00c9rika Retamal, directora del Departamento de Salud P\u00fablica y Daniel Jim\u00e9nez, director de Salud del Estudiante.\u00a0<\/a><\/p><p class=\"x_MsoNormal\" aria-hidden=\"true\">\u00a0<\/p><p class=\"x_MsoNormal\"><strong>SEPTIMAPAGINANOTICIAS.CL\u00a0<\/strong><\/p><p class=\"x_MsoNormal\"><a href=\"https:\/\/www.septimapaginanoticias.cl\/covid-19-epidemiologos-plantean-su-preocupacion-por-cifra-de-fallecidos\">Covid-19: Epidemi\u00f3logos plantean su preocupaci\u00f3n por cifra de fallecidos. Se refieren \u00c9rika Retamal, directora del Departamento de Salud P\u00fablica y Daniel Jim\u00e9nez, director de Salud del Estudiante.\u00a0<\/a><\/p><p class=\"x_MsoNormal\" aria-hidden=\"true\">\u00a0<\/p><p class=\"x_MsoNormal\"><strong>CANAL CONTIVISI\u00d3N\u00a0<\/strong><\/p><p class=\"x_MsoNormal\"><a href=\"https:\/\/www.litoralpress.cl\/sitio\/RadioTV_Detalles.cshtml?LPKey=QH2RUZR2PUPY53YUWFMJU4OVYJBFLOJUSGJ4RRWZRP6X6FKOAJEWS2U7LYKF2Z4ZAYMRNT2EFMDVC\">Mesa de Trabajo de Incendios Forestales planifica compleja temporada que se vivir\u00eda en el Maule. Se refiere Patricio Gonz\u00e1lez, acad\u00e9mico del Centro de Investigaci\u00f3n y Transferencia en Riego y Agroclimatolog\u00eda. \u00a0<\/a><\/p><p class=\"x_MsoNormal\">\u00a0<\/p><p class=\"x_MsoNormal\"><strong>CANAL TV5 LINARES\u00a0<\/strong><\/p><p class=\"x_MsoNormal\"><a href=\"https:\/\/www.litoralpress.cl\/sitio\/RadioTV_Detalles.cshtml?LPKey=NCZWJCUOLL3VG2KHXJ2AVI4ZGGUAWU6MBJQEPKOXBIKARKEMSW43IZ7XDHBDRFF2AH6CTRO2M6TSW\">Marcelo Lagos dict\u00f3 charla en Campus Linares de la Universidad de Talca. Se refiere Paola Ram\u00edrez, directora de la Escuela de Pedagog\u00edas en Ciencias Naturales y Exactas. \u00a0<\/a><\/p><p class=\"x_MsoNormal\" aria-hidden=\"true\">\u00a0<\/p><p class=\"x_MsoNormal\"><strong>TV5.CL\u00a0<\/strong><\/p><p class=\"x_MsoNormal\"><a href=\"https:\/\/www.tv5.cl\/notas\/marcelo-lagos-dicto-charla-en-campus-linares-de-la-universidad-de-talca\/2022\/08\/19\/6300290dfa49d5000a5b4862\">Marcelo Lagos dict\u00f3 charla en Campus Linares de la Universidad de Talca. Se refiere Paola Ram\u00edrez, directora de la Escuela de Pedagog\u00edas en Ciencias Naturales y Exactas.\u00a0<\/a><\/p><p class=\"x_MsoNormal\" aria-hidden=\"true\">\u00a0<\/p><p class=\"x_MsoNormal\"><strong>LAS \u00daLTIMAS NOTICIAS\u00a0<\/strong><\/p><p class=\"x_MsoNormal\"><a href=\"https:\/\/www.litoralpress.cl\/sitio\/Prensa_PaginaCompleta.cshtml?LPKey=V32GAZBWSACRQOECJ7AA4ALQSID6IW7THV2FMWOGNPHMWRWJAFZQ\">As\u00ed les fue a las universidades chilenas en los rankings mundiales 2022. \u00a0<\/a><\/p><p class=\"x_MsoNormal\">\u00a0<\/p><p class=\"x_MsoNormal\"><strong>EXPLORA.CL\u00a0<\/strong><\/p><p class=\"x_MsoNormal\"><a href=\"https:\/\/www.explora.cl\/maule\/educadoras-de-parvulos-se-capacitan-para-potenciar-la-ensenanza-de-ciencias-desde-la-educacion-inicial\/\">Educadoras de p\u00e1rvulos se capacitan para potenciar la ense\u00f1anza de ciencias desde la educaci\u00f3n inicial. Se refiere Karin Saavedra, directora General de Vinculaci\u00f3n con el Medio.\u00a0<\/a><\/p><p class=\"x_MsoNormal\">\u00a0<\/p><p class=\"x_MsoNormal\"><strong>CAUQUENESNET.CL\u00a0<\/strong><\/p><p class=\"x_MsoNormal\"><a href=\"https:\/\/cauquenesnet.cl\/2022\/08\/22\/educadoras-de-parvulos-se-capacitan-para-potenciar-la-ensenanza-de-ciencias-desde-la-educacion-inicial\/\">Educadoras de p\u00e1rvulos se capacitan para potenciar la ense\u00f1anza de ciencias desde la educaci\u00f3n inicial. Se refiere Karin Saavedra, directora General de Vinculaci\u00f3n con el Medio.\u00a0<\/a><\/p><p class=\"x_MsoNormal\">\u00a0<\/p><p class=\"x_MsoNormal\"><strong>SOMOSNOTICIAS.CL\u00a0<\/strong><\/p><p class=\"x_MsoNormal\"><a href=\"https:\/\/www.somosnoticias.cl\/2022\/08\/investigacion-detecto-alto-porcentaje-de-licitaciones-desiertas-en-la-construccion-publica\/\">Investigaci\u00f3n detect\u00f3 alto porcentaje de licitaciones desiertas en la construcci\u00f3n p\u00fablica. Se refiere Armando Dur\u00e1n, director de la Escuela de Ingenier\u00eda Civil en Obras Civiles. \u00a0<\/a><\/p><p class=\"x_MsoNormal\">\u00a0<\/p><p class=\"x_MsoNormal\"><strong>REDIMIN.CL\u00a0<\/strong><\/p><p class=\"x_MsoNormal\"><a href=\"https:\/\/www.redimin.cl\/carrera-contra-el-tiempo-expertos-advierten-que-chile-pierde-competitividad-en-litio-mientras-argentina-gana-terreno\/\">\u201cCarrera contra el tiempo\u201d: expertos advierten que Chile pierde competitividad en litio. Se refiere Francisco Rivas, director de la Escuela de Ingenier\u00eda Civil de Minas.\u00a0<\/a><\/p><p class=\"x_MsoNormal\">\u00a0<\/p><p class=\"x_MsoNormal\"><strong>LAPRENSAAUSTRAL.CL\u00a0<\/strong><\/p><p class=\"x_MsoNormal\"><a href=\"https:\/\/laprensaaustral.cl\/2022\/08\/22\/carrera-contra-el-tiempo-expertos-advierten-que-chile-pierde-competitividad-en-litio\/\">\u201cCarrera contra el tiempo\u201d: expertos advierten que Chile pierde competitividad en litio. Se refiere Francisco Rivas, director de la Escuela de Ingenier\u00eda Civil de Minas. \u00a0<\/a><\/p><p class=\"x_MsoNormal\" aria-hidden=\"true\">\u00a0<\/p><p class=\"x_MsoNormal\"><strong>INFORMACIONDEMERCADOS.CL\u00a0<\/strong><\/p><p class=\"x_MsoNormal\"><a href=\"https:\/\/www.informaciondemercados.cl\/revista-digital-8220carrera-contra-el-tiempo8221-expertos-advierten-que-chile-pierde-competitividad-en-litio-mientras-argentina-gana-terreno-nd\/\">\u201cCarrera contra el tiempo\u201d: expertos advierten que Chile pierde competitividad en litio. Se refiere Francisco Rivas, director de la Escuela de Ingenier\u00eda Civil de Minas.\u00a0<\/a><\/p><p class=\"x_MsoNormal\" aria-hidden=\"true\">\u00a0<\/p><p class=\"x_MsoNormal\"><strong>PUBLIMETRO\u00a0<\/strong><\/p><p class=\"x_MsoNormal\"><a href=\"https:\/\/www.litoralpress.cl\/sitio\/Prensa_PaginaCompleta.cshtml?LPKey=HYP5LEOY2HCCVAJ2VINUL3DVEIJFN5NFPL2YDEFECPLVASC7TZAA\">Paridad: Alcances de la propuesta en igualdad y c\u00f3mo afectar\u00eda aplicar el enfoque de g\u00e9nero. Se refiere Irene Rojas, directora del Centro de Estudios del Derecho del Trabajo y la Seguridad Social (CENTRASS).\u00a0<\/a><\/p><p class=\"x_MsoNormal\">\u00a0<\/p><p class=\"x_MsoNormal\"><strong>RADIONUEVOMUNDO.CL\u00a0<\/strong><\/p><p class=\"x_MsoNormal\"><a href=\"https:\/\/radionuevomundo.cl\/2022\/08\/22\/academica-maria-ignacia-sandoval-sobre-educacion-en-la-propuesta-de-nc-se-consagra-como-derecho-y-se-generan-deberes-especificos-al-estado\/\">Acad\u00e9mica Mar\u00eda Ignacia Sandoval sobre educaci\u00f3n en la propuesta de NC: \u201cSe consagra como derecho y se generan deberes espec\u00edficos al Estado\u201d. Se refiere acad\u00e9mica del Centro de Estudios Constitucionales de Chile (CECOCH).\u00a0<\/a><\/p><p class=\"x_MsoNormal\">\u00a0<\/p><p class=\"x_MsoNormal\"><strong>CANAL MEGA PLUS\u00a0<\/strong><\/p><p class=\"x_MsoNormal\"><a href=\"https:\/\/www.litoralpress.cl\/sitio\/RadioTV_Detalles.cshtml?LPKey=YZGHHUZ26YHTJSLHVQ7J5N5TK5G3GR6CT2JAQV2PWARO4RXGHJBDISR3GCTA3RISIQ4KLXRA772XS\">Entrevista a Mauricio Morales, director del Centro de An\u00e1lisis Pol\u00edtico (CAP).\u00a0<\/a><\/p><p class=\"x_MsoNormal\">\u00a0<\/p><p class=\"x_MsoNormal\"><strong>CANAL MEGA PLUS\u00a0<\/strong><\/p><p class=\"x_MsoNormal\"><a href=\"https:\/\/www.litoralpress.cl\/sitio\/RadioTV_Detalles.cshtml?LPKey=TFHOXP7ZOUF5TYDHAPI4BQR5VTYERXTBOPVHPUVPFHJEHVPINCX3ZEPJZN7APLIV5FKEVZSYMPQXU\">An\u00e1lisis de las \u00faltimas encuestas antes del plebiscito. Se refiere Mauricio Morales, director del Centro de An\u00e1lisis Pol\u00edtico (CAP).\u00a0<\/a><\/p><p class=\"x_MsoNormal\">\u00a0<\/p><p class=\"x_MsoNormal\"><strong>RADIO INFINITA\u00a0<\/strong><\/p><p class=\"x_MsoNormal\"><a href=\"https:\/\/www.litoralpress.cl\/sitio\/RadioTV_Detalles.cshtml?LPKey=FPYFY2GVMJLXMUCXFGFU5H7R63LNA4ZFMV4H2UVJRKBEFFOP7L2FRIKPYEUGPARKPQH3YPSLA6F2Y\">Comentario de Mauricio Morales, director del Centro de An\u00e1lisis Pol\u00edtico (CAP).\u00a0<\/a><\/p><p class=\"x_MsoNormal\">\u00a0<\/p><p class=\"x_MsoNormal\"><strong>MEGANOTICIAS.CL\u00a0<\/strong><\/p><p class=\"x_MsoNormal\"><a href=\"https:\/\/www.meganoticias.cl\/entrevistas\/387075-plebiscito-nueva-constitucion-apruebo-rechazo-mauricio-morales-convencion-22-08-2022.html\">Entrevista a Mauricio Morales, director del Centro de An\u00e1lisis Pol\u00edtico (CAP).\u00a0<\/a><\/p><p class=\"x_MsoNormal\">\u00a0<\/p>\t\t\t\t\t\t<\/div>\n\t\t\t\t<\/div>\n\t\t\t\t\t<\/div>\n\t\t<\/div>\n\t\t\t\t\t\t\t<\/div>\n\t\t<\/section>\n\t\t\t\t\t\t<\/div>\n\t\t\t\t\t<\/div>\n\t\t","protected":false},"excerpt":{"rendered":"<p>ADPRENSA.CL\u00a0 Avanza desarrollo de aplicaci\u00f3n m\u00f3vil para cuidar la salud mental. Se refiere Nadia Ramos, acad\u00e9mica de la Facultad de Psicolog\u00eda.\u00a0 \u00a0 MEDIABANCO.COM\u00a0 Avanza desarrollo de aplicaci\u00f3n m\u00f3vil para cuidar la salud mental. Se refiere Nadia Ramos, acad\u00e9mica de la Facultad de Psicolog\u00eda.\u00a0 \u00a0 RADIO COOPERATIVA\u00a0 Grupo antivacunas lleg\u00f3 hasta las cercan\u00edas de la casa &hellip;<\/p>\n<p class=\"read-more\"> <a class=\"\" href=\"https:\/\/www.reportedeprensa.utalca.cl\/?p=4771\"> <span class=\"screen-reader-text\">23 de agosto de 2022<\/span> Read More &raquo;<\/a><\/p>\n","protected":false},"author":1,"featured_media":0,"comment_status":"closed","ping_status":"open","sticky":false,"template":"","format":"standard","meta":{"_monsterinsights_skip_tracking":false,"_monsterinsights_sitenote_active":false,"_monsterinsights_sitenote_note":"","_monsterinsights_sitenote_category":0},"categories":[24],"tags":[],"_links":{"self":[{"href":"https:\/\/www.reportedeprensa.utalca.cl\/index.php?rest_route=\/wp\/v2\/posts\/4771"}],"collection":[{"href":"https:\/\/www.reportedeprensa.utalca.cl\/index.php?rest_route=\/wp\/v2\/posts"}],"about":[{"href":"https:\/\/www.reportedeprensa.utalca.cl\/index.php?rest_route=\/wp\/v2\/types\/post"}],"author":[{"embeddable":true,"href":"https:\/\/www.reportedeprensa.utalca.cl\/index.php?rest_route=\/wp\/v2\/users\/1"}],"replies":[{"embeddable":true,"href":"https:\/\/www.reportedeprensa.utalca.cl\/index.php?rest_route=%2Fwp%2Fv2%2Fcomments&post=4771"}],"version-history":[{"count":4,"href":"https:\/\/www.reportedeprensa.utalca.cl\/index.php?rest_route=\/wp\/v2\/posts\/4771\/revisions"}],"predecessor-version":[{"id":4775,"href":"https:\/\/www.reportedeprensa.utalca.cl\/index.php?rest_route=\/wp\/v2\/posts\/4771\/revisions\/4775"}],"wp:attachment":[{"href":"https:\/\/www.reportedeprensa.utalca.cl\/index.php?rest_route=%2Fwp%2Fv2%2Fmedia&parent=4771"}],"wp:term":[{"taxonomy":"category","embeddable":true,"href":"https:\/\/www.reportedeprensa.utalca.cl\/index.php?rest_route=%2Fwp%2Fv2%2Fcategories&post=4771"},{"taxonomy":"post_tag","embeddable":true,"href":"https:\/\/www.reportedeprensa.utalca.cl\/index.php?rest_route=%2Fwp%2Fv2%2Ftags&post=4771"}],"curies":[{"name":"wp","href":"https:\/\/api.w.org\/{rel}","templated":true}]}}