{"id":4783,"date":"2022-08-24T10:07:03","date_gmt":"2022-08-24T13:07:03","guid":{"rendered":"https:\/\/www.reportedeprensa.utalca.cl\/?p=4783"},"modified":"2022-08-24T10:11:58","modified_gmt":"2022-08-24T13:11:58","slug":"24-de-agosto-de-2022","status":"publish","type":"post","link":"https:\/\/www.reportedeprensa.utalca.cl\/?p=4783","title":{"rendered":"24 de agosto de 2022"},"content":{"rendered":"\t\t<div data-elementor-type=\"wp-post\" data-elementor-id=\"4783\" class=\"elementor elementor-4783\" data-elementor-settings=\"[]\">\n\t\t\t\t\t\t\t<div class=\"elementor-section-wrap\">\n\t\t\t\t\t\t\t<section class=\"elementor-section elementor-top-section elementor-element elementor-element-44052ab7 elementor-section-boxed elementor-section-height-default elementor-section-height-default\" data-id=\"44052ab7\" data-element_type=\"section\">\n\t\t\t\t\t\t<div class=\"elementor-container elementor-column-gap-default\">\n\t\t\t\t\t<div class=\"elementor-column elementor-col-100 elementor-top-column elementor-element elementor-element-5b002d83\" data-id=\"5b002d83\" data-element_type=\"column\">\n\t\t\t<div class=\"elementor-widget-wrap elementor-element-populated\">\n\t\t\t\t\t\t\t\t<div class=\"elementor-element elementor-element-477998b8 elementor-widget elementor-widget-text-editor\" data-id=\"477998b8\" data-element_type=\"widget\" data-widget_type=\"text-editor.default\">\n\t\t\t\t<div class=\"elementor-widget-container\">\n\t\t\t\t\t\t\t\t<p class=\"x_MsoNormal\"><strong>ADPRENSA.CL\u00a0<\/strong><\/p><p class=\"x_MsoNormal\"><a href=\"https:\/\/www.adprensa.cl\/cronica\/investigacion-busca-determinar-el-riesgo-de-sufrir-sindrome-de-fragilidad-en-la-poblacion\/\">Investigaci\u00f3n busca determinar el riesgo de sufrir S\u00edndrome de Fragilidad en la poblaci\u00f3n. Se refieren Marcelo Alarc\u00f3n e Iv\u00e1n Palomo, acad\u00e9micos de la Facultad de Ciencias de la Salud.\u00a0<\/a><\/p><p class=\"x_MsoNormal\">\u00a0<\/p><p class=\"x_MsoNormal\"><strong>MEDIABANCO.COM\u00a0<\/strong><\/p><p class=\"x_MsoNormal\"><a href=\"https:\/\/www.mediabanco.com\/investigacion-busca-determinar-el-riesgo-de-sufrir-sindrome-de-fragilidad-en-la-poblacion\/\">Investigaci\u00f3n busca determinar el riesgo de sufrir S\u00edndrome de Fragilidad en la poblaci\u00f3n. Se refieren Marcelo Alarc\u00f3n e Iv\u00e1n Palomo, acad\u00e9micos de la Facultad de Ciencias de la Salud.\u00a0<\/a><\/p><p class=\"x_MsoNormal\">\u00a0<\/p><p class=\"x_MsoNormal\"><strong>ELMAULEINFORMA.CL\u00a0<\/strong><\/p><p class=\"x_MsoNormal\"><a href=\"https:\/\/elmauleinforma.cl\/investigacion-busca-determinar-el-riesgo-de-sufrir-sindrome-de-fragilidad-en-la-poblacion\/\">Investigaci\u00f3n busca determinar el riesgo de sufrir S\u00edndrome de Fragilidad en la poblaci\u00f3n. Se refieren Marcelo Alarc\u00f3n e Iv\u00e1n Palomo, acad\u00e9micos de la Facultad de Ciencias de la Salud.\u00a0<\/a><\/p><p class=\"x_MsoNormal\">\u00a0<\/p><p class=\"x_MsoNormal\"><strong>DIARIOTALCA.CL\u00a0<\/strong><\/p><p class=\"x_MsoNormal\"><a href=\"https:\/\/diariotalca.cl\/se-imagina-una-aplicacion-virtual-para-cuidar-la-salud-mental-aqui-sepa-todo\/\">\u00bfSe imagina una aplicaci\u00f3n virtual para cuidar la salud mental? Aqu\u00ed sepa todo. Se refiere Nadia Ramos, acad\u00e9mica de la Facultad de Psicolog\u00eda. \u00a0<\/a><\/p><p class=\"x_MsoNormal\">\u00a0<\/p><p class=\"x_MsoNormal\"><strong>RADIO COOPERATIVA\u00a0<\/strong><\/p><p class=\"x_MsoNormal\"><a href=\"https:\/\/www.litoralpress.cl\/sitio\/RadioTV_Detalles.cshtml?LPKey=MPSP5U3KXIUMSESTC2OINX5NVQZBETSP4IKHTCRINLJ45H7WKI4347RKNYIDCE3G4YJIZWOSJRQJ2\">En un 17% ha disminuido casos de Covid en relaci\u00f3n a la \u00faltima semana. Se refiere Daniel Jim\u00e9nez, director de Salud del Estudiante.\u00a0<\/a><\/p><p class=\"x_MsoNormal\">\u00a0<\/p><p class=\"x_MsoNormal\"><strong>LA PRENSA\u00a0<\/strong><\/p><p class=\"x_MsoNormal\"><a href=\"https:\/\/www.litoralpress.cl\/paginaconsultas\/Servicios_NClipSitio\/Get_Imagen_Nota.aspx?LPKey=YDRA23MGQ7ALU6QESF6K4BDGZHFHV3PYNJRZBUAXMYADWCJXHQ3VAQEWYGLZYUCM7B76JMPE7BAHW\">Expertos prev\u00e9n nueva alza de contagios por Covid-19. Se refieren \u00c9rika Retamal, directora del Departamento de Salud P\u00fablica y Daniel Jim\u00e9nez, director de Salud del Estudiante.\u00a0<\/a><\/p><p class=\"x_MsoNormal\">\u00a0<\/p><p class=\"x_MsoNormal\"><strong>EL LECTOR\u00a0<\/strong><\/p><p class=\"x_MsoNormal\"><a href=\"https:\/\/www.litoralpress.cl\/sitio\/Prensa_PaginaCompleta.cshtml?LPKey=DS6ATBZLO55YR6D3JAWHER5KN3OO2LA5LGKNCXEMSUD2EVYONOTQ\">Covid-19: Epidemi\u00f3logos plantean su preocupaci\u00f3n por cifra de fallecidos. Se refieren \u00c9rika Retamal, directora del Departamento de Salud P\u00fablica y Daniel Jim\u00e9nez, director de Salud del Estudiante.\u00a0<\/a><\/p><p class=\"x_MsoNormal\">\u00a0<\/p><p class=\"x_MsoNormal\"><strong>CANAL CONTIVISI\u00d3N\u00a0<\/strong><\/p><p class=\"x_MsoNormal\"><a href=\"https:\/\/www.litoralpress.cl\/sitio\/RadioTV_Detalles.cshtml?LPKey=K6PYGFHNWAYBQYG5ACSWKFLOMGJFJCQNQ5RLUSWSPZ6CDK24YTO2AESXQXOOFWGUL64FJXCSEYTBW\">\u00bfQu\u00e9 tan efectiva ser\u00eda aplicaci\u00f3n de una quinta dosis de la vacuna contra el Covid-19? Se refiere Sergio Wehinger, director del Mag\u00edster en Ciencias Biom\u00e9dicas. \u00a0<\/a><\/p><p class=\"x_MsoNormal\">\u00a0<\/p><p class=\"x_MsoNormal\"><strong>CANAL TVR\u00a0<\/strong><\/p><p class=\"x_MsoNormal\"><a href=\"https:\/\/www.litoralpress.cl\/sitio\/RadioTV_Detalles.cshtml?LPKey=6ET5L4LWWS4R3IYBHAKX6M6XWHIN3MUQAOA52KQSE4DECGR6GYWMKMW4KSRKVX32H32D34AWZ4I6C\">Experta en salud dijo que &#8220;vacunas y autocuidado pudieron evitar muertes por Covid-19&#8221;.\u00a0\u00a0Se refiere \u00c9rika Retamal, directora del Departamento de Salud P\u00fablica.\u00a0<\/a><\/p><p class=\"x_MsoNormal\">\u00a0<\/p><p class=\"x_MsoNormal\"><strong>RADIO BIO-B\u00cdO DE VALPARA\u00cdSO\u00a0<\/strong><\/p><p class=\"x_MsoNormal\"><a href=\"https:\/\/www.litoralpress.cl\/sitio\/RadioTV_Detalles.cshtml?LPKey=WDX26ZNRFNN2XEMMMUJDCUFGEU5GNPZGJMNUJYVHB3NK2DER4QNMPN55VWGAE4SHSGJI5VW22SJJG\">Regi\u00f3n de Valpara\u00edso report\u00f3 365 casos nuevos de covid-19 en la \u00faltima jornada. Se refiere \u00c9rika Retamal, directora del Departamento de Salud P\u00fablica. \u00a0<\/a><\/p><p class=\"x_MsoNormal\" aria-hidden=\"true\">\u00a0<\/p><p class=\"x_MsoNormal\"><strong>RADIO AMIGA\u00a0<\/strong><\/p><p class=\"x_MsoNormal\"><a href=\"https:\/\/www.litoralpress.cl\/sitio\/RadioTV_Detalles.cshtml?LPKey=S2WYCO67HKQ5F6MWMDBM4RH7KNDGYSYTRDEZCOCKV62BI4C6MMSTMJY7STMT3TBGZMW7I4T5XZ5W6\">Alza de contagios de Covid-19. Se refiere \u00c9rika Retamal, directora del Departamento de Salud P\u00fablica.\u00a0<\/a><\/p><p class=\"x_MsoNormal\" aria-hidden=\"true\">\u00a0<\/p><p class=\"x_MsoNormal\"><strong>RADIONUEVOMUNDO.CL\u00a0<\/strong><\/p><p class=\"x_MsoNormal\"><a href=\"https:\/\/radionuevomundo.cl\/2022\/08\/23\/pandemia-chile-supero-los-60-mil-fallecidos-por-causas-asociadas-al-covid-19\/\">Pandemia: Chile super\u00f3 los 60 mil fallecidos por causas asociadas al Covid \u2013 19. Se refieren \u00c9rika Retamal, directora del Departamento de Salud P\u00fablica y Daniel Jim\u00e9nez, director de Salud del Estudiante.\u00a0<\/a><\/p><p class=\"x_MsoNormal\" aria-hidden=\"true\">\u00a0<\/p><p class=\"x_MsoNormal\"><strong>CANAL TVN\u00a0<\/strong><\/p><p class=\"x_MsoNormal\"><a href=\"https:\/\/www.litoralpress.cl\/sitio\/RadioTV_Detalles.cshtml?LPKey=QUVB7IJ64B3BVKLDT66EHJMCAANFB6ER3VHFK2YMWPERMER5DGTJ2HHHJVLR2EED32N7DUSDTPDTO\">Ministerio de Agricultura decreta emergencia agr\u00edcola por plaga en frutillas. Se refiere Roberto Jara, acad\u00e9mico de la Facultad de Ciencias Agrarias. \u00a0<\/a><\/p><p class=\"x_MsoNormal\">\u00a0<\/p><p class=\"x_MsoNormal\"><strong>CANAL 24 HORAS\u00a0<\/strong><\/p><p class=\"x_MsoNormal\"><a href=\"https:\/\/www.litoralpress.cl\/sitio\/RadioTV_Detalles.cshtml?LPKey=OFWX2LS5TIAAL6LTJVEBZVC3WAGGC7BOR5MUUONOGS4NJTH7WDN7N22QINKGGP2VS4N6W3VXDGOBC\">Ministerio de Agricultura decreta emergencia agr\u00edcola por plaga en frutillas. Se refiere Roberto Jara, acad\u00e9mico de la Facultad de Ciencias Agrarias.\u00a0<\/a><\/p><p class=\"x_MsoNormal\">\u00a0<\/p><p class=\"x_MsoNormal\"><strong>DIARIO FINANCIERO\u00a0<\/strong><\/p><p class=\"x_MsoNormal\"><a href=\"https:\/\/www.litoralpress.cl\/sitio\/Prensa_PaginaCompleta.cshtml?LPKey=Y5HKWMIRMOIOLYA5URC4OL2K3TG7EI46GVZ4KDH6NX4MVYWRVS3Q\">Las tendencias que est\u00e1n cambiando al ecosistema local de medios de pago. Se refiere Diego Rodr\u00edguez, director de la Escuela de Ingenier\u00eda Comercial en el Campus Santiago.\u00a0<\/a><\/p><p class=\"x_MsoNormal\">\u00a0<\/p><p class=\"x_MsoNormal\"><strong>DIARIO FINANCIERO\u00a0<\/strong><\/p><p class=\"x_MsoNormal\"><a href=\"https:\/\/www.litoralpress.cl\/sitio\/Prensa_PaginaCompleta.cshtml?LPKey=V3BM5EFDQZWRHLHXAKOKCQHAGWGGEEZYE4LEV3JRDMO7WGOV6FNA\">Experiencia de compra: la clave para los pagos digitales. Se refiere Diego Rodr\u00edguez, director de la Escuela de Ingenier\u00eda Comercial en el Campus Santiago.\u00a0<\/a><\/p><p class=\"x_MsoNormal\">\u00a0<\/p><p class=\"x_MsoNormal\"><strong>EL LECTOR\u00a0<\/strong><\/p><p class=\"x_MsoNormal\"><a href=\"https:\/\/www.litoralpress.cl\/sitio\/Prensa_PaginaCompleta.cshtml?LPKey=MOAJ6MY35ZSDX5FKGF5WIFE4N6NJNDFV3ZEZMZ62IR3WVFEM7GYA\">Educadoras de p\u00e1rvulos se capacitan para potenciar la ense\u00f1anza de ciencias desde la educaci\u00f3n inicial ense\u00f1anza. Se refiere Karin Saavedra, directora General de Vinculaci\u00f3n con el Medio. \u00a0<\/a><\/p><p class=\"x_MsoNormal\">\u00a0<\/p><p class=\"x_MsoNormal\"><strong>EL C\u00d3NDOR\u00a0<\/strong><\/p><p class=\"x_MsoNormal\"><a href=\"https:\/\/www.litoralpress.cl\/sitio\/Prensa_PaginaCompleta.cshtml?LPKey=YD7LIZQHF6IUW5BUM3E44YE3EH5KHLQDAZOGN73KF3IQHX3DV2CQ\">Fiesta de la Poda: Campus Colchagua de la UTalca inicia nuevo ciclo en su vi\u00f1edo. Se refiere Patricio G\u00f3mez, director del Campus y M\u00f3nica Vergara, directora de las carreras de T\u00e9cnico Superior en Viticultura y T\u00e9cnico Superior en Vinificaci\u00f3n y Enolog\u00eda. \u00a0<\/a><\/p><p class=\"x_MsoNormal\">\u00a0<\/p><p class=\"x_MsoNormal\"><strong>CANAL CONTIVISI\u00d3N\u00a0<\/strong><\/p><p class=\"x_MsoNormal\"><a href=\"https:\/\/www.litoralpress.cl\/sitio\/RadioTV_Detalles.cshtml?LPKey=T5COBL2HX4WYO6MISU74HYFKDTTJ3OTPFALRMLVK6ALR72WF5UKAHJ27AXTIE7CEKXGLZHQWMBLXC\">Destacado ge\u00f3grafo Marcelo Lagos expuso ante estudiantes en el campus Linares de la U. de Talca. Se refiere Paola Ram\u00edrez, directora de la Escuela de Pedagog\u00eda en Ciencias Naturales y Exactas.\u00a0<\/a><\/p><p class=\"x_MsoNormal\">\u00a0<\/p><p class=\"x_MsoNormal\"><strong>MEDIABANCO.COM\u00a0<\/strong><\/p><p class=\"x_MsoNormal\"><a href=\"https:\/\/www.mediabanco.com\/concurrida-exposicion-de-marcelo-lagos-en-campus-linares-de-la-utalca\/\">Concurrida exposici\u00f3n de Marcelo Lagos en Campus Linares de la UTalca. Se refiere Paola Ram\u00edrez, directora de la Escuela de Pedagog\u00eda en Ciencias Naturales y Exactas.\u00a0<\/a><\/p><p class=\"x_MsoNormal\" aria-hidden=\"true\">\u00a0<\/p><p class=\"x_MsoNormal\"><strong>SEPTIMAPAGINANOTICIAS.CL\u00a0<\/strong><\/p><p class=\"x_MsoNormal\"><a href=\"https:\/\/www.septimapaginanoticias.cl\/concurrida-exposicion-de-marcelo-lagos-en-campus-linares-de-la-utalca\">Concurrida exposici\u00f3n de Marcelo Lagos en Campus Linares de la UTalca. Se refiere Paola Ram\u00edrez, directora de la Escuela de Pedagog\u00eda en Ciencias Naturales y Exactas.\u00a0<\/a><\/p><p class=\"x_MsoNormal\" aria-hidden=\"true\">\u00a0<\/p><p class=\"x_MsoNormal\"><strong>ATENTOSCHILE.CL\u00a0<\/strong><\/p><p class=\"x_MsoNormal\"><a href=\"https:\/\/www.litoralpress.cl\/sitio\/RadioTV_Detalles.cshtml?LPKey=QQTN73B6RJ56ABUVINYEWDCGLJ365B6OIKU2F4JNPH3FMACDGT7WSLPBACSKHFG6CWRWDDSNA3KGG\">Entrevista a Armando Dur\u00e1n, director de la Escuela de Ingenier\u00eda Civil en Obras Civiles.\u00a0<\/a><\/p><p class=\"x_MsoNormal\">\u00a0<\/p><p class=\"x_MsoNormal\"><strong>RADIO INFINITA\u00a0<\/strong><\/p><p class=\"x_MsoNormal\"><a href=\"https:\/\/www.litoralpress.cl\/sitio\/RadioTV_Detalles.cshtml?LPKey=HWXYDOHJVJDWVS7UIYUYKXS6USWCX7GWPNYP3HSN6CHK7OFD5ORHZMND6PWMCIYFDIC7U5W5NDIIE\">Comentario de Mauricio Morales, director del Centro de An\u00e1lisis Pol\u00edtico (CAP).\u00a0<\/a><\/p><p class=\"x_MsoNormal\">\u00a0<\/p><p class=\"x_MsoNormal\"><strong>FACTCHECKING.CL\u00a0<\/strong><\/p><p class=\"x_MsoNormal\"><a href=\"https:\/\/factchecking.cl\/user-review\/propuesta-de-nueva-constitucion-prohibe-el-lucro-en-las-entidades-religiosas-y-exige-transparencia-de-sus-bienes-pero-la-libertad-religiosa-quedaria-abierta-a-interpretaciones\/\">Propuesta de nueva Constituci\u00f3n proh\u00edbe el lucro en las entidades religiosas y exige transparencia de sus bienes, pero la libertad religiosa quedar\u00eda abierta a interpretaciones. Se refiere Jorge del Pic\u00f3, acad\u00e9mico de la Facultad de Ciencias Jur\u00eddicas y Sociales.\u00a0<\/a><\/p><p class=\"x_MsoNormal\">\u00a0<\/p><p class=\"x_MsoNormal\"><strong>FACTCHECKING.CL\u00a0<\/strong><\/p><p class=\"x_MsoNormal\"><a href=\"https:\/\/factchecking.cl\/user-review\/la-ausencia-del-estado-de-emergencia-en-el-borrador-no-implicaria-el-fin-de-la-intervencion-de-las-ff-aa-ante-desordenes-publicos\/\">La ausencia del Estado de Emergencia en el borrador no implicar\u00eda el fin de la intervenci\u00f3n de las FF. AA. ante des\u00f3rdenes p\u00fablicos. Se refiere Mario Herrera, acad\u00e9mico del Centro de An\u00e1lisis Pol\u00edtico (CAP).\u00a0<\/a><\/p><p class=\"x_MsoNormal\">\u00a0<\/p><p class=\"x_MsoNormal\"><strong>CANAL TVN RED MAULE\u00a0<\/strong><\/p><p class=\"x_MsoNormal\"><a href=\"https:\/\/www.litoralpress.cl\/sitio\/RadioTV_Detalles.cshtml?LPKey=BAXVOVO4LFUSCEBDNIQJOEFBEAX44PTIGFXBP2VZS7PVTJGASZ2HAT3ASHCKPQS6HHAVOXHYNP7XA\">Rescatan a ni\u00f1a que cay\u00f3 a c\u00e1mara de riego. Se refiere Eric Letelier, prevencionista de riesgo de la UTalca.\u00a0<\/a><\/p><p class=\"x_MsoNormal\">\u00a0<\/p>\t\t\t\t\t\t<\/div>\n\t\t\t\t<\/div>\n\t\t\t\t\t<\/div>\n\t\t<\/div>\n\t\t\t\t\t\t\t<\/div>\n\t\t<\/section>\n\t\t\t\t\t\t<\/div>\n\t\t\t\t\t<\/div>\n\t\t","protected":false},"excerpt":{"rendered":"<p>ADPRENSA.CL\u00a0 Investigaci\u00f3n busca determinar el riesgo de sufrir S\u00edndrome de Fragilidad en la poblaci\u00f3n. Se refieren Marcelo Alarc\u00f3n e Iv\u00e1n Palomo, acad\u00e9micos de la Facultad de Ciencias de la Salud.\u00a0 \u00a0 MEDIABANCO.COM\u00a0 Investigaci\u00f3n busca determinar el riesgo de sufrir S\u00edndrome de Fragilidad en la poblaci\u00f3n. Se refieren Marcelo Alarc\u00f3n e Iv\u00e1n Palomo, acad\u00e9micos de la &hellip;<\/p>\n<p class=\"read-more\"> <a class=\"\" href=\"https:\/\/www.reportedeprensa.utalca.cl\/?p=4783\"> <span class=\"screen-reader-text\">24 de agosto de 2022<\/span> Read More &raquo;<\/a><\/p>\n","protected":false},"author":1,"featured_media":0,"comment_status":"closed","ping_status":"open","sticky":false,"template":"","format":"standard","meta":{"_monsterinsights_skip_tracking":false,"_monsterinsights_sitenote_active":false,"_monsterinsights_sitenote_note":"","_monsterinsights_sitenote_category":0},"categories":[24],"tags":[],"_links":{"self":[{"href":"https:\/\/www.reportedeprensa.utalca.cl\/index.php?rest_route=\/wp\/v2\/posts\/4783"}],"collection":[{"href":"https:\/\/www.reportedeprensa.utalca.cl\/index.php?rest_route=\/wp\/v2\/posts"}],"about":[{"href":"https:\/\/www.reportedeprensa.utalca.cl\/index.php?rest_route=\/wp\/v2\/types\/post"}],"author":[{"embeddable":true,"href":"https:\/\/www.reportedeprensa.utalca.cl\/index.php?rest_route=\/wp\/v2\/users\/1"}],"replies":[{"embeddable":true,"href":"https:\/\/www.reportedeprensa.utalca.cl\/index.php?rest_route=%2Fwp%2Fv2%2Fcomments&post=4783"}],"version-history":[{"count":4,"href":"https:\/\/www.reportedeprensa.utalca.cl\/index.php?rest_route=\/wp\/v2\/posts\/4783\/revisions"}],"predecessor-version":[{"id":4790,"href":"https:\/\/www.reportedeprensa.utalca.cl\/index.php?rest_route=\/wp\/v2\/posts\/4783\/revisions\/4790"}],"wp:attachment":[{"href":"https:\/\/www.reportedeprensa.utalca.cl\/index.php?rest_route=%2Fwp%2Fv2%2Fmedia&parent=4783"}],"wp:term":[{"taxonomy":"category","embeddable":true,"href":"https:\/\/www.reportedeprensa.utalca.cl\/index.php?rest_route=%2Fwp%2Fv2%2Fcategories&post=4783"},{"taxonomy":"post_tag","embeddable":true,"href":"https:\/\/www.reportedeprensa.utalca.cl\/index.php?rest_route=%2Fwp%2Fv2%2Ftags&post=4783"}],"curies":[{"name":"wp","href":"https:\/\/api.w.org\/{rel}","templated":true}]}}