{"id":4795,"date":"2022-08-25T09:48:51","date_gmt":"2022-08-25T12:48:51","guid":{"rendered":"https:\/\/www.reportedeprensa.utalca.cl\/?p=4795"},"modified":"2022-08-25T15:42:55","modified_gmt":"2022-08-25T18:42:55","slug":"25-de-agosto-de-2022","status":"publish","type":"post","link":"https:\/\/www.reportedeprensa.utalca.cl\/?p=4795","title":{"rendered":"25 de agosto de 2022"},"content":{"rendered":"\t\t<div data-elementor-type=\"wp-post\" data-elementor-id=\"4795\" class=\"elementor elementor-4795\" data-elementor-settings=\"[]\">\n\t\t\t\t\t\t\t<div class=\"elementor-section-wrap\">\n\t\t\t\t\t\t\t<section class=\"elementor-section elementor-top-section elementor-element elementor-element-44052ab7 elementor-section-boxed elementor-section-height-default elementor-section-height-default\" data-id=\"44052ab7\" data-element_type=\"section\">\n\t\t\t\t\t\t<div class=\"elementor-container elementor-column-gap-default\">\n\t\t\t\t\t<div class=\"elementor-column elementor-col-100 elementor-top-column elementor-element elementor-element-5b002d83\" data-id=\"5b002d83\" data-element_type=\"column\">\n\t\t\t<div class=\"elementor-widget-wrap elementor-element-populated\">\n\t\t\t\t\t\t\t\t<div class=\"elementor-element elementor-element-477998b8 elementor-widget elementor-widget-text-editor\" data-id=\"477998b8\" data-element_type=\"widget\" data-widget_type=\"text-editor.default\">\n\t\t\t\t<div class=\"elementor-widget-container\">\n\t\t\t\t\t\t\t\t<p class=\"x_MsoNormal\"><strong>ELDESCONCIERTO.CL\u00a0<\/strong><\/p><p class=\"x_MsoNormal\"><a href=\"https:\/\/www.eldesconcierto.cl\/opinion\/2022\/08\/24\/768055.html\">El compromiso de las universidades del Estado en equidad de g\u00e9nero. Columna de opini\u00f3n de Carlos Torres, rector de la Universidad de Talca.\u00a0<\/a><\/p><p>\u00a0<\/p><p class=\"x_MsoNormal\"><strong>PUBLIMETRO\u00a0<\/strong><\/p><p class=\"x_MsoNormal\"><a href=\"https:\/\/www.litoralpress.cl\/paginaconsultas\/Servicios_NClipSitio\/Get_Imagen_Nota.aspx?LPKey=FNX7ZEFPPDPKAYBTHQ73BVQCZF6EQDDQNEZ6ZYJE7BQ55UM6AD4ZBDQG2JNVYUJBNIXTJYSLJ3RPQ\">40 horas laborales: Los efectos ser\u00edan positivos y no afectar\u00eda la productividad. Se refiere Rodrigo Palomo, decano de la Facultad de Ciencias Jur\u00eddicas y Sociales. \u00a0<\/a><\/p><p class=\"x_MsoNormal\"><span class=\"x_MsoHyperlink\">\u00a0<\/span><\/p><p class=\"x_MsoNormal\"><strong><span class=\"x_MsoHyperlink\">EL MERCURIO<\/span><span class=\"x_MsoHyperlink\">\u00a0<\/span><\/strong><\/p><p class=\"x_MsoNormal\"><a href=\"https:\/\/www.litoralpress.cl\/sitio\/Prensa_PaginaCompleta.cshtml?LPKey=A3PAAO3PSH2K3KBUTLONFIXX2Q7X2VOSN7LTTZPGTY4B6ECYTLBQ\">Industria del metaverso ser\u00e1 la nueva &#8220;gr\u00faa&#8221; de profesionales en Chile y el mundo. Se refiere Sven Von Brand, acad\u00e9mico de la Facultad de Ingenier\u00eda.\u00a0<\/a><\/p><p>\u00a0<\/p><p class=\"x_MsoNormal\"><strong>G5NOTICIAS.CL\u00a0<\/strong><\/p><p class=\"x_MsoNormal\"><a href=\"https:\/\/g5noticias.cl\/2022\/08\/24\/investigacion-busca-determinar-el-riesgo-de-sufrir-sindrome-de-fragilidad-en-la-poblacion\/\">Investigaci\u00f3n busca determinar el riesgo de sufrir S\u00edndrome de Fragilidad en la poblaci\u00f3n. Se refiere Marcelo Alarc\u00f3n e Iv\u00e1n Palomo, acad\u00e9micos de la Facultad de Ciencias de la Salud. \u00a0<\/a><\/p><p>\u00a0<\/p><p class=\"x_MsoNormal\"><strong>CANAL TVR\u00a0<\/strong><\/p><p class=\"x_MsoNormal\"><a href=\"https:\/\/www.litoralpress.cl\/sitio\/RadioTV_Detalles.cshtml?LPKey=T7T7W353N5ZLVIV7RCDW6Y2K4KI2KYAL7RMQZA6N4GBVKQCBRNW3MUKMYZV5TRYMSSHIGKGCPLURU\">Quinta dosis bivalente contra el Covid-19 se aplicar\u00e1 el \u00faltimo trimestre de este a\u00f1o. Se refiere Sergio Wehinger, director del Mag\u00edster en Ciencias Biom\u00e9dicas.\u00a0<\/a><\/p><p>\u00a0<\/p><p class=\"x_MsoNormal\"><strong>CANAL TVN RED MAULE\u00a0<\/strong><\/p><p class=\"x_MsoNormal\"><a href=\"https:\/\/www.litoralpress.cl\/sitio\/RadioTV_Detalles.cshtml?LPKey=2NVLOBEOZDMMS6ONJ6KDZC6EA76X7SSVDUWYSKI2DF75GHAA2EUG246PHC5U7FEDBHYUJMB7IIBNU\">Pelluhue: Plaga en frutillas genera declaraci\u00f3n de emergencia. Se refiere Roberto Jara, acad\u00e9mico de la Facultad de Ciencias Agrarias. \u00a0<\/a><\/p><p>\u00a0<\/p><p class=\"x_MsoNormal\"><strong>LA PRENSA\u00a0<\/strong><\/p><p class=\"x_MsoNormal\"><a href=\"https:\/\/www.litoralpress.cl\/sitio\/Prensa_PaginaCompleta.cshtml?LPKey=M2EKGAG5SHOYYCJRP3T3VFON4YDZ6BMROTFFE6YG6YCQRKIDNAHA\">Reconocido ge\u00f3grafo encabez\u00f3 concurrida exposici\u00f3n en Linares. Se refiere Paola Ram\u00edrez, directora de la Escuela de Pedagog\u00eda en Ciencias Naturales y Exactas.\u00a0<\/a><\/p><p>\u00a0<\/p><p class=\"x_MsoNormal\"><strong>ADPRENSA.CL\u00a0<\/strong><\/p><p class=\"x_MsoNormal\"><a href=\"https:\/\/www.adprensa.cl\/cronica\/concurrida-exposicion-de-marcelo-lagos-en-campus-linares-de-la-utalca\/\">Concurrida exposici\u00f3n de Marcelo Lagos en Campus Linares de la UTalca. Se refiere Paola Ram\u00edrez, directora de la Escuela de Pedagog\u00eda en Ciencias Naturales y Exactas.\u00a0<\/a><\/p><p>\u00a0<\/p><p class=\"x_MsoNormal\"><strong>DIARIOLAPRENSA.CL\u00a0<\/strong><\/p><p class=\"x_MsoNormal\"><a href=\"https:\/\/new.diariolaprensa.cl\/index.php\/2022\/08\/24\/reconocido-geografo-encabezo-concurrida-exposicion-en-linares\/\">Reconocido ge\u00f3grafo encabez\u00f3 concurrida exposici\u00f3n en Linares. Se refiere Paola Ram\u00edrez, directora de la Escuela de Pedagog\u00eda en Ciencias Naturales y Exactas.\u00a0<\/a><\/p><p>\u00a0<\/p><p class=\"x_MsoNormal\"><strong>CANAL TVN RED MAULE\u00a0<\/strong><\/p><p class=\"x_MsoNormal\"><a href=\"https:\/\/www.litoralpress.cl\/sitio\/RadioTV_Detalles.cshtml?LPKey=SQLAMVUYZJRSRRNK3B34Q4WP3HAORAXYU5QKII5H2BPUHLAVQ3X4NZHF6AY4BMKXWXHJXRIUCD2NM\">Maule: Madre rescat\u00f3 a hija que cay\u00f3 a c\u00e1mara de riego. Se refiere Armando Dur\u00e1n, director de la Escuela de Ingenier\u00eda Civil en Obras Civiles. \u00a0<\/a><\/p><p>\u00a0<\/p><p class=\"x_MsoNormal\"><strong>CANAL TVN RED AUSTRAL\u00a0<\/strong><\/p><p class=\"x_MsoNormal\"><a href=\"https:\/\/www.litoralpress.cl\/sitio\/RadioTV_Detalles.cshtml?LPKey=AMQKLPCHXWV64VS4T4A4Q7ZAXYJ66AYAQ5RQNTLHFB2OHVNR7RXMH2XPVU2UHUJ3ETMUUR36X7A52\">Sismo de 4,2 Richter se registr\u00f3 a 91 kil\u00f3metros al noroeste de Punta de Arenas. Se refiere Francisco Rivas, director de la Escuela de Ingenier\u00eda Civil de Minas. \u00a0<\/a><\/p><p>\u00a0<\/p><p class=\"x_MsoNormal\"><strong>DIARIO FINANCIERO\u00a0<\/strong><\/p><p class=\"x_MsoNormal\"><a href=\"https:\/\/www.litoralpress.cl\/paginaconsultas\/Servicios_NClipSitio\/Get_Imagen_Nota.aspx?LPKey=YWTOQGHFG7V65GB47J5SZ2O7QSWNBTZ6NTVIDJCSK5ZBQIQQAT53KRLFHS2JOTTUGPCYYAPRMFMKM\">D\u00f3lar cierra en $ 917: su mayor ca\u00edda desde que el Banco Central comenz\u00f3 la intervenci\u00f3n cambiaria. Se refiere Hern\u00e1n D\u00edaz, acad\u00e9mico de la Facultad de Econom\u00eda y Negocios (FEN).\u00a0<\/a><\/p><p>\u00a0<\/p><p class=\"x_MsoNormal\"><strong>RADIO BIO-B\u00cdO DE VALPARA\u00cdSO\u00a0<\/strong><\/p><p class=\"x_MsoNormal\"><a href=\"https:\/\/www.litoralpress.cl\/sitio\/RadioTV_Detalles.cshtml?LPKey=KZYA32HQCFO5WSFBJD3QABZRKCL3SXAQJXRGCNAJD35RNULCZQIDUOILVHURVQJ7KSSNHKO2GTGY4\">Entrevista a Juan Andr\u00e9s Riquelme, director del Mag\u00edster en Econom\u00eda.\u00a0<\/a><\/p><p>\u00a0<\/p><p class=\"x_MsoNormal\"><strong>MEDIABANCO.COM\u00a0<\/strong><\/p><p class=\"x_MsoNormal\"><a href=\"https:\/\/www.mediabanco.com\/investigacion-aborda-analisis-lexicografico-de-constitucion-y-nueva-propuesta\/\">Investigaci\u00f3n aborda an\u00e1lisis lexicogr\u00e1fico de Constituci\u00f3n y nueva propuesta. Se refiere Alejandro Cataldo, acad\u00e9mico de la Escuela de Ingenier\u00eda Inform\u00e1tica Empresarial.\u00a0<\/a><\/p><p>\u00a0<\/p><p class=\"x_MsoNormal\"><strong>G5NOTICIAS.CL\u00a0<\/strong><\/p><p class=\"x_MsoNormal\"><a href=\"https:\/\/g5noticias.cl\/2022\/08\/24\/investigacion-aborda-analisis-lexicografico-de-constitucion-y-nueva-propuesta\/\">Investigaci\u00f3n aborda an\u00e1lisis lexicogr\u00e1fico de Constituci\u00f3n y nueva propuesta. Se refiere Alejandro Cataldo, acad\u00e9mico de la Escuela de Ingenier\u00eda Inform\u00e1tica Empresarial.\u00a0<\/a><\/p><p>\u00a0<\/p><p class=\"x_MsoNormal\"><strong>INDH.CL\u00a0<\/strong><\/p><p class=\"x_MsoNormal\"><a href=\"https:\/\/www.indh.cl\/directora-s-del-indh-entrego-en-maule-carpetas-valech-de-diez-victimas-de-prision-politica-y-tortura-de-la-dictadura\/\">Directora (s) del INDH entreg\u00f3 en Maule carpetas Valech de diez v\u00edctimas de prisi\u00f3n pol\u00edtica y tortura de la dictadura. Se menciona a la UTalca.\u00a0<\/a><\/p><p>\u00a0<\/p><p class=\"x_MsoNormal\"><strong>RADIO INFINITA\u00a0<\/strong><\/p><p class=\"x_MsoNormal\"><a href=\"https:\/\/www.litoralpress.cl\/sitio\/RadioTV_Detalles.cshtml?LPKey=TGM332KNFEUQN7M2GH5KQRVE3JJ3LQ2SBPEPXH3TEXQNQRBPR24H7HDCJ2YN7HGZ33UBRUE5TNEPS\">Comentario de Mauricio Morales, director del Centro de An\u00e1lisis Pol\u00edtico (CAP).\u00a0<\/a><\/p><p>\u00a0<\/p><p class=\"x_MsoNormal\"><strong>EMOL.COM\u00a0<\/strong><\/p><p class=\"x_MsoNormal\"><a href=\"https:\/\/www.emol.com\/noticias\/Nacional\/2022\/08\/24\/1070724\/participacion-electoral-efectos-apruebo-rechazo.html\">Mayor participaci\u00f3n, pero no cualquier participaci\u00f3n: los factores que beneficiar\u00edan al Apruebo y Rechazo si votara m\u00e1s gente. Se refiere Mauricio Morales, director del Centro de An\u00e1lisis Pol\u00edtico (CAP).\u00a0<\/a><\/p><p>\u00a0<\/p><p class=\"x_MsoNormal\"><strong>SPANISH.CHINA.ORG.CN\u00a0<\/strong><\/p><p class=\"x_MsoNormal\"><a href=\"https:\/\/www.litoralpress.cl\/paginaconsultas\/Servicios_NClipSitio\/Get_Imagen_Pagina.aspx?LPKey=2MFAJNF5PRKB65A5BA6YKBDKAEDGXRESZTF2X2QSIRKLY6HCD5BA\">Chile celebra centenario de su primera transmisi\u00f3n radial, el medio m\u00e1s confiable en el pa\u00eds. Se refiere Sergio Torres, director de Radio Universidad de Talca.\u00a0<\/a><\/p><p>\u00a0<\/p><p class=\"x_MsoNormal\"><strong>SPANISH.XINHUANET.COM\u00a0<\/strong><\/p><p class=\"x_MsoNormal\"><a href=\"https:\/\/www.litoralpress.cl\/sitio\/Prensa_PaginaCompleta.cshtml?LPKey=6NRTIBN3ME3NLEEZNFUVGKZVMVZ5NIRAREJZZPZUETQKLCNDYSBA\">Chile celebra centenario de su primera transmisi\u00f3n radial, el medio m\u00e1s confiable en el pa\u00eds. Se refiere Sergio Torres, director de Radio Universidad de Talca.\u00a0<\/a><\/p>\t\t\t\t\t\t<\/div>\n\t\t\t\t<\/div>\n\t\t\t\t\t<\/div>\n\t\t<\/div>\n\t\t\t\t\t\t\t<\/div>\n\t\t<\/section>\n\t\t\t\t\t\t<\/div>\n\t\t\t\t\t<\/div>\n\t\t","protected":false},"excerpt":{"rendered":"<p>ELDESCONCIERTO.CL\u00a0 El compromiso de las universidades del Estado en equidad de g\u00e9nero. Columna de opini\u00f3n de Carlos Torres, rector de la Universidad de Talca.\u00a0 \u00a0 PUBLIMETRO\u00a0 40 horas laborales: Los efectos ser\u00edan positivos y no afectar\u00eda la productividad. Se refiere Rodrigo Palomo, decano de la Facultad de Ciencias Jur\u00eddicas y Sociales. \u00a0 \u00a0 EL MERCURIO\u00a0 &hellip;<\/p>\n<p class=\"read-more\"> <a class=\"\" href=\"https:\/\/www.reportedeprensa.utalca.cl\/?p=4795\"> <span class=\"screen-reader-text\">25 de agosto de 2022<\/span> Read More &raquo;<\/a><\/p>\n","protected":false},"author":1,"featured_media":0,"comment_status":"closed","ping_status":"open","sticky":false,"template":"","format":"standard","meta":{"_monsterinsights_skip_tracking":false,"_monsterinsights_sitenote_active":false,"_monsterinsights_sitenote_note":"","_monsterinsights_sitenote_category":0},"categories":[24],"tags":[],"_links":{"self":[{"href":"https:\/\/www.reportedeprensa.utalca.cl\/index.php?rest_route=\/wp\/v2\/posts\/4795"}],"collection":[{"href":"https:\/\/www.reportedeprensa.utalca.cl\/index.php?rest_route=\/wp\/v2\/posts"}],"about":[{"href":"https:\/\/www.reportedeprensa.utalca.cl\/index.php?rest_route=\/wp\/v2\/types\/post"}],"author":[{"embeddable":true,"href":"https:\/\/www.reportedeprensa.utalca.cl\/index.php?rest_route=\/wp\/v2\/users\/1"}],"replies":[{"embeddable":true,"href":"https:\/\/www.reportedeprensa.utalca.cl\/index.php?rest_route=%2Fwp%2Fv2%2Fcomments&post=4795"}],"version-history":[{"count":7,"href":"https:\/\/www.reportedeprensa.utalca.cl\/index.php?rest_route=\/wp\/v2\/posts\/4795\/revisions"}],"predecessor-version":[{"id":4809,"href":"https:\/\/www.reportedeprensa.utalca.cl\/index.php?rest_route=\/wp\/v2\/posts\/4795\/revisions\/4809"}],"wp:attachment":[{"href":"https:\/\/www.reportedeprensa.utalca.cl\/index.php?rest_route=%2Fwp%2Fv2%2Fmedia&parent=4795"}],"wp:term":[{"taxonomy":"category","embeddable":true,"href":"https:\/\/www.reportedeprensa.utalca.cl\/index.php?rest_route=%2Fwp%2Fv2%2Fcategories&post=4795"},{"taxonomy":"post_tag","embeddable":true,"href":"https:\/\/www.reportedeprensa.utalca.cl\/index.php?rest_route=%2Fwp%2Fv2%2Ftags&post=4795"}],"curies":[{"name":"wp","href":"https:\/\/api.w.org\/{rel}","templated":true}]}}