{"id":4817,"date":"2022-08-26T09:32:01","date_gmt":"2022-08-26T12:32:01","guid":{"rendered":"https:\/\/www.reportedeprensa.utalca.cl\/?p=4817"},"modified":"2022-08-26T09:38:08","modified_gmt":"2022-08-26T12:38:08","slug":"26-de-agosto-de-2022","status":"publish","type":"post","link":"https:\/\/www.reportedeprensa.utalca.cl\/?p=4817","title":{"rendered":"26 de agosto de 2022"},"content":{"rendered":"\t\t<div data-elementor-type=\"wp-post\" data-elementor-id=\"4817\" class=\"elementor elementor-4817\" data-elementor-settings=\"[]\">\n\t\t\t\t\t\t\t<div class=\"elementor-section-wrap\">\n\t\t\t\t\t\t\t<section class=\"elementor-section elementor-top-section elementor-element elementor-element-44052ab7 elementor-section-boxed elementor-section-height-default elementor-section-height-default\" data-id=\"44052ab7\" data-element_type=\"section\">\n\t\t\t\t\t\t<div class=\"elementor-container elementor-column-gap-default\">\n\t\t\t\t\t<div class=\"elementor-column elementor-col-100 elementor-top-column elementor-element elementor-element-5b002d83\" data-id=\"5b002d83\" data-element_type=\"column\">\n\t\t\t<div class=\"elementor-widget-wrap elementor-element-populated\">\n\t\t\t\t\t\t\t\t<div class=\"elementor-element elementor-element-477998b8 elementor-widget elementor-widget-text-editor\" data-id=\"477998b8\" data-element_type=\"widget\" data-widget_type=\"text-editor.default\">\n\t\t\t\t<div class=\"elementor-widget-container\">\n\t\t\t\t\t\t\t\t<p class=\"x_MsoNormal\"><strong>ELMOSTRADOR.CL\u00a0<\/strong><\/p><p class=\"x_MsoNormal\"><a href=\"https:\/\/www.elmostrador.cl\/agenda-pais\/2022\/08\/25\/mes-del-corazon-experta-llama-a-la-prevencion-de-enfermedades\/\">Mes del coraz\u00f3n: experta llama a la prevenci\u00f3n de enfermedades. Se refiere Macarena Said, acad\u00e9mica de la Facultad de Ciencias de la Salud.\u00a0<\/a><\/p><p class=\"x_MsoNormal\" aria-hidden=\"true\">\u00a0<\/p><p class=\"x_MsoNormal\"><strong>ADPRENSA.CL\u00a0<\/strong><\/p><p class=\"x_MsoNormal\"><a href=\"https:\/\/www.adprensa.cl\/cronica\/mes-del-corazon-experta-llama-a-la-prevencion-de-enfermedades\/\">Mes del coraz\u00f3n: Experta llama a la prevenci\u00f3n de enfermedades. Se refiere Macarena Said, acad\u00e9mica de la Facultad de Ciencias de la Salud.\u00a0<\/a><\/p><p class=\"x_MsoNormal\">\u00a0<\/p><p class=\"x_MsoNormal\"><strong>MEDIABANCO.COM\u00a0<\/strong><\/p><p class=\"x_MsoNormal\"><a href=\"https:\/\/www.mediabanco.com\/mes-del-corazon-experta-llama-a-la-prevencion-de-enfermedades\/\">Mes del coraz\u00f3n: Experta llama a la prevenci\u00f3n de enfermedades. Se refiere Macarena Said, acad\u00e9mica de la Facultad de Ciencias de la Salud.\u00a0<\/a><\/p><p class=\"x_MsoNormal\">\u00a0<\/p><p class=\"x_MsoNormal\"><strong>RADIO MAGALLANES\u00a0<\/strong><\/p><p class=\"x_MsoNormal\"><a href=\"https:\/\/www.litoralpress.cl\/sitio\/RadioTV_Detalles.cshtml?LPKey=UCQ7FIPZEIXEO6YP65WRDBZJYM5A5PH2636MBUJRGAUTW22FANLDDWB4DC667OI7553HYJLU5L2TK\">Entrevista a Macarena Said, acad\u00e9mica de la Facultad de Ciencias de la Salud. \u00a0<\/a><\/p><p class=\"x_MsoNormal\"><span class=\"x_MsoHyperlink\">\u00a0<\/span><\/p><p class=\"x_MsoNormal\"><strong><span class=\"x_MsoHyperlink\">ITVPATAGONIA.COM\u00a0<\/span><\/strong><\/p><p class=\"x_MsoNormal\"><a href=\"https:\/\/www.itvpatagonia.com\/salud\/mes-del-corazon-la-importancia-de-la-prevencion-y-la-vida-sana-para-evitar-enfermedades\/2022\/08\/25\/6307acbb949cfc000ab44322\"><span class=\"x_MsoHyperlink\">Mes del coraz\u00f3n: la importancia de la prevenci\u00f3n y la vida sana para evitar enfermedades. Se refiere Macarena Said, acad\u00e9mica de la Facultad de Ciencias de la Salud.<\/span><span class=\"x_MsoHyperlink\">\u00a0<\/span><\/a><\/p><p class=\"x_MsoNormal\" aria-hidden=\"true\">\u00a0<\/p><p class=\"x_MsoNormal\"><strong>EMOL.COM\u00a0<\/strong><\/p><p class=\"x_MsoNormal\"><a href=\"https:\/\/www.emol.com\/noticias\/Economia\/2022\/08\/26\/1070973\/expertos-productividad-40-horas.html\">&#8220;Ah\u00ed se juega todo&#8221;: Economistas abordan las mejoras en productividad para hacer viable proyecto de &#8220;40 horas&#8221;. Se refiere Rodrigo Palomo, decano de la Facultad de Ciencias Jur\u00eddicas y Sociales. \u00a0<\/a><\/p><p class=\"x_MsoNormal\" aria-hidden=\"true\">\u00a0<\/p><p class=\"x_MsoNormal\"><strong>NOVACIENCIA.ES\u00a0<\/strong><\/p><p class=\"x_MsoNormal\"><a href=\"https:\/\/www.litoralpress.cl\/sitio\/Prensa_PaginaCompleta.cshtml?LPKey=6PSYLHZ2CH4HEVJAHRNP3HJ357QTIGJN6XQ3P3UJQJLCVL3HPVLA\">El crecimiento de la poblaci\u00f3n mundial podr\u00eda llevar a una crisis sin precedentes. Se refiere Jos\u00e9 D\u00edaz, acad\u00e9mico de la Facultad de Ciencias Agrarias. \u00a0<\/a><\/p><p class=\"x_MsoNormal\" aria-hidden=\"true\">\u00a0<\/p><p class=\"x_MsoNormal\"><strong>EL LECTOR\u00a0<\/strong><\/p><p class=\"x_MsoNormal\"><a href=\"https:\/\/www.litoralpress.cl\/paginaconsultas\/Servicios_NClipSitio\/Get_Imagen_Nota.aspx?LPKey=3MV74BT3NKMLMIAOEQHPHXOHCJQBBBQ5OGS3JNRV2MJ2KUU5VTZQASE4CKWTNRL2XSCKEA2PTEYES\">Concurrida exposici\u00f3n de Marcelo Lagos en Campus Linares de la UTalca. Se refiere Paola Ram\u00edrez, directora de la Escuela de Pedagog\u00eda en Ciencias Naturales y Exactas.\u00a0<\/a><\/p><p class=\"x_MsoNormal\">\u00a0<\/p><p class=\"x_MsoNormal\"><strong>EXPLORA.CL\u00a0<\/strong><\/p><p class=\"x_MsoNormal\"><a href=\"https:\/\/www.explora.cl\/maule\/curso-enseno-a-cientificos-a-comunicar-y-divulgar-su-trabajo-a-la-comunidad\/\">Curso ense\u00f1\u00f3 a cient\u00edficos a comunicar y divulgar su trabajo a la comunidad. Se refiere Cristian Vilos, acad\u00e9mico de la Escuela de Medicina. \u00a0<\/a><\/p><p class=\"x_MsoNormal\">\u00a0<\/p><p class=\"x_MsoNormal\"><strong>ELCIUDADANO.COM\u00a0<\/strong><\/p><p class=\"x_MsoNormal\"><a href=\"https:\/\/www.elciudadano.com\/actualidad\/diez-victimas-de-prision-politica-y-tortura-de-la-dictadura-en-el-maule-reciben-carpeta-valech\/08\/25\/\">Diez v\u00edctimas de prisi\u00f3n pol\u00edtica y tortura de la dictadura en el Maule reciben carpeta Valech. Se menciona a la Universidad de Talca. \u00a0<\/a><\/p><p class=\"x_MsoNormal\">\u00a0<\/p><p class=\"x_MsoNormal\"><strong>DIARIOTALCA.CL\u00a0<\/strong><\/p><p class=\"x_MsoNormal\"><a href=\"https:\/\/diariotalca.cl\/junta-de-adelanto-del-maule-culmino-ciclo-de-dialogos-constitucionales\/\">Junta de Adelanto del Maule culmin\u00f3 ciclo de di\u00e1logos constitucionales. Se refiere Jorge Navarrete, acad\u00e9mico de la Facultad de Econom\u00eda y Negocios (FEN).\u00a0<\/a><\/p><p class=\"x_MsoNormal\">\u00a0<\/p><p class=\"x_MsoNormal\"><strong>EL MERCURIO\u00a0<\/strong><\/p><p class=\"x_MsoNormal\"><a href=\"https:\/\/www.litoralpress.cl\/paginaconsultas\/Servicios_NClipSitio\/Get_Imagen_Nota.aspx?LPKey=K6Q37Z3S5KKCMZZGNEILJ3Q6KDI5MODLELXUWGT5T4XL6MM234VH7WUGURZBHSJIEUFJONNQU44QI\">Analistas abordan versi\u00f3n oficialista de \u201cempate t\u00e9cnico\u201d en \u00faltimas semanas previas al plebiscito. Se refiere Mauricio Morales, director del Centro de An\u00e1lisis Pol\u00edtico (CAP).\u00a0<\/a><\/p><p class=\"x_MsoNormal\">\u00a0<\/p><p class=\"x_MsoNormal\"><strong>LA TERCERA\u00a0<\/strong><\/p><p class=\"x_MsoNormal\"><a href=\"https:\/\/www.litoralpress.cl\/sitio\/Prensa_PaginaCompleta.cshtml?LPKey=P2JDBUKTK4WUDAEYWY7LGBBLN374T7H7OHTGUHJ3IVAPHJYGWXYA\">Listas nacionales y cerradas: la f\u00f3rmula que empuja la UDI y que gana terreno entre los partidos si gana el Rechazo. Se refiere Mauricio Morales, director del Centro de An\u00e1lisis Pol\u00edtico (CAP).\u00a0<\/a><\/p><p class=\"x_MsoNormal\">\u00a0<\/p><p class=\"x_MsoNormal\"><strong>LAS \u00daLTIMAS NOTICIAS\u00a0<\/strong><\/p><p class=\"x_MsoNormal\"><a href=\"https:\/\/www.litoralpress.cl\/sitio\/Prensa_PaginaCompleta.cshtml?LPKey=ZEVKAJLEZPBYNQFQZ33NHPASCLK4BQ5VQVN7YPOJ4UDHHMOJQTAQ\">\u201cLos hechos que hemos conocido hacen que corresponda hacer valer la responsabilidad pol\u00edtica de la ministra\u201d. Se refiere Mauricio Morales, director del Centro de An\u00e1lisis Pol\u00edtico (CAP).\u00a0<\/a><\/p><p class=\"x_MsoNormal\">\u00a0<\/p><p class=\"x_MsoNormal\"><strong>RADIO INFINITA\u00a0<\/strong><\/p><p class=\"x_MsoNormal\"><a href=\"https:\/\/www.litoralpress.cl\/sitio\/RadioTV_Detalles.cshtml?LPKey=4IKW4ZZK5FBAM2PE2ZOEV73FKW737NHOT6LYAOOUXYSPPHVEX2HHZD4MKVDCK3FYO7RFLJ5XFKKL6\">Comentario de Mauricio Morales, director del Centro de An\u00e1lisis Pol\u00edtico (CAP).\u00a0<\/a><\/p><p class=\"x_MsoNormal\">\u00a0<\/p><p class=\"x_MsoNormal\"><strong>LATERCERA.COM\u00a0<\/strong><\/p><p class=\"x_MsoNormal\"><a href=\"https:\/\/www.latercera.com\/politica\/noticia\/listas-nacionales-y-cerradas-la-formula-que-empuja-la-udi-y-que-gana-terreno-entre-partidos-si-gana-el-rechazo\/DQZDXSHFZRAO7D2W4FZXHHR46I\/\">Listas nacionales y cerradas: la f\u00f3rmula que empuja la UDI y que gana terreno entre partidos si gana el Rechazo. Se refiere Mauricio Morales, director del Centro de An\u00e1lisis Pol\u00edtico (CAP). \u00a0<\/a><\/p><p class=\"x_MsoNormal\">\u00a0<\/p><p class=\"x_MsoNormal\"><strong>EMOL.COM\u00a0<\/strong><\/p><p class=\"x_MsoNormal\"><a href=\"https:\/\/www.emol.com\/noticias\/Nacional\/2022\/08\/25\/1070856\/presidente-boric-campana-apruebo-analisis.html\">M\u00e1s rechazo que el Rechazo: El momento de Boric y sus cartas para atraer a los desencantados de su Gobierno al Apruebo. Se refiere Mauricio Morales, director del Centro de An\u00e1lisis Pol\u00edtico (CAP).\u00a0<\/a><\/p><p class=\"x_MsoNormal\">\u00a0<\/p><p class=\"x_MsoNormal\"><strong>24HORAS.CL\u00a0<\/strong><\/p><p class=\"x_MsoNormal\"><a href=\"https:\/\/www.24horas.cl\/proceso-constituyente\/fact-checking\/frase-verificada-nueva-constitucion-mas.-hospitales\">Frase verificada: &#8220;Un Sistema Nacional de Salud integrado por prestadores p\u00fablicos y privados (&#8230;) Con estos recursos tendremos m\u00e1s hospitales y centros de atenci\u00f3n primaria\u201d. Se refiere Mario Herrera, acad\u00e9mico del Centro de An\u00e1lisis Pol\u00edtico (CAP).\u00a0<\/a><\/p><p class=\"x_MsoNormal\">\u00a0<\/p><p class=\"x_MsoNormal\"><strong>ELDESCONCIERTO.CL\u00a0<\/strong><\/p><p class=\"x_MsoNormal\"><a href=\"https:\/\/www.eldesconcierto.cl\/reportajes\/2022\/08\/25\/esquirlas-del-caso-llaitul-un-examen-al-primer-gran-golpe-en-el-gobierno-de-boric.html\">Esquirlas del caso Llaitul: Un examen al primer gran golpe en el Gobierno de Boric. Se refiere Mauricio Morales, director del Centro de An\u00e1lisis Pol\u00edtico (CAP).\u00a0<\/a><\/p><p class=\"x_MsoNormal\">\u00a0<\/p>\t\t\t\t\t\t<\/div>\n\t\t\t\t<\/div>\n\t\t\t\t\t<\/div>\n\t\t<\/div>\n\t\t\t\t\t\t\t<\/div>\n\t\t<\/section>\n\t\t\t\t\t\t<\/div>\n\t\t\t\t\t<\/div>\n\t\t","protected":false},"excerpt":{"rendered":"<p>ELMOSTRADOR.CL\u00a0 Mes del coraz\u00f3n: experta llama a la prevenci\u00f3n de enfermedades. Se refiere Macarena Said, acad\u00e9mica de la Facultad de Ciencias de la Salud.\u00a0 \u00a0 ADPRENSA.CL\u00a0 Mes del coraz\u00f3n: Experta llama a la prevenci\u00f3n de enfermedades. Se refiere Macarena Said, acad\u00e9mica de la Facultad de Ciencias de la Salud.\u00a0 \u00a0 MEDIABANCO.COM\u00a0 Mes del coraz\u00f3n: Experta &hellip;<\/p>\n<p class=\"read-more\"> <a class=\"\" href=\"https:\/\/www.reportedeprensa.utalca.cl\/?p=4817\"> <span class=\"screen-reader-text\">26 de agosto de 2022<\/span> Read More &raquo;<\/a><\/p>\n","protected":false},"author":1,"featured_media":0,"comment_status":"closed","ping_status":"open","sticky":false,"template":"","format":"standard","meta":{"_monsterinsights_skip_tracking":false,"_monsterinsights_sitenote_active":false,"_monsterinsights_sitenote_note":"","_monsterinsights_sitenote_category":0},"categories":[24],"tags":[],"_links":{"self":[{"href":"https:\/\/www.reportedeprensa.utalca.cl\/index.php?rest_route=\/wp\/v2\/posts\/4817"}],"collection":[{"href":"https:\/\/www.reportedeprensa.utalca.cl\/index.php?rest_route=\/wp\/v2\/posts"}],"about":[{"href":"https:\/\/www.reportedeprensa.utalca.cl\/index.php?rest_route=\/wp\/v2\/types\/post"}],"author":[{"embeddable":true,"href":"https:\/\/www.reportedeprensa.utalca.cl\/index.php?rest_route=\/wp\/v2\/users\/1"}],"replies":[{"embeddable":true,"href":"https:\/\/www.reportedeprensa.utalca.cl\/index.php?rest_route=%2Fwp%2Fv2%2Fcomments&post=4817"}],"version-history":[{"count":4,"href":"https:\/\/www.reportedeprensa.utalca.cl\/index.php?rest_route=\/wp\/v2\/posts\/4817\/revisions"}],"predecessor-version":[{"id":4821,"href":"https:\/\/www.reportedeprensa.utalca.cl\/index.php?rest_route=\/wp\/v2\/posts\/4817\/revisions\/4821"}],"wp:attachment":[{"href":"https:\/\/www.reportedeprensa.utalca.cl\/index.php?rest_route=%2Fwp%2Fv2%2Fmedia&parent=4817"}],"wp:term":[{"taxonomy":"category","embeddable":true,"href":"https:\/\/www.reportedeprensa.utalca.cl\/index.php?rest_route=%2Fwp%2Fv2%2Fcategories&post=4817"},{"taxonomy":"post_tag","embeddable":true,"href":"https:\/\/www.reportedeprensa.utalca.cl\/index.php?rest_route=%2Fwp%2Fv2%2Ftags&post=4817"}],"curies":[{"name":"wp","href":"https:\/\/api.w.org\/{rel}","templated":true}]}}