{"id":4829,"date":"2022-08-29T09:56:48","date_gmt":"2022-08-29T12:56:48","guid":{"rendered":"https:\/\/www.reportedeprensa.utalca.cl\/?p=4829"},"modified":"2022-08-29T10:02:33","modified_gmt":"2022-08-29T13:02:33","slug":"29-de-agosto-de-2022","status":"publish","type":"post","link":"https:\/\/www.reportedeprensa.utalca.cl\/?p=4829","title":{"rendered":"29 de agosto de 2022"},"content":{"rendered":"\t\t<div data-elementor-type=\"wp-post\" data-elementor-id=\"4829\" class=\"elementor elementor-4829\" data-elementor-settings=\"[]\">\n\t\t\t\t\t\t\t<div class=\"elementor-section-wrap\">\n\t\t\t\t\t\t\t<section class=\"elementor-section elementor-top-section elementor-element elementor-element-44052ab7 elementor-section-boxed elementor-section-height-default elementor-section-height-default\" data-id=\"44052ab7\" data-element_type=\"section\">\n\t\t\t\t\t\t<div class=\"elementor-container elementor-column-gap-default\">\n\t\t\t\t\t<div class=\"elementor-column elementor-col-100 elementor-top-column elementor-element elementor-element-5b002d83\" data-id=\"5b002d83\" data-element_type=\"column\">\n\t\t\t<div class=\"elementor-widget-wrap elementor-element-populated\">\n\t\t\t\t\t\t\t\t<div class=\"elementor-element elementor-element-477998b8 elementor-widget elementor-widget-text-editor\" data-id=\"477998b8\" data-element_type=\"widget\" data-widget_type=\"text-editor.default\">\n\t\t\t\t<div class=\"elementor-widget-container\">\n\t\t\t\t\t\t\t\t<p class=\"x_MsoNormal\"><strong>CANAL TVR\u00a0<\/strong><\/p><p class=\"x_MsoNormal\"><a href=\"https:\/\/www.litoralpress.cl\/sitio\/RadioTV_Detalles.cshtml?LPKey=ZF7GIPICYIWBFGSHH24ER7VD6TGGFPIK6CIESVVXAEAAAWNQISVIC2GT5WP7SS5H6JCCAFDQWTIAS\">U. de Talca desarrolla proyecto por la paridad. Se refieren Carlos Torres, rector de la UTalca y Karin Saavedra, directora General de Vinculaci\u00f3n con el Medio.\u00a0<\/a><\/p><p class=\"x_MsoNormal\">\u00a0<\/p><p class=\"x_MsoNormal\"><strong>MEDIABANCO.COM\u00a0<\/strong><\/p><p class=\"x_MsoNormal\"><a href=\"https:\/\/www.mediabanco.com\/comunidades-educativas-se-reunieron-para-hablar-sobre-convivencia-escolar\/\">Comunidades educativas se reunieron para hablar sobre convivencia escolar. Se refiere Carolina Iturra, decana de la Facultad de Ciencias de la Educaci\u00f3n.\u00a0<\/a><\/p><p class=\"x_MsoNormal\">\u00a0<\/p><p class=\"x_MsoNormal\"><strong>OEI.INT\u00a0<\/strong><\/p><p class=\"x_MsoNormal\"><a href=\"https:\/\/oei.int\/oficinas\/chile\/noticias\/comunidades-educativas-hablan-sobre-convivencia-escolar\">Comunidades educativas se re\u00fanen para hablar sobre convivencia escolar. Se refiere Carolina Iturra, decana de la Facultad de Ciencias de la Educaci\u00f3n. \u00a0<\/a><\/p><p class=\"x_MsoNormal\">\u00a0<\/p><p class=\"x_MsoNormal\"><strong>CANAL TV UCHILE\u00a0<\/strong><\/p><p class=\"x_MsoNormal\"><a href=\"https:\/\/www.litoralpress.cl\/sitio\/RadioTV_Detalles.cshtml?LPKey=OXCKG3QQ7E3GVI7EVWVGVRHHTRDFOOPJBJODVIDOHTXKFAL5NHVIBF5A4LES4EJPDHKB3DYOWKIVK\">Entrevista a Cristian Vilos, acad\u00e9mico de la Escuela de Medicina y director del Centro de Nanomedicina, Diagn\u00f3stico y Desarrollo de F\u00e1rmacos.\u00a0<\/a><\/p><p class=\"x_MsoNormal\">\u00a0<\/p><p class=\"x_MsoNormal\"><strong>RADIO COOPERATIVA\u00a0<\/strong><\/p><p class=\"x_MsoNormal\"><a href=\"https:\/\/www.litoralpress.cl\/sitio\/RadioTV_Detalles.cshtml?LPKey=C25DWNVGN5LVAB46LMBDTTNVJKRH3NL3IKHWC5OYRQ3ICW7G56LHXX475E2BJH62PT5R3BAF344TU\">Minsal report\u00f3 m\u00e1s de 6 mil casos Covid registrando una baja en las cifras por segunda semana consecutiva. Se refiere \u00c9rika Retamal, directora del Departamento de Salud P\u00fablica.\u00a0<\/a><\/p><p class=\"x_MsoNormal\">\u00a0<\/p><p class=\"x_MsoNormal\"><strong>EMOL.COM\u00a0<\/strong><\/p><p class=\"x_MsoNormal\"><a href=\"https:\/\/www.emol.com\/noticias\/Nacional\/2022\/08\/27\/1071103\/mascarillas-escolares-ventilacion-salas-minsal.html\">\u00bfEs momento de eliminar las mascarillas en las salas?: La postura del Minsal y la opini\u00f3n de expertos ante el debate. Se refiere \u00c9rika Retamal, directora del Departamento de Salud P\u00fablica.\u00a0<\/a><\/p><p class=\"x_MsoNormal\">\u00a0<\/p><p class=\"x_MsoNormal\"><strong>CANAL CONTIVISI\u00d3N\u00a0<\/strong><\/p><p class=\"x_MsoNormal\"><a href=\"https:\/\/www.litoralpress.cl\/sitio\/RadioTV_Detalles.cshtml?LPKey=M7WLPJDOBSVPTYB2WHDAKUMYLKTQJW4RUTAZCTSQDFVTCW3HGCUZJVQADZNCOVX7XJRWT6SQSM5LO\">\u00bfQu\u00e9 tan efectiva ser\u00eda aplicaci\u00f3n de una quinta dosis de la vacuna contra el Covid-19? Se refiere Sergio Wehinger, director del Mag\u00edster en Ciencias Biom\u00e9dicas. \u00a0<\/a><\/p><p class=\"x_MsoNormal\">\u00a0<\/p><p class=\"x_MsoNormal\"><strong>RADIO LAUTARO\u00a0<\/strong><\/p><p class=\"x_MsoNormal\"><a href=\"https:\/\/www.litoralpress.cl\/sitio\/RadioTV_Detalles.cshtml?LPKey=7ISMDVAGVYVQERVRL22JSYWWER7ZF73OCHOVHHXPMYC7G4R72DAYSC6YM3HAA7JIV4JKFWOVAL24I\">Entrevista a Marcelo Alarc\u00f3n, acad\u00e9mico de la Facultad de Ciencias de la Salud.\u00a0<\/a><\/p><p class=\"x_MsoNormal\">\u00a0<\/p><p class=\"x_MsoNormal\"><strong>MEDIABANCO.COM\u00a0<\/strong><\/p><p class=\"x_MsoNormal\"><a href=\"https:\/\/www.mediabanco.com\/clinica-de-kinesiologia-de-la-utalca-apoyara-y-capacitara-a-educadoras-de-junji\/\">Cl\u00ednica de Kinesiolog\u00eda de la UTalca apoyar\u00e1 y capacitar\u00e1 a educadoras de JUNJI. Se refiere Andrea Leiton, acad\u00e9mica de la Facultad de Ciencias de la Salud.\u00a0<\/a><\/p><p class=\"x_MsoNormal\">\u00a0<\/p><p class=\"x_MsoNormal\"><strong>LA PRENSA\u00a0<\/strong><\/p><p class=\"x_MsoNormal\"><a href=\"https:\/\/www.litoralpress.cl\/paginaconsultas\/Servicios_NClipSitio\/Get_Imagen_Nota.aspx?LPKey=DXZKM432P75WDBWDQEEBH2VTZC6HYU7QB4LSD4WY6AKUP3YH4Q4CSBVYD5CTQ2V4JTBTX35G726SM\">Mes del coraz\u00f3n: Experta llama a la prevenci\u00f3n de enfermedades. Se refiere Macarena Said, acad\u00e9mica del Departamento de Salud P\u00fablica.\u00a0<\/a><\/p><p class=\"x_MsoNormal\">\u00a0<\/p><p class=\"x_MsoNormal\"><strong>EL LECTOR\u00a0<\/strong><\/p><p class=\"x_MsoNormal\"><a href=\"https:\/\/www.litoralpress.cl\/paginaconsultas\/Servicios_NClipSitio\/Get_Imagen_Nota.aspx?LPKey=W66FS5NMH6J3T3AH4MJXC2MENH5UVFGWJVHYUDCOH5KCAW7OSS6XG5E4XXVG645AET3RUV6JQZWIO\">Mes del coraz\u00f3n: Experta llama a la prevenci\u00f3n de enfermedades. Se refiere Macarena Said, acad\u00e9mica del Departamento de Salud P\u00fablica.\u00a0<\/a><\/p><p class=\"x_MsoNormal\" aria-hidden=\"true\">\u00a0<\/p><p class=\"x_MsoNormal\"><strong>DIARIOTALCA.CL\u00a0<\/strong><\/p><p class=\"x_MsoNormal\"><a href=\"https:\/\/diariotalca.cl\/mes-del-corazon-experta-de-utalca-llama-a-la-prevencion-de-enfermedades\/\">Mes del coraz\u00f3n: Experta llama a la prevenci\u00f3n de enfermedades. Se refiere Macarena Said, acad\u00e9mica del Departamento de Salud P\u00fablica.\u00a0<\/a><\/p><p class=\"x_MsoNormal\" aria-hidden=\"true\">\u00a0<\/p><p class=\"x_MsoNormal\"><strong>G5NOTICIAS.CL\u00a0<\/strong><\/p><p class=\"x_MsoNormal\"><a href=\"https:\/\/g5noticias.cl\/2022\/08\/27\/mes-del-corazon-experta-llama-a-la-prevencion-de-enfermedades\/\">Mes del coraz\u00f3n: Experta llama a la prevenci\u00f3n de enfermedades. Se refiere Macarena Said, acad\u00e9mica del Departamento de Salud P\u00fablica.\u00a0<\/a><\/p><p class=\"x_MsoNormal\" aria-hidden=\"true\">\u00a0<\/p><p class=\"x_MsoNormal\"><strong>RADIO COOPERATIVA\u00a0<\/strong><\/p><p class=\"x_MsoNormal\"><a href=\"https:\/\/www.litoralpress.cl\/sitio\/RadioTV_Detalles.cshtml?LPKey=A4RS2KUZCQUUGK5RGVZFR7EGX36FPQCB6H5E6ZKBTV74H4EQ2UUZF2H6WVOPVZPPKCYYKG7WRYJLM\">Colegio de Profesores se reunir\u00e1 con Mineduc por eliminaci\u00f3n de puntajes nacionales en PAES. Se refiere Mauricio Veliz, director de la Escuela de Pedagog\u00eda en Ingl\u00e9s. \u00a0<\/a><\/p><p class=\"x_MsoNormal\">\u00a0<\/p><p class=\"x_MsoNormal\"><strong>DCONSTRUCCION.CL\u00a0<\/strong><\/p><p class=\"x_MsoNormal\"><a href=\"http:\/\/www.dconstruccion.cl\/?p=39292\">\u00abAh\u00ed se juega todo\u00bb: Economistas abordan las mejoras en productividad para hacer viable proyecto de 40 horas. Se refiere Rodrigo Palomo, decano de la Facultad de Ciencias Jur\u00eddicas y Sociales. \u00a0<\/a><\/p><p class=\"x_MsoNormal\">\u00a0<\/p><p class=\"x_MsoNormal\"><strong>ELMOSTRADOR.CL\u00a0<\/strong><\/p><p class=\"x_MsoNormal\"><a href=\"https:\/\/www.elmostrador.cl\/noticias\/opinion\/2022\/08\/25\/corte-suprema-sorprende-con-sentencia-sobre-alza-anual-de-planes-de-salud-de-afiliados-a-isapres\/\">Corte Suprema sorprende con sentencia sobre alza anual de planes de salud de afiliados a Isapres. Columna de opini\u00f3n de Diego Palomo, acad\u00e9mico de la Facultad de Ciencias Jur\u00eddicas y Sociales. \u00a0<\/a><\/p><p class=\"x_MsoNormal\">\u00a0<\/p><p class=\"x_MsoNormal\"><strong>ELCENTRO.CL\u00a0<\/strong><\/p><p class=\"x_MsoNormal\"><a href=\"https:\/\/elcentro.cl\/2022\/08\/26\/sobre-los-masc-y-la-propuesta-de-nueva-constitucion\/\">Sobre los MASC y la propuesta de nueva Constituci\u00f3n. Se refiere Diego Palomo, acad\u00e9mico de la Facultad de Ciencias Jur\u00eddicas y Sociales. \u00a0<\/a><\/p><p class=\"x_MsoNormal\">\u00a0<\/p><p class=\"x_MsoNormal\"><strong>CANAL CONTIVISI\u00d3N\u00a0<\/strong><\/p><p class=\"x_MsoNormal\"><a href=\"https:\/\/www.litoralpress.cl\/sitio\/RadioTV_Detalles.cshtml?LPKey=HSU2N2D3YQ7MAWOQBPOPZK5F2AYZZHJP4P3XIPWZOQPWNY6EB5XC7W67BLFPJSYPWQTGR3J6QGPX6\">Mesa de Trabajo de Incendios Forestales planifica compleja temporada que se vivir\u00eda en el Maule. Se refiere Patricio Gonz\u00e1lez, acad\u00e9mico del Centro de Investigaci\u00f3n y Transferencia en Riego y Agroclimatolog\u00eda (CITRA).\u00a0<\/a><\/p><p class=\"x_MsoNormal\">\u00a0<\/p><p class=\"x_MsoNormal\"><strong>REVISTA EN CONCRETO\u00a0<\/strong><\/p><p class=\"x_MsoNormal\"><a href=\"https:\/\/www.litoralpress.cl\/sitio\/Prensa_PaginaCompleta.cshtml?LPKey=6VJ2HMTOBFGMDCFKXYB64JCGGERMIJFJSQ7N4UOBRDZUZ3MXV7SQ\">Crisis H\u00eddrica: Medidas extremas. Se refiere Patricio Gonz\u00e1lez, acad\u00e9mico del Centro de Investigaci\u00f3n y Transferencia en Riego y Agroclimatolog\u00eda (CITRA).\u00a0<\/a><\/p><p class=\"x_MsoNormal\">\u00a0<\/p><p class=\"x_MsoNormal\"><strong>REDMAULE.COM\u00a0<\/strong><\/p><p class=\"x_MsoNormal\"><a href=\"https:\/\/www.redmaule.com\/regional\/san-javier-celebro-dia-del-vino-con-reconocimiento-al-vino-asoleado\">San Javier celebr\u00f3 D\u00eda del Vino con reconocimiento al vino asoleado. Se refiere Jorge Cartes, director de la Escuela de Dise\u00f1o. \u00a0<\/a><\/p><p class=\"x_MsoNormal\">\u00a0<\/p><p class=\"x_MsoNormal\"><strong>EL HERALDO\u00a0<\/strong><\/p><p class=\"x_MsoNormal\"><a href=\"https:\/\/www.litoralpress.cl\/paginaconsultas\/Servicios_NClipSitio\/Get_Imagen_Nota.aspx?LPKey=KDXYXBE7IF7XCJOPOUFX7UGTSIWA2ICTVL6AR5JPESS77ZPLB6UL6HHINYEAOMOOUBWFVJD4U3XJS\">En el Maule: Curso ense\u00f1\u00f3 a cient\u00edficos a comunicar y divulgar su trabajo a la comunidad. Se refieren Karin Saavedra, directora General de Vinculaci\u00f3n con el Medio y Cristian Vilos, acad\u00e9mico de la Escuela de Medicina. \u00a0<\/a><\/p><p class=\"x_MsoNormal\">\u00a0<\/p><p class=\"x_MsoNormal\"><strong>CANAL CONTIVISI\u00d3N\u00a0<\/strong><\/p><p class=\"x_MsoNormal\"><a href=\"https:\/\/www.litoralpress.cl\/sitio\/RadioTV_Detalles.cshtml?LPKey=LKDXH4EYBRF5TG62X3PWLTRRUNST35MZTRSKTLWILIYVYWVR5IROEIUAV6B7DYQFTS5Z37INB2TZG\">Destacado ge\u00f3grafo Marcelo Lagos expuso ante estudiantes en la sede Linares de la U. de Talca. Se refiere Paola Ram\u00edrez, directora de la Escuela de Pedagog\u00eda en Ciencias Naturales y Exactas.\u00a0<\/a><\/p><p class=\"x_MsoNormal\">\u00a0<\/p><p class=\"x_MsoNormal\"><strong>LA PRENSA\u00a0<\/strong><\/p><p class=\"x_MsoNormal\"><a href=\"https:\/\/www.litoralpress.cl\/paginaconsultas\/Servicios_NClipSitio\/Get_Imagen_Nota.aspx?LPKey=LI6DGJUF325XQ3VSJ3YGKR4JCS67NN4MOW63SXNSEIQVYHTKCI6XOQ33SA3IAZWILOIOCNZGTEQ34\">Fiestas Patrias: \u00bfQu\u00e9 hacer para no sobreendeudarnos? Se refieren Rodrigo Saens y Juan Andr\u00e9s Riquelme, acad\u00e9micos de la Facultad de Econom\u00eda y Negocios (FEN).\u00a0<\/a><\/p><p class=\"x_MsoNormal\">\u00a0<\/p><p class=\"x_MsoNormal\"><strong>ADPRENSA.CL\u00a0<\/strong><\/p><p class=\"x_MsoNormal\"><a href=\"https:\/\/www.adprensa.cl\/actividades-academicas\/fiestas-patrias-que-hacer-para-no-sobreendeudarnos\/\">Fiestas Patrias: \u00bfQu\u00e9 hacer para no sobreendeudarnos? Se refieren Rodrigo Saens y Juan Andr\u00e9s Riquelme, acad\u00e9micos de la Facultad de Econom\u00eda y Negocios (FEN).\u00a0<\/a><\/p><p class=\"x_MsoNormal\">\u00a0<\/p><p class=\"x_MsoNormal\"><strong>MEDIABANCO.COM\u00a0<\/strong><\/p><p class=\"x_MsoNormal\"><a href=\"https:\/\/www.mediabanco.com\/fiestas-patrias-que-hacer-para-no-sobreendeudarnos\/\">Fiestas Patrias: \u00bfQu\u00e9 hacer para no sobreendeudarnos? Se refieren Rodrigo Saens y Juan Andr\u00e9s Riquelme, acad\u00e9micos de la Facultad de Econom\u00eda y Negocios (FEN).\u00a0<\/a><\/p><p class=\"x_MsoNormal\" aria-hidden=\"true\">\u00a0<\/p><p class=\"x_MsoNormal\"><strong>CANAL CONTIVISI\u00d3N\u00a0<\/strong><\/p><p class=\"x_MsoNormal\"><a href=\"https:\/\/www.litoralpress.cl\/sitio\/RadioTV_Detalles.cshtml?LPKey=CIXJ35FGDK2KVP53C4WSOBOUNAXNAMPCOW7OJY7E5OVAMW6T2MC2NC2KRJWBRID7YXFYXL4UYVP26\">Economistas llaman a moderar los gastos durante Fiestas Patrias. Se refiere Rodrigo Saens, acad\u00e9mico de la Facultad de Econom\u00eda y Negocios (FEN).\u00a0<\/a><\/p><p class=\"x_MsoNormal\" aria-hidden=\"true\">\u00a0<\/p><p class=\"x_MsoNormal\"><strong>DIARIOTALCA.CL\u00a0<\/strong><\/p><p class=\"x_MsoNormal\"><a href=\"https:\/\/diariotalca.cl\/que-hacer-para-no-sobeendeudarse-en-fiestas-patrias-aqui-cinco-consejos\/\">\u00bfQu\u00e9 hacer para no sobreendeudarse en Fiestas Patrias? Aqu\u00ed cinco consejos. Se refieren Rodrigo Saens y Juan Andr\u00e9s Riquelme, acad\u00e9micos de la Facultad de Econom\u00eda y Negocios (FEN).\u00a0<\/a><\/p><p class=\"x_MsoNormal\" aria-hidden=\"true\">\u00a0<\/p><p class=\"x_MsoNormal\"><strong>DIARIOLAPRENSA.CL\u00a0<\/strong><\/p><p class=\"x_MsoNormal\"><a href=\"https:\/\/new.diariolaprensa.cl\/index.php\/2022\/08\/28\/fiestas-patrias-que-hacer-para-no-sobreendeudarnos\/\">Fiestas Patrias: \u00bfQu\u00e9 hacer para no sobreendeudarnos? Se refieren Rodrigo Saens y Juan Andr\u00e9s Riquelme, acad\u00e9micos de la Facultad de Econom\u00eda y Negocios (FEN).\u00a0<\/a><\/p><p class=\"x_MsoNormal\" aria-hidden=\"true\">\u00a0<\/p><p class=\"x_MsoNormal\"><strong>SEPTIMAPAGINANOTICIAS.CL\u00a0<\/strong><\/p><p class=\"x_MsoNormal\"><a href=\"https:\/\/www.septimapaginanoticias.cl\/fiestas-patrias-que-hacer-para-no-sobreendeudarnos\">Fiestas Patrias: \u00bfQu\u00e9 hacer para no sobreendeudarnos? Se refieren Rodrigo Saens y Juan Andr\u00e9s Riquelme, acad\u00e9micos de la Facultad de Econom\u00eda y Negocios (FEN).\u00a0<\/a><\/p><p class=\"x_MsoNormal\" aria-hidden=\"true\">\u00a0<\/p><p class=\"x_MsoNormal\"><strong>G5NOTICIAS.CL\u00a0<\/strong><\/p><p class=\"x_MsoNormal\"><a href=\"https:\/\/g5noticias.cl\/2022\/08\/28\/fiestas-patrias-que-hacer-para-no-sobreendeudarnos\/\">Fiestas Patrias: \u00bfQu\u00e9 hacer para no sobreendeudarnos? Se refieren Rodrigo Saens y Juan Andr\u00e9s Riquelme, acad\u00e9micos de la Facultad de Econom\u00eda y Negocios (FEN).\u00a0<\/a><\/p><p class=\"x_MsoNormal\" aria-hidden=\"true\">\u00a0<\/p><p class=\"x_MsoNormal\"><strong>EMOL.COM\u00a0<\/strong><\/p><p class=\"x_MsoNormal\"><a href=\"https:\/\/www.emol.com\/noticias\/Economia\/2022\/08\/27\/1071099\/violencia-proyectos-inversion-forestales.html\">Violencia golpea duro a la inversi\u00f3n forestal: Hay cero proyectos contemplados desde 2023 hacia adelante. Se refiere Rodrigo Saens, acad\u00e9mico de la Facultad de Econom\u00eda y Negocios (FEN).\u00a0<\/a><\/p><p class=\"x_MsoNormal\">\u00a0<\/p><p class=\"x_MsoNormal\"><strong>CANAL MEGA\u00a0<\/strong><\/p><p class=\"x_MsoNormal\"><a href=\"https:\/\/www.litoralpress.cl\/sitio\/RadioTV_Detalles.cshtml?LPKey=WSSMHQPQFIDRJYEUWXYJBNVTEPNHQ5LGQ7TGGOEOQ7IE5YWQ2LGVMPAJMMASOAGNNLLBR5LF4SRVO\">An\u00e1lisis del ambiente de polarizaci\u00f3n previo plebiscito. Se refiere Mauricio Morales, director del Centro de An\u00e1lisis Pol\u00edtico (CAP).\u00a0<\/a><\/p><p class=\"x_MsoNormal\">\u00a0<\/p><p class=\"x_MsoNormal\"><strong>CANAL CNN CHILE\u00a0<\/strong><\/p><p class=\"x_MsoNormal\"><a href=\"https:\/\/www.litoralpress.cl\/sitio\/RadioTV_Detalles.cshtml?LPKey=EM4ANSDKXOCHM6IX3CQ72X2BZHTEPETRNKZSZVZWR6MBGSWAZ6HEEFKDIXCQBOD55RMH7BRMR2RKG\">La UDI propone listas nacionales y cerradas postplebiscito. Se refiere Mauricio Morales, director del Centro de An\u00e1lisis Pol\u00edtico (CAP).\u00a0<\/a><\/p><p class=\"x_MsoNormal\" aria-hidden=\"true\">\u00a0<\/p><p class=\"x_MsoNormal\"><strong>CANAL CHILEVISI\u00d3N\u00a0<\/strong><\/p><p class=\"x_MsoNormal\"><a href=\"https:\/\/www.litoralpress.cl\/sitio\/RadioTV_Detalles.cshtml?LPKey=2ENGV74N3OB6EFG5HRUM3BDNDUSCNAE4UY7LFOK7AUS4XUHGQOEAJLNRP6B5WJNDZYAXSJN4TVCAY\">El impacto tras la renuncia de exministra Vega. Se refiere Mauricio Morales, director del Centro de An\u00e1lisis Pol\u00edtico (CAP).\u00a0<\/a><\/p><p class=\"x_MsoNormal\" aria-hidden=\"true\">\u00a0<\/p><p class=\"x_MsoNormal\"><strong>CANAL CHILEVISI\u00d3N\u00a0<\/strong><\/p><p class=\"x_MsoNormal\"><a href=\"https:\/\/www.litoralpress.cl\/sitio\/RadioTV_Detalles.cshtml?LPKey=QNZQGVNRTTDURZZE35LTXKJODDV4FUYZFKYIPSRV7YVKRLN2H3MIBXB57OYRS4WUXER5DCWDXL6NE\">La semana m\u00e1s compleja del Gobierno de Boric. Se refiere Mauricio Morales, director del Centro de An\u00e1lisis Pol\u00edtico (CAP).\u00a0<\/a><\/p><p class=\"x_MsoNormal\" aria-hidden=\"true\">\u00a0<\/p><p class=\"x_MsoNormal\"><strong>RADIO INFINITA\u00a0<\/strong><\/p><p class=\"x_MsoNormal\"><a href=\"https:\/\/www.litoralpress.cl\/sitio\/RadioTV_Detalles.cshtml?LPKey=5CLZUYQ67VST25TAU55Q6QLOX3F57DWX6GRONIPENTXMDF6PAYHTDSBCVCXT3LRZSGQRIVLYS3P4E\">Entrevista a Mauricio Morales, director del Centro de An\u00e1lisis Pol\u00edtico (CAP).\u00a0<\/a><\/p><p class=\"x_MsoNormal\" aria-hidden=\"true\">\u00a0<\/p><p class=\"x_MsoNormal\"><strong>RADIO ADN\u00a0<\/strong><\/p><p class=\"x_MsoNormal\"><a href=\"https:\/\/www.litoralpress.cl\/sitio\/RadioTV_Detalles.cshtml?LPKey=RJNUBEGGT4ZYVTKO25GAOKTXRZNXHCDMLLT6JZPWJW2CUFM7S4XUQ2P52EL6PTKVT2HZ2Y6PBLF4O\">Las campa\u00f1as del Apruebo y el Rechazo entran en la semana final de cara al plebiscito de salida. Se refiere Mauricio Morales, director del Centro de An\u00e1lisis Pol\u00edtico (CAP).\u00a0<\/a><\/p><p class=\"x_MsoNormal\" aria-hidden=\"true\">\u00a0<\/p><p class=\"x_MsoNormal\"><strong>EMOL.COM\u00a0<\/strong><\/p><p class=\"x_MsoNormal\"><a href=\"https:\/\/www.emol.com\/noticias\/Nacional\/2022\/08\/26\/1071034\/impacto-plebiscito-llamado-vega-llaitul.html\">\u00bfImpacto en el 4\/S?: Los efectos del llamado a Llaitul y la &#8220;operaci\u00f3n quir\u00fargica&#8221; del Gobierno al aceptar la salida de Vega. Se refiere Mauricio Morales, director del Centro de An\u00e1lisis Pol\u00edtico (CAP).\u00a0<\/a><\/p><p class=\"x_MsoNormal\" aria-hidden=\"true\">\u00a0<\/p><p class=\"x_MsoNormal\"><strong>INFINITA.CL\u00a0<\/strong><\/p><p class=\"x_MsoNormal\"><a href=\"https:\/\/www.infinita.cl\/entrevistas\/2022\/08\/26\/mauricio-morales-agenda-gobierno-gabinete.html\">Mauricio Morales sobre el gobierno: \u201cLa \u00fanica forma para que recuperen la agenda es haciendo un cambio de gabinete lo m\u00e1s profundo posible\u201d. Se refiere el director del Centro de An\u00e1lisis Pol\u00edtico (CAP).\u00a0<\/a><\/p><p class=\"x_MsoNormal\" aria-hidden=\"true\">\u00a0<\/p><p class=\"x_MsoNormal\"><strong>ELCIUDADANO.COM\u00a0<\/strong><\/p><p class=\"x_MsoNormal\"><a href=\"https:\/\/www.elciudadano.com\/actualidad\/senalan-que-la-pdi-hizo-mas-por-el-rechazo-en-un-dia-que-la-derecha-en-un-ano-mientras-boric-tilda-de-inaceptables-filtraciones-y-pide-investigacion\/08\/26\/\">Se\u00f1alan que \u00abla PDI hizo m\u00e1s por el Rechazo en un d\u00eda que la derecha en un a\u00f1o\u00bb, mientras Boric tilda de \u00abinaceptables\u00bb filtraciones y pide investigaci\u00f3n. Se refiere Mauricio Morales, director del Centro de An\u00e1lisis Pol\u00edtico (CAP).\u00a0<\/a><\/p><p class=\"x_MsoNormal\" aria-hidden=\"true\">\u00a0<\/p><p class=\"x_MsoNormal\"><strong>RADIO.UCHILE.CL\u00a0<\/strong><\/p><p class=\"x_MsoNormal\"><a href=\"https:\/\/radio.uchile.cl\/2022\/08\/28\/4-de-septiembre-las-dudas-y-convicciones-que-asoman-la-cita-historica-del-proximo-domingo\/\">4 de septiembre: Las dudas y convicciones que asoman la cita hist\u00f3rica del pr\u00f3ximo domingo. Se refiere Mario Herrera, acad\u00e9mico del Centro de An\u00e1lisis Pol\u00edtico (CAP).\u00a0<\/a><\/p><p class=\"x_MsoNormal\">\u00a0<\/p>\t\t\t\t\t\t<\/div>\n\t\t\t\t<\/div>\n\t\t\t\t\t<\/div>\n\t\t<\/div>\n\t\t\t\t\t\t\t<\/div>\n\t\t<\/section>\n\t\t\t\t\t\t<\/div>\n\t\t\t\t\t<\/div>\n\t\t","protected":false},"excerpt":{"rendered":"<p>CANAL TVR\u00a0 U. de Talca desarrolla proyecto por la paridad. Se refieren Carlos Torres, rector de la UTalca y Karin Saavedra, directora General de Vinculaci\u00f3n con el Medio.\u00a0 \u00a0 MEDIABANCO.COM\u00a0 Comunidades educativas se reunieron para hablar sobre convivencia escolar. Se refiere Carolina Iturra, decana de la Facultad de Ciencias de la Educaci\u00f3n.\u00a0 \u00a0 OEI.INT\u00a0 Comunidades &hellip;<\/p>\n<p class=\"read-more\"> <a class=\"\" href=\"https:\/\/www.reportedeprensa.utalca.cl\/?p=4829\"> <span class=\"screen-reader-text\">29 de agosto de 2022<\/span> Read More &raquo;<\/a><\/p>\n","protected":false},"author":1,"featured_media":0,"comment_status":"closed","ping_status":"open","sticky":false,"template":"","format":"standard","meta":{"_monsterinsights_skip_tracking":false,"_monsterinsights_sitenote_active":false,"_monsterinsights_sitenote_note":"","_monsterinsights_sitenote_category":0},"categories":[24],"tags":[],"_links":{"self":[{"href":"https:\/\/www.reportedeprensa.utalca.cl\/index.php?rest_route=\/wp\/v2\/posts\/4829"}],"collection":[{"href":"https:\/\/www.reportedeprensa.utalca.cl\/index.php?rest_route=\/wp\/v2\/posts"}],"about":[{"href":"https:\/\/www.reportedeprensa.utalca.cl\/index.php?rest_route=\/wp\/v2\/types\/post"}],"author":[{"embeddable":true,"href":"https:\/\/www.reportedeprensa.utalca.cl\/index.php?rest_route=\/wp\/v2\/users\/1"}],"replies":[{"embeddable":true,"href":"https:\/\/www.reportedeprensa.utalca.cl\/index.php?rest_route=%2Fwp%2Fv2%2Fcomments&post=4829"}],"version-history":[{"count":4,"href":"https:\/\/www.reportedeprensa.utalca.cl\/index.php?rest_route=\/wp\/v2\/posts\/4829\/revisions"}],"predecessor-version":[{"id":4833,"href":"https:\/\/www.reportedeprensa.utalca.cl\/index.php?rest_route=\/wp\/v2\/posts\/4829\/revisions\/4833"}],"wp:attachment":[{"href":"https:\/\/www.reportedeprensa.utalca.cl\/index.php?rest_route=%2Fwp%2Fv2%2Fmedia&parent=4829"}],"wp:term":[{"taxonomy":"category","embeddable":true,"href":"https:\/\/www.reportedeprensa.utalca.cl\/index.php?rest_route=%2Fwp%2Fv2%2Fcategories&post=4829"},{"taxonomy":"post_tag","embeddable":true,"href":"https:\/\/www.reportedeprensa.utalca.cl\/index.php?rest_route=%2Fwp%2Fv2%2Ftags&post=4829"}],"curies":[{"name":"wp","href":"https:\/\/api.w.org\/{rel}","templated":true}]}}