{"id":4845,"date":"2022-08-30T09:38:22","date_gmt":"2022-08-30T12:38:22","guid":{"rendered":"https:\/\/www.reportedeprensa.utalca.cl\/?p=4845"},"modified":"2022-08-30T09:42:01","modified_gmt":"2022-08-30T12:42:01","slug":"30-de-agosto-de-2022","status":"publish","type":"post","link":"https:\/\/www.reportedeprensa.utalca.cl\/?p=4845","title":{"rendered":"30 de agosto de 2022"},"content":{"rendered":"\t\t<div data-elementor-type=\"wp-post\" data-elementor-id=\"4845\" class=\"elementor elementor-4845\" data-elementor-settings=\"[]\">\n\t\t\t\t\t\t\t<div class=\"elementor-section-wrap\">\n\t\t\t\t\t\t\t<section class=\"elementor-section elementor-top-section elementor-element elementor-element-44052ab7 elementor-section-boxed elementor-section-height-default elementor-section-height-default\" data-id=\"44052ab7\" data-element_type=\"section\">\n\t\t\t\t\t\t<div class=\"elementor-container elementor-column-gap-default\">\n\t\t\t\t\t<div class=\"elementor-column elementor-col-100 elementor-top-column elementor-element elementor-element-5b002d83\" data-id=\"5b002d83\" data-element_type=\"column\">\n\t\t\t<div class=\"elementor-widget-wrap elementor-element-populated\">\n\t\t\t\t\t\t\t\t<div class=\"elementor-element elementor-element-477998b8 elementor-widget elementor-widget-text-editor\" data-id=\"477998b8\" data-element_type=\"widget\" data-widget_type=\"text-editor.default\">\n\t\t\t\t<div class=\"elementor-widget-container\">\n\t\t\t\t\t\t\t\t<p class=\"x_MsoNormal\"><strong>CRONICANOTICIAS.CL\u00a0<\/strong><\/p><p class=\"x_MsoNormal\"><a href=\"https:\/\/cronicanoticias.cl\/2022\/08\/29\/el-compromiso-de-las-universidades-del-estado-para-evolucionar-en-equidad-de-genero\/\">El compromiso de las universidades del Estado para evolucionar en equidad de g\u00e9nero. Columna de opini\u00f3n de Carlos Torres, rector de la UTalca.\u00a0<\/a><\/p><p class=\"x_MsoNormal\">\u00a0<\/p><p class=\"x_MsoNormal\"><strong>CANAL CONTIVISI\u00d3N\u00a0<\/strong><\/p><p class=\"x_MsoNormal\"><a href=\"https:\/\/www.litoralpress.cl\/sitio\/RadioTV_Detalles.cshtml?LPKey=ATULWV6OKANQSAWLEJNZGLMVABDFCHJK4OEH72UVI2PN6W7SRWPWOFRVGUL7MWB7CFYBZXBEH4N3W\">Talca: Seminario convocado por la OEI analiz\u00f3 propuestas para mejorar la convivencia escolar. Se refiere Carolina Iturra, decana de la Facultad de Psicolog\u00eda.\u00a0<\/a><\/p><p class=\"x_MsoNormal\">\u00a0<\/p><p class=\"x_MsoNormal\"><strong>RADIO COOPERATIVA\u00a0<\/strong><\/p><p class=\"x_MsoNormal\"><a href=\"https:\/\/www.litoralpress.cl\/sitio\/RadioTV_Detalles.cshtml?LPKey=AEEZGQ2KEPP6QSR5QYBXGLTJV73LFQCLM6E2WVBA6LLRESTYBFP3EB2TRVGGW5JBGEU7QTSY2JBE6\">Contagios de Covid-19 a la baja por segunda semana consecutiva. Se refiere \u00c9rika Retamal, directora del Departamento de Salud P\u00fablica. \u00a0<\/a><\/p><p class=\"x_MsoNormal\">\u00a0<\/p><p class=\"x_MsoNormal\"><strong>COOPERATIVA.CL\u00a0<\/strong><\/p><p class=\"x_MsoNormal\"><a href=\"https:\/\/www.cooperativa.cl\/noticias\/sociedad\/salud\/coronavirus\/minsal-informo-6-657-casos-nuevos-de-covid-19-positividad-nacional\/2022-08-28\/113617.html\">Minsal inform\u00f3 6.657 casos nuevos de Covid-19: Positividad nacional alcanz\u00f3 un 10,81%.\u00a0Se refiere \u00c9rika Retamal, directora del Departamento de Salud P\u00fablica.\u00a0<\/a><\/p><p class=\"x_MsoNormal\" aria-hidden=\"true\">\u00a0<\/p><p class=\"x_MsoNormal\"><strong>ELMAULEINFORMA.CL\u00a0<\/strong><\/p><p class=\"x_MsoNormal\"><a href=\"https:\/\/elmauleinforma.cl\/clinica-de-kinesiologia-de-la-utalca-apoyara-y-capacitara-a-educadoras-de-junji\/\">Cl\u00ednica de Kinesiolog\u00eda de la UTalca apoyar\u00e1 y capacitar\u00e1 a educadoras de JUNJI. Se refiere Andrea Leiton, acad\u00e9mica de la Facultad de Ciencias de la Salud. \u00a0<\/a><\/p><p class=\"x_MsoNormal\" aria-hidden=\"true\">\u00a0<\/p><p class=\"x_MsoNormal\"><strong>CANAL 13\u00a0<\/strong><\/p><p class=\"x_MsoNormal\"><a href=\"https:\/\/www.litoralpress.cl\/sitio\/RadioTV_Detalles.cshtml?LPKey=6KF7EZWW4EMDHPEINOR62EEH6BLXKAVCRNXT5OXD2XLWXA65AS27BYERLAPDANVMEXQ6ARKELSYJM\">Acuerdo entre Vietnam y Tailandia puede aumentar el precio del arroz. Se refiere Roberto Jara, acad\u00e9mico de la Facultad de Ciencias Agrarias.\u00a0<\/a><\/p><p class=\"x_MsoNormal\" aria-hidden=\"true\">\u00a0<\/p><p class=\"x_MsoNormal\"><strong>RADIO COOPERATIVA\u00a0<\/strong><\/p><p class=\"x_MsoNormal\"><a href=\"https:\/\/www.litoralpress.cl\/sitio\/RadioTV_Detalles.cshtml?LPKey=A4RS2KUZCQUUGK5RGVZFR7EGX36FPQCB6H5E6ZKBTV74H4EQ2UUZF2H6WVOPVZPPKCYYKG7WRYJLM\">Colegio de Profesores se reunir\u00e1 con Mineduc por eliminaci\u00f3n de puntajes nacionales en PAES. Se refiere Mauricio Veliz, director de la Escuela de Pedagog\u00eda en Ingl\u00e9s. \u00a0<\/a><\/p><p class=\"x_MsoNormal\" aria-hidden=\"true\">\u00a0<\/p><p class=\"x_MsoNormal\"><strong>COOPERATIVA.CL\u00a0<\/strong><\/p><p class=\"x_MsoNormal\"><a href=\"https:\/\/www.cooperativa.cl\/noticias\/pais\/educacion\/admision-universitaria\/colegio-de-profesores-solicito-reunion-con-mineduc-por-eliminacion-de\/2022-08-29\/022359.html\">Colegio de Profesores solicit\u00f3 reuni\u00f3n con Mineduc por eliminaci\u00f3n de puntajes nacionales. Se refiere Mauricio Veliz, director de la Escuela de Pedagog\u00eda en Ingl\u00e9s.\u00a0<\/a><\/p><p class=\"x_MsoNormal\">\u00a0<\/p><p class=\"x_MsoNormal\"><strong>ELCIUDADANO.COM\u00a0<\/strong><\/p><p class=\"x_MsoNormal\"><a href=\"https:\/\/www.elciudadano.com\/actualidad\/colegio-de-profesores-solicito-reunion-con-mineduc-por-eliminacion-de-puntajes-nacionales\/08\/29\/\">Colegio de Profesores solicit\u00f3 reuni\u00f3n con Mineduc por eliminaci\u00f3n de puntajes nacionales. Se refiere Mauricio Veliz, director de la Escuela de Pedagog\u00eda en Ingl\u00e9s.\u00a0<\/a><\/p><p class=\"x_MsoNormal\">\u00a0<\/p><p class=\"x_MsoNormal\"><strong>RADIOCAMILATV.CL\u00a0<\/strong><\/p><p class=\"x_MsoNormal\"><a href=\"https:\/\/www.radiocamilatv.cl\/portal\/views\/noticia.php?codNoticia=NjUwNA==\">Colegio de Profesores solicit\u00f3 reuni\u00f3n con Mineduc por eliminaci\u00f3n de puntajes nacionales. Se refiere Mauricio Veliz, director de la Escuela de Pedagog\u00eda en Ingl\u00e9s.\u00a0<\/a><\/p><p class=\"x_MsoNormal\" aria-hidden=\"true\">\u00a0<\/p><p class=\"x_MsoNormal\"><strong>RADIORTL.CL\u00a0<\/strong><\/p><p class=\"x_MsoNormal\"><a href=\"https:\/\/radiortl.cl\/2022\/08\/29\/colegio-de-profesores-solicito-reunion-con-mineduc-por-eliminacion-de-puntajes-nacionales\/\">Colegio de Profesores solicit\u00f3 reuni\u00f3n con Mineduc por eliminaci\u00f3n de puntajes nacionales. Se refiere Mauricio Veliz, director de la Escuela de Pedagog\u00eda en Ingl\u00e9s.\u00a0<\/a><\/p><p class=\"x_MsoNormal\" aria-hidden=\"true\">\u00a0<\/p><p class=\"x_MsoNormal\"><strong>LAMEGA.CL\u00a0<\/strong><\/p><p class=\"x_MsoNormal\"><a href=\"https:\/\/www.lamega.cl\/colegio-de-profesores-solicito-reunion-con-mineduc-por-eliminacion-de-puntajes-nacionales\/\">Colegio de Profesores solicit\u00f3 reuni\u00f3n con Mineduc por eliminaci\u00f3n de puntajes nacionales. Se refiere Mauricio Veliz, director de la Escuela de Pedagog\u00eda en Ingl\u00e9s.\u00a0<\/a><\/p><p class=\"x_MsoNormal\" aria-hidden=\"true\">\u00a0<\/p><p class=\"x_MsoNormal\"><strong>ELCENTRO.CL\u00a0<\/strong><\/p><p class=\"x_MsoNormal\"><a href=\"https:\/\/elcentro.cl\/2022\/08\/29\/ministros-externos-al-poder-judicial-y-abogados-integrantes-una-eliminacion-discutible-a-la-luz-de-la-experiencia-y-otras-alternativas\/\">Ministros externos al Poder Judicial y abogados integrantes: una eliminaci\u00f3n discutible a la luz de la experiencia y otras alternativas. Columna de opini\u00f3n de Diego Palomo, acad\u00e9mico de la Facultad de Ciencias Jur\u00eddicas y Sociales.\u00a0<\/a><\/p><p class=\"x_MsoNormal\">\u00a0<\/p><p class=\"x_MsoNormal\"><strong>IDEALEX.PRESS\u00a0<\/strong><\/p><p class=\"x_MsoNormal\"><a href=\"https:\/\/idealex.press\/diego-palomo-procedimiento-abreviado-penal\/\">Procedimiento abreviado penal: ganemos eficiencia. Columna de opini\u00f3n de Diego Palomo, acad\u00e9mico de la Facultad de Ciencias Jur\u00eddicas y Sociales.\u00a0<\/a><\/p><p class=\"x_MsoNormal\">\u00a0<\/p><p class=\"x_MsoNormal\"><strong>CANAL CONTIVISI\u00d3N\u00a0<\/strong><\/p><p class=\"x_MsoNormal\"><a href=\"https:\/\/www.litoralpress.cl\/sitio\/RadioTV_Detalles.cshtml?LPKey=T7QZ2ENG6X5LFYCRFTSS4DKB5VA2TTP3SOTMW6SSN7Z3DUJT2CM2UBOCXPYCMACQXIRK5UJPP5BYE\">Comuna de San Javier adelant\u00f3 actos para celebrar el D\u00eda Nacional del Vino. Se refiere Jorge Cartes, director de la Escuela de Dise\u00f1o y estudiantes de la carrera de Dise\u00f1o.\u00a0<\/a><\/p><p class=\"x_MsoNormal\">\u00a0<\/p><p class=\"x_MsoNormal\"><strong>DIARIOTALCA.CL\u00a0<\/strong><\/p><p class=\"x_MsoNormal\"><a href=\"https:\/\/diariotalca.cl\/san-javier-celebro-dia-del-vino-con-reconocimiento-y-premiaciones\/\">San Javier celebr\u00f3 D\u00eda del Vino con reconocimiento y premiaciones. Se refiere Jorge Cartes, director de la Escuela de Dise\u00f1o. \u00a0<\/a><\/p><p class=\"x_MsoNormal\">\u00a0<\/p><p class=\"x_MsoNormal\"><strong>RADIO CORPORACI\u00d3N\u00a0<\/strong><\/p><p class=\"x_MsoNormal\"><a href=\"https:\/\/www.litoralpress.cl\/sitio\/RadioTV_Detalles.cshtml?LPKey=H3OFLOUROXANUW5N3HEIFUMZUP2ILC5BLZBCQJ4GRKE5FYDDPMEY3ZM5J44NEUJQC6EXTLGE3CNV6\">Fue hackeado el sistema inform\u00e1tico del Sernac. Se refiere Rodrigo Bustamante, jefe de la Unidad de Seguridad Digital.\u00a0<\/a><\/p><p class=\"x_MsoNormal\">\u00a0<\/p><p class=\"x_MsoNormal\"><strong>EMOL.COM\u00a0<\/strong><\/p><p class=\"x_MsoNormal\"><a href=\"https:\/\/www.emol.com\/noticias\/Economia\/2022\/08\/29\/1071251\/sequia-europa-impacto-economico-chile.html\">La mayor en 500 a\u00f1os: El impacto econ\u00f3mico de la sequ\u00eda en Europa y las posibles consecuencias para Chile. Se refiere Juan Andr\u00e9s Riquelme, director del Mag\u00edster en Econom\u00eda.\u00a0<\/a><\/p><p class=\"x_MsoNormal\">\u00a0<\/p><p class=\"x_MsoNormal\"><strong>ELMAULEINFORMA.CL\u00a0<\/strong><\/p><p class=\"x_MsoNormal\"><a href=\"https:\/\/elmauleinforma.cl\/fiestas-patrias-que-hacer-para-no-sobreendeudarnos\/\">Fiestas Patrias: \u00bfQu\u00e9 hacer para no sobreendeudarnos? Se refiere Rodrigo Saens y Juan Andr\u00e9s Riquelme, acad\u00e9micos de la Facultad de Econom\u00eda y Negocios (FEN).\u00a0<\/a><\/p><p class=\"x_MsoNormal\">\u00a0<\/p><p class=\"x_MsoNormal\"><strong>LA SEGUNDA\u00a0<\/strong><\/p><p class=\"x_MsoNormal\"><a href=\"https:\/\/www.litoralpress.cl\/sitio\/Prensa_PaginaCompleta.cshtml?LPKey=G42AKAES44LFUHN7BQJYKAZUXDJWFA6DAW4GDWGKG2UZ3MHWZC5A\">Independientes podr\u00edan pagar platos rotos del plebiscito. Se refiere Mauricio Morales, director del Centro de An\u00e1lisis Pol\u00edtico (CAP).\u00a0<\/a><\/p><p class=\"x_MsoNormal\"><span class=\"x_MsoHyperlink\">\u00a0<\/span><\/p><p class=\"x_MsoNormal\"><strong><span class=\"x_MsoHyperlink\">LA SEGUNDA\u00a0<\/span><\/strong><\/p><p class=\"x_MsoNormal\"><a href=\"https:\/\/www.litoralpress.cl\/paginaconsultas\/Servicios_NClipSitio\/Get_Imagen_Nota.aspx?LPKey=WAPVOKLRJUWNQWESXGIXMNNRE3A27ROIYNA22JGJYILOTNXW6LF6CYQE2IRBNGHSKP6SCHY4UPXBC\"><span class=\"x_MsoHyperlink\">Marcel gana bonos para ser el ministro fuerte del gabinete de Boric tras plebiscito de salida. Se refiere Mauricio Morales, director del Centro de An\u00e1lisis Pol\u00edtico (CAP).<\/span><span class=\"x_MsoHyperlink\">\u00a0<\/span><\/a><\/p><p class=\"x_MsoNormal\">\u00a0<\/p><p class=\"x_MsoNormal\"><strong>CANAL MEGA\u00a0<\/strong><\/p><p class=\"x_MsoNormal\"><a href=\"https:\/\/www.litoralpress.cl\/sitio\/RadioTV_Detalles.cshtml?LPKey=3JUL2HGS52ZTRFTY64FJX3IOTTAUDNO2BPVBDW5MBIDGZNIGV3MUQMRD3M42DEQ2WTMIZK7MLRIIA\">\u00bfCu\u00e1ntas personas votar\u00e1n en el plebiscito? Se refiere Mauricio Morales, director del Centro de An\u00e1lisis Pol\u00edtico (CAP).\u00a0<\/a><\/p><p class=\"x_MsoNormal\">\u00a0<\/p><p class=\"x_MsoNormal\"><strong>RADIO INFINITA\u00a0<\/strong><\/p><p class=\"x_MsoNormal\"><a href=\"https:\/\/www.litoralpress.cl\/sitio\/RadioTV_Detalles.cshtml?LPKey=A5QWBWIWRBRJTJOXIQMV3W5RBJJXKHEY5QNZDNN6X326OVQSDO3WVEOOI5AJV4W2OJUJZZNGVYUO2\">Comentario de Mauricio Morales, director del Centro de An\u00e1lisis Pol\u00edtico (CAP).\u00a0<\/a><\/p><p class=\"x_MsoNormal\">\u00a0<\/p><p class=\"x_MsoNormal\"><strong>RADIO COOPERATIVA\u00a0<\/strong><\/p><p class=\"x_MsoNormal\"><a href=\"https:\/\/www.litoralpress.cl\/sitio\/RadioTV_Detalles.cshtml?LPKey=PROWYH7O5IRUM43RBJXVK3SX5TW2JMRWOQYLUHIM342K2LW6TZX2ZA65TZYTJP4EC7BEDJQAJLA76\">Analizamos la semana final de elecciones por el plebiscito en regiones. Se refiere Mauricio Morales, director del Centro de An\u00e1lisis Pol\u00edtico (CAP).\u00a0<\/a><\/p><p class=\"x_MsoNormal\">\u00a0<\/p><p class=\"x_MsoNormal\"><strong>EL MERCURIO DE VALPARA\u00cdSO\u00a0<\/strong><\/p><p class=\"x_MsoNormal\"><a href=\"https:\/\/www.litoralpress.cl\/paginaconsultas\/Servicios_NClipSitio\/Get_Imagen_Nota.aspx?LPKey=MSRMSLINRWYS6O3LUOF2A3GQKOQY4BYE76SBBXCT53MKNP36W66HW2HA2DHGA56LJYNY5IEX34YTU\">Apruebo acusa duro golpe tras pol\u00e9mica presentaci\u00f3n y responsabilizan a Sharp. Se refiere Mauricio Morales, director del Centro de An\u00e1lisis Pol\u00edtico (CAP).\u00a0<\/a><\/p><p class=\"x_MsoNormal\">\u00a0<\/p><p class=\"x_MsoNormal\"><strong>ADPRENSA.CL\u00a0<\/strong><\/p><p class=\"x_MsoNormal\"><a href=\"https:\/\/www.adprensa.cl\/cronica\/expertos-adelantan-como-sera-la-participacion-electoral-de-jovenes-en-el-plebiscito\/\">Expertos adelantan c\u00f3mo ser\u00e1 la participaci\u00f3n electoral de j\u00f3venes en el plebiscito. Se refieren Mario Herrera, acad\u00e9mico del Centro de An\u00e1lisis Pol\u00edtico (CAP), Emilio Moyano, acad\u00e9mico de la Facultad de Psicolog\u00eda y Marianella Flores, acad\u00e9mica de la Facultad de Ciencias de la Educaci\u00f3n.\u00a0<\/a><\/p><p class=\"x_MsoNormal\">\u00a0<\/p><p class=\"x_MsoNormal\"><strong>SEPTIMAPAGINANOTICIAS.CL\u00a0<\/strong><\/p><p class=\"x_MsoNormal\"><a href=\"https:\/\/www.septimapaginanoticias.cl\/expertos-adelantan-como-sera-la-participacion-electoral-de-jovenes-en-el-plebiscito\">Expertos adelantan c\u00f3mo ser\u00e1 la participaci\u00f3n electoral de j\u00f3venes en el plebiscito. Se refieren Mario Herrera, acad\u00e9mico del Centro de An\u00e1lisis Pol\u00edtico (CAP), Emilio Moyano, acad\u00e9mico de la Facultad de Psicolog\u00eda y Marianella Flores, acad\u00e9mica de la Facultad de Ciencias de la Educaci\u00f3n.\u00a0<\/a><\/p><p class=\"x_MsoNormal\">\u00a0<\/p><p class=\"x_MsoNormal\"><strong>RADIOGUAYACAN.CL\u00a0<\/strong><\/p><p class=\"x_MsoNormal\"><a href=\"https:\/\/radioguayacan.cl\/index.php\/2022\/08\/29\/expertos-adelantan-cerca-de-un-60-de-participacion-de-jovenes-en-plebiscito-de-salida\/\">Expertos adelantan cerca de un 60 % de participaci\u00f3n de j\u00f3venes en plebiscito de salida. Se refieren Mario Herrera, acad\u00e9mico del Centro de An\u00e1lisis Pol\u00edtico (CAP), Emilio Moyano, acad\u00e9mico de la Facultad de Psicolog\u00eda y Marianella Flores, acad\u00e9mica de la Facultad de Ciencias de la Educaci\u00f3n.\u00a0<\/a><\/p><p class=\"x_MsoNormal\">\u00a0<\/p>\t\t\t\t\t\t<\/div>\n\t\t\t\t<\/div>\n\t\t\t\t\t<\/div>\n\t\t<\/div>\n\t\t\t\t\t\t\t<\/div>\n\t\t<\/section>\n\t\t\t\t\t\t<\/div>\n\t\t\t\t\t<\/div>\n\t\t","protected":false},"excerpt":{"rendered":"<p>CRONICANOTICIAS.CL\u00a0 El compromiso de las universidades del Estado para evolucionar en equidad de g\u00e9nero. Columna de opini\u00f3n de Carlos Torres, rector de la UTalca.\u00a0 \u00a0 CANAL CONTIVISI\u00d3N\u00a0 Talca: Seminario convocado por la OEI analiz\u00f3 propuestas para mejorar la convivencia escolar. Se refiere Carolina Iturra, decana de la Facultad de Psicolog\u00eda.\u00a0 \u00a0 RADIO COOPERATIVA\u00a0 Contagios de &hellip;<\/p>\n<p class=\"read-more\"> <a class=\"\" href=\"https:\/\/www.reportedeprensa.utalca.cl\/?p=4845\"> <span class=\"screen-reader-text\">30 de agosto de 2022<\/span> Read More &raquo;<\/a><\/p>\n","protected":false},"author":1,"featured_media":0,"comment_status":"closed","ping_status":"open","sticky":false,"template":"","format":"standard","meta":{"_monsterinsights_skip_tracking":false,"_monsterinsights_sitenote_active":false,"_monsterinsights_sitenote_note":"","_monsterinsights_sitenote_category":0},"categories":[24],"tags":[],"_links":{"self":[{"href":"https:\/\/www.reportedeprensa.utalca.cl\/index.php?rest_route=\/wp\/v2\/posts\/4845"}],"collection":[{"href":"https:\/\/www.reportedeprensa.utalca.cl\/index.php?rest_route=\/wp\/v2\/posts"}],"about":[{"href":"https:\/\/www.reportedeprensa.utalca.cl\/index.php?rest_route=\/wp\/v2\/types\/post"}],"author":[{"embeddable":true,"href":"https:\/\/www.reportedeprensa.utalca.cl\/index.php?rest_route=\/wp\/v2\/users\/1"}],"replies":[{"embeddable":true,"href":"https:\/\/www.reportedeprensa.utalca.cl\/index.php?rest_route=%2Fwp%2Fv2%2Fcomments&post=4845"}],"version-history":[{"count":4,"href":"https:\/\/www.reportedeprensa.utalca.cl\/index.php?rest_route=\/wp\/v2\/posts\/4845\/revisions"}],"predecessor-version":[{"id":4849,"href":"https:\/\/www.reportedeprensa.utalca.cl\/index.php?rest_route=\/wp\/v2\/posts\/4845\/revisions\/4849"}],"wp:attachment":[{"href":"https:\/\/www.reportedeprensa.utalca.cl\/index.php?rest_route=%2Fwp%2Fv2%2Fmedia&parent=4845"}],"wp:term":[{"taxonomy":"category","embeddable":true,"href":"https:\/\/www.reportedeprensa.utalca.cl\/index.php?rest_route=%2Fwp%2Fv2%2Fcategories&post=4845"},{"taxonomy":"post_tag","embeddable":true,"href":"https:\/\/www.reportedeprensa.utalca.cl\/index.php?rest_route=%2Fwp%2Fv2%2Ftags&post=4845"}],"curies":[{"name":"wp","href":"https:\/\/api.w.org\/{rel}","templated":true}]}}