{"id":4858,"date":"2022-08-31T10:05:34","date_gmt":"2022-08-31T13:05:34","guid":{"rendered":"https:\/\/www.reportedeprensa.utalca.cl\/?p=4858"},"modified":"2022-08-31T10:08:32","modified_gmt":"2022-08-31T13:08:32","slug":"31-de-agosto-de-2022","status":"publish","type":"post","link":"https:\/\/www.reportedeprensa.utalca.cl\/?p=4858","title":{"rendered":"31 de agosto de 2022"},"content":{"rendered":"\t\t<div data-elementor-type=\"wp-post\" data-elementor-id=\"4858\" class=\"elementor elementor-4858\" data-elementor-settings=\"[]\">\n\t\t\t\t\t\t\t<div class=\"elementor-section-wrap\">\n\t\t\t\t\t\t\t<section class=\"elementor-section elementor-top-section elementor-element elementor-element-44052ab7 elementor-section-boxed elementor-section-height-default elementor-section-height-default\" data-id=\"44052ab7\" data-element_type=\"section\">\n\t\t\t\t\t\t<div class=\"elementor-container elementor-column-gap-default\">\n\t\t\t\t\t<div class=\"elementor-column elementor-col-100 elementor-top-column elementor-element elementor-element-5b002d83\" data-id=\"5b002d83\" data-element_type=\"column\">\n\t\t\t<div class=\"elementor-widget-wrap elementor-element-populated\">\n\t\t\t\t\t\t\t\t<div class=\"elementor-element elementor-element-477998b8 elementor-widget elementor-widget-text-editor\" data-id=\"477998b8\" data-element_type=\"widget\" data-widget_type=\"text-editor.default\">\n\t\t\t\t<div class=\"elementor-widget-container\">\n\t\t\t\t\t\t\t\t<p class=\"x_MsoNormal\"><strong>ADPRENSA.CL\u00a0<\/strong><\/p><p class=\"x_MsoNormal\"><a href=\"https:\/\/www.adprensa.cl\/cronica\/crean-nueva-tecnologia-que-monitorea-los-ejercicios-kinesiologicos-de-adultos-mayores\/\">Crean nueva tecnolog\u00eda que monitorea los ejercicios kinesiol\u00f3gicos de adultos mayores. Se refieren Valeska Gatica, directora del Centro Tecnol\u00f3gico de Telerrehabilitaci\u00f3n y Neurociencias en el Movimiento Humano (CTTN) y Natalia Ibarra, investigadora del Centro.\u00a0<\/a><\/p><p class=\"x_MsoNormal\">\u00a0<\/p><p class=\"x_MsoNormal\"><strong>MEDIABANCO.COM\u00a0<\/strong><\/p><p class=\"x_MsoNormal\"><a href=\"https:\/\/www.mediabanco.com\/crean-nueva-tecnologia-que-monitorea-los-ejercicios-kinesiologicos-de-adultos-mayores\/\">Crean nueva tecnolog\u00eda que monitorea los ejercicios kinesiol\u00f3gicos de adultos mayores. Se refieren Valeska Gatica, directora del Centro Tecnol\u00f3gico de Telerrehabilitaci\u00f3n y Neurociencias en el Movimiento Humano (CTTN) y Natalia Ibarra, investigadora del Centro.\u00a0<\/a><\/p><p class=\"x_MsoNormal\">\u00a0<\/p><p class=\"x_MsoNormal\"><strong>EL TIP\u00d3GRAFO\u00a0<\/strong><\/p><p class=\"x_MsoNormal\"><a href=\"https:\/\/www.litoralpress.cl\/sitio\/Prensa_PaginaCompleta.cshtml?LPKey=LYDR3Y6L6F7DOIYBBKAQU35AQVYBIFF2FQ3K4566DG6KKBGWSPXQ\">Plaga de las frutillas: Ministro no descarta que est\u00e9 presente en la regi\u00f3n de O&#8217;Higgins. Se refiere Roberto Jara, acad\u00e9mico de la Facultad de Ciencias Agrarias. \u00a0<\/a><\/p><p class=\"x_MsoNormal\"><span class=\"x_MsoHyperlink\">\u00a0<\/span><\/p><p class=\"x_MsoNormal\"><strong><span class=\"x_MsoHyperlink\">ELTIPOGRAFO.CL\u00a0<\/span><\/strong><\/p><p class=\"x_MsoNormal\"><a href=\"https:\/\/eltipografo.cl\/2022\/08\/plaga-de-las-frutillas-ministro-no-descarta-que-este-presente-en-la-region-de-ohiggins\"><span class=\"x_MsoHyperlink\">Plaga de las frutillas: Ministro no descarta que est\u00e9 presente en la regi\u00f3n de O&#8217;Higgins. Se refiere Roberto Jara, acad\u00e9mico de la Facultad de Ciencias Agrarias.<\/span><span class=\"x_MsoHyperlink\">\u00a0<\/span><\/a><\/p><p class=\"x_MsoNormal\" aria-hidden=\"true\">\u00a0<\/p><p class=\"x_MsoNormal\"><strong>EMOL.COM\u00a0<\/strong><\/p><p class=\"x_MsoNormal\"><a href=\"https:\/\/www.emol.com\/noticias\/Economia\/2022\/08\/31\/1071429\/hidrogeno-verde.html\">Hidr\u00f3geno verde: Expertos resaltan importancia de participaci\u00f3n de privados y Gobierno compromete trabajo &#8220;conjunto&#8221;. Se refiere Carlos Restrepo, director del Mag\u00edster en Ciencias de la Ingenier\u00eda con menci\u00f3n en Conversi\u00f3n de Energ\u00eda.\u00a0<\/a><\/p><p class=\"x_MsoNormal\">\u00a0<\/p><p class=\"x_MsoNormal\"><strong>LAS \u00daLTIMAS NOTICIAS\u00a0<\/strong><\/p><p class=\"x_MsoNormal\"><a href=\"https:\/\/www.litoralpress.cl\/sitio\/Prensa_PaginaCompleta.cshtml?LPKey=72G4ISL5B26VVR4DAFDRVWLGOYXXW7SFGGQW4PDHR26O2D5U7XAQ\">\u00bfPor qu\u00e9 S\u00faper Liga mundial del golf paga 100 millones de d\u00f3lares para llevarse a Niemann del PGA Tour? Se refiere Alejandra M\u00e1rquez, acad\u00e9mica del Centro de An\u00e1lisis Pol\u00edtico (CAP).\u00a0<\/a><\/p><p class=\"x_MsoNormal\">\u00a0<\/p><p class=\"x_MsoNormal\"><strong>CANAL TVN RED MAULE\u00a0<\/strong><\/p><p class=\"x_MsoNormal\"><a href=\"https:\/\/www.litoralpress.cl\/sitio\/RadioTV_Detalles.cshtml?LPKey=AP75IUKICLRLTPEXHKOSQZGXNHLGUYPAOEYUEYQANN2AVB7YPLCPVO4OXE7VDQ4XXCFCONHVMGUN2\">Partido de f\u00fatbol amateur termin\u00f3 en trifulca. Se refiere Ismael Gallardo, decano de la Facultad de Psicolog\u00eda. \u00a0<\/a><\/p><p class=\"x_MsoNormal\">\u00a0<\/p><p class=\"x_MsoNormal\"><strong>RADIO NUEVO MUNDO\u00a0<\/strong><\/p><p class=\"x_MsoNormal\"><a href=\"https:\/\/www.litoralpress.cl\/sitio\/RadioTV_Detalles.cshtml?LPKey=4A2XHGEMDOXK7F624XGUYCYTPVU2ED4GPHQJPJJDKALQIX3C3SYQQ43WUNLU6OEMYDDH7HGBVM3YA\">Entrevista a Diego Palomo, acad\u00e9mico de la Facultad de Ciencias Jur\u00eddicas y Sociales. \u00a0<\/a><\/p><p class=\"x_MsoNormal\">\u00a0<\/p><p class=\"x_MsoNormal\"><strong>NOVACIENCIA.ES\u00a0<\/strong><\/p><p class=\"x_MsoNormal\"><a href=\"https:\/\/www.litoralpress.cl\/sitio\/Prensa_PaginaCompleta.cshtml?LPKey=BLIVYCSIQDOWINVQA2KBAJQ5EVCLJT55IGTXJGBSCQUQ36PGH4GQ\">Migrantes en Chile: el desaf\u00edo de regularizar el flujo permanente de latinoamericanos. Columna de opini\u00f3n de Isaac Ravetllat, acad\u00e9mico de la Facultad de Ciencias Jur\u00eddicas y Sociales. \u00a0<\/a><\/p><p class=\"x_MsoNormal\">\u00a0<\/p><p class=\"x_MsoNormal\"><strong>ATENTOSCHILE.CL\u00a0<\/strong><\/p><p class=\"x_MsoNormal\"><a href=\"https:\/\/www.litoralpress.cl\/sitio\/RadioTV_Detalles.cshtml?LPKey=BRA363E4Q7R2J3FMJDDC7SJC66WAHUAQHGQ4F6F4GVMWWRZA6XDTNZGGGDDXZZID3LLTQEFZKDX7M\">Entrevista a Rodrigo Saens, acad\u00e9mico de la Facultad de Econom\u00eda y Negocios (FEN).\u00a0<\/a><\/p><p class=\"x_MsoNormal\">\u00a0<\/p><p class=\"x_MsoNormal\"><strong>LA PRENSA\u00a0<\/strong><\/p><p class=\"x_MsoNormal\"><a href=\"https:\/\/www.litoralpress.cl\/sitio\/Prensa_PaginaCompleta.cshtml?LPKey=DNSP652SNWXMSAWFDPFRZAG7G4SA24ZIIZV72J6DHSV3OHNEV2JQ\">Temas ambientales, paridad de g\u00e9nero y reforma previsional motivar\u00edan a j\u00f3venes para el plebiscito. Se refieren Mario Herrera, acad\u00e9mico del Centro de An\u00e1lisis Pol\u00edtico (CAP), Emilio Moyano, acad\u00e9mico de la Facultad de Psicolog\u00eda y Marianella Flores, acad\u00e9mica de la Facultad de Ciencias de la Educaci\u00f3n.\u00a0<\/a><\/p><p class=\"x_MsoNormal\" aria-hidden=\"true\">\u00a0<\/p><p class=\"x_MsoNormal\"><strong>DIARIOLAPRENSA.CL\u00a0<\/strong><\/p><p class=\"x_MsoNormal\"><a href=\"https:\/\/new.diariolaprensa.cl\/index.php\/2022\/08\/30\/temas-ambientales-paridad-de-genero-y-reforma-previsional-motivarian-a-jovenes-para-el-plebiscito\/\">Temas ambientales, paridad de g\u00e9nero y reforma previsional motivar\u00edan a j\u00f3venes para el plebiscito. Se refieren Mario Herrera, acad\u00e9mico del Centro de An\u00e1lisis Pol\u00edtico (CAP), Emilio Moyano, acad\u00e9mico de la Facultad de Psicolog\u00eda y Marianella Flores, acad\u00e9mica de la Facultad de Ciencias de la Educaci\u00f3n.\u00a0<\/a><\/p><p class=\"x_MsoNormal\" aria-hidden=\"true\">\u00a0<\/p><p class=\"x_MsoNormal\"><strong>ELMAULEINFORMA.CL\u00a0<\/strong><\/p><p class=\"x_MsoNormal\"><a href=\"https:\/\/elmauleinforma.cl\/expertos-adelantan-como-sera-la-participacion-electoral-de-jovenes-en-el-plebiscito\/\">Expertos adelantan c\u00f3mo ser\u00e1 la participaci\u00f3n electoral de j\u00f3venes en el plebiscito. Se refieren Mario Herrera, acad\u00e9mico del Centro de An\u00e1lisis Pol\u00edtico (CAP), Emilio Moyano, acad\u00e9mico de la Facultad de Psicolog\u00eda y Marianella Flores, acad\u00e9mica de la Facultad de Ciencias de la Educaci\u00f3n.\u00a0<\/a><\/p><p class=\"x_MsoNormal\">\u00a0<\/p><p class=\"x_MsoNormal\"><strong>G5NOTICIAS.CL\u00a0<\/strong><\/p><p class=\"x_MsoNormal\"><a href=\"https:\/\/g5noticias.cl\/2022\/08\/30\/expertos-adelantan-como-sera-la-participacion-electoral-de-jovenes-en-el-plebiscito\/\">Expertos adelantan c\u00f3mo ser\u00e1 la participaci\u00f3n electoral de j\u00f3venes en el plebiscito. Se refieren Mario Herrera, acad\u00e9mico del Centro de An\u00e1lisis Pol\u00edtico (CAP), Emilio Moyano, acad\u00e9mico de la Facultad de Psicolog\u00eda y Marianella Flores, acad\u00e9mica de la Facultad de Ciencias de la Educaci\u00f3n.\u00a0<\/a><\/p><p class=\"x_MsoNormal\">\u00a0<\/p><p class=\"x_MsoNormal\"><strong>PUBLIMICRO.CL\u00a0<\/strong><\/p><p class=\"x_MsoNormal\"><a href=\"https:\/\/publimicro.cl\/expertos-de-la-universidad-de-talca-adelantan-como-sera-la-participacion-electoral-de-jovenes-en-el-plebiscito\/\">Expertos de la Universidad de Talca, adelantan c\u00f3mo ser\u00e1 la participaci\u00f3n electoral de j\u00f3venes en el plebiscito. Se refiere Mario Herrera, acad\u00e9mico del Centro de An\u00e1lisis Pol\u00edtico (CAP).<\/a><\/p><p class=\"x_MsoNormal\" aria-hidden=\"true\">\u00a0<\/p><p class=\"x_MsoNormal\"><strong>LAS \u00daLTIMAS NOTICIAS\u00a0<\/strong><\/p><p class=\"x_MsoNormal\"><a href=\"https:\/\/www.litoralpress.cl\/paginaconsultas\/Servicios_NClipSitio\/Get_Imagen_Nota.aspx?LPKey=XWN5BVJU7OYFEKBPE6VPXYBA2IFTCMENATUZOZZFW5UJ4OOLUAV4UYXA7CEYXTF3LLRRPFPCO77UQ\">Los dos delitos por los que se puede sancionar la performance del acto del Apruebo en Valpara\u00edso. Se refiere Francisco Maldonado, acad\u00e9mico de la Facultad de Ciencias Jur\u00eddicas y Sociales. \u00a0<\/a><\/p><p class=\"x_MsoNormal\">\u00a0<\/p><p class=\"x_MsoNormal\"><strong>PUBLIMETRO\u00a0<\/strong><\/p><p class=\"x_MsoNormal\"><a href=\"https:\/\/www.litoralpress.cl\/sitio\/Prensa_Detalles.cshtml?LPKey=KPFI3KQABUHESETCMSE7NSWYGYYSCAOPVEELUM3MOIB5JOPHJYRQ\">CAM y Llaitul amenazan con revelar lista de contactos con el gobierno. Se refiere Mauricio Morales, director del Centro de An\u00e1lisis Pol\u00edtico (CAP).\u00a0<\/a><\/p><p class=\"x_MsoNormal\">\u00a0<\/p><p class=\"x_MsoNormal\"><strong>CANAL MEGA\u00a0<\/strong><\/p><p class=\"x_MsoNormal\"><a href=\"https:\/\/www.litoralpress.cl\/sitio\/RadioTV_Detalles.cshtml?LPKey=5QPG72HHO7THK6AXRYRUYONVHOFSDTOZE3N7NI2LKSGEXSRBYG7NDPL5EP56PUMWAPYAB3A3NV6OU\">Variaci\u00f3n del costo de los alimentos. Se refiere Mauricio Morales, director del Centro de An\u00e1lisis Pol\u00edtico (CAP). \u00a0<\/a><\/p><p class=\"x_MsoNormal\">\u00a0<\/p><p class=\"x_MsoNormal\"><strong>RADIO INFINITA\u00a0<\/strong><\/p><p class=\"x_MsoNormal\"><a href=\"https:\/\/www.litoralpress.cl\/sitio\/RadioTV_Detalles.cshtml?LPKey=A2ADSXTN72JZRGB7FNPH4BADLZECEXAZTXUEYVSAHEFOTFZGS2IMMPYHAPMWS47J42TIUY2NIXM6G\">Comentario de Mauricio Morales, director del Centro de An\u00e1lisis Pol\u00edtico (CAP).\u00a0<\/a><\/p><p class=\"x_MsoNormal\">\u00a0<\/p><p class=\"x_MsoNormal\"><strong>ELMOSTRADOR.CL\u00a0<\/strong><\/p><p class=\"x_MsoNormal\"><a href=\"https:\/\/www.elmostrador.cl\/noticias\/pais\/2022\/08\/30\/capital-politico-lo-que-esta-en-juego-en-la-centroizquierda-del-rechazo\/\">En manos de la derecha: el capital pol\u00edtico que arriesga la centroizquierda del Rechazo. Se refiere Mauricio Morales, director del Centro de An\u00e1lisis Pol\u00edtico (CAP).\u00a0<\/a><\/p><p class=\"x_MsoNormal\">\u00a0<\/p>\t\t\t\t\t\t<\/div>\n\t\t\t\t<\/div>\n\t\t\t\t\t<\/div>\n\t\t<\/div>\n\t\t\t\t\t\t\t<\/div>\n\t\t<\/section>\n\t\t\t\t\t\t<\/div>\n\t\t\t\t\t<\/div>\n\t\t","protected":false},"excerpt":{"rendered":"<p>ADPRENSA.CL\u00a0 Crean nueva tecnolog\u00eda que monitorea los ejercicios kinesiol\u00f3gicos de adultos mayores. Se refieren Valeska Gatica, directora del Centro Tecnol\u00f3gico de Telerrehabilitaci\u00f3n y Neurociencias en el Movimiento Humano (CTTN) y Natalia Ibarra, investigadora del Centro.\u00a0 \u00a0 MEDIABANCO.COM\u00a0 Crean nueva tecnolog\u00eda que monitorea los ejercicios kinesiol\u00f3gicos de adultos mayores. Se refieren Valeska Gatica, directora del Centro &hellip;<\/p>\n<p class=\"read-more\"> <a class=\"\" href=\"https:\/\/www.reportedeprensa.utalca.cl\/?p=4858\"> <span class=\"screen-reader-text\">31 de agosto de 2022<\/span> Read More &raquo;<\/a><\/p>\n","protected":false},"author":1,"featured_media":0,"comment_status":"closed","ping_status":"open","sticky":false,"template":"","format":"standard","meta":{"_monsterinsights_skip_tracking":false,"_monsterinsights_sitenote_active":false,"_monsterinsights_sitenote_note":"","_monsterinsights_sitenote_category":0},"categories":[24],"tags":[],"_links":{"self":[{"href":"https:\/\/www.reportedeprensa.utalca.cl\/index.php?rest_route=\/wp\/v2\/posts\/4858"}],"collection":[{"href":"https:\/\/www.reportedeprensa.utalca.cl\/index.php?rest_route=\/wp\/v2\/posts"}],"about":[{"href":"https:\/\/www.reportedeprensa.utalca.cl\/index.php?rest_route=\/wp\/v2\/types\/post"}],"author":[{"embeddable":true,"href":"https:\/\/www.reportedeprensa.utalca.cl\/index.php?rest_route=\/wp\/v2\/users\/1"}],"replies":[{"embeddable":true,"href":"https:\/\/www.reportedeprensa.utalca.cl\/index.php?rest_route=%2Fwp%2Fv2%2Fcomments&post=4858"}],"version-history":[{"count":4,"href":"https:\/\/www.reportedeprensa.utalca.cl\/index.php?rest_route=\/wp\/v2\/posts\/4858\/revisions"}],"predecessor-version":[{"id":4862,"href":"https:\/\/www.reportedeprensa.utalca.cl\/index.php?rest_route=\/wp\/v2\/posts\/4858\/revisions\/4862"}],"wp:attachment":[{"href":"https:\/\/www.reportedeprensa.utalca.cl\/index.php?rest_route=%2Fwp%2Fv2%2Fmedia&parent=4858"}],"wp:term":[{"taxonomy":"category","embeddable":true,"href":"https:\/\/www.reportedeprensa.utalca.cl\/index.php?rest_route=%2Fwp%2Fv2%2Fcategories&post=4858"},{"taxonomy":"post_tag","embeddable":true,"href":"https:\/\/www.reportedeprensa.utalca.cl\/index.php?rest_route=%2Fwp%2Fv2%2Ftags&post=4858"}],"curies":[{"name":"wp","href":"https:\/\/api.w.org\/{rel}","templated":true}]}}