{"id":4874,"date":"2022-09-01T10:27:11","date_gmt":"2022-09-01T13:27:11","guid":{"rendered":"https:\/\/www.reportedeprensa.utalca.cl\/?p=4874"},"modified":"2022-09-01T10:30:16","modified_gmt":"2022-09-01T13:30:16","slug":"01-de-septiembre-de-2022","status":"publish","type":"post","link":"https:\/\/www.reportedeprensa.utalca.cl\/?p=4874","title":{"rendered":"01 de septiembre de 2022"},"content":{"rendered":"\t\t<div data-elementor-type=\"wp-post\" data-elementor-id=\"4874\" class=\"elementor elementor-4874\" data-elementor-settings=\"[]\">\n\t\t\t\t\t\t\t<div class=\"elementor-section-wrap\">\n\t\t\t\t\t\t\t<section class=\"elementor-section elementor-top-section elementor-element elementor-element-44052ab7 elementor-section-boxed elementor-section-height-default elementor-section-height-default\" data-id=\"44052ab7\" data-element_type=\"section\">\n\t\t\t\t\t\t<div class=\"elementor-container elementor-column-gap-default\">\n\t\t\t\t\t<div class=\"elementor-column elementor-col-100 elementor-top-column elementor-element elementor-element-5b002d83\" data-id=\"5b002d83\" data-element_type=\"column\">\n\t\t\t<div class=\"elementor-widget-wrap elementor-element-populated\">\n\t\t\t\t\t\t\t\t<div class=\"elementor-element elementor-element-477998b8 elementor-widget elementor-widget-text-editor\" data-id=\"477998b8\" data-element_type=\"widget\" data-widget_type=\"text-editor.default\">\n\t\t\t\t<div class=\"elementor-widget-container\">\n\t\t\t\t\t\t\t\t<p class=\"x_MsoNormal\"><strong>UESTATALES.CL\u00a0<\/strong><\/p><p class=\"x_MsoNormal\"><a href=\"http:\/\/uestatales.cl\/cue\/?q=node\/9622\">Crean nueva tecnolog\u00eda que monitorea los ejercicios kinesiol\u00f3gicos de adultos mayores. Se refieren Valeska Gatica, directora del Centro Tecnol\u00f3gico de Telerrehabilitaci\u00f3n y Neurociencias en el Movimiento Humano (CTTN) y Natalia Ibarra, investigadora del Centro.\u00a0<\/a><\/p><p class=\"x_MsoNormal\">\u00a0<\/p><p class=\"x_MsoNormal\"><strong>CHILEESNOTICIA.COM\u00a0<\/strong><\/p><p class=\"x_MsoNormal\"><a href=\"https:\/\/chileesnoticia.com\/2022\/08\/31\/crean-nueva-tecnologia-que-monitorea-los-ejercicios-kinesiologicos-de-adultos-mayores\/\">Crean nueva tecnolog\u00eda que monitorea los ejercicios kinesiol\u00f3gicos de adultos mayores. Se refieren Valeska Gatica, directora del Centro Tecnol\u00f3gico de Telerrehabilitaci\u00f3n y Neurociencias en el Movimiento Humano (CTTN) y Natalia Ibarra, investigadora del Centro.\u00a0<\/a><\/p><p class=\"x_MsoNormal\">\u00a0<\/p><p class=\"x_MsoNormal\"><strong>MASQUENOTICIAS.CL\u00a0<\/strong><\/p><p class=\"x_MsoNormal\"><a href=\"https:\/\/masquenoticias.cl\/2022\/08\/31\/rean-nueva-tecnologia-que-monitorea-los-ejercicios-kinesiologicos-de-adultos-mayores\/\">Crean nueva tecnolog\u00eda que monitorea los ejercicios kinesiol\u00f3gicos de adultos mayores. Se refieren Valeska Gatica, directora del Centro Tecnol\u00f3gico de Telerrehabilitaci\u00f3n y Neurociencias en el Movimiento Humano (CTTN) y Natalia Ibarra, investigadora del Centro.\u00a0<\/a><\/p><p class=\"x_MsoNormal\" aria-hidden=\"true\">\u00a0<\/p><p class=\"x_MsoNormal\"><strong>MASQUENOTICIAS.CL\u00a0<\/strong><\/p><p class=\"x_MsoNormal\"><a href=\"https:\/\/masquenoticias.cl\/2022\/08\/31\/universidad-de-talca-crea-pionero-centro-en-nanomedicina-diagnostico-y-desarrollo-de-farmacos\/\">Universidad de Talca crea pionero Centro en Nanomedicina, Diagn\u00f3stico y Desarrollo de F\u00e1rmacos. Se refieren Cristian Rojas, vicerrector Acad\u00e9mico, Cristian Vilos, director del Centro, Leandro Z\u00fa\u00f1iga y Jenaro Garc\u00eda-Huidobro, acad\u00e9micos de la Escuela de Medicina. \u00a0<\/a><\/p><p class=\"x_MsoNormal\">\u00a0<\/p><p class=\"x_MsoNormal\"><strong>ADPRENSA.CL\u00a0<\/strong><\/p><p class=\"x_MsoNormal\"><a href=\"https:\/\/www.adprensa.cl\/cronica\/por-viajes-en-fiestas-patrias-recuerdan-uso-obligatorio-de-botiquin\/\">Por viajes en Fiestas Patrias: Recuerdan uso obligatorio de botiqu\u00edn. Se refiere Minerva Astudillo, directora de la Escuela de Enfermer\u00eda.\u00a0<\/a><\/p><p class=\"x_MsoNormal\">\u00a0<\/p><p class=\"x_MsoNormal\"><strong>MEDIABANCO.COM\u00a0<\/strong><\/p><p class=\"x_MsoNormal\"><a href=\"https:\/\/www.mediabanco.com\/por-viajes-en-fiestas-patrias-recuerdan-uso-obligatorio-de-botiquin\/\">Por viajes en Fiestas Patrias: Recuerdan uso obligatorio de botiqu\u00edn. Se refiere Minerva Astudillo, directora de la Escuela de Enfermer\u00eda.\u00a0<\/a><\/p><p class=\"x_MsoNormal\">\u00a0<\/p><p class=\"x_MsoNormal\"><strong>SPANISH.NEWS.CN\u00a0<\/strong><\/p><p class=\"x_MsoNormal\"><a href=\"https:\/\/www.litoralpress.cl\/sitio\/Prensa_PaginaCompleta.cshtml?LPKey=ZEOOAIC7MTDRHZEPLNKQYXVNWS6AE4EILHJB4ZTN24WG76J6A4OA\">Chile vive sequ\u00eda estructural durante m\u00e1s de 14 a\u00f1os en medio de crisis h\u00eddrica global. Se refiere Patricio Gonz\u00e1lez, acad\u00e9mico del Centro de Investigaci\u00f3n y Transferencia en Riego y Agroclimatolog\u00eda (CITRA).\u00a0<\/a><\/p><p class=\"x_MsoNormal\">\u00a0<\/p><p class=\"x_MsoNormal\"><strong>SPANISH.XINHUANNET.COM\u00a0<\/strong><\/p><p class=\"x_MsoNormal\"><a href=\"https:\/\/www.litoralpress.cl\/sitio\/Prensa_PaginaCompleta.cshtml?LPKey=QB2JN55VSGJUH76MDMBHIQ4V7EW23TWTUXLF3UXE3WX5L3ZOQKEA\">Chile vive sequ\u00eda estructural durante m\u00e1s de 14 a\u00f1os en medio de crisis h\u00eddrica global. Se refiere Patricio Gonz\u00e1lez, acad\u00e9mico del Centro de Investigaci\u00f3n y Transferencia en Riego y Agroclimatolog\u00eda (CITRA).\u00a0<\/a><\/p><p class=\"x_MsoNormal\">\u00a0<\/p><p class=\"x_MsoNormal\"><strong>MAULEHOY.CL\u00a0<\/strong><\/p><p class=\"x_MsoNormal\"><a href=\"https:\/\/maulehoy.cl\/2022\/08\/31\/san-javier-celebro-dia-del-vino-con-reconocimiento-al-vino-soleado\/\">San Javier celebr\u00f3 D\u00eda del Vino con reconocimiento al vino soleado. Se refiere Jorge Cartes, director de la Escuela de Dise\u00f1o.\u00a0<\/a><\/p><p class=\"x_MsoNormal\" aria-hidden=\"true\">\u00a0<\/p><p class=\"x_MsoNormal\"><strong>NOSTALGICA.CL\u00a0<\/strong><\/p><p class=\"x_MsoNormal\"><a href=\"https:\/\/www.nostalgica.cl\/hidrogeno-verde-expertos-resaltan-importancia-de-participacion-de-privados-y-gobierno-compromete-trabajo-conjunto\/\">Hidr\u00f3geno verde: Expertos resaltan importancia de participaci\u00f3n de privados y Gobierno compromete trabajo \u201cconjunto\u201d. Se refiere Carlos Restrepo, director del Mag\u00edster en Ciencias de la Ingenier\u00eda con menci\u00f3n en Conversi\u00f3n de Energ\u00eda.\u00a0<\/a><\/p><p class=\"x_MsoNormal\">\u00a0<\/p><p class=\"x_MsoNormal\"><strong>TVMAULE.CL\u00a0<\/strong><\/p><p class=\"x_MsoNormal\"><a href=\"https:\/\/www.tvmaule.cl\/que-hacer-para-no-sobreendedudarse-en-fiestas-patrias\/\">\u00bfQu\u00e9 hacer para no sobreendedudarse en Fiestas Patrias? Se refieren Rodrigo Saens y Juan Andr\u00e9s Riquelme, acad\u00e9micos de la Facultad de Econom\u00eda y Negocios (FEN).\u00a0<\/a><\/p><p class=\"x_MsoNormal\">\u00a0<\/p><p class=\"x_MsoNormal\"><strong>PORTALDELCAMPO.CL\u00a0<\/strong><\/p><p class=\"x_MsoNormal\"><a href=\"https:\/\/portaldelcampo.cl\/Noticias\/89543_D%C3%B3lar-cierra-con-fuerte-alza-m%C3%A1s-cerca-de---900-tras-un-vol%C3%A1til-mes-de-agosto-y-a-d%C3%ADas-del-plebiscito.html\">D\u00f3lar cierra con fuerte alza m\u00e1s cerca de $ 900 tras un vol\u00e1til mes de agosto y a d\u00edas del plebiscito. Se refiere Hern\u00e1n D\u00edaz, acad\u00e9mico de la Facultad de Econom\u00eda y Negocios (FEN).\u00a0<\/a><\/p><p class=\"x_MsoNormal\">\u00a0<\/p><p class=\"x_MsoNormal\"><strong>RADIO NUEVO MUNDO\u00a0<\/strong><\/p><p class=\"x_MsoNormal\"><a href=\"https:\/\/www.litoralpress.cl\/sitio\/RadioTV_Detalles.cshtml?LPKey=QXZR44OMU2H25XBZ6AHQEINYDR6ESOPAEK2TW2IYEVWBP7XGVH6MSQWE3RJICUSMWB3RJ45QZGZBO\">Entrevista a Mar\u00eda Ignacia Sandoval, acad\u00e9mica del Centro de Estudios Constitucionales de Chile (CECOCH).\u00a0<\/a><\/p><p class=\"x_MsoNormal\">\u00a0<\/p><p class=\"x_MsoNormal\"><strong>CANAL TVN RED MAULE\u00a0<\/strong><\/p><p class=\"x_MsoNormal\"><a href=\"https:\/\/www.litoralpress.cl\/sitio\/RadioTV_Detalles.cshtml?LPKey=37FJM6GWOY3Q2FKMTIT7RDS4UDZURIKPG2IFWJI55V62HP72VUNVRTB4E7HAZWDOJMZNQPK7GZ4EY\">Peritaje psiqui\u00e1trico es clave en Caso Lhysbet. Se refiere Diego Palomo, acad\u00e9mico de la Facultad de Ciencias Jur\u00eddicas y Sociales. \u00a0<\/a><\/p><p class=\"x_MsoNormal\">\u00a0<\/p><p class=\"x_MsoNormal\"><strong>EL LECTOR\u00a0<\/strong><\/p><p class=\"x_MsoNormal\"><a href=\"https:\/\/www.litoralpress.cl\/paginaconsultas\/Servicios_NClipSitio\/Get_Imagen_Nota.aspx?LPKey=GSTL3YMBJFI5DKVMUTX3A7KP3VZSUHS7BCFWFYQFGVRHPXHGAGQ5R644UADEQJYTUK4IWULOU67EC\">Familias usuarias del participan en la tercera versi\u00f3n del taller de habilidades parentales. Se refiere Daniela Jarufe, acad\u00e9mica de la Facultad de Ciencias Jur\u00eddicas y Sociales.\u00a0<\/a><\/p><p class=\"x_MsoNormal\">\u00a0<\/p><p class=\"x_MsoNormal\"><strong>ELMAULEINFORMA.CL\u00a0<\/strong><\/p><p class=\"x_MsoNormal\"><a href=\"https:\/\/elmauleinforma.cl\/familias-usuarias-del-hrt-participan-en-la-tercera-version-del-taller-de-habilidades-parentales\/\">Familias usuarias del HRT participan en la tercera versi\u00f3n del taller de habilidades parentales. Se refiere Daniela Jarufe, acad\u00e9mica de la Facultad de Ciencias Jur\u00eddicas y Sociales.\u00a0<\/a><\/p><p class=\"x_MsoNormal\">\u00a0<\/p><p class=\"x_MsoNormal\"><strong>EL HERALDO\u00a0<\/strong><\/p><p class=\"x_MsoNormal\"><a href=\"https:\/\/www.litoralpress.cl\/paginaconsultas\/Servicios_NClipSitio\/Get_Imagen_Nota.aspx?LPKey=SMGWZEM2YGXGXXXXJ2H4VUXO4TPCFCP7XPNBJ4DY2SDQJSKYMIB4GW5ZGPA74NV5XSRZYHKRLHLUA\">Expertos adelantan c\u00f3mo ser\u00e1 la participaci\u00f3n electoral de j\u00f3venes en el plebiscito. Se refieren Mario Herrera, acad\u00e9mico del Centro de An\u00e1lisis Pol\u00edtico (CAP) y Emilio Moyano, acad\u00e9mico de la Facultad de Psicolog\u00eda.\u00a0<\/a><\/p><p class=\"x_MsoNormal\">\u00a0<\/p><p class=\"x_MsoNormal\"><strong>EL C\u00d3NDOR\u00a0<\/strong><\/p><p class=\"x_MsoNormal\"><a href=\"https:\/\/www.litoralpress.cl\/paginaconsultas\/Servicios_NClipSitio\/Get_Imagen_Nota.aspx?LPKey=XYZMPDMWSUQX7NVNVNKI4LQXCXHT6UZWEVDJMUK5KURW5EH5G5J5WYXFORVWQVOBGPYFNUFLCAGME\">Expertos adelantan c\u00f3mo ser\u00e1 la participaci\u00f3n electoral de j\u00f3venes en el plebiscito. Se refieren Mario Herrera, acad\u00e9mico del Centro de An\u00e1lisis Pol\u00edtico (CAP), Emilio Moyano, acad\u00e9mico de la Facultad de Psicolog\u00eda y Marianella Flores, acad\u00e9mica de la Facultad de Ciencias de la Educaci\u00f3n.\u00a0<\/a><\/p><p class=\"x_MsoNormal\">\u00a0<\/p><p class=\"x_MsoNormal\"><strong>DIARIOELHERALDO.CL\u00a0<\/strong><\/p><p class=\"x_MsoNormal\"><a href=\"http:\/\/www.diarioelheraldo.cl\/noticia\/expertos-adelantan-como-sera-la-participacion-electoral-de-jovenes-en-el-plebiscito-\">Expertos adelantan c\u00f3mo ser\u00e1 la participaci\u00f3n electoral de j\u00f3venes en el plebiscito. Se refieren Mario Herrera, acad\u00e9mico del Centro de An\u00e1lisis Pol\u00edtico (CAP) y Emilio Moyano, acad\u00e9mico de la Facultad de Psicolog\u00eda. \u00a0<\/a><\/p><p class=\"x_MsoNormal\">\u00a0<\/p><p class=\"x_MsoNormal\"><strong>RADIO INFINITA\u00a0<\/strong><\/p><p class=\"x_MsoNormal\"><a href=\"https:\/\/www.litoralpress.cl\/sitio\/RadioTV_Detalles.cshtml?LPKey=QKNLAFCC4FH4PKGKOMWNUFZRFG7QFC4J3XKNZS4YJPYMRCHVNEIZB726SHT7JNW7O46ZQ7I3LXVYA\">Comentario de Mauricio Morales, director del Centro de An\u00e1lisis Pol\u00edtico.\u00a0<\/a><\/p><p class=\"x_MsoNormal\">\u00a0<\/p><p class=\"x_MsoNormal\"><strong>RADIO BIO-B\u00cdO DE VALPARA\u00cdSO\u00a0<\/strong><\/p><p class=\"x_MsoNormal\"><a href=\"https:\/\/www.litoralpress.cl\/sitio\/RadioTV_Detalles.cshtml?LPKey=4LDKOM53GQYQFSIRQFHJLAXADZSNSZ67UWLMGBSEPSVWLNMFQIHWM7IA74DHYF4E4FO7CGIAWG7JA\">Alta incertidumbre existe respecto a la jornada del plebiscito en la regi\u00f3n de Valpara\u00edso. Se refiere Mario Herrera, acad\u00e9mico del Centro de An\u00e1lisis Pol\u00edtico (CAP).\u00a0<\/a><\/p><p class=\"x_MsoNormal\">\u00a0<\/p><p class=\"x_MsoNormal\"><strong>RADIO VLN DE CURIC\u00d3\u00a0<\/strong><\/p><p class=\"x_MsoNormal\"><a href=\"https:\/\/www.litoralpress.cl\/sitio\/RadioTV_Detalles.cshtml?LPKey=6N2OHIECD33YYHGVVMEUOG2ZSNBZBL5MANBTWMMQXJHICIY7OHANZIHW2F5NKYQ74SU6DZA3KBF7A\">Propuesta de nueva Constituci\u00f3n. Se refiere Fabi\u00e1n Belmar, coordinador del Centro de An\u00e1lisis Pol\u00edtico (CAP).\u00a0<\/a><\/p><p class=\"x_MsoNormal\">\u00a0<\/p>\t\t\t\t\t\t<\/div>\n\t\t\t\t<\/div>\n\t\t\t\t\t<\/div>\n\t\t<\/div>\n\t\t\t\t\t\t\t<\/div>\n\t\t<\/section>\n\t\t\t\t\t\t<\/div>\n\t\t\t\t\t<\/div>\n\t\t","protected":false},"excerpt":{"rendered":"<p>UESTATALES.CL\u00a0 Crean nueva tecnolog\u00eda que monitorea los ejercicios kinesiol\u00f3gicos de adultos mayores. Se refieren Valeska Gatica, directora del Centro Tecnol\u00f3gico de Telerrehabilitaci\u00f3n y Neurociencias en el Movimiento Humano (CTTN) y Natalia Ibarra, investigadora del Centro.\u00a0 \u00a0 CHILEESNOTICIA.COM\u00a0 Crean nueva tecnolog\u00eda que monitorea los ejercicios kinesiol\u00f3gicos de adultos mayores. Se refieren Valeska Gatica, directora del Centro &hellip;<\/p>\n<p class=\"read-more\"> <a class=\"\" href=\"https:\/\/www.reportedeprensa.utalca.cl\/?p=4874\"> <span class=\"screen-reader-text\">01 de septiembre de 2022<\/span> Read More &raquo;<\/a><\/p>\n","protected":false},"author":1,"featured_media":0,"comment_status":"closed","ping_status":"open","sticky":false,"template":"","format":"standard","meta":{"_monsterinsights_skip_tracking":false,"_monsterinsights_sitenote_active":false,"_monsterinsights_sitenote_note":"","_monsterinsights_sitenote_category":0},"categories":[25],"tags":[],"_links":{"self":[{"href":"https:\/\/www.reportedeprensa.utalca.cl\/index.php?rest_route=\/wp\/v2\/posts\/4874"}],"collection":[{"href":"https:\/\/www.reportedeprensa.utalca.cl\/index.php?rest_route=\/wp\/v2\/posts"}],"about":[{"href":"https:\/\/www.reportedeprensa.utalca.cl\/index.php?rest_route=\/wp\/v2\/types\/post"}],"author":[{"embeddable":true,"href":"https:\/\/www.reportedeprensa.utalca.cl\/index.php?rest_route=\/wp\/v2\/users\/1"}],"replies":[{"embeddable":true,"href":"https:\/\/www.reportedeprensa.utalca.cl\/index.php?rest_route=%2Fwp%2Fv2%2Fcomments&post=4874"}],"version-history":[{"count":4,"href":"https:\/\/www.reportedeprensa.utalca.cl\/index.php?rest_route=\/wp\/v2\/posts\/4874\/revisions"}],"predecessor-version":[{"id":4878,"href":"https:\/\/www.reportedeprensa.utalca.cl\/index.php?rest_route=\/wp\/v2\/posts\/4874\/revisions\/4878"}],"wp:attachment":[{"href":"https:\/\/www.reportedeprensa.utalca.cl\/index.php?rest_route=%2Fwp%2Fv2%2Fmedia&parent=4874"}],"wp:term":[{"taxonomy":"category","embeddable":true,"href":"https:\/\/www.reportedeprensa.utalca.cl\/index.php?rest_route=%2Fwp%2Fv2%2Fcategories&post=4874"},{"taxonomy":"post_tag","embeddable":true,"href":"https:\/\/www.reportedeprensa.utalca.cl\/index.php?rest_route=%2Fwp%2Fv2%2Ftags&post=4874"}],"curies":[{"name":"wp","href":"https:\/\/api.w.org\/{rel}","templated":true}]}}