{"id":4886,"date":"2022-09-02T09:44:28","date_gmt":"2022-09-02T12:44:28","guid":{"rendered":"https:\/\/www.reportedeprensa.utalca.cl\/?p=4886"},"modified":"2022-09-02T09:47:27","modified_gmt":"2022-09-02T12:47:27","slug":"02-de-septiembre-de-2022","status":"publish","type":"post","link":"https:\/\/www.reportedeprensa.utalca.cl\/?p=4886","title":{"rendered":"02 de septiembre de 2022"},"content":{"rendered":"\t\t<div data-elementor-type=\"wp-post\" data-elementor-id=\"4886\" class=\"elementor elementor-4886\" data-elementor-settings=\"[]\">\n\t\t\t\t\t\t\t<div class=\"elementor-section-wrap\">\n\t\t\t\t\t\t\t<section class=\"elementor-section elementor-top-section elementor-element elementor-element-44052ab7 elementor-section-boxed elementor-section-height-default elementor-section-height-default\" data-id=\"44052ab7\" data-element_type=\"section\">\n\t\t\t\t\t\t<div class=\"elementor-container elementor-column-gap-default\">\n\t\t\t\t\t<div class=\"elementor-column elementor-col-100 elementor-top-column elementor-element elementor-element-5b002d83\" data-id=\"5b002d83\" data-element_type=\"column\">\n\t\t\t<div class=\"elementor-widget-wrap elementor-element-populated\">\n\t\t\t\t\t\t\t\t<div class=\"elementor-element elementor-element-477998b8 elementor-widget elementor-widget-text-editor\" data-id=\"477998b8\" data-element_type=\"widget\" data-widget_type=\"text-editor.default\">\n\t\t\t\t<div class=\"elementor-widget-container\">\n\t\t\t\t\t\t\t\t<p class=\"x_MsoNormal\"><strong>LAS \u00daLTIMAS NOTICIAS\u00a0<\/strong><\/p><p class=\"x_MsoNormal\"><a href=\"https:\/\/www.litoralpress.cl\/sitio\/Prensa_PaginaCompleta.cshtml?LPKey=7RIAXZYHRPY7PMAEEJE6F2EYZR367S6VFTLSZS7AX7QHWUIGP7FQ\">Ingenieros en dise\u00f1o son capaces de fabricar casi cualquier cosa. Se menciona la Escuela de Dise\u00f1o.\u00a0<\/a><\/p><p class=\"x_MsoNormal\">\u00a0<\/p><p class=\"x_MsoNormal\"><strong>ADPRENSA.CL\u00a0<\/strong><\/p><p class=\"x_MsoNormal\"><a href=\"https:\/\/www.adprensa.cl\/actividades-academicas\/experta-de-la-utalca-investiga-uso-de-nanoparticulas-para-una-mineria-mas-sustentable\/\">Experta de la UTalca investiga uso de nanopart\u00edculas para una miner\u00eda m\u00e1s sustentable. Se refiere Lina Uribe, acad\u00e9mica de la Facultad de Ingenier\u00eda.\u00a0<\/a><\/p><p class=\"x_MsoNormal\">\u00a0<\/p><p class=\"x_MsoNormal\"><strong>LAVOZENLINEA.CL\u00a0<\/strong><\/p><p class=\"x_MsoNormal\"><a href=\"https:\/\/lavozenlinea.cl\/2022\/09\/experta-de-la-utalca-investiga-uso-de-nanoparticulas-para-una-mineria-mas-sustentable\/\">Experta de la UTalca investiga uso de nanopart\u00edculas para una miner\u00eda m\u00e1s sustentable. Se refiere Lina Uribe, acad\u00e9mica de la Facultad de Ingenier\u00eda. \u00a0<\/a><\/p><p class=\"x_MsoNormal\" aria-hidden=\"true\">\u00a0<\/p><p class=\"x_MsoNormal\"><strong>MEDIOBANCO.COM\u00a0<\/strong><\/p><p class=\"x_MsoNormal\"><a href=\"https:\/\/www.mediabanco.com\/experta-de-la-utalca-investiga-uso-de-nanoparticulas-para-una-mineria-mas-sustentable\/\">Experta de la UTalca investiga uso de nanopart\u00edculas para una miner\u00eda m\u00e1s sustentable. Se refiere Lina Uribe, acad\u00e9mica de la Facultad de Ingenier\u00eda.\u00a0<\/a><\/p><p class=\"x_MsoNormal\" aria-hidden=\"true\">\u00a0<\/p><p class=\"x_MsoNormal\"><strong>MASQUENOTICIAS.CL\u00a0<\/strong><\/p><p class=\"x_MsoNormal\"><a href=\"https:\/\/masquenoticias.cl\/2022\/09\/01\/experta-de-la-utalca-investiga-uso-de-nanoparticulas-para-una-mineria-mas-sustentable\/\">Experta de la UTalca investiga uso de nanopart\u00edculas para una miner\u00eda m\u00e1s sustentable. Se refiere Lina Uribe, acad\u00e9mica de la Facultad de Ingenier\u00eda.\u00a0<\/a><\/p><p class=\"x_MsoNormal\" aria-hidden=\"true\">\u00a0<\/p><p class=\"x_MsoNormal\"><strong>ELDIARIOSANTIAGO.CL\u00a0<\/strong><\/p><p class=\"x_MsoNormal\"><a href=\"https:\/\/eldiariosantiago.cl\/2022\/09\/01\/experta-de-la-utalca-investiga-uso-de-nanoparticulas-para-una-mineria-mas-sustentable\/\">Experta de la UTalca investiga uso de nanopart\u00edculas para una miner\u00eda m\u00e1s sustentable. Se refiere Lina Uribe, acad\u00e9mica de la Facultad de Ingenier\u00eda.\u00a0<\/a><\/p><p class=\"x_MsoNormal\" aria-hidden=\"true\">\u00a0<\/p><p class=\"x_MsoNormal\"><strong>ELDIARIODELAARAUCANIA.CL\u00a0<\/strong><\/p><p class=\"x_MsoNormal\"><a href=\"https:\/\/eldiariodelaaraucania.cl\/2022\/09\/01\/experta-de-la-utalca-investiga-uso-de-nanoparticulas-para-una-mineria-mas-sustentable\/\">Experta de la UTalca investiga uso de nanopart\u00edculas para una miner\u00eda m\u00e1s sustentable. Se refiere Lina Uribe, acad\u00e9mica de la Facultad de Ingenier\u00eda.\u00a0<\/a><\/p><p class=\"x_MsoNormal\" aria-hidden=\"true\">\u00a0<\/p><p class=\"x_MsoNormal\"><strong>G5NOTICIAS.CL\u00a0<\/strong><\/p><p class=\"x_MsoNormal\"><a href=\"https:\/\/g5noticias.cl\/2022\/09\/01\/crean-nueva-tecnologia-que-monitorea-los-ejercicios-kinesiologicos-de-adultos-mayores\/\">Crean nueva tecnolog\u00eda que monitorea los ejercicios kinesiol\u00f3gicos de adultos mayores. Se refieren Valeska Gatica, directora del Centro Tecnol\u00f3gico de Telerrehabilitaci\u00f3n y Neurociencias en el Movimiento Humano (CTTN) y Natalia Ibarra, investigadora del Centro.\u00a0<\/a><\/p><p class=\"x_MsoNormal\" aria-hidden=\"true\">\u00a0<\/p><p class=\"x_MsoNormal\"><strong>RADIO INICIA\u00a0<\/strong><\/p><p class=\"x_MsoNormal\"><a href=\"https:\/\/www.litoralpress.cl\/sitio\/RadioTV_Detalles.cshtml?LPKey=UFP62QRR3GZEPBERXPFUV52TUPV3AUYX74GZEM6ILWZTB3ZOJ7TFPKQAXZ5GWJ5PY65KL4Y2YBX6U\">Flexibilizaci\u00f3n de las medidas sanitarias para combatir a la pandemia del Covid-19. Se refiere Daniel Jim\u00e9nez, director de Salud del Estudiante. \u00a0<\/a><\/p><p class=\"x_MsoNormal\">\u00a0<\/p><p class=\"x_MsoNormal\"><strong>VERITASCAPITUR.CL\u00a0<\/strong><\/p><p class=\"x_MsoNormal\"><a href=\"https:\/\/veritascapitur.cl\/experto-analiza-flexibilizar-la-restriccion-de-medidas-contra-el-covid-19\/\">Experto analiza flexibilizar la restricci\u00f3n de medidas contra el Covid-19. Se refiere Daniel Jim\u00e9nez, director de Salud del Estudiante.\u00a0<\/a><\/p><p class=\"x_MsoNormal\">\u00a0<\/p><p class=\"x_MsoNormal\"><strong>LA PRENSA\u00a0<\/strong><\/p><p class=\"x_MsoNormal\"><a href=\"https:\/\/www.litoralpress.cl\/paginaconsultas\/Servicios_NClipSitio\/Get_Imagen_Nota.aspx?LPKey=WGZWZW6OXV7GIWSJVCNXXVNF7VH5RC2FX4NPMU5P65CMCYFYV336MVIFJEGW4QCVGEWDHYM34PCPO\">Ante la llegada de Fiestas Patrias: se recuerda uso obligatorio de botiqu\u00edn. Se refiere Minerva Astudillo, directora de la Escuela de Enfermer\u00eda.\u00a0<\/a><\/p><p class=\"x_MsoNormal\">\u00a0<\/p><p class=\"x_MsoNormal\"><strong>ELMAULEINFORMA.CL\u00a0<\/strong><\/p><p class=\"x_MsoNormal\"><a href=\"https:\/\/elmauleinforma.cl\/recuerdan-uso-obligatorio-de-botiquin-en-vehiculos-podrian-sacarle-un-parte-si-no-lo-lleva\/\">Recuerdan uso obligatorio de botiqu\u00edn en veh\u00edculos; podr\u00edan sacarle un parte si no lo lleva. Se refiere Minerva Astudillo, directora de la Escuela de Enfermer\u00eda.\u00a0<\/a><\/p><p class=\"x_MsoNormal\" aria-hidden=\"true\">\u00a0<\/p><p class=\"x_MsoNormal\"><strong>CANAL TVN RED MAULE\u00a0<\/strong><\/p><p class=\"x_MsoNormal\"><a href=\"https:\/\/www.litoralpress.cl\/sitio\/RadioTV_Detalles.cshtml?LPKey=SLO24IJ2KZM62VRV3OJ7MLFDZQCRBETT7FZ4XJCGH4D23T2LIYDGSBC3DOFLKGRZ4JSPRA7DO2LJA\">Calidad del aire mejor\u00f3 un 36,6% en Provincia de Curic\u00f3. Se refiere Mar\u00eda Ester Mu\u00f1oz, acad\u00e9mica de la Escuela de Enfermer\u00eda.\u00a0<\/a><\/p><p class=\"x_MsoNormal\">\u00a0<\/p><p class=\"x_MsoNormal\"><strong>EMOL.COM\u00a0<\/strong><\/p><p class=\"x_MsoNormal\"><a href=\"https:\/\/www.emol.com\/noticias\/Economia\/2022\/09\/01\/1071637\/analistas-imacec-julio.html\">Tras Imacec: Analistas aseguran que el &#8220;frenazo&#8221; comenz\u00f3 y que desde agosto el crecimiento ser\u00e1 negativo. Se refiere Juan Andr\u00e9s Riquelme, director del Mag\u00edster en Econom\u00eda.\u00a0<\/a><\/p><p class=\"x_MsoNormal\">\u00a0<\/p><p class=\"x_MsoNormal\"><strong>VERITASCAPITUR.CL\u00a0<\/strong><\/p><p class=\"x_MsoNormal\"><a href=\"https:\/\/veritascapitur.cl\/comercio-y-mineria-marcan-caidas-en-imacec-de-julio-y-confirman-crecimiento-de-la-economia-a-menor-ritmo\/\">Comercio y miner\u00eda marcan ca\u00eddas en IMACEC de julio y confirman menor ritmo de crecimiento de la econom\u00eda. Se refiere Arcadio Cerda, acad\u00e9mico de la Facultad de Econom\u00eda y Negocios (FEN).\u00a0<\/a><\/p><p class=\"x_MsoNormal\">\u00a0<\/p><p class=\"x_MsoNormal\"><strong>ATENTOSCHILE.CL\u00a0<\/strong><\/p><p class=\"x_MsoNormal\"><a href=\"https:\/\/www.litoralpress.cl\/sitio\/RadioTV_Detalles.cshtml?LPKey=QB46V4T7JSYA4RMEJZSFDHRGWLLIUPVT4BU56OX3G2ZOGZPC5XF5MU4JWJJOOJYOB4DO54B4MX3V6\">Entrevista a Juan Andr\u00e9s Riquelme, director del Mag\u00edster en Econom\u00eda.\u00a0<\/a><\/p><p class=\"x_MsoNormal\">\u00a0<\/p><p class=\"x_MsoNormal\"><strong>DIARIOCONSTITUCIONAL.CL\u00a0<\/strong><\/p><p class=\"x_MsoNormal\"><a href=\"https:\/\/www.diarioconstitucional.cl\/cartas-al-director\/el-derecho-a-la-alimentacion-en-la-nueva-constitucion\/\">El Derecho a la Alimentaci\u00f3n en la Nueva Constituci\u00f3n. Se refiere Gonzalo Aguilar, acad\u00e9mico del Centro de Estudios Constitucionales de Chile (CECOCH).\u00a0<\/a><\/p><p class=\"x_MsoNormal\">\u00a0<\/p><p class=\"x_MsoNormal\"><strong>RADIO NUEVO MUNDO\u00a0<\/strong><\/p><p class=\"x_MsoNormal\"><a href=\"https:\/\/www.litoralpress.cl\/sitio\/RadioTV_Detalles.cshtml?LPKey=AVSGDXF6VP5U4MFDU7MCGXIV5XVS47VWCDKHIXVPDXZPP6EZGQWWNJN3B7PJJTL252NTDMLZ4LEH4\">Entrevista a Mar\u00eda Ignacia Sandoval, acad\u00e9mica del Centro de Estudios Constitucionales de Chile (CECOCH).\u00a0<\/a><\/p><p class=\"x_MsoNormal\">\u00a0<\/p><p class=\"x_MsoNormal\"><strong>RADIONUEVOMUNDO.CL\u00a0<\/strong><\/p><p class=\"x_MsoNormal\"><a href=\"https:\/\/radionuevomundo.cl\/2022\/09\/01\/maria-ignacia-sandoval-academica-de-la-universidad-de-talca-la-propuesta-es-una-transicion-a-una-verdadera-regionalizacion\/\">Mar\u00eda Ignacia Sandoval, acad\u00e9mica del Centro de Estudios Constitucionales de Chile (CECOCH): \u201cLa propuesta es una transici\u00f3n a una verdadera regionalizaci\u00f3n\u201d. \u00a0<\/a><\/p><p class=\"x_MsoNormal\">\u00a0<\/p><p class=\"x_MsoNormal\"><strong>CANAL MEGA\u00a0<\/strong><\/p><p class=\"x_MsoNormal\"><a href=\"https:\/\/www.litoralpress.cl\/sitio\/RadioTV_Detalles.cshtml?LPKey=4W7MCAM3NMFU6UX2ZBIV6PIHIM7SQXB3O37I76ZHWZ6W7LAWZSTZ7UGVMPBUXJTXJJQHQDFF7NTMS\">Lo que debe saber para el d\u00eda del plebiscito. Se refiere Mauricio Morales, director del Centro de An\u00e1lisis Pol\u00edtico (CAP).\u00a0<\/a><\/p><p class=\"x_MsoNormal\">\u00a0\u00a0<\/p><p class=\"x_MsoNormal\"><strong>CANAL MEGA PLUS\u00a0<\/strong><\/p><p class=\"x_MsoNormal\"><a href=\"https:\/\/www.litoralpress.cl\/sitio\/RadioTV_Detalles.cshtml?LPKey=UAXOX7QSWH557NQVB2WQVQTR45B7USNKHJWC5QSBP7HFEZOTUTE3FQXSNOQXNSZ5J6JNBP3SCF3ZQ\">A esta hora se realizan los actos de cierre de campa\u00f1a del apruebo y del rechazo. Se refiere Mauricio Morales, director del Centro de An\u00e1lisis Pol\u00edtico (CAP).\u00a0<\/a><\/p><p class=\"x_MsoNormal\">\u00a0<\/p><p class=\"x_MsoNormal\"><strong>CANAL 24 HORAS\u00a0<\/strong><\/p><p class=\"x_MsoNormal\"><a href=\"https:\/\/www.litoralpress.cl\/sitio\/RadioTV_Detalles.cshtml?LPKey=IK6PL4NXLEPFS3JKMTNBSG6GF7KYTGB7AHU6O2QVPBO6X3JVEIJ4CMIJQZNV7ZIY4326KAHD42XEK\">Panel de conversaci\u00f3n sobre el cierre de campa\u00f1as previo al Plebiscito de Salida. Se refiere Mario Herrera, acad\u00e9mico del Centro de An\u00e1lisis Pol\u00edtico (CAP).\u00a0<\/a><\/p><p class=\"x_MsoNormal\">\u00a0<\/p>\t\t\t\t\t\t<\/div>\n\t\t\t\t<\/div>\n\t\t\t\t\t<\/div>\n\t\t<\/div>\n\t\t\t\t\t\t\t<\/div>\n\t\t<\/section>\n\t\t\t\t\t\t<\/div>\n\t\t\t\t\t<\/div>\n\t\t","protected":false},"excerpt":{"rendered":"<p>LAS \u00daLTIMAS NOTICIAS\u00a0 Ingenieros en dise\u00f1o son capaces de fabricar casi cualquier cosa. Se menciona la Escuela de Dise\u00f1o.\u00a0 \u00a0 ADPRENSA.CL\u00a0 Experta de la UTalca investiga uso de nanopart\u00edculas para una miner\u00eda m\u00e1s sustentable. Se refiere Lina Uribe, acad\u00e9mica de la Facultad de Ingenier\u00eda.\u00a0 \u00a0 LAVOZENLINEA.CL\u00a0 Experta de la UTalca investiga uso de nanopart\u00edculas para &hellip;<\/p>\n<p class=\"read-more\"> <a class=\"\" href=\"https:\/\/www.reportedeprensa.utalca.cl\/?p=4886\"> <span class=\"screen-reader-text\">02 de septiembre de 2022<\/span> Read More &raquo;<\/a><\/p>\n","protected":false},"author":1,"featured_media":0,"comment_status":"closed","ping_status":"open","sticky":false,"template":"","format":"standard","meta":{"_monsterinsights_skip_tracking":false,"_monsterinsights_sitenote_active":false,"_monsterinsights_sitenote_note":"","_monsterinsights_sitenote_category":0},"categories":[25],"tags":[],"_links":{"self":[{"href":"https:\/\/www.reportedeprensa.utalca.cl\/index.php?rest_route=\/wp\/v2\/posts\/4886"}],"collection":[{"href":"https:\/\/www.reportedeprensa.utalca.cl\/index.php?rest_route=\/wp\/v2\/posts"}],"about":[{"href":"https:\/\/www.reportedeprensa.utalca.cl\/index.php?rest_route=\/wp\/v2\/types\/post"}],"author":[{"embeddable":true,"href":"https:\/\/www.reportedeprensa.utalca.cl\/index.php?rest_route=\/wp\/v2\/users\/1"}],"replies":[{"embeddable":true,"href":"https:\/\/www.reportedeprensa.utalca.cl\/index.php?rest_route=%2Fwp%2Fv2%2Fcomments&post=4886"}],"version-history":[{"count":4,"href":"https:\/\/www.reportedeprensa.utalca.cl\/index.php?rest_route=\/wp\/v2\/posts\/4886\/revisions"}],"predecessor-version":[{"id":4890,"href":"https:\/\/www.reportedeprensa.utalca.cl\/index.php?rest_route=\/wp\/v2\/posts\/4886\/revisions\/4890"}],"wp:attachment":[{"href":"https:\/\/www.reportedeprensa.utalca.cl\/index.php?rest_route=%2Fwp%2Fv2%2Fmedia&parent=4886"}],"wp:term":[{"taxonomy":"category","embeddable":true,"href":"https:\/\/www.reportedeprensa.utalca.cl\/index.php?rest_route=%2Fwp%2Fv2%2Fcategories&post=4886"},{"taxonomy":"post_tag","embeddable":true,"href":"https:\/\/www.reportedeprensa.utalca.cl\/index.php?rest_route=%2Fwp%2Fv2%2Ftags&post=4886"}],"curies":[{"name":"wp","href":"https:\/\/api.w.org\/{rel}","templated":true}]}}