{"id":4901,"date":"2022-09-05T12:30:22","date_gmt":"2022-09-05T15:30:22","guid":{"rendered":"https:\/\/www.reportedeprensa.utalca.cl\/?p=4901"},"modified":"2022-09-05T12:37:34","modified_gmt":"2022-09-05T15:37:34","slug":"05-de-septiembre-de-2022","status":"publish","type":"post","link":"https:\/\/www.reportedeprensa.utalca.cl\/?p=4901","title":{"rendered":"05 de septiembre de 2022"},"content":{"rendered":"\t\t<div data-elementor-type=\"wp-post\" data-elementor-id=\"4901\" class=\"elementor elementor-4901\" data-elementor-settings=\"[]\">\n\t\t\t\t\t\t\t<div class=\"elementor-section-wrap\">\n\t\t\t\t\t\t\t<section class=\"elementor-section elementor-top-section elementor-element elementor-element-44052ab7 elementor-section-boxed elementor-section-height-default elementor-section-height-default\" data-id=\"44052ab7\" data-element_type=\"section\">\n\t\t\t\t\t\t<div class=\"elementor-container elementor-column-gap-default\">\n\t\t\t\t\t<div class=\"elementor-column elementor-col-100 elementor-top-column elementor-element elementor-element-5b002d83\" data-id=\"5b002d83\" data-element_type=\"column\">\n\t\t\t<div class=\"elementor-widget-wrap elementor-element-populated\">\n\t\t\t\t\t\t\t\t<div class=\"elementor-element elementor-element-477998b8 elementor-widget elementor-widget-text-editor\" data-id=\"477998b8\" data-element_type=\"widget\" data-widget_type=\"text-editor.default\">\n\t\t\t\t<div class=\"elementor-widget-container\">\n\t\t\t\t\t\t\t\t<p class=\"x_MsoNormal\"><strong>LA PRENSA\u00a0<\/strong><\/p><p class=\"x_MsoNormal\"><a href=\"https:\/\/www.litoralpress.cl\/paginaconsultas\/Servicios_NClipSitio\/Get_Imagen_Nota.aspx?LPKey=VSGULTQJQ6MMG7YI277YATKEXF44O5J4TCEJ5NLNEXTVW3JCG7FTAV7NEEGNWEIK6HAN3FC6FSDDS\">El compromiso de las universidades del Estado en equidad de g\u00e9nero. Columna de opini\u00f3n de Carlos Torres, rector de la UTalca.\u00a0<\/a><\/p><p class=\"x_MsoNormal\">\u00a0<\/p><p class=\"x_MsoNormal\"><strong>EL LONGUINO\u00a0<\/strong><\/p><p class=\"x_MsoNormal\"><a href=\"https:\/\/www.litoralpress.cl\/paginaconsultas\/Servicios_NClipSitio\/Get_Imagen_Nota.aspx?LPKey=H3BFCJ2NK6RHUE5Z6YWZMQ6OFDUL2VV27URPWAMEPBQQWJY2APD34CUCEMA3HZ6AGZ33POCDY4PSQ\">Convenio universitario potenciar\u00e1 cepas patrimoniales del Tamarugal. Se refiere Carlos Torres, rector de la UTalca.\u00a0<\/a><\/p><p class=\"x_MsoNormal\" aria-hidden=\"true\">\u00a0<\/p><p class=\"x_MsoNormal\"><strong>LA ESTRELLA DE IQUIQUE\u00a0<\/strong><\/p><p class=\"x_MsoNormal\"><a href=\"https:\/\/www.litoralpress.cl\/paginaconsultas\/Servicios_NClipSitio\/Get_Imagen_Nota.aspx?LPKey=5J6VNO63L4XF5QXQLI2M2KNCF7QNZF65UOEQDNCPAWXLM66BOG5NGWJIBVXCB765PBDY6QWLIW6VS\">Unap suscribe convenio para potenciar cepa de vino. Se menciona a Carlos Torres, rector y Felipe Laurie, acad\u00e9mico de la Facultad de Ciencias Agrarias.\u00a0<\/a><\/p><p class=\"x_MsoNormal\" aria-hidden=\"true\">\u00a0<\/p><p class=\"x_MsoNormal\"><strong>DIARIOLONGINO.CL\u00a0<\/strong><\/p><p class=\"x_MsoNormal\"><a href=\"https:\/\/diariolongino.cl\/suscribieron-rectores-de-la-unap-y-utalca-convenio-universitario-potenciara-cepas-patrimoniales-del-tamarugal\/\">Rectores de UNAP y UTalca suscriben convenio para potenciar cepas patrimoniales. Se refiere Carlos Torres, rector de la UTalca.\u00a0<\/a><\/p><p class=\"x_MsoNormal\" aria-hidden=\"true\">\u00a0<\/p><p class=\"x_MsoNormal\"><strong>LAMEGAFM.CL\u00a0<\/strong><\/p><p class=\"x_MsoNormal\"><a href=\"https:\/\/lamegafm.cl\/2022\/09\/03\/en-iquique-rectores-de-unap-y-utalca-suscriben-convenio-para-potenciar-cepas-patrimoniales\/\">En Iquique rectores de UNAP y UTalca suscriben convenio para potenciar cepas patrimoniales. Se refiere Carlos Torres, rector de la UTalca.\u00a0<\/a><\/p><p class=\"x_MsoNormal\" aria-hidden=\"true\">\u00a0<\/p><p class=\"x_MsoNormal\"><strong>IQUIQUEVISION.CL\u00a0<\/strong><\/p><p class=\"x_MsoNormal\"><a href=\"https:\/\/iquiquevision.cl\/2022\/09\/03\/en-iquique-rectores-de-unap-y-utalca-suscriben-convenio-para-potenciar-cepas-patrimoniales\/\">En Iquique rectores de UNAP y UTalca suscriben convenio para potenciar cepas patrimoniales. Se refiere Carlos Torres, rector de la UTalca.\u00a0<\/a><\/p><p class=\"x_MsoNormal\" aria-hidden=\"true\">\u00a0<\/p><p class=\"x_MsoNormal\"><strong>ADPRENSA.CL\u00a0<\/strong><\/p><p class=\"x_MsoNormal\"><a href=\"https:\/\/www.adprensa.cl\/actividades-academicas\/universidad-de-talca-anunciara-a-ganador-del-premio-iberoamericano-de-letras-jose-donoso\/\">Universidad de Talca anunciar\u00e1 a ganador del Premio Iberoamericano de Letras Jos\u00e9 Donoso. Se refieren Claire Mercier, acad\u00e9mica del Instituto de Estudios Human\u00edsticos Juan Ignacio Molina y Marcela Albornoz, directora de Extensi\u00f3n Cultural-Art\u00edstica.\u00a0<\/a><\/p><p class=\"x_MsoNormal\" aria-hidden=\"true\">\u00a0<\/p><p class=\"x_MsoNormal\"><strong>ELDIARIOSANTIAGO.CL\u00a0<\/strong><\/p><p class=\"x_MsoNormal\"><a href=\"https:\/\/eldiariosantiago.cl\/2022\/09\/02\/universidad-de-talca-anunciara-a-ganador-del-premio-iberoamericano-de-letras-jose-donoso\/\">Universidad de Talca anunciar\u00e1 a ganador del Premio Iberoamericano de Letras Jos\u00e9 Donoso. Se refieren Claire Mercier, acad\u00e9mica del Instituto de Estudios Human\u00edsticos Juan Ignacio Molina y Marcela Albornoz, directora de Extensi\u00f3n Cultural-Art\u00edstica.\u00a0<\/a><\/p><p class=\"x_MsoNormal\" aria-hidden=\"true\">\u00a0<\/p><p class=\"x_MsoNormal\"><strong>ELDIARIODELAARAUCANIA.CL\u00a0<\/strong><\/p><p class=\"x_MsoNormal\"><a href=\"https:\/\/eldiariodelaaraucania.cl\/2022\/09\/02\/universidad-de-talca-anunciara-a-ganador-del-premio-iberoamericano-de-letras-jose-donoso\/\">Universidad de Talca anunciar\u00e1 a ganador del Premio Iberoamericano de Letras Jos\u00e9 Donoso. Se refieren Claire Mercier, acad\u00e9mica del Instituto de Estudios Human\u00edsticos Juan Ignacio Molina y Marcela Albornoz, directora de Extensi\u00f3n Cultural-Art\u00edstica.\u00a0<\/a><\/p><p class=\"x_MsoNormal\" aria-hidden=\"true\">\u00a0<\/p><p class=\"x_MsoNormal\"><strong>EL MERCURIO\u00a0<\/strong><\/p><p class=\"x_MsoNormal\"><a href=\"https:\/\/www.litoralpress.cl\/paginaconsultas\/Servicios_NClipSitio\/Get_Imagen_Nota.aspx?LPKey=EWMAJFXJGTLRHHJG7TZBC6EFVWHL6KV3LP55V5XEU5AIE4UZEMIAS2I64HXMRCL3VMJL4HGH7H3RI\">Este desierto florido ser\u00e1 m\u00e1s vistoso, pero preocupa la germinaci\u00f3n de especies invasoras. Se refiere Marco Molina, director del Centro de Ecolog\u00eda Integrativa.\u00a0<\/a><\/p><p class=\"x_MsoNormal\">\u00a0<\/p><p class=\"x_MsoNormal\"><strong>LA PRENSA\u00a0<\/strong><\/p><p class=\"x_MsoNormal\"><a href=\"https:\/\/www.litoralpress.cl\/paginaconsultas\/Servicios_NClipSitio\/Get_Imagen_Nota.aspx?LPKey=B26CDCNZMBOQ6TEIM25TLXNOO6NQNJRPZV4BZBG4ZDNGC5MJOXLHR57GI3CS2YPTBB7QKMSMDICA2\">UTalca y Consejo de Defensa del Estado suscriben convenio. Se refieren Rodrigo Palomo, decano de la Facultad de Ciencias Jur\u00eddicas y Sociales y Ximena Novoa, directora de la Cl\u00ednica Jur\u00eddica en el Campus Talca.\u00a0<\/a><\/p><p class=\"x_MsoNormal\" aria-hidden=\"true\">\u00a0<\/p><p class=\"x_MsoNormal\"><strong>CONDOR.CL\u00a0<\/strong><\/p><p class=\"x_MsoNormal\"><a href=\"https:\/\/www.condor.cl\/2022\/09\/03\/escuela-de-pedagogias-en-aleman-zeugnisubergabe-an-den-jahrgang-2021\/\">Escuela de Pedagog\u00edas en Alem\u00e1n \u2013 Zeugnis\u00fcbergabe an den Jahrgang 2021. Se refiere a la Escuela de Pedagog\u00edas en Alem\u00e1n de la UTalca.\u00a0<\/a><\/p><p class=\"x_MsoNormal\">\u00a0<\/p><p class=\"x_MsoNormal\"><strong>EL LONGUINO\u00a0<\/strong><\/p><p class=\"x_MsoNormal\"><a href=\"https:\/\/www.litoralpress.cl\/paginaconsultas\/Servicios_NClipSitio\/Get_Imagen_Nota.aspx?LPKey=CWCZ4NYJVCNKTXSPM5U5WCYA5ERLKH3ROOQTHO7TUX4BE7Y3YEEL4PZCWBPWNXDBIEWRKPGOVRT7W\">Crean nueva tecnolog\u00eda que monitorea los ejercicios kinesiol\u00f3gicos de adultos mayores. Se refieren Valeska Gatica, directora del Centro Tecnol\u00f3gico de Telerrehabilitaci\u00f3n y Neurociencias en el Movimiento Humano (CTTN) y Natalia Ibarra, investigadora del Centro.\u00a0<\/a><\/p><p class=\"x_MsoNormal\">\u00a0<\/p><p class=\"x_MsoNormal\"><strong>RADIO DE CARABINEROS DE CHILE\u00a0<\/strong><\/p><p class=\"x_MsoNormal\"><a href=\"https:\/\/www.litoralpress.cl\/sitio\/RadioTV_Detalles.cshtml?LPKey=KNNXOA7JGDTI3KAXIJRIG4PGZEELKO7JQHYMFLWEYVXA2QKYTGEM5BGEYK3VVHAYZB3KUCX4IOJKY\">Entrevista a Mar\u00eda Pilar Garc\u00eda, acad\u00e9mica de la Escuela de Obstetricia y Puericultura. \u00a0<\/a><\/p><p class=\"x_MsoNormal\">\u00a0<\/p><p class=\"x_MsoNormal\"><strong>ELMAULEINFORMA.CL\u00a0<\/strong><\/p><p class=\"x_MsoNormal\"><a href=\"https:\/\/elmauleinforma.cl\/centro-interuniversitario-de-envejecimiento-saludable-participo-en-medicion-de-sindrome-de-fragilidad-y-sarcopenia\/\">Centro Interuniversitario de Envejecimiento Saludable particip\u00f3 en medici\u00f3n de S\u00edndrome de Fragilidad y Sarcopenia. Se refieren Iv\u00e1n Palomo, acad\u00e9mico de la Facultad de Ciencias de la Salud, Magdalena Sep\u00falveda y H\u00e9ctor Montecino, estudiantes de postgrado.\u00a0<\/a><\/p><p class=\"x_MsoNormal\">\u00a0<\/p><p class=\"x_MsoNormal\"><strong>RADIO M\u00c1GICA\u00a0<\/strong><\/p><p class=\"x_MsoNormal\"><a href=\"https:\/\/www.litoralpress.cl\/sitio\/RadioTV_Detalles.cshtml?LPKey=3C2PBQE52BBREYBXXQZ3IG6RCBW6DLO3M3N5IXS7RENFYLW4PUTASAYFXJW3WGFZRFSICKJ7OAXZI\">Panel de actualidad. Se refiere Marcelo Alarc\u00f3n, acad\u00e9mico del Departamento de Bioqu\u00edmica Cl\u00ednica e Inmunohematolog\u00eda. \u00a0<\/a><\/p><p class=\"x_MsoNormal\">\u00a0<\/p><p class=\"x_MsoNormal\"><strong>RADIO COOPERATIVA\u00a0<\/strong><\/p><p class=\"x_MsoNormal\"><a href=\"https:\/\/www.litoralpress.cl\/sitio\/RadioTV_Detalles.cshtml?LPKey=IQEZ7VPASSDASMTGNLRDD3YQPP7TFAWV4DVCUQGX2ADXVEHQIDKJMEJDPCI527AHXLLEUXRHVWBAI\">Entrevista a Patricio Gonz\u00e1lez, acad\u00e9mico del Centro de Investigaci\u00f3n y Transferencia en Riego y Agroclimatolog\u00eda (CITRA).\u00a0<\/a><\/p><p class=\"x_MsoNormal\">\u00a0<\/p><p class=\"x_MsoNormal\"><strong>COOPERATIVA.CL\u00a0<\/strong><\/p><p class=\"x_MsoNormal\"><a href=\"https:\/\/www.cooperativa.cl\/noticias\/pais\/servicios-basicos\/agua\/sequia-en-chile-agroclimatologo-advierte-que-seguimos-bajo-una\/2022-09-02\/184135.html\">Sequ\u00eda en Chile: Agroclimat\u00f3logo advierte que seguimos bajo una &#8220;fragilidad clim\u00e1tica&#8221;. Se refiere Patricio Gonz\u00e1lez, acad\u00e9mico del Centro de Investigaci\u00f3n y Transferencia en Riego y Agroclimatolog\u00eda (CITRA).\u00a0<\/a><\/p><p class=\"x_MsoNormal\">\u00a0<\/p><p class=\"x_MsoNormal\"><strong>LA PRENSA\u00a0<\/strong><\/p><p class=\"x_MsoNormal\"><a href=\"https:\/\/www.litoralpress.cl\/paginaconsultas\/Servicios_NClipSitio\/Get_Imagen_Nota.aspx?LPKey=MOF5MJRBENYBCKVR7XYHRRADSE6YK67UB324O3D7NYUTP2OEOGVHGSGTOGA6ZUDMYTTYZ5L3AKU3G\">Agroclimat\u00f3logo advierte que seguimos bajo una \u201cfragilidad clim\u00e1tica\u201d. Se refiere Patricio Gonz\u00e1lez, acad\u00e9mico del Centro de Investigaci\u00f3n y Transferencia en Riego y Agroclimatolog\u00eda (CITRA).\u00a0<\/a><\/p><p class=\"x_MsoNormal\" aria-hidden=\"true\">\u00a0<\/p><p class=\"x_MsoNormal\"><strong>EL HERALDO\u00a0<\/strong><\/p><p class=\"x_MsoNormal\"><a href=\"https:\/\/www.litoralpress.cl\/paginaconsultas\/Servicios_NClipSitio\/Get_Imagen_Nota.aspx?LPKey=2ALFSJHZFEOBCUKKWJ4SMTTVIHPILBARMPBWOHD7J3X4BNLEGNG4PJG66FOSSJYQMZS7RSESAMGQY\">Sequ\u00eda en Chile: Agroclimat\u00f3logo advierte que seguimos bajo una \u201cfragilidad clim\u00e1tica&#8221;. Se refiere Patricio Gonz\u00e1lez, acad\u00e9mico del Centro de Investigaci\u00f3n y Transferencia en Riego y Agroclimatolog\u00eda (CITRA).\u00a0<\/a><\/p><p class=\"x_MsoNormal\" aria-hidden=\"true\">\u00a0<\/p><p class=\"x_MsoNormal\"><strong>DIARIOELHERALDO.CL\u00a0<\/strong><\/p><p class=\"x_MsoNormal\"><a href=\"http:\/\/www.diarioelheraldo.cl\/noticia\/-sequia-en-chile-agroclimatologo-advierte-que-seguimos-bajo-una-fragilidad-climatica\">Sequ\u00eda en Chile: Agroclimat\u00f3logo advierte que seguimos bajo una &#8220;fragilidad clim\u00e1tica&#8221;. Se refiere Patricio Gonz\u00e1lez, acad\u00e9mico del Centro de Investigaci\u00f3n y Transferencia en Riego y Agroclimatolog\u00eda (CITRA).\u00a0<\/a><\/p><p class=\"x_MsoNormal\" aria-hidden=\"true\">\u00a0<\/p><p class=\"x_MsoNormal\"><strong>CANAL TVN RED MAULE\u00a0<\/strong><\/p><p class=\"x_MsoNormal\"><a href=\"https:\/\/www.litoralpress.cl\/sitio\/RadioTV_Detalles.cshtml?LPKey=BNQEIQGOOJAPDU3BK6RSGVNH5S27XFZW3PAXARD7NSOE4QQUMM4H7CGLK5XJW5YEFSSK5BFJGNFGI\">Ponen fin a la restricci\u00f3n para realizar actividades f\u00edsicas en Talca y Maule por la mala calidad del aire. Se refiere Felipe Varas, acad\u00e9mico de la Facultad de Ingenier\u00eda. \u00a0<\/a><\/p><p class=\"x_MsoNormal\">\u00a0<\/p><p class=\"x_MsoNormal\"><strong>LA PRENSA\u00a0<\/strong><\/p><p class=\"x_MsoNormal\"><a href=\"https:\/\/www.litoralpress.cl\/paginaconsultas\/Servicios_NClipSitio\/Get_Imagen_Nota.aspx?LPKey=YJDVPXAC42LD6FS5GOEDPMKDVB4X4YOLA3CJXTPBNAZJZYQ5TZIBNKIXQN3FF3IEMSQMKPMN2LCCS\">Apuntan a una miner\u00eda m\u00e1s sustentable. Se refiere Lina Uribe, acad\u00e9mica de la Facultad de Ingenier\u00eda.<\/a> \u00a0<\/p><p class=\"x_MsoNormal\"><strong>REDIMIN.CL\u00a0<\/strong><\/p><p class=\"x_MsoNormal\"><a href=\"https:\/\/www.redimin.cl\/experta-de-la-u-de-talca-investiga-uso-de-nanoparticulas-para-una-mineria-mas-sustentable\/\">Experta de la U. de Talca investiga uso de nanopart\u00edculas para una miner\u00eda m\u00e1s sustentable. Se refiere Lina Uribe, acad\u00e9mica de la Facultad de Ingenier\u00eda. \u00a0<\/a><\/p><p class=\"x_MsoNormal\" aria-hidden=\"true\">\u00a0<\/p><p class=\"x_MsoNormal\"><strong>G5NOTICIAS.CL\u00a0<\/strong><\/p><p class=\"x_MsoNormal\"><a href=\"https:\/\/g5noticias.cl\/2022\/09\/03\/experta-de-la-utalca-investiga-uso-de-nanoparticulas-para-una-mineria-mas-sustentable\/\">Experta de la UTalca investiga uso de nanopart\u00edculas para una miner\u00eda m\u00e1s sustentable. Se refiere Lina Uribe, acad\u00e9mica de la Facultad de Ingenier\u00eda.\u00a0<\/a><\/p><p class=\"x_MsoNormal\" aria-hidden=\"true\">\u00a0<\/p><p class=\"x_MsoNormal\"><strong>LA PRENSA\u00a0<\/strong><\/p><p class=\"x_MsoNormal\"><a href=\"https:\/\/www.litoralpress.cl\/paginaconsultas\/Servicios_NClipSitio\/Get_Imagen_Nota.aspx?LPKey=T2FAEQ6EQ3ZO3PWVJ37TBZMUO5JYITEMWWVTZOHXGIYHDLUY4B6ONOZZA2AWDE5ZLJ3RSITCW7P72\">Participan en taller de habilidades parentales. Se refiere Daniela Jarufe, acad\u00e9mica de la Facultad de Ciencias Jur\u00eddicas y Sociales. \u00a0<\/a><\/p><p class=\"x_MsoNormal\"><span class=\"x_MsoHyperlink\">\u00a0<\/span><\/p><p class=\"x_MsoNormal\"><strong><span class=\"x_MsoHyperlink\">ITVPATAGONIA.COM\u00a0<\/span><\/strong><\/p><p class=\"x_MsoNormal\"><a href=\"https:\/\/www.itvpatagonia.com\/regional\/magallanes-esta-dentro-de-las-regiones-de-alto-porcentaje-de-licitaciones-desiertas-en-la-construccion-publica\/2022\/09\/03\/6313bda6949cfc000ab44adb\"><span class=\"x_MsoHyperlink\">Magallanes est\u00e1 dentro de las regiones de alto porcentaje de licitaciones desiertas en la construcci\u00f3n p\u00fablica. Se refiere Armando Dur\u00e1n, director de la Escuela de Ingenier\u00eda Civil en Obras Civiles.<\/span><span class=\"x_MsoHyperlink\">\u00a0<\/span><\/a><\/p><p class=\"x_MsoNormal\"><span class=\"x_MsoHyperlink\">\u00a0<\/span><\/p><p class=\"x_MsoNormal\"><strong><span class=\"x_MsoHyperlink\">G5NOTICIAS.CL\u00a0<\/span><\/strong><\/p><p class=\"x_MsoNormal\"><a href=\"https:\/\/g5noticias.cl\/2022\/09\/03\/por-viajes-en-fiestas-patrias-recuerdan-uso-obligatorio-de-botiquin\/\"><span class=\"x_MsoHyperlink\">Por viajes en Fiestas Patrias: Recuerdan uso obligatorio de botiqu\u00edn. Se refiere Minerva Astudillo, directora de la Escuela de Enfermer\u00eda.\u00a0<\/span><span class=\"x_MsoHyperlink\">\u00a0<\/span><\/a><\/p><p class=\"x_MsoNormal\"><span class=\"x_MsoHyperlink\">\u00a0<\/span><\/p><p class=\"x_MsoNormal\"><strong><span class=\"x_MsoHyperlink\">MAULEHOY.CL\u00a0<\/span><\/strong><\/p><p class=\"x_MsoNormal\"><a href=\"https:\/\/maulehoy.cl\/2022\/09\/03\/rodrigo-bustamante-jefe-de-seguridad-digital-de-la-universidad-de-talca-en-materia-de-ciberataques-todos-estamos-propensos-a-este-tipo-de-golpes-que-vulneran-la-informacion\/\"><span class=\"x_MsoHyperlink\">Rodrigo Bustamante, jefe de Seguridad Digital de la Universidad de Talca: \u00abEn materia de ciberataques, todos estamos propensos a este tipo de golpes que vulneran la informaci\u00f3n\u00bb.\u00a0<\/span><\/a><\/p><p class=\"x_MsoNormal\"><span class=\"x_MsoHyperlink\">\u00a0<\/span><\/p><p class=\"x_MsoNormal\"><strong><span class=\"x_MsoHyperlink\">RADIO ADN<\/span>\u00a0<\/strong><\/p><p class=\"x_MsoNormal\"><a href=\"https:\/\/www.litoralpress.cl\/sitio\/RadioTV_Detalles.cshtml?LPKey=BN3BE6PJFUI4AQZ4QKE2IMACIOT476O6LGJ3TTDTZJ5SWMFRS5PDYJRENKNZXUEINTX3GLPIPBICU\">Argentina: Convulsi\u00f3n por intento de homicidio de Christina K. Se refiere Alejandra M\u00e1rquez, acad\u00e9mica del Centro de An\u00e1lisis Pol\u00edtico (CAP).\u00a0<\/a><\/p><p class=\"x_MsoNormal\" aria-hidden=\"true\">\u00a0<\/p><p class=\"x_MsoNormal\"><strong>EMOL.COM\u00a0<\/strong><\/p><p class=\"x_MsoNormal\"><a href=\"https:\/\/www.emol.com\/noticias\/Economia\/2022\/09\/03\/1071780\/escenario-economico-plebiscito-constitucion.html\">A un d\u00eda del Plebiscito: C\u00f3mo llega la econom\u00eda a la votaci\u00f3n y el dispar escenario con el refer\u00e9ndum de 2020. Se refiere Juan Andr\u00e9s Riquelme, director del Mag\u00edster en Econom\u00eda.\u00a0<\/a><\/p><p class=\"x_MsoNormal\">\u00a0<\/p><p class=\"x_MsoNormal\"><strong>EMOL.COM\u00a0<\/strong><\/p><p class=\"x_MsoNormal\"><a href=\"https:\/\/www.emol.com\/noticias\/Economia\/2022\/09\/02\/1071665\/reacciones-mercado-triunfo-apruebo-rechazo.html\">A dos d\u00edas del Plebiscito: Las dis\u00edmiles reacciones que tendr\u00eda el mercado ante triunfo del Apruebo o el Rechazo. Se refiere Rodrigo Saens, acad\u00e9mico de la Facultad de Econom\u00eda y Negocios (FEN).\u00a0<\/a><\/p><p class=\"x_MsoNormal\" aria-hidden=\"true\">\u00a0<\/p><p class=\"x_MsoNormal\"><strong>EL LECTOR\u00a0<\/strong><\/p><p class=\"x_MsoNormal\"><a href=\"https:\/\/www.litoralpress.cl\/paginaconsultas\/Servicios_NClipSitio\/Get_Imagen_Nota.aspx?LPKey=ECY3MPBE4PW65AERE2FNL2K7HGEKQ2OKZC4BFIUDW3EOYOBNE4OS6HP7YH4IHNV47BOM7A3EVAQZG\">Expertos adelantan dif\u00edcil panorama econ\u00f3mico para segundo semestre. Se refieren Juan Andr\u00e9s Riquelme y Arcadio Cerda, acad\u00e9micos de la Facultad de Econom\u00eda y Negocios (FEN).\u00a0<\/a><\/p><p class=\"x_MsoNormal\" aria-hidden=\"true\">\u00a0<\/p><p class=\"x_MsoNormal\"><strong>ADPRENSA.CL\u00a0<\/strong><\/p><p class=\"x_MsoNormal\"><a href=\"https:\/\/www.adprensa.cl\/actividades-academicas\/expertos-adelantan-dificil-panorama-economico-para-segundo-semestre\/\">Expertos adelantan dif\u00edcil panorama econ\u00f3mico para segundo semestre. Se refieren Juan Andr\u00e9s Riquelme y Arcadio Cerda, acad\u00e9micos de la Facultad de Econom\u00eda y Negocios (FEN).\u00a0<\/a><\/p><p class=\"x_MsoNormal\" aria-hidden=\"true\">\u00a0<\/p><p class=\"x_MsoNormal\"><strong>DIARIOTALCA.CL\u00a0<\/strong><\/p><p class=\"x_MsoNormal\"><a href=\"https:\/\/diariotalca.cl\/adelantan-dificil-panorama-economico-para-segundo-semestre-2022\/\">Adelantan dif\u00edcil panorama econ\u00f3mico para segundo semestre 2022. Se refieren Juan Andr\u00e9s Riquelme y Arcadio Cerda, acad\u00e9micos de la Facultad de Econom\u00eda y Negocios (FEN).\u00a0<\/a><\/p><p class=\"x_MsoNormal\" aria-hidden=\"true\">\u00a0<\/p><p class=\"x_MsoNormal\"><strong>RADIO M\u00c1GICA\u00a0<\/strong><\/p><p class=\"x_MsoNormal\"><a href=\"https:\/\/www.litoralpress.cl\/sitio\/RadioTV_Detalles.cshtml?LPKey=OHKR3BTMD5ID7IXQL6F3NQIMNHWSYUB5VB7PRKJVOAJLTAFNW43AIUTUSYNDPEQW75GCCPAQCJ2BU\">Panel de actualidad. Se refiere Juan Andr\u00e9s Riquelme, director del Mag\u00edster en Econom\u00eda.\u00a0<\/a><\/p><p class=\"x_MsoNormal\" aria-hidden=\"true\">\u00a0<\/p><p class=\"x_MsoNormal\"><strong>EL PING\u00dcINO\u00a0<\/strong><\/p><p class=\"x_MsoNormal\"><a href=\"https:\/\/www.litoralpress.cl\/paginaconsultas\/Servicios_NClipSitio\/Get_Imagen_Nota.aspx?LPKey=UKM4W4QRJTUFBHMCY72XRQT5EKHZWBN7N6VTYRJRWRT6S3UD3M6J2XRHWUYZ4ZRXYFL6BV4MDIQE2\">Analistas aseguran que el &#8220;frenazo&#8221; comenz\u00f3 y que el crecimiento ser\u00e1 negativo. Se refiere Juan Andr\u00e9s Riquelme, director del Mag\u00edster en Econom\u00eda. \u00a0<\/a><\/p><p class=\"x_MsoNormal\" aria-hidden=\"true\">\u00a0<\/p><p class=\"x_MsoNormal\"><strong>INICIA RADIO WEB TV\u00a0<\/strong><\/p><p class=\"x_MsoNormal\"><a href=\"https:\/\/www.litoralpress.cl\/sitio\/RadioTV_Detalles.cshtml?LPKey=B6FWZGYRXT3MRKNIBJKHWPYN34K5KMGSBV5KWCIW42OZAVI66RF6H4VISLJWK6FKZE4RHNLMI3ZQ6\">Expertos se refieren a la coyuntura econ\u00f3mica y el plebiscito. Se refiere Hern\u00e1n D\u00edaz, acad\u00e9mico de la Facultad de Econom\u00eda y Negocios (FEN).\u00a0<\/a><\/p><p class=\"x_MsoNormal\" aria-hidden=\"true\">\u00a0<\/p><p class=\"x_MsoNormal\"><strong>ELCENTRO.CL\u00a0<\/strong><\/p><p class=\"x_MsoNormal\"><a href=\"https:\/\/elcentro.cl\/2022\/09\/02\/art-121-de-propuesta-de-nueva-constitucion-derecho-a-compensacion-de-detenidos\/\">Art. 121 de Propuesta de Nueva Constituci\u00f3n: Derecho a compensaci\u00f3n de detenidos. Columna de opini\u00f3n de Diego Palomo, acad\u00e9mico de la Facultad de Ciencias Jur\u00eddicas y Sociales. \u00a0<\/a><\/p><p class=\"x_MsoNormal\" aria-hidden=\"true\">\u00a0<\/p><p class=\"x_MsoNormal\"><strong>LA PRENSA\u00a0<\/strong><\/p><p class=\"x_MsoNormal\"><a href=\"https:\/\/www.litoralpress.cl\/paginaconsultas\/Servicios_NClipSitio\/Get_Imagen_Nota.aspx?LPKey=5HJ5UYMWXNHHYKK7QZC22LYLOY5EYROXZCSTFCXKF4MRACC5V32LOMRAU6AG4EGTTNYWEAFQ5RWF2\">Participaci\u00f3n de los j\u00f3venes en el Plebiscito podr\u00edan decidir resultado. Se refieren Mario Herrera, acad\u00e9mico del Centro de An\u00e1lisis Pol\u00edtico (CAP), Emilio Moyano, acad\u00e9mico de la Facultad de Psicolog\u00eda y Marianella Flores, acad\u00e9mica de la Facultad de Ciencias de la Educaci\u00f3n.\u00a0<\/a><\/p><p class=\"x_MsoNormal\" aria-hidden=\"true\">\u00a0<\/p><p class=\"x_MsoNormal\"><strong>EL MERCURIO\u00a0<\/strong><\/p><p class=\"x_MsoNormal\"><a href=\"https:\/\/www.litoralpress.cl\/paginaconsultas\/Servicios_NClipSitio\/Get_Imagen_Nota.aspx?LPKey=WS6FWCPMO6CHJHOH3E4U2N6CXPSHZHUBXI63V4QKQISHCSVBN4HU2HZ4HSNGBQ4BTWY3YGF5NSBK4\">Las claves que hay que observar y que marcar\u00e1n la jornada. Se refiere Mauricio Morales, director del Centro de An\u00e1lisis Pol\u00edtico (CAP).\u00a0<\/a><\/p><p class=\"x_MsoNormal\" aria-hidden=\"true\">\u00a0<\/p><p class=\"x_MsoNormal\"><strong>EL MERCURIO\u00a0<\/strong><\/p><p class=\"x_MsoNormal\"><a href=\"https:\/\/www.litoralpress.cl\/paginaconsultas\/Servicios_NClipSitio\/Get_Imagen_Nota.aspx?LPKey=EVGE6ZZBC547MCHPYAV344NYCYBVIYEQJLO4OG2ULLMM4QA5NLLVPSGWC5DE4E2BB3ILGOYHBWSFW\">Los hitos de la campa\u00f1a del Apruebo y el Rechazo que marcar\u00e1n el plebiscito de hoy, seg\u00fan analistas. Se refiere Mauricio Morales, director del Centro de An\u00e1lisis Pol\u00edtico (CAP).\u00a0<\/a><\/p><p class=\"x_MsoNormal\" aria-hidden=\"true\">\u00a0<\/p><p class=\"x_MsoNormal\"><strong>CANAL MEGA\u00a0<\/strong><\/p><p class=\"x_MsoNormal\"><a href=\"https:\/\/www.litoralpress.cl\/sitio\/RadioTV_Detalles.cshtml?LPKey=LHIANPC7JJ3QXIWQGI2MZQQIU2MEWG3LGTPXZBGAHL6RXG2WODU4WPCG3MQEJ5PMSDY7YF2GRUFYU\">Mauricio Morales analiza \u00faltimos datos respecto al plebiscito. Se refiere el director del Centro de An\u00e1lisis Pol\u00edtico (CAP).\u00a0<\/a><\/p><p class=\"x_MsoNormal\">\u00a0<\/p><p class=\"x_MsoNormal\"><strong>CANAL MEGA\u00a0<\/strong><\/p><p class=\"x_MsoNormal\"><a href=\"https:\/\/www.litoralpress.cl\/sitio\/RadioTV_Detalles.cshtml?LPKey=7RZDUEVT2Q2IEXQEFUAGM6SAANDZPXPZ5FLZ5OZKACPWSSBLPRZCXGY5UDSKJB5HN5AW2W6ZZH3ZC\">Mauricio Morales se refiere a las claves del plebiscito. Se refiere el director del Centro de An\u00e1lisis Pol\u00edtico (CAP).\u00a0<\/a><\/p><p class=\"x_MsoNormal\" aria-hidden=\"true\">\u00a0<\/p><p class=\"x_MsoNormal\"><strong>CANAL MEGA\u00a0<\/strong><\/p><p class=\"x_MsoNormal\"><a href=\"https:\/\/www.litoralpress.cl\/sitio\/RadioTV_Detalles.cshtml?LPKey=X2X6N7O252KYPEEVCWDPILNUPHBLCD2QR3PUIP3ILFVE3M2SHUKCFP7L57V43FZ7OUCDRIDOLNHD2\">Mauricio Morales se refiere a las primeras impresiones del conteo del plebiscito. Se refiere el director del Centro de An\u00e1lisis Pol\u00edtico (CAP).\u00a0<\/a><\/p><p class=\"x_MsoNormal\" aria-hidden=\"true\">\u00a0<\/p><p class=\"x_MsoNormal\"><strong>CANAL MEGA\u00a0<\/strong><\/p><p class=\"x_MsoNormal\"><a href=\"https:\/\/www.litoralpress.cl\/sitio\/RadioTV_Detalles.cshtml?LPKey=Q6YG2JSJ63C2HNP2GTJRXSW7O2PTP37NEW4QJMWMDC52EPOMWSKPTLY3QZ2PKXBIQIS6QY6TIQWRE\">La futura revisi\u00f3n de resultados del plebiscito. Se refiere Mauricio Morales, director del Centro de An\u00e1lisis Pol\u00edtico (CAP).\u00a0<\/a><\/p><p class=\"x_MsoNormal\" aria-hidden=\"true\">\u00a0<\/p><p class=\"x_MsoNormal\"><strong>CANAL MEGA\u00a0<\/strong><\/p><p class=\"x_MsoNormal\"><a href=\"https:\/\/www.litoralpress.cl\/sitio\/RadioTV_Detalles.cshtml?LPKey=XGBXRLLE2LOG4HRRYIN4W7XL5DQKKVY2HPYON4JWPWDYZJMPGP5667RNQLDUAU5ELIJ6CVKVM42YI\">Plebiscito: Comienza la habilitaci\u00f3n de recintos de votaci\u00f3n. Se refiere Mauricio Morales, director del Centro de An\u00e1lisis Pol\u00edtico (CAP).\u00a0<\/a><\/p><p class=\"x_MsoNormal\" aria-hidden=\"true\">\u00a0<\/p><p class=\"x_MsoNormal\"><strong>CANAL MEGA\u00a0<\/strong><\/p><p class=\"x_MsoNormal\"><a href=\"https:\/\/www.litoralpress.cl\/sitio\/RadioTV_Detalles.cshtml?LPKey=7YJJA3FWW24H4XPONHRQWFGKBNFEOYDEDL3YTOGIVEHINFQ3236VEYJQIPQBE22CRAD4NPR6FPWIW\">El plebiscito de salida del domingo 4 de septiembre es con voto obligatorio. Se refiere Mauricio Morales, director del Centro de An\u00e1lisis Pol\u00edtico (CAP).\u00a0<\/a><\/p><p class=\"x_MsoNormal\" aria-hidden=\"true\">\u00a0<\/p><p class=\"x_MsoNormal\"><strong>CANAL MEGA\u00a0<\/strong><\/p><p class=\"x_MsoNormal\"><a href=\"https:\/\/www.litoralpress.cl\/sitio\/RadioTV_Detalles.cshtml?LPKey=UFCRLTW2CFXZZRIFNZKPPA32VOEDRBUEQHB3LPCGZZYZ6HG7AMDWSRZFZ42SOXXMFBGVECR6WMKHQ\">Plebiscito en cuenta regresiva. Se refiere Mauricio Morales, director del Centro de An\u00e1lisis Pol\u00edtico (CAP).\u00a0<\/a><\/p><p class=\"x_MsoNormal\" aria-hidden=\"true\">\u00a0<\/p><p class=\"x_MsoNormal\"><strong>RADIO FUTURO\u00a0<\/strong><\/p><p class=\"x_MsoNormal\"><a href=\"https:\/\/www.litoralpress.cl\/sitio\/RadioTV_Detalles.cshtml?LPKey=NUTN6W4LIG4T6BUOM2WKT6NRWICZSSDKNMTN5DNGIUZRNBS2FAMNHI3QFWTURFQKJ5TWS37DJTHQC\">Entrevista a Mario Herrera, acad\u00e9mico del Centro de An\u00e1lisis Pol\u00edtico (CAP).\u00a0<\/a><\/p><p class=\"x_MsoNormal\" aria-hidden=\"true\">\u00a0<\/p><p class=\"x_MsoNormal\"><strong>24HORAS.CL\u00a0<\/strong><\/p><p class=\"x_MsoNormal\"><a href=\"https:\/\/www.24horas.cl\/programas\/via-publica\/academicos-analizan-cierre-de-campanas-por-el-apruebo-y-el-rechazo\">Acad\u00e9micos analizan cierre de campa\u00f1as por el Apruebo y el Rechazo. Se refiere Mario Herrera, acad\u00e9mico del Centro de An\u00e1lisis Pol\u00edtico (CAP).\u00a0<\/a><\/p><p class=\"x_MsoNormal\" aria-hidden=\"true\">\u00a0<\/p><p class=\"x_MsoNormal\"><strong>LATERCERA.COM\u00a0<\/strong><\/p><p class=\"x_MsoNormal\"><a href=\"https:\/\/www.latercera.com\/la-tercera-pm\/noticia\/los-numeros-clave-que-marcaron-el-plebiscito-de-entrada\/FLQLQ5A7XVAD3H6FXGMGYPQN5A\/\">Los n\u00fameros que marcaron el Plebiscito de Entrada: los que m\u00e1s votaron y d\u00f3nde la brecha fue mayor. Se refiere Mauricio Morales, director del Centro de An\u00e1lisis Pol\u00edtico (CAP).\u00a0<\/a><\/p><p class=\"x_MsoNormal\" aria-hidden=\"true\">\u00a0<\/p><p class=\"x_MsoNormal\"><strong>LATERCERA.COM\u00a0<\/strong><\/p><p class=\"x_MsoNormal\"><a href=\"https:\/\/www.latercera.com\/la-tercera-pm\/noticia\/la-nerviosa-espera-de-los-encuestologos-y-analistas-en-la-antesala-del-plebiscito\/5BZEGH5FYRFAVD2XK6QXVBWY4Q\/\">La nerviosa espera de los encuest\u00f3logos y analistas en la antesala del plebiscito. Se refiere Mauricio Morales, director del Centro de An\u00e1lisis Pol\u00edtico (CAP).\u00a0<\/a><\/p><p class=\"x_MsoNormal\" aria-hidden=\"true\">\u00a0<\/p><p class=\"x_MsoNormal\"><strong>ELDESCONCIERTO.CL\u00a0<\/strong><\/p><p class=\"x_MsoNormal\"><a href=\"https:\/\/www.eldesconcierto.cl\/nacional\/2022\/09\/01\/desde-el-amor-hasta-los-contenidos-analistas-evaluan-la-campana-del-plebiscito.html\">Desde el amor hasta los contenidos: Analistas eval\u00faan la campa\u00f1a del Plebiscito. Se refiere Mario Herrera, acad\u00e9mico del Centro de An\u00e1lisis Pol\u00edtico (CAP).\u00a0<\/a><\/p><p class=\"x_MsoNormal\" aria-hidden=\"true\">\u00a0<\/p><p class=\"x_MsoNormal\"><strong>FUTURO.CL\u00a0<\/strong><\/p><p class=\"x_MsoNormal\"><a href=\"https:\/\/www.futuro.cl\/2022\/09\/analista-politico-la-convocatoria-que-se-hizo-para-el-apruebo-fue-una-prueba-de-fuego\/\">Analista pol\u00edtico: \u00abLa convocatoria que se hizo, para el Apruebo fue una prueba de fuego\u00bb. Se refiere Mario Herrera, acad\u00e9mico del Centro de An\u00e1lisis Pol\u00edtico (CAP).\u00a0<\/a><\/p><p class=\"x_MsoNormal\" aria-hidden=\"true\">\u00a0<\/p><p class=\"x_MsoNormal\"><strong>DIARIOTALCA.CL\u00a0<\/strong><\/p><p class=\"x_MsoNormal\"><a href=\"https:\/\/diariotalca.cl\/analista-politico-mario-herrera-si-el-texto-se-aprueba-necesita-modificaciones\/\">Analista pol\u00edtico Mario Herrera: \u201cSi el texto se aprueba necesita modificaciones\u00bb. Se refiere Mario Herrera, acad\u00e9mico del Centro de An\u00e1lisis Pol\u00edtico (CAP).\u00a0<\/a><\/p><p class=\"x_MsoNormal\" aria-hidden=\"true\">\u00a0<\/p><p class=\"x_MsoNormal\"><strong>RADIO GUAYAC\u00c1N\u00a0<\/strong><\/p><p class=\"x_MsoNormal\"><a href=\"https:\/\/www.litoralpress.cl\/sitio\/RadioTV_Detalles.cshtml?LPKey=CANOPRS2O2JZVB3BKI6IAO5ZJNHV4T6TE6EVMJNNB5DRGXOH5GZ6SU23KVERPQQUAUSFWODURHXIK\">Entrevista a Mario Herrera, acad\u00e9mico del Centro de An\u00e1lisis Pol\u00edtico (CAP).\u00a0<\/a><\/p><p class=\"x_MsoNormal\" aria-hidden=\"true\">\u00a0<\/p><p class=\"x_MsoNormal\"><strong>CANAL TVN RED MAULE\u00a0<\/strong><\/p><p class=\"x_MsoNormal\"><a href=\"https:\/\/www.litoralpress.cl\/sitio\/RadioTV_Detalles.cshtml?LPKey=UDJUD6H5LV7T4FNK2BL64AHJMGPWEGOELPUV5GIBUIR4BJ64VUPAU7HPJP3OHFEF2KS7NT6FRGHWA\">Inauguran la exposici\u00f3n pict\u00f3rica en homenaje a Ximena Cristi en Talca.\u00a0<\/a><\/p><p class=\"x_MsoNormal\">\u00a0<\/p>\t\t\t\t\t\t<\/div>\n\t\t\t\t<\/div>\n\t\t\t\t\t<\/div>\n\t\t<\/div>\n\t\t\t\t\t\t\t<\/div>\n\t\t<\/section>\n\t\t\t\t\t\t<\/div>\n\t\t\t\t\t<\/div>\n\t\t","protected":false},"excerpt":{"rendered":"<p>LA PRENSA\u00a0 El compromiso de las universidades del Estado en equidad de g\u00e9nero. Columna de opini\u00f3n de Carlos Torres, rector de la UTalca.\u00a0 \u00a0 EL LONGUINO\u00a0 Convenio universitario potenciar\u00e1 cepas patrimoniales del Tamarugal. Se refiere Carlos Torres, rector de la UTalca.\u00a0 \u00a0 LA ESTRELLA DE IQUIQUE\u00a0 Unap suscribe convenio para potenciar cepa de vino. Se &hellip;<\/p>\n<p class=\"read-more\"> <a class=\"\" href=\"https:\/\/www.reportedeprensa.utalca.cl\/?p=4901\"> <span class=\"screen-reader-text\">05 de septiembre de 2022<\/span> Read More &raquo;<\/a><\/p>\n","protected":false},"author":1,"featured_media":0,"comment_status":"closed","ping_status":"open","sticky":false,"template":"","format":"standard","meta":{"_monsterinsights_skip_tracking":false,"_monsterinsights_sitenote_active":false,"_monsterinsights_sitenote_note":"","_monsterinsights_sitenote_category":0},"categories":[25],"tags":[],"_links":{"self":[{"href":"https:\/\/www.reportedeprensa.utalca.cl\/index.php?rest_route=\/wp\/v2\/posts\/4901"}],"collection":[{"href":"https:\/\/www.reportedeprensa.utalca.cl\/index.php?rest_route=\/wp\/v2\/posts"}],"about":[{"href":"https:\/\/www.reportedeprensa.utalca.cl\/index.php?rest_route=\/wp\/v2\/types\/post"}],"author":[{"embeddable":true,"href":"https:\/\/www.reportedeprensa.utalca.cl\/index.php?rest_route=\/wp\/v2\/users\/1"}],"replies":[{"embeddable":true,"href":"https:\/\/www.reportedeprensa.utalca.cl\/index.php?rest_route=%2Fwp%2Fv2%2Fcomments&post=4901"}],"version-history":[{"count":4,"href":"https:\/\/www.reportedeprensa.utalca.cl\/index.php?rest_route=\/wp\/v2\/posts\/4901\/revisions"}],"predecessor-version":[{"id":4905,"href":"https:\/\/www.reportedeprensa.utalca.cl\/index.php?rest_route=\/wp\/v2\/posts\/4901\/revisions\/4905"}],"wp:attachment":[{"href":"https:\/\/www.reportedeprensa.utalca.cl\/index.php?rest_route=%2Fwp%2Fv2%2Fmedia&parent=4901"}],"wp:term":[{"taxonomy":"category","embeddable":true,"href":"https:\/\/www.reportedeprensa.utalca.cl\/index.php?rest_route=%2Fwp%2Fv2%2Fcategories&post=4901"},{"taxonomy":"post_tag","embeddable":true,"href":"https:\/\/www.reportedeprensa.utalca.cl\/index.php?rest_route=%2Fwp%2Fv2%2Ftags&post=4901"}],"curies":[{"name":"wp","href":"https:\/\/api.w.org\/{rel}","templated":true}]}}