{"id":4913,"date":"2022-09-06T09:42:31","date_gmt":"2022-09-06T12:42:31","guid":{"rendered":"https:\/\/www.reportedeprensa.utalca.cl\/?p=4913"},"modified":"2022-09-06T09:46:56","modified_gmt":"2022-09-06T12:46:56","slug":"06-de-septiembre-de-2022","status":"publish","type":"post","link":"https:\/\/www.reportedeprensa.utalca.cl\/?p=4913","title":{"rendered":"06 de septiembre de 2022"},"content":{"rendered":"\t\t<div data-elementor-type=\"wp-post\" data-elementor-id=\"4913\" class=\"elementor elementor-4913\" data-elementor-settings=\"[]\">\n\t\t\t\t\t\t\t<div class=\"elementor-section-wrap\">\n\t\t\t\t\t\t\t<section class=\"elementor-section elementor-top-section elementor-element elementor-element-44052ab7 elementor-section-boxed elementor-section-height-default elementor-section-height-default\" data-id=\"44052ab7\" data-element_type=\"section\">\n\t\t\t\t\t\t<div class=\"elementor-container elementor-column-gap-default\">\n\t\t\t\t\t<div class=\"elementor-column elementor-col-100 elementor-top-column elementor-element elementor-element-5b002d83\" data-id=\"5b002d83\" data-element_type=\"column\">\n\t\t\t<div class=\"elementor-widget-wrap elementor-element-populated\">\n\t\t\t\t\t\t\t\t<div class=\"elementor-element elementor-element-477998b8 elementor-widget elementor-widget-text-editor\" data-id=\"477998b8\" data-element_type=\"widget\" data-widget_type=\"text-editor.default\">\n\t\t\t\t<div class=\"elementor-widget-container\">\n\t\t\t\t\t\t\t\t<p class=\"x_MsoNormal\"><strong>ADPRENSA.CL\u00a0<\/strong><\/p><p class=\"x_MsoNormal\"><a href=\"https:\/\/www.adprensa.cl\/cronica\/carreras-de-ingenieria-de-la-universidad-de-talca-reciben-importante-acreditacion-internacional\/\">Carreras de Ingenier\u00eda de la Universidad de Talca reciben importante acreditaci\u00f3n internacional. Se refieren Javier Mu\u00f1oz, decano de la Facultad de Ingenier\u00eda, Jos\u00e9 Rojas director de la Escuela de Ingenier\u00eda Civil Mec\u00e1nica y Diego Lagos, director de la Escuela de Ingenier\u00eda Civil Industrial.\u00a0<\/a><\/p><p class=\"x_MsoNormal\">\u00a0<\/p><p class=\"x_MsoNormal\"><strong>MEDIABANCO.COM\u00a0<\/strong><\/p><p class=\"x_MsoNormal\"><a href=\"https:\/\/www.mediabanco.com\/carreras-de-ingenieria-de-la-universidad-de-talca-reciben-importante-acreditacion-internacional\/\">Carreras de Ingenier\u00eda de la Universidad de Talca reciben importante acreditaci\u00f3n internacional. Se refieren Javier Mu\u00f1oz, decano de la Facultad de Ingenier\u00eda, Jos\u00e9 Rojas director de la Escuela de Ingenier\u00eda Civil Mec\u00e1nica y Diego Lagos, director de la Escuela de Ingenier\u00eda Civil Industrial.\u00a0<\/a><\/p><p class=\"x_MsoNormal\" aria-hidden=\"true\">\u00a0<\/p><p class=\"x_MsoNormal\"><strong>MEDIODIRECTO.CL\u00a0<\/strong><\/p><p class=\"x_MsoNormal\"><a href=\"https:\/\/mediodirecto.cl\/2022\/09\/05\/universidades-se-unen-en-torno-al-proyecto-vino-del-desierto\/\">Universidades se unen en torno al proyecto \u00abvino del desierto\u00bb. Se refiere Carlos Torres, rector de la UTalca.\u00a0<\/a><\/p><p class=\"x_MsoNormal\">\u00a0<\/p><p class=\"x_MsoNormal\"><strong>LA PRENSA\u00a0<\/strong><\/p><p class=\"x_MsoNormal\"><a href=\"https:\/\/www.litoralpress.cl\/paginaconsultas\/Servicios_NClipSitio\/Get_Imagen_Nota.aspx?LPKey=H2RX44I6ONJDDESBBGWD5SEMG6FPGOUT4GZ3IAKDGRM5PGPBBRLA53OHR26RXRD5OA4YOHT5ANEFM\">UTalca anunciar\u00e1 ganador de Premio de Letras Jos\u00e9 Donoso.\u00a0<\/a><\/p><p class=\"x_MsoNormal\">\u00a0<\/p><p class=\"x_MsoNormal\"><strong>EL MERCURIO\u00a0<\/strong><\/p><p class=\"x_MsoNormal\"><a href=\"https:\/\/www.litoralpress.cl\/paginaconsultas\/Servicios_NClipSitio\/Get_Imagen_Nota.aspx?LPKey=CF2RJTPRLDLPHC7A3W4HJCSZI4QODBG55TXZQG5AMMADJ6NNY5GZNR4TXL35R6PXLZDO7QCY6I6XA\">Consumo de agua y producci\u00f3n de alimentos. Columna de opini\u00f3n de Jos\u00e9 Antonio Yuri, acad\u00e9mico de la Facultad de Ciencias Agrarias.\u00a0<\/a><\/p><p class=\"x_MsoNormal\">\u00a0<\/p><p class=\"x_MsoNormal\"><strong>RADIO DE CARABINEROS DE CHILE\u00a0<\/strong><\/p><p class=\"x_MsoNormal\"><a href=\"https:\/\/www.litoralpress.cl\/sitio\/RadioTV_Detalles.cshtml?LPKey=5FH7JC5MXMCUFM3GZWTGEVSOZB4WGYSB2PSPQKNC4NMCZIPVNZFQU2LDZLCRYE2C2M7KN2XYY5Y5A\">Entrevista a Patricio Gonz\u00e1lez, acad\u00e9mico del Centro de Investigaci\u00f3n y Transferencia en Riego y Agroclimatolog\u00eda (CITRA).\u00a0<\/a><\/p><p class=\"x_MsoNormal\">\u00a0<\/p><p class=\"x_MsoNormal\"><strong>EL LONGUINO\u00a0<\/strong><\/p><p class=\"x_MsoNormal\"><a href=\"https:\/\/www.litoralpress.cl\/paginaconsultas\/Servicios_NClipSitio\/Get_Imagen_Nota.aspx?LPKey=UKYE3YRFTQE3XSTMZCBZXEAONT2NQOKQYJGGEWXHSQAQXBROTYNSAQHGDNPDLBG5FGIG2O764MC7G\">Estudiaran el patr\u00f3n alimentario y perfil sociosanitario de los adultos mayores. Se refiere Iv\u00e1n Palomo, acad\u00e9mico de la Facultad de Ciencias de la Salud. \u00a0<\/a><\/p><p class=\"x_MsoNormal\">\u00a0<\/p><p class=\"x_MsoNormal\"><strong>PORTALEDUCACION.CL\u00a0<\/strong><\/p><p class=\"x_MsoNormal\"><a href=\"https:\/\/portaleducacion.cl\/index.php\/2022\/09\/05\/diez-investigaciones-de-estudiantes-de-postgrado-se-presentaron-en-jornada-organizada-por-la-utalca-y-la-usach\/\">Diez investigaciones de estudiantes de postgrado se presentaron en jornada organizada por la UTalca y la Usach. Se refieren H\u00e9ctor Quinteros, director del Magister en Ciencias de la Ingenier\u00eda menci\u00f3n en Ingenier\u00eda Mec\u00e1nica, Carlos Imas, Mat\u00edas Jaque y Johan Gonz\u00e1lez, estudiantes del programa.\u00a0<\/a><\/p><p class=\"x_MsoNormal\">\u00a0<\/p><p class=\"x_MsoNormal\"><strong>CONTRAPLANO.CL\u00a0<\/strong><\/p><p class=\"x_MsoNormal\"><a href=\"https:\/\/contraplano.cl\/2022\/09\/05\/diez-investigaciones-de-estudiantes-de-postgrado-se-presentaron-en-jornada-organizada-por-la-utalca-y-la-usach\/\">Diez investigaciones de estudiantes de postgrado se presentaron en jornada organizada por la UTalca y la Usach. Se refieren H\u00e9ctor Quinteros, director del Magister en Ciencias de la Ingenier\u00eda menci\u00f3n en Ingenier\u00eda Mec\u00e1nica,\u00a0Carlos Imas, Mat\u00edas Jaque y Johan Gonz\u00e1lez, estudiantes del programa.\u00a0<\/a><\/p><p class=\"x_MsoNormal\" aria-hidden=\"true\">\u00a0<\/p><p class=\"x_MsoNormal\"><strong>ELMOSTRADOR.CL\u00a0<\/strong><\/p><p class=\"x_MsoNormal\"><a href=\"https:\/\/www.elmostrador.cl\/destacado\/2022\/09\/04\/status-quo-y-quo-vadis\/\">Status quo y quo vadis. Se refiere Paulo Cox, acad\u00e9mico de la Facultad de Econom\u00eda y Negocios (FEN).\u00a0<\/a><\/p><p class=\"x_MsoNormal\">\u00a0<\/p><p class=\"x_MsoNormal\"><strong>ELCIUDADANO.COM\u00a0<\/strong><\/p><p class=\"x_MsoNormal\"><a href=\"https:\/\/www.elciudadano.com\/chile\/chile-expertos-adelantan-dificil-panorama-economico-para-el-segundo-semestre-de-2022\/09\/05\/\">Chile: Expertos adelantan dif\u00edcil panorama econ\u00f3mico para el segundo semestre de 2022. Se refieren Juan Andr\u00e9s Riquelme y Arcadio Cerda, acad\u00e9micos de la Facultad de Econom\u00eda y Negocios (FEN).\u00a0<\/a><\/p><p class=\"x_MsoNormal\">\u00a0<\/p><p class=\"x_MsoNormal\"><strong>ELMAULEINFORMA.CL\u00a0<\/strong><\/p><p class=\"x_MsoNormal\"><a href=\"https:\/\/elmauleinforma.cl\/expertos-adelantan-dificil-panorama-economico-para-segundo-semestre\/\">Expertos adelantan dif\u00edcil panorama econ\u00f3mico para segundo semestre. Se refieren Juan Andr\u00e9s Riquelme y Arcadio Cerda, acad\u00e9micos de la Facultad de Econom\u00eda y Negocios (FEN).\u00a0<\/a><\/p><p class=\"x_MsoNormal\" aria-hidden=\"true\">\u00a0<\/p><p class=\"x_MsoNormal\"><strong>SEPTIMAPAGINANOTICIAS.CL\u00a0<\/strong><\/p><p class=\"x_MsoNormal\"><a href=\"https:\/\/www.septimapaginanoticias.cl\/expertos-adelantan-dificil-panorama-economico-para-segundo-semestre\">Expertos adelantan dif\u00edcil panorama econ\u00f3mico para segundo semestre. Se refieren Juan Andr\u00e9s Riquelme y Arcadio Cerda, acad\u00e9micos de la Facultad de Econom\u00eda y Negocios (FEN).\u00a0<\/a><\/p><p class=\"x_MsoNormal\" aria-hidden=\"true\">\u00a0<\/p><p class=\"x_MsoNormal\"><strong>G5NOTICIAS.CL\u00a0<\/strong><\/p><p class=\"x_MsoNormal\"><a href=\"https:\/\/g5noticias.cl\/2022\/09\/05\/expertos-adelantan-dificil-panorama-economico-para-segundo-semestre\/\">Expertos adelantan dif\u00edcil panorama econ\u00f3mico para segundo semestre. Se refieren Juan Andr\u00e9s Riquelme y Arcadio Cerda, acad\u00e9micos de la Facultad de Econom\u00eda y Negocios (FEN).\u00a0<\/a><\/p><p class=\"x_MsoNormal\" aria-hidden=\"true\">\u00a0<\/p><p class=\"x_MsoNormal\"><strong>CANAL MEGA\u00a0<\/strong><\/p><p class=\"x_MsoNormal\"><a href=\"https:\/\/www.litoralpress.cl\/sitio\/RadioTV_Detalles.cshtml?LPKey=F7FFO2HO3XAH5QXVCALEPZGX7GCPRZ4ZLVUWF2EUMPHOZ44BXB73FLS72RRDV65MT3JRTNL7XBJBO\">Entrevista a Mauricio Morales, director del Centro de An\u00e1lisis Pol\u00edtico (CAP).\u00a0<\/a><\/p><p class=\"x_MsoNormal\">\u00a0<\/p><p class=\"x_MsoNormal\"><strong>CANAL MEGA\u00a0<\/strong><\/p><p class=\"x_MsoNormal\"><a href=\"https:\/\/www.litoralpress.cl\/sitio\/RadioTV_Detalles.cshtml?LPKey=FDSVAWJZNXTRN26YXXGQ6KAHUA45YU5B67MPXVABSI54NE7GQ5YRNXBPBWOYKFEU7AJILIHYUQI3C\">Los responsables de la derrota del Apruebo en el plebiscito. Se refiere Mauricio Morales, director del Centro de An\u00e1lisis Pol\u00edtico (CAP).\u00a0<\/a><\/p><p class=\"x_MsoNormal\">\u00a0<\/p><p class=\"x_MsoNormal\"><strong>CANAL MEGA\u00a0<\/strong><\/p><p class=\"x_MsoNormal\"><a href=\"https:\/\/www.litoralpress.cl\/sitio\/RadioTV_Detalles.cshtml?LPKey=GIZL7REXLRF7ZAQRTYI6JXNJN73JD6YJ6KMKPVZJPSI5ZKJZXTTRYAIFVOUVXR5QTSSYRHMJUAUGS\">El d\u00eda despu\u00e9s del plebiscito en La Moneda. Se refiere Mauricio Morales, director del Centro de An\u00e1lisis Pol\u00edtico (CAP).\u00a0<\/a><\/p><p class=\"x_MsoNormal\" aria-hidden=\"true\">\u00a0<\/p><p class=\"x_MsoNormal\"><strong>CANAL MEGA\u00a0<\/strong><\/p><p class=\"x_MsoNormal\"><a href=\"https:\/\/www.litoralpress.cl\/sitio\/RadioTV_Detalles.cshtml?LPKey=JFUFQGMHTS7CISO3KXZIRMZFTIY3JRU7OAOIVTCBJPTHAYTRMWRBK7DROYH4WGBAPZV6RJDCJJ7FA\">\u00bfCu\u00e1les ser\u00e1n los pasos del Presidente Gabriel Boric tras el triunfo del Rechazo en el plebiscito? Se refiere Mauricio Morales, director del Centro de An\u00e1lisis Pol\u00edtico (CAP).\u00a0<\/a><\/p><p class=\"x_MsoNormal\" aria-hidden=\"true\">\u00a0<\/p><p class=\"x_MsoNormal\"><strong>RADIO INFINITA\u00a0<\/strong><\/p><p class=\"x_MsoNormal\"><a href=\"https:\/\/www.litoralpress.cl\/sitio\/RadioTV_Detalles.cshtml?LPKey=SJB73NIFRVWNEVCYWUAA4TYR6W3MC5QPSBTE6WEQGLYV2RL2UXXIULTHEWYWGWYDOEL6H32W2LATO\">Comentario de Mauricio Morales, director del Centro de An\u00e1lisis Pol\u00edtico (CAP).\u00a0<\/a><\/p><p class=\"x_MsoNormal\">\u00a0<\/p><p class=\"x_MsoNormal\"><strong>RADIO COOPERATIVA\u00a0<\/strong><\/p><p class=\"x_MsoNormal\"><a href=\"https:\/\/www.litoralpress.cl\/sitio\/RadioTV_Detalles.cshtml?LPKey=EE3OZU3GKB2CK4LVERBQONS5KJ7L5KEYXDTHUGU5ZEDTN7F63BN6QQB5SPXFFVCH35HZXYBRWMY3G\">Analizamos los datos tras el d\u00eda despu\u00e9s del plebiscito de salida. Se refiere Mario Herrera, acad\u00e9mico del Centro de An\u00e1lisis Pol\u00edtico (CAP).\u00a0<\/a><\/p><p class=\"x_MsoNormal\">\u00a0<\/p><p class=\"x_MsoNormal\"><strong>MEGANOTICIAS.CL\u00a0<\/strong><\/p><p class=\"x_MsoNormal\"><a href=\"https:\/\/www.meganoticias.cl\/nacional\/388742-nueva-constitucion-convencion-constitucional-propuesta-plazo-de-6-meses-analista-mauricio-morales-05-09-2022.html\">70 miembros, sin hoja en blanco y plazo de 6 meses: Mauricio Morales propone mecanismo para posible nueva Convenci\u00f3n. Se refiere el director del Centro de An\u00e1lisis Pol\u00edtico (CAP).\u00a0<\/a><\/p><p class=\"x_MsoNormal\">\u00a0<\/p><p class=\"x_MsoNormal\"><strong>MEGANOTICIAS.CL\u00a0<\/strong><\/p><p class=\"x_MsoNormal\"><a href=\"https:\/\/www.meganoticias.cl\/nacional\/388686-cambio-de-gabinete-presidente-boric-que-ministros-se-deberian-salir-05-09-2022.html\">Posible cambio de gabinete: Analista pol\u00edtico se\u00f1ala cu\u00e1les ministerios deben sufrir modificaciones. Se refiere Mauricio Morales, director del Centro de An\u00e1lisis Pol\u00edtico (CAP).\u00a0<\/a><\/p><p class=\"x_MsoNormal\" aria-hidden=\"true\">\u00a0<\/p><p class=\"x_MsoNormal\"><strong>LATERCERA.COM\u00a0<\/strong><\/p><p class=\"x_MsoNormal\"><a href=\"https:\/\/www.latercera.com\/la-tercera-pm\/noticia\/macaya-sube-sus-bonos-en-la-derecha-y-asoma-como-el-nuevo-cabeza-de-serie-para-un-acuerdo-constitucional\/T6V5ENJAFZCZXHFXHTPQIYLVHY\/\">Macaya asoma como el nuevo cabeza de serie en la derecha para un acuerdo constitucional y tensiona a RN. Se refiere Mauricio Morales, director del Centro de An\u00e1lisis Pol\u00edtico (CAP).\u00a0<\/a><\/p><p class=\"x_MsoNormal\">\u00a0<\/p><p class=\"x_MsoNormal\"><strong>EMOL.COM\u00a0<\/strong><\/p><p class=\"x_MsoNormal\"><a href=\"https:\/\/www.emol.com\/noticias\/Economia\/2022\/09\/05\/1071957\/rechazo-constitucion-derrota-boric-mercados.html\">Bloomberg califica como &#8220;un duro golpe para Boric&#8221; triunfo del Rechazo y analiza su efecto en mercado. Se refiere Mauricio Morales, director del Centro de An\u00e1lisis Pol\u00edtico (CAP).\u00a0<\/a><\/p><p class=\"x_MsoNormal\">\u00a0<\/p><p class=\"x_MsoNormal\"><strong>ELMOSTRADOR.CL\u00a0<\/strong><\/p><p class=\"x_MsoNormal\">Los rostros de la centroizquierda del Rechazo que capitaliza el triunfo y aumenta su presi\u00f3n. Se refiere Mauricio Morales, director del Centro de An\u00e1lisis Pol\u00edtico (CAP).\u00a0<\/p><p class=\"x_MsoNormal\" aria-hidden=\"true\">\u00a0<\/p><p class=\"x_MsoNormal\"><strong>CHILEESNOTICIA.COM\u00a0<\/strong><\/p><p class=\"x_MsoNormal\"><a href=\"https:\/\/chileesnoticia.com\/2022\/09\/05\/bloomberg-califico-como-un-duro-golpe-para-boric-el-rechazo-a-la-propuesta-de-nueva-constitucion\/\">Bloomberg calific\u00f3 como un \u201cduro golpe para Boric\u201d el rechazo a la propuesta de nueva Constituci\u00f3n. Se refiere Mauricio Morales, director del Centro de An\u00e1lisis Pol\u00edtico (CAP).\u00a0<\/a><\/p><p class=\"x_MsoNormal\" aria-hidden=\"true\">\u00a0<\/p><p class=\"x_MsoNormal\"><strong>MEDIABANCO\u00a0<\/strong><\/p><p class=\"x_MsoNormal\"><a href=\"https:\/\/www.mediabanco.com\/analista-adelanta-las-aristas-que-vienen-tras-el-plebiscito\/\">Analista adelanta las aristas que vienen tras el plebiscito. Se refiere Mario Herrera, acad\u00e9mico del Centro de An\u00e1lisis Pol\u00edtico (CAP).\u00a0<\/a><\/p><p class=\"x_MsoNormal\" aria-hidden=\"true\">\u00a0<\/p><p class=\"x_MsoNormal\"><strong>ELDIARIOSANTIAGO.CL\u00a0<\/strong><\/p><p class=\"x_MsoNormal\"><a href=\"https:\/\/eldiariosantiago.cl\/2022\/09\/05\/analista-adelanta-las-aristas-que-vienen-tras-el-plebiscito\/\">Analista adelanta las aristas que vienen tras el plebiscito. Se refiere Mario Herrera, acad\u00e9mico del Centro de An\u00e1lisis Pol\u00edtico (CAP).\u00a0<\/a><\/p><p class=\"x_MsoNormal\">\u00a0<\/p><p class=\"x_MsoNormal\"><strong>MASQUENOTICIAS.CL\u00a0<\/strong><\/p><p class=\"x_MsoNormal\"><a href=\"https:\/\/masquenoticias.cl\/2022\/09\/05\/analista-adelanta-las-aristas-que-vienen-tras-el-plebiscito\/\">Analista adelanta las aristas que vienen tras el plebiscito. Se refiere Mario Herrera, acad\u00e9mico del Centro de An\u00e1lisis Pol\u00edtico (CAP).\u00a0<\/a><\/p><p class=\"x_MsoNormal\">\u00a0<\/p>\t\t\t\t\t\t<\/div>\n\t\t\t\t<\/div>\n\t\t\t\t\t<\/div>\n\t\t<\/div>\n\t\t\t\t\t\t\t<\/div>\n\t\t<\/section>\n\t\t\t\t\t\t<\/div>\n\t\t\t\t\t<\/div>\n\t\t","protected":false},"excerpt":{"rendered":"<p>ADPRENSA.CL\u00a0 Carreras de Ingenier\u00eda de la Universidad de Talca reciben importante acreditaci\u00f3n internacional. Se refieren Javier Mu\u00f1oz, decano de la Facultad de Ingenier\u00eda, Jos\u00e9 Rojas director de la Escuela de Ingenier\u00eda Civil Mec\u00e1nica y Diego Lagos, director de la Escuela de Ingenier\u00eda Civil Industrial.\u00a0 \u00a0 MEDIABANCO.COM\u00a0 Carreras de Ingenier\u00eda de la Universidad de Talca reciben &hellip;<\/p>\n<p class=\"read-more\"> <a class=\"\" href=\"https:\/\/www.reportedeprensa.utalca.cl\/?p=4913\"> <span class=\"screen-reader-text\">06 de septiembre de 2022<\/span> Read More &raquo;<\/a><\/p>\n","protected":false},"author":1,"featured_media":0,"comment_status":"closed","ping_status":"open","sticky":false,"template":"","format":"standard","meta":{"_monsterinsights_skip_tracking":false,"_monsterinsights_sitenote_active":false,"_monsterinsights_sitenote_note":"","_monsterinsights_sitenote_category":0},"categories":[25],"tags":[],"_links":{"self":[{"href":"https:\/\/www.reportedeprensa.utalca.cl\/index.php?rest_route=\/wp\/v2\/posts\/4913"}],"collection":[{"href":"https:\/\/www.reportedeprensa.utalca.cl\/index.php?rest_route=\/wp\/v2\/posts"}],"about":[{"href":"https:\/\/www.reportedeprensa.utalca.cl\/index.php?rest_route=\/wp\/v2\/types\/post"}],"author":[{"embeddable":true,"href":"https:\/\/www.reportedeprensa.utalca.cl\/index.php?rest_route=\/wp\/v2\/users\/1"}],"replies":[{"embeddable":true,"href":"https:\/\/www.reportedeprensa.utalca.cl\/index.php?rest_route=%2Fwp%2Fv2%2Fcomments&post=4913"}],"version-history":[{"count":4,"href":"https:\/\/www.reportedeprensa.utalca.cl\/index.php?rest_route=\/wp\/v2\/posts\/4913\/revisions"}],"predecessor-version":[{"id":4917,"href":"https:\/\/www.reportedeprensa.utalca.cl\/index.php?rest_route=\/wp\/v2\/posts\/4913\/revisions\/4917"}],"wp:attachment":[{"href":"https:\/\/www.reportedeprensa.utalca.cl\/index.php?rest_route=%2Fwp%2Fv2%2Fmedia&parent=4913"}],"wp:term":[{"taxonomy":"category","embeddable":true,"href":"https:\/\/www.reportedeprensa.utalca.cl\/index.php?rest_route=%2Fwp%2Fv2%2Fcategories&post=4913"},{"taxonomy":"post_tag","embeddable":true,"href":"https:\/\/www.reportedeprensa.utalca.cl\/index.php?rest_route=%2Fwp%2Fv2%2Ftags&post=4913"}],"curies":[{"name":"wp","href":"https:\/\/api.w.org\/{rel}","templated":true}]}}