{"id":4925,"date":"2022-09-07T10:03:29","date_gmt":"2022-09-07T13:03:29","guid":{"rendered":"https:\/\/www.reportedeprensa.utalca.cl\/?p=4925"},"modified":"2022-09-07T10:07:49","modified_gmt":"2022-09-07T13:07:49","slug":"07-de-septiembre-de-2022","status":"publish","type":"post","link":"https:\/\/www.reportedeprensa.utalca.cl\/?p=4925","title":{"rendered":"07 de septiembre de 2022"},"content":{"rendered":"\t\t<div data-elementor-type=\"wp-post\" data-elementor-id=\"4925\" class=\"elementor elementor-4925\" data-elementor-settings=\"[]\">\n\t\t\t\t\t\t\t<div class=\"elementor-section-wrap\">\n\t\t\t\t\t\t\t<section class=\"elementor-section elementor-top-section elementor-element elementor-element-44052ab7 elementor-section-boxed elementor-section-height-default elementor-section-height-default\" data-id=\"44052ab7\" data-element_type=\"section\">\n\t\t\t\t\t\t<div class=\"elementor-container elementor-column-gap-default\">\n\t\t\t\t\t<div class=\"elementor-column elementor-col-100 elementor-top-column elementor-element elementor-element-5b002d83\" data-id=\"5b002d83\" data-element_type=\"column\">\n\t\t\t<div class=\"elementor-widget-wrap elementor-element-populated\">\n\t\t\t\t\t\t\t\t<div class=\"elementor-element elementor-element-477998b8 elementor-widget elementor-widget-text-editor\" data-id=\"477998b8\" data-element_type=\"widget\" data-widget_type=\"text-editor.default\">\n\t\t\t\t<div class=\"elementor-widget-container\">\n\t\t\t\t\t\t\t\t<p class=\"x_MsoNormal\"><strong>ELMOSTRADOR.CL\u00a0<\/strong><\/p><p class=\"x_MsoNormal\"><a href=\"https:\/\/www.elmostrador.cl\/revista-jengibre\/2022\/09\/06\/universidades-firman-convenio-para-fortalecer-la-vitivinicultura-y-el-enoturismo\/\">Universidades firman convenio para fortalecer la vitivinicultura y el enoturismo. Se refiere Carlos Torres, rector de la UTalca.\u00a0<\/a><\/p><p class=\"x_MsoNormal\">\u00a0<\/p><p class=\"x_MsoNormal\"><strong>ADPRENSA.CL\u00a0<\/strong><\/p><p class=\"x_MsoNormal\"><a href=\"https:\/\/www.adprensa.cl\/cronica\/utalca-y-unap-firma-convenio-para-fortalecer-la-vitivinicultura-y-el-enoturismo\/\">UTalca y UNAP firma convenio para fortalecer la vitivinicultura y el enoturismo. Se refiere Carlos Torres, rector de la UTalca.\u00a0<\/a><\/p><p class=\"x_MsoNormal\" aria-hidden=\"true\">\u00a0<\/p><p class=\"x_MsoNormal\"><strong>CHILEESNOTICIA.COM\u00a0<\/strong><\/p><p class=\"x_MsoNormal\"><a href=\"https:\/\/chileesnoticia.com\/2022\/09\/06\/universidades-firman-convenio-para-fortalecer-la-vitivinicultura-y-el-enoturismo\/\">Universidades firman convenio para fortalecer la vitivinicultura y el enoturismo. Se refiere Carlos Torres, rector de la UTalca.\u00a0<\/a><\/p><p class=\"x_MsoNormal\" aria-hidden=\"true\">\u00a0<\/p><p class=\"x_MsoNormal\"><strong>MEDIABANCO.COM\u00a0<\/strong><\/p><p class=\"x_MsoNormal\"><a href=\"https:\/\/www.mediabanco.com\/utalca-y-unap-firma-convenio-para-fortalecer-la-vitivinicultura-y-el-enoturismo\/\">UTalca y UNAP firma convenio para fortalecer la vitivinicultura y el enoturismo. Se refiere Carlos Torres, rector de la UTalca.\u00a0<\/a><\/p><p class=\"x_MsoNormal\" aria-hidden=\"true\">\u00a0<\/p><p class=\"x_MsoNormal\"><strong>ELDIARIOSANTIAGO.CL\u00a0<\/strong><\/p><p class=\"x_MsoNormal\"><a href=\"https:\/\/eldiariosantiago.cl\/2022\/09\/06\/utalca-y-unap-firma-convenio-para-fortalecer-la-vitivinicultura-y-el-enoturismo\/\">UTalca y UNAP firma convenio para fortalecer la vitivinicultura y el enoturismo. Se refiere Carlos Torres, rector de la UTalca.\u00a0<\/a><\/p><p class=\"x_MsoNormal\">\u00a0<\/p><p class=\"x_MsoNormal\"><strong>MASQUENOTICIAS.CL\u00a0<\/strong><\/p><p class=\"x_MsoNormal\"><a href=\"https:\/\/masquenoticias.cl\/es_es\/2022\/09\/06\/utalca-y-unap-firma-convenio-para-fortalecer-la-vitivinicultura-y-el-enoturismo\/\">UTalca y UNAP firma convenio para fortalecer la vitivinicultura y el enoturismo. Se refiere Carlos Torres, rector de la UTalca.\u00a0<\/a><\/p><p class=\"x_MsoNormal\">\u00a0<\/p><p class=\"x_MsoNormal\"><strong>LAVOZENLINEA.CL\u00a0<\/strong><\/p><p class=\"x_MsoNormal\"><a href=\"https:\/\/lavozenlinea.cl\/2022\/09\/utalca-y-unap-firma-convenio-para-fortalecer-la-vitivinicultura-y-el-enoturismo\/\">UTalca y UNAP firma convenio para fortalecer la vitivinicultura y el enoturismo. Se refiere Carlos Torres, rector de la UTalca.\u00a0<\/a><\/p><p class=\"x_MsoNormal\" aria-hidden=\"true\">\u00a0<\/p><p class=\"x_MsoNormal\"><strong>G5NOTICIAS.CL\u00a0<\/strong><\/p><p class=\"x_MsoNormal\"><a href=\"https:\/\/g5noticias.cl\/2022\/09\/06\/universidad-de-talca-anunciara-a-ganador-del-premio-iberoamericano-de-letras-jose-donoso\/\">Universidad de Talca anunciar\u00e1 a ganador del Premio Iberoamericano de Letras Jos\u00e9 Donoso. Se refiere Claire Mercier, acad\u00e9mica del Instituto de Estudios Human\u00edsticos Juan Ignacio Molina de la UTalca y Marcela Albornoz, directora de Extensi\u00f3n Cultural-Art\u00edstica.\u00a0<\/a><\/p><p class=\"x_MsoNormal\">\u00a0<\/p><p class=\"x_MsoNormal\"><strong>PUBLIMETRO\u00a0<\/strong><\/p><p class=\"x_MsoNormal\"><a href=\"https:\/\/www.litoralpress.cl\/paginaconsultas\/Servicios_NClipSitio\/Get_Imagen_Nota.aspx?LPKey=ZNVL6KG45SD6PY7337MCTDFLFIGDRUW4BKYKQDDGNKF7D32D6MBZ5N6ZVIUAFAWVO3SCCDI7ENAXC\">Isapres devolver\u00e1n desde octubre plata mal cobrada. Pero alzas no se detendr\u00e1n. Se refiere Diego Palomo, acad\u00e9mico de la Facultad de Ciencias Jur\u00eddicas y Sociales. \u00a0<\/a><\/p><p class=\"x_MsoNormal\">\u00a0<\/p><p class=\"x_MsoNormal\"><strong>LATERCERA.COM\u00a0<\/strong><\/p><p class=\"x_MsoNormal\"><a href=\"https:\/\/www.latercera.com\/practico\/noticia\/ahorro-energetico-consejos-para-usar-con-mas-eficiencia-los-electrodomesticos\/UV6N3UMZ5VCAXFK36XK23BYIIE\/\">Ahorro energ\u00e9tico: consejos para usar con m\u00e1s eficiencia los electrodom\u00e9sticos. Se refiere Carlos Torres, rector de la UTalca y Mar\u00eda Luisa del Campo, directora del Centro Tecnol\u00f3gico Kipus.\u00a0<\/a><\/p><p class=\"x_MsoNormal\">\u00a0<\/p><p class=\"x_MsoNormal\"><strong>INFRAESTRUCTURAPUBLICA.CL\u00a0<\/strong><\/p><p class=\"x_MsoNormal\"><a href=\"https:\/\/www.infraestructurapublica.cl\/consumo-de-agua-y-produccion-de-alimentos-por-jose-antonio-yuri\/\">Consumo de agua y producci\u00f3n de alimentos. Columna de opini\u00f3n de Jos\u00e9 Antonio Yuri, acad\u00e9mico de la Facultad de Ciencias Agrarias.\u00a0<\/a><\/p><p class=\"x_MsoNormal\">\u00a0<\/p><p class=\"x_MsoNormal\"><strong>LANOTICIA.CL\u00a0<\/strong><\/p><p class=\"x_MsoNormal\"><a href=\"https:\/\/lanoticia.cl\/diez-investigaciones-de-estudiantes-de-postgrado-se-presentaron-en-jornada-organizada-por-la-utalca-y-la-usach\/\">Diez investigaciones de estudiantes de postgrado se presentaron en jornada organizada por la UTalca y la USACH. Se refieren H\u00e9ctor Quinteros, director del Magister en Ciencias de la Ingenier\u00eda menci\u00f3n en Ingenier\u00eda Mec\u00e1nica, Carlos Imas, Mat\u00edas Jaque y Johan Gonz\u00e1lez, estudiantes del programa.\u00a0<\/a><\/p><p class=\"x_MsoNormal\">\u00a0<\/p><p class=\"x_MsoNormal\"><strong>LINARESENLINEA.CL\u00a0<\/strong><\/p><p class=\"x_MsoNormal\"><a href=\"https:\/\/www.linaresenlinea.cl\/2022\/09\/06\/personal-de-gendarmeria-maule-participa-de-jornada-de-salud-para-mejorar-su-calidad-de-vida\/\">Personal de Gendarmer\u00eda Maule participa de jornada de salud para mejorar su calidad de vida. Se refiere Macarena Said, acad\u00e9mica del Departamento de Salud P\u00fablica. \u00a0<\/a><\/p><p class=\"x_MsoNormal\">\u00a0<\/p><p class=\"x_MsoNormal\"><strong>LA PRENSA\u00a0<\/strong><\/p><p class=\"x_MsoNormal\"><a href=\"https:\/\/www.litoralpress.cl\/sitio\/Prensa_Detalles.cshtml?LPKey=I75AYTNHZHRGGBBLT3QPN3ARRZLRMM3VX27AYNQ7MF22XC65YWDQ\">Expertos adelantan dif\u00edcil panorama econ\u00f3mico para el segundo semestre. Se refieren Juan Andr\u00e9s Riquelme y Arcadio Cerda, acad\u00e9micos de la Facultad de Econom\u00eda y Negocios (FEN).\u00a0<\/a><\/p><p class=\"x_MsoNormal\">\u00a0<\/p><p class=\"x_MsoNormal\"><strong>DIARIOLAPRENSA.CL\u00a0<\/strong><\/p><p class=\"x_MsoNormal\"><a href=\"https:\/\/new.diariolaprensa.cl\/index.php\/2022\/09\/06\/expertos-adelantan-dificil-panorama-economico-para-el-segundo-semestre\/\">Expertos adelantan dif\u00edcil panorama econ\u00f3mico para el segundo semestre. Se refieren Juan Andr\u00e9s Riquelme y Arcadio Cerda, acad\u00e9micos de la Facultad de Econom\u00eda y Negocios (FEN).\u00a0<\/a><\/p><p class=\"x_MsoNormal\" aria-hidden=\"true\">\u00a0<\/p><p class=\"x_MsoNormal\"><strong>COOPERATIVA.CL\u00a0<\/strong><\/p><p class=\"x_MsoNormal\"><a href=\"https:\/\/www.cooperativa.cl\/noticias\/corporativo\/noticias\/contenido-patrocinado\/corfo-abre-convocatoria-nacional-con-90-becas-para-curso-de\/2022-09-06\/143158.html\">Corfo abre convocatoria nacional con 90 becas para curso de especializaci\u00f3n en extensionismo digital. Se refiere Paula Gajardo, gerenta del Centro de Extensionismo Tecnol\u00f3gico Thinkagro.\u00a0<\/a><\/p><p class=\"x_MsoNormal\">\u00a0<\/p><p class=\"x_MsoNormal\"><strong>EL MERCURIO\u00a0<\/strong><\/p><p class=\"x_MsoNormal\"><a href=\"https:\/\/www.litoralpress.cl\/paginaconsultas\/Servicios_NClipSitio\/Get_Imagen_Nota.aspx?LPKey=KMIOVF6LXAHV2FXUVQQQRDOHG77BZLYJUEK3Q3SFVXK3B4RGZX7OF6QIQNKUHVJ2Q22RWQKPQRCPY\">Analistas afirman que los \u201ccuellos de botella\u201d eran Interior y Segpres y cambio descomprime a La Moneda. Se refiere Mauricio Morales, director del Centro de An\u00e1lisis Pol\u00edtico (CAP).\u00a0<\/a><\/p><p class=\"x_MsoNormal\">\u00a0<\/p><p class=\"x_MsoNormal\"><strong>PUBLIMETRO\u00a0<\/strong><\/p><p class=\"x_MsoNormal\"><a href=\"https:\/\/www.litoralpress.cl\/sitio\/Prensa_PaginaCompleta.cshtml?LPKey=A65KOGV456ECNIBUW33OKQAK3Z7DOGBOTXVNIW4MUKLYH4JUC6ZQ\">M\u00e1s all\u00e1 de la paliza: los votos que nadie esperaba en el Plebiscito. Se refiere Mauricio Morales, director del Centro de An\u00e1lisis Pol\u00edtico (CAP).\u00a0<\/a><\/p><p class=\"x_MsoNormal\">\u00a0<\/p><p class=\"x_MsoNormal\"><strong>LA SEGUNDA\u00a0<\/strong><\/p><p class=\"x_MsoNormal\"><a href=\"https:\/\/www.litoralpress.cl\/sitio\/Prensa_PaginaCompleta.cshtml?LPKey=5DHKNOUF7CQZMTE3H6N3BAJLALIYQAJNYCFMIIIUZQLC66P5GNJA\">Boric baja nombramiento de un PC en subsecretar\u00eda del Interior y se empa\u00f1a cambio de gabinete. Se refiere Mauricio Morales, director del Centro de An\u00e1lisis Pol\u00edtico (CAP).\u00a0<\/a><\/p><p class=\"x_MsoNormal\">\u00a0<\/p><p class=\"x_MsoNormal\"><strong>CANAL MEGA\u00a0<\/strong><\/p><p class=\"x_MsoNormal\"><a href=\"https:\/\/www.litoralpress.cl\/sitio\/RadioTV_Detalles.cshtml?LPKey=N6NQGQEWMSQSILEGZD3PKFBP2WHPMAT7R7CZIYNZUAPO3VSDWHVACS3FXNTUO2B5LYWDH6BVTGGX4\">Carolina Toh\u00e1 asume como nueva ministra del Interior y encabeza el nuevo gabinete de Gabriel Boric. Se refiere Mauricio Morales, director del Centro de An\u00e1lisis Pol\u00edtico (CAP).\u00a0<\/a><\/p><p class=\"x_MsoNormal\">\u00a0<\/p><p class=\"x_MsoNormal\"><strong>CANAL MEGA\u00a0<\/strong><\/p><p class=\"x_MsoNormal\"><a href=\"https:\/\/www.litoralpress.cl\/sitio\/RadioTV_Detalles.cshtml?LPKey=WZE75SHPX2M3OAPUPGY5RYOB4IIKB6RGMDRMI3IYRVPKXPXOLWKJAYC2OE6PSJRKQH6QFWN3CM3CA\">Primer cambio de Gabinete. Se refiere Mauricio Morales, director del Centro de An\u00e1lisis Pol\u00edtico (CAP).\u00a0<\/a><\/p><p class=\"x_MsoNormal\" aria-hidden=\"true\">\u00a0<\/p><p class=\"x_MsoNormal\"><strong>CANAL MEGA\u00a0<\/strong><\/p><p class=\"x_MsoNormal\"><a href=\"https:\/\/www.litoralpress.cl\/sitio\/RadioTV_Detalles.cshtml?LPKey=M5DGISQSV3IIYVPAXNAAWARLLOGRHALZKL4HAIOYRQHRNUOKALRALYQRHMERKD7UHWLA47Q6ZUJUK\">Asumen cinco nuevos ministros. Se refiere Mauricio Morales, director del Centro de An\u00e1lisis Pol\u00edtico (CAP).\u00a0<\/a><\/p><p class=\"x_MsoNormal\" aria-hidden=\"true\">\u00a0<\/p><p class=\"x_MsoNormal\"><strong>CANAL MEGA\u00a0<\/strong><\/p><p class=\"x_MsoNormal\"><a href=\"https:\/\/www.litoralpress.cl\/sitio\/RadioTV_Detalles.cshtml?LPKey=JEJ73ITHGBRJYFZKVJIUXO4P4B56ZLGKH5D7F2BLJLNTITBMP3BK7QIJENGNA545P6PACLL7NLG7W\">Incidentes cerca de La Moneda y retraso en la ceremonia de cambio de mando. Se refiere Mauricio Morales, director del Centro de An\u00e1lisis Pol\u00edtico (CAP).\u00a0<\/a><\/p><p class=\"x_MsoNormal\" aria-hidden=\"true\">\u00a0<\/p><p class=\"x_MsoNormal\"><strong>CANAL MEGA PLUS\u00a0<\/strong><\/p><p class=\"x_MsoNormal\"><a href=\"https:\/\/www.litoralpress.cl\/sitio\/RadioTV_Detalles.cshtml?LPKey=4UH7ZUUJ55CNAPF3FH43XAPZYM7HDECC3LUQICIDEK7B25PZPDEMMY2CM5QHCH3D3YFIVSVMQ5UAK\">Entrevista a Mario Herrera, acad\u00e9mico del Centro de An\u00e1lisis Pol\u00edtico (CAP). Parte I.\u00a0<\/a><\/p><p class=\"x_MsoNormal\">\u00a0<\/p><p class=\"x_MsoNormal\"><strong>CANAL MEGA PLUS\u00a0<\/strong><\/p><p class=\"x_MsoNormal\"><a href=\"https:\/\/www.litoralpress.cl\/sitio\/RadioTV_Detalles.cshtml?LPKey=BS2JIZRDLHH7HW7KPOOD46JZ5UPM234CU3KFFCIBV6PQOAX7YHKRR4YVKUS2BP5KPTCCCX4XXPSLG\">Entrevista a Mario Herrera, acad\u00e9mico del Centro de An\u00e1lisis Pol\u00edtico (CAP). Parte II.\u00a0<\/a><\/p><p class=\"x_MsoNormal\" aria-hidden=\"true\">\u00a0<\/p><p class=\"x_MsoNormal\"><strong>RADIO BIO-B\u00cdO\u00a0<\/strong><\/p><p class=\"x_MsoNormal\"><a href=\"https:\/\/www.litoralpress.cl\/sitio\/RadioTV_Detalles.cshtml?LPKey=KAXH4LWX4SXD73YFE5JTVGM4PJM3CPTTZR2SC3PHH35VENFSTZ5M4LG5DYWH46WINFU4MX7WNMF7I\">Plebiscito deja una participaci\u00f3n de 13 millones de personas. Se refiere Mauricio Morales, director del Centro de An\u00e1lisis Pol\u00edtico (CAP).\u00a0<\/a><\/p><p class=\"x_MsoNormal\" aria-hidden=\"true\">\u00a0<\/p><p class=\"x_MsoNormal\"><strong>RADIO INFINITA\u00a0<\/strong><\/p><p class=\"x_MsoNormal\"><a href=\"https:\/\/www.litoralpress.cl\/sitio\/RadioTV_Detalles.cshtml?LPKey=BGIFNRSKCCYYGQ6FPTHCMK4ILIVH72ZKPQPFTPK2ETUWXMRSSSUORXOUDHDLHT3XDBMYW3AWPP7BG\">Comentario de Mauricio Morales, director del Centro de An\u00e1lisis Pol\u00edtico (CAP).\u00a0<\/a><\/p><p class=\"x_MsoNormal\">\u00a0<\/p><p class=\"x_MsoNormal\"><strong>RADIO COOPERATIVA\u00a0<\/strong><\/p><p class=\"x_MsoNormal\"><a href=\"https:\/\/www.litoralpress.cl\/sitio\/RadioTV_Detalles.cshtml?LPKey=3QMQTHQBV3T44URVL5MFDB66POXZPVBUEIRN2SD2HTMCEF6MOH5L55X3HG25YWCVMCOWCGPQPZCUM\">El Servel realiz\u00f3 un balance de la georreferenciaci\u00f3n. Se refiere Mario Herrera, acad\u00e9mico del Centro de An\u00e1lisis Pol\u00edtico (CAP).\u00a0<\/a><\/p><p class=\"x_MsoNormal\">\u00a0<\/p><p class=\"x_MsoNormal\"><strong>LANACION.COM.AR \u00a0<\/strong><\/p><p class=\"x_MsoNormal\"><a href=\"https:\/\/www.lanacion.com.ar\/el-mundo\/plebiscito-por-la-constitucion-en-chile-un-aplastante-triunfo-del-rechazo-pone-contra-las-cuerdas-al-nid04092022\/\">Plebiscito por la Constituci\u00f3n en Chile: un aplastante triunfo del \u201crechazo\u201d pone contra las cuerdas al gobierno de Gabriel Boric. Se refiere Mario Herrera, acad\u00e9mico del Centro de An\u00e1lisis Pol\u00edtico (CAP).\u00a0<\/a><\/p><p class=\"x_MsoNormal\" aria-hidden=\"true\">\u00a0<\/p><p class=\"x_MsoNormal\"><strong>LA PRENSA\u00a0<\/strong><\/p><p class=\"x_MsoNormal\"><a href=\"https:\/\/www.litoralpress.cl\/paginaconsultas\/Servicios_NClipSitio\/Get_Imagen_Nota.aspx?LPKey=3UVLWCC4WO4ONS62XMMEXGCSAB77KXU3MYTPZEL3OS5RY4T5TF6Y62XFBYHOQN5C57P3EOBCE4AF4\">Adelantan aristas que vienen tras plebiscito. Se refiere Mario Herrera, acad\u00e9mico del Centro de An\u00e1lisis Pol\u00edtico (CAP).\u00a0<\/a><\/p><p class=\"x_MsoNormal\">\u00a0<\/p><p class=\"x_MsoNormal\"><strong>RADIO LAUTARO\u00a0<\/strong><\/p><p class=\"x_MsoNormal\"><a href=\"https:\/\/www.litoralpress.cl\/sitio\/RadioTV_Detalles.cshtml?LPKey=R3SD3OWAXE236GDB4GFUVYQSZVCIALXFEI7LKKMGG6VOTOGNXFX4VKUHVHMEBZPCJFVPPJUBSMW3I\">Entrevista a Fabi\u00e1n Belmar, investigador del Centro de An\u00e1lisis Pol\u00edtico (CAP).\u00a0<\/a><\/p><p class=\"x_MsoNormal\">\u00a0<\/p><p class=\"x_MsoNormal\"><strong>RADIO AMIGA\u00a0<\/strong><\/p><p class=\"x_MsoNormal\"><a href=\"https:\/\/www.litoralpress.cl\/sitio\/RadioTV_Detalles.cshtml?LPKey=WCIN4YYIXL3TVUQDDHSFWMUMUJNK4TIWMLKSZTUAIDTZCLJZ2HUK3I5QDWAG4SSOOGENURYI6R2NM\">Escenario pol\u00edtico tras los resultados del plebiscito. Se refiere Mario Herrera, acad\u00e9mico del Centro de An\u00e1lisis Pol\u00edtico (CAP).\u00a0<\/a><\/p><p class=\"x_MsoNormal\" aria-hidden=\"true\">\u00a0<\/p><p class=\"x_MsoNormal\"><strong>ELCENTRO.CL\u00a0<\/strong><\/p><p class=\"x_MsoNormal\"><a href=\"https:\/\/elcentro.cl\/2022\/09\/06\/analista-utalca-adelanta-las-aristas-que-vienen-tras-el-plebiscito\/\">Analista UTalca adelanta las aristas que vienen tras el plebiscito. Se refiere Mario Herrera, acad\u00e9mico del Centro de An\u00e1lisis Pol\u00edtico (CAP).\u00a0<\/a><\/p><p class=\"x_MsoNormal\" aria-hidden=\"true\">\u00a0<\/p><p class=\"x_MsoNormal\"><strong>G5NOTICIAS.CL\u00a0<\/strong><\/p><p class=\"x_MsoNormal\"><a href=\"https:\/\/g5noticias.cl\/2022\/09\/06\/analista-adelanta-las-aristas-que-vienen-tras-el-plebiscito\/\">Analista adelanta las aristas que vienen tras el plebiscito. Se refiere Mario Herrera, acad\u00e9mico del Centro de An\u00e1lisis Pol\u00edtico (CAP).\u00a0<\/a><\/p><p class=\"x_MsoNormal\">\u00a0<\/p>\t\t\t\t\t\t<\/div>\n\t\t\t\t<\/div>\n\t\t\t\t\t<\/div>\n\t\t<\/div>\n\t\t\t\t\t\t\t<\/div>\n\t\t<\/section>\n\t\t\t\t\t\t<\/div>\n\t\t\t\t\t<\/div>\n\t\t","protected":false},"excerpt":{"rendered":"<p>ELMOSTRADOR.CL\u00a0 Universidades firman convenio para fortalecer la vitivinicultura y el enoturismo. Se refiere Carlos Torres, rector de la UTalca.\u00a0 \u00a0 ADPRENSA.CL\u00a0 UTalca y UNAP firma convenio para fortalecer la vitivinicultura y el enoturismo. Se refiere Carlos Torres, rector de la UTalca.\u00a0 \u00a0 CHILEESNOTICIA.COM\u00a0 Universidades firman convenio para fortalecer la vitivinicultura y el enoturismo. Se refiere &hellip;<\/p>\n<p class=\"read-more\"> <a class=\"\" href=\"https:\/\/www.reportedeprensa.utalca.cl\/?p=4925\"> <span class=\"screen-reader-text\">07 de septiembre de 2022<\/span> Read More &raquo;<\/a><\/p>\n","protected":false},"author":1,"featured_media":0,"comment_status":"closed","ping_status":"open","sticky":false,"template":"","format":"standard","meta":{"_monsterinsights_skip_tracking":false,"_monsterinsights_sitenote_active":false,"_monsterinsights_sitenote_note":"","_monsterinsights_sitenote_category":0},"categories":[25],"tags":[],"_links":{"self":[{"href":"https:\/\/www.reportedeprensa.utalca.cl\/index.php?rest_route=\/wp\/v2\/posts\/4925"}],"collection":[{"href":"https:\/\/www.reportedeprensa.utalca.cl\/index.php?rest_route=\/wp\/v2\/posts"}],"about":[{"href":"https:\/\/www.reportedeprensa.utalca.cl\/index.php?rest_route=\/wp\/v2\/types\/post"}],"author":[{"embeddable":true,"href":"https:\/\/www.reportedeprensa.utalca.cl\/index.php?rest_route=\/wp\/v2\/users\/1"}],"replies":[{"embeddable":true,"href":"https:\/\/www.reportedeprensa.utalca.cl\/index.php?rest_route=%2Fwp%2Fv2%2Fcomments&post=4925"}],"version-history":[{"count":4,"href":"https:\/\/www.reportedeprensa.utalca.cl\/index.php?rest_route=\/wp\/v2\/posts\/4925\/revisions"}],"predecessor-version":[{"id":4929,"href":"https:\/\/www.reportedeprensa.utalca.cl\/index.php?rest_route=\/wp\/v2\/posts\/4925\/revisions\/4929"}],"wp:attachment":[{"href":"https:\/\/www.reportedeprensa.utalca.cl\/index.php?rest_route=%2Fwp%2Fv2%2Fmedia&parent=4925"}],"wp:term":[{"taxonomy":"category","embeddable":true,"href":"https:\/\/www.reportedeprensa.utalca.cl\/index.php?rest_route=%2Fwp%2Fv2%2Fcategories&post=4925"},{"taxonomy":"post_tag","embeddable":true,"href":"https:\/\/www.reportedeprensa.utalca.cl\/index.php?rest_route=%2Fwp%2Fv2%2Ftags&post=4925"}],"curies":[{"name":"wp","href":"https:\/\/api.w.org\/{rel}","templated":true}]}}