{"id":4938,"date":"2022-09-08T09:48:51","date_gmt":"2022-09-08T12:48:51","guid":{"rendered":"https:\/\/www.reportedeprensa.utalca.cl\/?p=4938"},"modified":"2022-09-08T09:53:03","modified_gmt":"2022-09-08T12:53:03","slug":"08-de-septiembre-de-2022","status":"publish","type":"post","link":"https:\/\/www.reportedeprensa.utalca.cl\/?p=4938","title":{"rendered":"08 de septiembre de 2022"},"content":{"rendered":"\t\t<div data-elementor-type=\"wp-post\" data-elementor-id=\"4938\" class=\"elementor elementor-4938\" data-elementor-settings=\"[]\">\n\t\t\t\t\t\t\t<div class=\"elementor-section-wrap\">\n\t\t\t\t\t\t\t<section class=\"elementor-section elementor-top-section elementor-element elementor-element-44052ab7 elementor-section-boxed elementor-section-height-default elementor-section-height-default\" data-id=\"44052ab7\" data-element_type=\"section\">\n\t\t\t\t\t\t<div class=\"elementor-container elementor-column-gap-default\">\n\t\t\t\t\t<div class=\"elementor-column elementor-col-100 elementor-top-column elementor-element elementor-element-5b002d83\" data-id=\"5b002d83\" data-element_type=\"column\">\n\t\t\t<div class=\"elementor-widget-wrap elementor-element-populated\">\n\t\t\t\t\t\t\t\t<div class=\"elementor-element elementor-element-477998b8 elementor-widget elementor-widget-text-editor\" data-id=\"477998b8\" data-element_type=\"widget\" data-widget_type=\"text-editor.default\">\n\t\t\t\t<div class=\"elementor-widget-container\">\n\t\t\t\t\t\t\t\t<p class=\"x_MsoNormal\"><strong>CANAL CONTIVISI\u00d3N<\/strong>\u00a0<\/p><p class=\"x_MsoNormal\"><a href=\"https:\/\/www.litoralpress.cl\/sitio\/RadioTV_Detalles.cshtml?LPKey=LD7IDKD6ZO2HBKBGIY4TVM6EXUFAM5W66DVMQRGPPKV4JBBT4YZYX2Q6LYF2M56TJD4LHDB7P23Z6\">U. de Talca firm\u00f3 amplio convenio de colaboraci\u00f3n con la FACh. Se refieren Carlos Torres, rector y Karin Saavedra, directora General de Vinculaci\u00f3n con el Medio.\u00a0<\/a><\/p><p class=\"x_MsoNormal\">\u00a0<\/p><p class=\"x_MsoNormal\"><strong>ADPRENSA.CL\u00a0<\/strong><\/p><p class=\"x_MsoNormal\"><a href=\"https:\/\/www.adprensa.cl\/cronica\/utalca-y-fach-firman-amplio-convenio-de-colaboracion\/\">UTalca y FACh firman amplio convenio de colaboraci\u00f3n. Se refieren Carlos Torres, rector y Karin Saavedra, directora General de Vinculaci\u00f3n con el Medio.\u00a0<\/a><\/p><p class=\"x_MsoNormal\" aria-hidden=\"true\">\u00a0<\/p><p class=\"x_MsoNormal\"><strong>MEDIABANCO.COM\u00a0<\/strong><\/p><p class=\"x_MsoNormal\"><a href=\"https:\/\/www.mediabanco.com\/utalca-y-fach-firman-amplio-convenio-de-colaboracion\/\">UTalca y FACh firman amplio convenio de colaboraci\u00f3n. Se refieren Carlos Torres, rector y Karin Saavedra, directora General de Vinculaci\u00f3n con el Medio. \u00a0<\/a><\/p><p class=\"x_MsoNormal\" aria-hidden=\"true\">\u00a0<\/p><p class=\"x_MsoNormal\"><strong>MASQUENOTICIAS.CL\u00a0<\/strong><\/p><p class=\"x_MsoNormal\"><a href=\"https:\/\/masquenoticias.cl\/es_es\/2022\/09\/07\/utalca-y-fach-firman-amplio-convenio-de-colaboracion\/\">UTalca y FACh firman amplio convenio de colaboraci\u00f3n. Se refieren Carlos Torres, rector y Karin Saavedra, directora General de Vinculaci\u00f3n con el Medio.\u00a0<\/a><\/p><p class=\"x_MsoNormal\" aria-hidden=\"true\">\u00a0<\/p><p class=\"x_MsoNormal\"><strong>LAVOZENLINEA.CL\u00a0<\/strong><\/p><p class=\"x_MsoNormal\"><a href=\"https:\/\/lavozenlinea.cl\/2022\/09\/utalca-y-fach-firman-amplio-convenio-de-colaboracion\/\">UTalca y FACh firman amplio convenio de colaboraci\u00f3n. Se refieren Carlos Torres, rector y Karin Saavedra, directora General de Vinculaci\u00f3n con el Medio.\u00a0<\/a><\/p><p class=\"x_MsoNormal\" aria-hidden=\"true\">\u00a0<\/p><p class=\"x_MsoNormal\"><strong>MAULENEWS.COM\u00a0<\/strong><\/p><p class=\"x_MsoNormal\"><a href=\"https:\/\/www.maulenews.com\/2022\/09\/utalca-y-fach-firman-amplio-convenio-de.html\">UTalca y FACh firman amplio convenio de colaboraci\u00f3n. Se refieren Carlos Torres, rector y Karin Saavedra, directora General de Vinculaci\u00f3n con el Medio.\u00a0<\/a><\/p><p class=\"x_MsoNormal\" aria-hidden=\"true\">\u00a0<\/p><p class=\"x_MsoNormal\"><strong>ELDIARIOSANTIAGO.CL\u00a0<\/strong><\/p><p class=\"x_MsoNormal\"><a href=\"https:\/\/eldiariosantiago.cl\/2022\/09\/07\/utalca-y-fach-firman-amplio-convenio-de-colaboracion\/\">UTalca y FACh firman amplio convenio de colaboraci\u00f3n. Se refieren Carlos Torres, rector y Karin Saavedra, directora General de Vinculaci\u00f3n con el Medio.\u00a0<\/a><\/p><p class=\"x_MsoNormal\" aria-hidden=\"true\">\u00a0<\/p><p class=\"x_MsoNormal\"><strong>G5NOTICIAS.CL\u00a0<\/strong><\/p><p class=\"x_MsoNormal\"><a href=\"https:\/\/g5noticias.cl\/2022\/09\/07\/utalca-y-fach-firman-amplio-convenio-de-colaboracion\/\">UTalca y FACh firman amplio convenio de colaboraci\u00f3n. Se refieren Carlos Torres, rector y Karin Saavedra, directora General de Vinculaci\u00f3n con el Medio.\u00a0<\/a><\/p><p class=\"x_MsoNormal\" aria-hidden=\"true\">\u00a0<\/p><p class=\"x_MsoNormal\"><strong>ELMAULEINFORMA.CL\u00a0<\/strong><\/p><p class=\"x_MsoNormal\"><a href=\"https:\/\/elmauleinforma.cl\/utalca-y-unap-firman-convenio-para-fortalecer-la-vitivinicultura-y-el-enoturismo\/\">UTalca y UNAP firman convenio para fortalecer la vitivinicultura y el enoturismo. Se refiere Carlos Torres, rector de la UTalca.\u00a0<\/a><\/p><p class=\"x_MsoNormal\" aria-hidden=\"true\">\u00a0<\/p><p class=\"x_MsoNormal\"><strong>CANAL TVN\u00a0<\/strong><\/p><p class=\"x_MsoNormal\"><a href=\"https:\/\/www.litoralpress.cl\/sitio\/RadioTV_Detalles.cshtml?LPKey=WW6EFS7AFPGIT7SAW37QTVDRIA6Z7F7QQGMTALQPOG3WQ536JFFWLOH3UT6OC6OGTYAVVXY2MEXHE\">De La Carrera recibe sanci\u00f3n de 800 mil de multa. Se refiere Rodrigo Palomo, decano de la Facultad de Ciencias Jur\u00eddicas y Sociales.\u00a0<\/a><\/p><p class=\"x_MsoNormal\">\u00a0<\/p><p class=\"x_MsoNormal\"><strong>CANAL 24 HORAS\u00a0<\/strong><\/p><p class=\"x_MsoNormal\"><a href=\"https:\/\/www.litoralpress.cl\/sitio\/RadioTV_Detalles.cshtml?LPKey=NJI22GI35BDNARQEMTIADIXPM32YUUISCAC5M5VPDCNICUEDDQ66TV6QMIFJFMUDG5464FNVD2UKY\">De La Carrera recibe sanci\u00f3n de 800 mil de multa. Se refiere Rodrigo Palomo, decano de la Facultad de Ciencias Jur\u00eddicas y Sociales.\u00a0<\/a><\/p><p class=\"x_MsoNormal\">\u00a0<\/p><p class=\"x_MsoNormal\"><strong>CANAL CNN\u00a0<\/strong><\/p><p class=\"x_MsoNormal\"><a href=\"https:\/\/www.litoralpress.cl\/sitio\/RadioTV_Detalles.cshtml?LPKey=X7IYTXXMV5WOS4SSGTU32UKBA7HYEP5WJXI6QLGK5WXQWAHLPOR53KYKB7P5QJSDJWNVCD6XYYHJO\">Por medio de excedentes ser\u00e1 devuelto el porcentaje dem\u00e1s cobrado por las Isapres. Se refiere Leidy Garc\u00eda, acad\u00e9mica de la Facultad de Econom\u00eda y Negocios (FEN).\u00a0<\/a><\/p><p class=\"x_MsoNormal\">\u00a0<\/p><p class=\"x_MsoNormal\"><strong>LA PRENSA\u00a0<\/strong><\/p><p class=\"x_MsoNormal\"><a href=\"https:\/\/www.litoralpress.cl\/paginaconsultas\/Servicios_NClipSitio\/Get_Imagen_Nota.aspx?LPKey=QGVEQYRHEYF7RADWQMFCQ4WNLKTRJQGHVI57R3J3RHWAIVB5ANTGDSU7L4ARKHGRMA22FOPWLQ7JK\">Gendarmes participan en taller de salud mental. Se refiere Macarena Said, acad\u00e9mica del Departamento de Salud P\u00fablica.\u00a0<\/a><\/p><p class=\"x_MsoNormal\">\u00a0<\/p><p class=\"x_MsoNormal\"><strong>ELMAULEINFORMA.CL\u00a0<\/strong><\/p><p class=\"x_MsoNormal\"><a href=\"https:\/\/elmauleinforma.cl\/personal-de-gendarmeria-maule-participa-de-jornada-de-salud-para-mejorar-su-calidad-de-vida\/\">Personal de Gendarmer\u00eda Maule participa de jornada de salud para mejorar su calidad de vida. Se refiere Macarena Said, acad\u00e9mica del Departamento de Salud P\u00fablica.\u00a0<\/a><\/p><p class=\"x_MsoNormal\">\u00a0<\/p><p class=\"x_MsoNormal\"><strong>LA TERCERA\u00a0<\/strong><\/p><p class=\"x_MsoNormal\"><a href=\"https:\/\/www.litoralpress.cl\/paginaconsultas\/Servicios_NClipSitio\/Get_Imagen_Nota.aspx?LPKey=PAN4UMU7MN2WQEKMWXZTLDN4CGUFIZJEGZZEWQT5WJQAFQHPWGJYLSSFQG6NTOP6KKXV6LXTX5XII\">\u00bfQui\u00e9n puso la m\u00fasica en el proceso constituyente? Carta al director de Diego Palomo, acad\u00e9mico de la Facultad de Ciencias Jur\u00eddicas y Sociales.\u00a0<\/a><\/p><p class=\"x_MsoNormal\">\u00a0<\/p><p class=\"x_MsoNormal\"><strong>LATERCERA.COM\u00a0<\/strong><\/p><p class=\"x_MsoNormal\"><a href=\"https:\/\/www.latercera.com\/opinion\/noticia\/quien-puso-la-musica-en-el-proceso-constituyente\/N2ZQM47VSBE63I3RK3QCJ6HLFE\/\">\u00bfQui\u00e9n puso la m\u00fasica en el proceso constituyente? Carta al director de Diego Palomo, acad\u00e9mico de la Facultad de Ciencias Jur\u00eddicas y Sociales.\u00a0<\/a><\/p><p class=\"x_MsoNormal\">\u00a0<\/p><p class=\"x_MsoNormal\"><strong>RADIO BIO-B\u00cdO DE VALPARA\u00cdSO\u00a0<\/strong><\/p><p class=\"x_MsoNormal\"><a href=\"https:\/\/www.litoralpress.cl\/sitio\/RadioTV_Detalles.cshtml?LPKey=EP6DRT4SWVAKJM2WMAT27GVSWWDUQYZV7K2MIARAMMVWSG4MSANKEMYWCZTRCWKEQM3YT356MBVNC\">Entrevista a Cristi\u00e1n Su\u00e1rez, acad\u00e9mico de la Facultad de Ciencias Jur\u00eddicas y Sociales. \u00a0<\/a><\/p><p class=\"x_MsoNormal\">\u00a0<\/p><p class=\"x_MsoNormal\"><strong>DFMAS.DF.CL\u00a0<\/strong><\/p><p class=\"x_MsoNormal\"><a href=\"https:\/\/dfmas.df.cl\/df-mas\/como-cuido-mis-lucas\/las-barreras-que-aun-persisten-en-las-oportunidades-de-inversion-local\">Tipo de cambio, tasas y renta fija: las oportunidades y barreras de inversi\u00f3n despu\u00e9s del plebiscito. Se refiere Rodrigo Saens, acad\u00e9mico de la Facultad de Econom\u00eda y Negocios (FEN). \u00a0<\/a><\/p><p>\u00a0<\/p><p class=\"x_MsoNormal\"><strong>RADIO AMIGA\u00a0<\/strong><\/p><p class=\"x_MsoNormal\"><a href=\"https:\/\/www.litoralpress.cl\/sitio\/RadioTV_Detalles.cshtml?LPKey=CWHCJPDZLE22LERDONX44HMUUGKLIZ63CKSZGVVAOO2FCYWA32MEVWSBLNVMEPIH4TCSK3OOIYVO4\">Se proyecta un alza de la inflaci\u00f3n para fines de a\u00f1o. Se refiere Juan Andr\u00e9s Riquelme, director del Mag\u00edster en Econom\u00eda.\u00a0<\/a><\/p><p class=\"x_MsoNormal\">\u00a0<\/p><p class=\"x_MsoNormal\"><strong>CANAL MEGA\u00a0<\/strong><\/p><p class=\"x_MsoNormal\"><a href=\"https:\/\/www.litoralpress.cl\/sitio\/RadioTV_Detalles.cshtml?LPKey=IN26GPYYGFHDY6RR3ODRJY75FIKHQEACYLOGHBLLDRDO7GJNN3I54NG6XE5CVSVYR4QRON7O4YAS2\">Accidentado primer cambio de gabinete del presidente Boric. Se refiere Mauricio Morales, director del Centro de An\u00e1lisis Pol\u00edtico (CAP).\u00a0<\/a><\/p><p class=\"x_MsoNormal\">\u00a0<\/p><p class=\"x_MsoNormal\"><strong>CANAL 13\u00a0<\/strong><\/p><p class=\"x_MsoNormal\"><a href=\"https:\/\/www.litoralpress.cl\/sitio\/RadioTV_Detalles.cshtml?LPKey=M2E66OQLMPF4FSZQYL265X72RY2Y5DPDWLSM3ECRCNZLH4OYHNCAKH2WSCKKPEORL44SZB6IB7ZSM\">Entrevista a Mario Herrera, acad\u00e9mico del Centro de An\u00e1lisis Pol\u00edtico (CAP).\u00a0<\/a><\/p><p class=\"x_MsoNormal\">\u00a0<\/p><p class=\"x_MsoNormal\"><strong>CANAL 24 HORAS\u00a0<\/strong><\/p><p class=\"x_MsoNormal\"><a href=\"https:\/\/www.litoralpress.cl\/sitio\/RadioTV_Detalles.cshtml?LPKey=UAW5YN5IUWY6JG52Z6ZNQBRDSFAPJDOTAPBNF2PAL4DEIMBPR2N4SQUTN74XWRLAMKHFCHU3YFOQA\">Las opciones para generar una nueva Constituci\u00f3n. Se refiere Mario Herrera, acad\u00e9mico del Centro de An\u00e1lisis Pol\u00edtico (CAP).\u00a0<\/a><\/p><p class=\"x_MsoNormal\">\u00a0<\/p><p class=\"x_MsoNormal\"><strong>RADIO INFINITA\u00a0<\/strong><\/p><p class=\"x_MsoNormal\"><a href=\"https:\/\/www.litoralpress.cl\/sitio\/RadioTV_Detalles.cshtml?LPKey=XLBZQ3BLMD6FTPTGKJQXBT7XSBKHMYJLOALRVQEKGQCYVKYB2D52TUSS6ET2QS4MLZE3FZVOQQ37C\">Comentario de Mauricio Morales, director del Centro de An\u00e1lisis Pol\u00edtico (CAP).\u00a0<\/a><\/p><p class=\"x_MsoNormal\">\u00a0<\/p><p class=\"x_MsoNormal\"><strong>RADIO FUTURO\u00a0<\/strong><\/p><p class=\"x_MsoNormal\"><a href=\"https:\/\/www.litoralpress.cl\/sitio\/RadioTV_Detalles.cshtml?LPKey=7GZXLQTQGKGDUWZ5B6ZBDMNUQ55QMEIYM22Y4BABNRBYD4ZEUNK5KYC3DC4IHM42YTQXGFZ2V3FKG\">Entrevista a Mauricio Morales, director del Centro de An\u00e1lisis Pol\u00edtico (CAP).\u00a0<\/a><\/p><p class=\"x_MsoNormal\">\u00a0<\/p><p class=\"x_MsoNormal\"><strong>RADIO USACH\u00a0<\/strong><\/p><p class=\"x_MsoNormal\"><a href=\"https:\/\/www.litoralpress.cl\/sitio\/RadioTV_Detalles.cshtml?LPKey=4LUDMHDIUHKBQEXFKXZWYHU6H6QXI7K25YVOBFAFXUCEDGDM2JVY4FQMW5FYIOMDOCVW3OBBCXQTI\">Entrevista a Mario Herrera, acad\u00e9mico del Centro de An\u00e1lisis Pol\u00edtico (CAP).\u00a0<\/a><\/p><p class=\"x_MsoNormal\" aria-hidden=\"true\">\u00a0<\/p><p class=\"x_MsoNormal\"><strong>RADIO AMIGA\u00a0<\/strong><\/p><p class=\"x_MsoNormal\"><a href=\"https:\/\/www.litoralpress.cl\/sitio\/RadioTV_Detalles.cshtml?LPKey=QKEB7LTRENSRVBF2PBZ3PW4RIPLMALWFQXNZ5LRDRSL52MESIW6G3TGFPYSEGOGATE5YPNG4BF3B6\">Discusi\u00f3n pol\u00edtica se centrar\u00e1 en si habr\u00e1 o no un plebiscito de entrada en un nuevo proceso. Se refiere Mario Herrera, acad\u00e9mico del Centro de An\u00e1lisis Pol\u00edtico (CAP).\u00a0<\/a><\/p><p class=\"x_MsoNormal\" aria-hidden=\"true\">\u00a0<\/p><p class=\"x_MsoNormal\"><strong>ELMOSTRADOR.CL\u00a0<\/strong><\/p><p class=\"x_MsoNormal\"><a href=\"https:\/\/www.elmostrador.cl\/noticias\/pais\/2022\/09\/07\/entre-lo-simbolico-y-lo-estructural-cirugia-al-comite-politico-pone-el-timon-en-manos-de-la-ex-concertacion\/\">Entre lo simb\u00f3lico y lo estructural: cirug\u00eda al comit\u00e9 pol\u00edtico pone el tim\u00f3n en manos de la ex Concertaci\u00f3n. Se refiere Mauricio Morales, director del Centro de An\u00e1lisis Pol\u00edtico (CAP).\u00a0<\/a><\/p><p class=\"x_MsoNormal\">\u00a0<\/p><p class=\"x_MsoNormal\"><strong>FUTURO.CL\u00a0<\/strong><\/p><p class=\"x_MsoNormal\"><a href=\"https:\/\/www.futuro.cl\/2022\/09\/analista-politico-ya-estamos-viendo-una-derecha-que-comienza-a-obstaculizar-el-proceso-constituyente\/\">Analista pol\u00edtico: \u00abYa estamos viendo una derecha que comienza a obstaculizar el proceso constituyente\u00bb. Se refiere Mauricio Morales, director del Centro de An\u00e1lisis Pol\u00edtico (CAP).\u00a0<\/a><\/p><p class=\"x_MsoNormal\">\u00a0<\/p>\t\t\t\t\t\t<\/div>\n\t\t\t\t<\/div>\n\t\t\t\t\t<\/div>\n\t\t<\/div>\n\t\t\t\t\t\t\t<\/div>\n\t\t<\/section>\n\t\t\t\t\t\t<\/div>\n\t\t\t\t\t<\/div>\n\t\t","protected":false},"excerpt":{"rendered":"<p>CANAL CONTIVISI\u00d3N\u00a0 U. de Talca firm\u00f3 amplio convenio de colaboraci\u00f3n con la FACh. Se refieren Carlos Torres, rector y Karin Saavedra, directora General de Vinculaci\u00f3n con el Medio.\u00a0 \u00a0 ADPRENSA.CL\u00a0 UTalca y FACh firman amplio convenio de colaboraci\u00f3n. Se refieren Carlos Torres, rector y Karin Saavedra, directora General de Vinculaci\u00f3n con el Medio.\u00a0 \u00a0 MEDIABANCO.COM\u00a0 &hellip;<\/p>\n<p class=\"read-more\"> <a class=\"\" href=\"https:\/\/www.reportedeprensa.utalca.cl\/?p=4938\"> <span class=\"screen-reader-text\">08 de septiembre de 2022<\/span> Read More &raquo;<\/a><\/p>\n","protected":false},"author":1,"featured_media":0,"comment_status":"closed","ping_status":"open","sticky":false,"template":"","format":"standard","meta":{"_monsterinsights_skip_tracking":false,"_monsterinsights_sitenote_active":false,"_monsterinsights_sitenote_note":"","_monsterinsights_sitenote_category":0},"categories":[25],"tags":[],"_links":{"self":[{"href":"https:\/\/www.reportedeprensa.utalca.cl\/index.php?rest_route=\/wp\/v2\/posts\/4938"}],"collection":[{"href":"https:\/\/www.reportedeprensa.utalca.cl\/index.php?rest_route=\/wp\/v2\/posts"}],"about":[{"href":"https:\/\/www.reportedeprensa.utalca.cl\/index.php?rest_route=\/wp\/v2\/types\/post"}],"author":[{"embeddable":true,"href":"https:\/\/www.reportedeprensa.utalca.cl\/index.php?rest_route=\/wp\/v2\/users\/1"}],"replies":[{"embeddable":true,"href":"https:\/\/www.reportedeprensa.utalca.cl\/index.php?rest_route=%2Fwp%2Fv2%2Fcomments&post=4938"}],"version-history":[{"count":4,"href":"https:\/\/www.reportedeprensa.utalca.cl\/index.php?rest_route=\/wp\/v2\/posts\/4938\/revisions"}],"predecessor-version":[{"id":4942,"href":"https:\/\/www.reportedeprensa.utalca.cl\/index.php?rest_route=\/wp\/v2\/posts\/4938\/revisions\/4942"}],"wp:attachment":[{"href":"https:\/\/www.reportedeprensa.utalca.cl\/index.php?rest_route=%2Fwp%2Fv2%2Fmedia&parent=4938"}],"wp:term":[{"taxonomy":"category","embeddable":true,"href":"https:\/\/www.reportedeprensa.utalca.cl\/index.php?rest_route=%2Fwp%2Fv2%2Fcategories&post=4938"},{"taxonomy":"post_tag","embeddable":true,"href":"https:\/\/www.reportedeprensa.utalca.cl\/index.php?rest_route=%2Fwp%2Fv2%2Ftags&post=4938"}],"curies":[{"name":"wp","href":"https:\/\/api.w.org\/{rel}","templated":true}]}}