{"id":4950,"date":"2022-09-09T09:50:09","date_gmt":"2022-09-09T12:50:09","guid":{"rendered":"https:\/\/www.reportedeprensa.utalca.cl\/?p=4950"},"modified":"2022-09-09T10:04:02","modified_gmt":"2022-09-09T13:04:02","slug":"09-de-septiembre-de-2022","status":"publish","type":"post","link":"https:\/\/www.reportedeprensa.utalca.cl\/?p=4950","title":{"rendered":"09 de septiembre de 2022"},"content":{"rendered":"\t\t<div data-elementor-type=\"wp-post\" data-elementor-id=\"4950\" class=\"elementor elementor-4950\" data-elementor-settings=\"[]\">\n\t\t\t\t\t\t\t<div class=\"elementor-section-wrap\">\n\t\t\t\t\t\t\t<section class=\"elementor-section elementor-top-section elementor-element elementor-element-44052ab7 elementor-section-boxed elementor-section-height-default elementor-section-height-default\" data-id=\"44052ab7\" data-element_type=\"section\">\n\t\t\t\t\t\t<div class=\"elementor-container elementor-column-gap-default\">\n\t\t\t\t\t<div class=\"elementor-column elementor-col-100 elementor-top-column elementor-element elementor-element-5b002d83\" data-id=\"5b002d83\" data-element_type=\"column\">\n\t\t\t<div class=\"elementor-widget-wrap elementor-element-populated\">\n\t\t\t\t\t\t\t\t<div class=\"elementor-element elementor-element-477998b8 elementor-widget elementor-widget-text-editor\" data-id=\"477998b8\" data-element_type=\"widget\" data-widget_type=\"text-editor.default\">\n\t\t\t\t<div class=\"elementor-widget-container\">\n\t\t\t\t\t\t\t\t<p class=\"x_MsoNormal\"><strong>DEFENSA.COM<\/strong>\u00a0<\/p><p class=\"x_MsoNormal\"><a href=\"https:\/\/www.defensa.com\/chile\/universidad-talca-firma-importante-convenio-colaboracion-fuerza\">La Universidad de Talca firma un importante convenio de colaboraci\u00f3n con la Fuerza A\u00e9rea de Chile. Se refieren Carlos Torres, rector y Karin Saavedra, directora General de Vinculaci\u00f3n con el Medio. \u00a0<\/a><\/p><p class=\"x_MsoNormal\">\u00a0<\/p><p class=\"x_MsoNormal\"><strong>ADPRENSA.CL\u00a0<\/strong><\/p><p class=\"x_MsoNormal\"><a href=\"https:\/\/www.adprensa.cl\/cronica\/estudiantes-utalca-destacan-calidad-de-sus-profesores-y-acreditacion-como-razones-para-su-eleccion\/\">Estudiantes UTalca destacan calidad de sus profesores y acreditaci\u00f3n como razones para su elecci\u00f3n. Se refieren Paola Morales, directora de Ciclo de Vida Estudiantil, P\u00eda Ortiz y Samuel San Mart\u00edn, estudiantes.\u00a0<\/a><\/p><p class=\"x_MsoNormal\">\u00a0<\/p><p class=\"x_MsoNormal\"><strong>MEDIABANCO.COM\u00a0<\/strong><\/p><p class=\"x_MsoNormal\"><a href=\"https:\/\/www.mediabanco.com\/estudiantes-utalca-destacan-calidad-de-sus-profesores-y-acreditacion-como-razones-para-su-eleccion\/\">Estudiantes UTalca destacan calidad de sus profesores y acreditaci\u00f3n como razones para su elecci\u00f3n. Se refieren Paola Morales, directora de Ciclo de Vida Estudiantil, P\u00eda Ortiz y Samuel San Mart\u00edn, estudiantes. \u00a0<\/a><\/p><p class=\"x_MsoNormal\">\u00a0<\/p><p class=\"x_MsoNormal\"><strong>LAVOZENLINEA.CL\u00a0<\/strong><\/p><p class=\"x_MsoNormal\"><a href=\"https:\/\/lavozenlinea.cl\/2022\/09\/estudiantes-utalca-destacan-calidad-de-sus-profesores-y-acreditacion-como-razones-para-su-eleccion\/\">Estudiantes UTalca destacan calidad de sus profesores y acreditaci\u00f3n como razones para su elecci\u00f3n. Se refieren Paola Morales, directora de Ciclo de Vida Estudiantil, P\u00eda Ortiz y Samuel San Mart\u00edn, estudiantes.\u00a0<\/a><\/p><p class=\"x_MsoNormal\" aria-hidden=\"true\">\u00a0<\/p><p class=\"x_MsoNormal\"><strong>ELDIARIOSANTIAGO.CL\u00a0<\/strong><\/p><p class=\"x_MsoNormal\"><a href=\"https:\/\/eldiariosantiago.cl\/2022\/09\/08\/estudiantes-utalca-destacan-calidad-de-sus-profesores-y-acreditacion-como-razones-para-su-eleccion\/\">Estudiantes UTalca destacan calidad de sus profesores y acreditaci\u00f3n como razones para su elecci\u00f3n. Se refieren Paola Morales, directora de Ciclo de Vida Estudiantil, P\u00eda Ortiz y Samuel San Mart\u00edn, estudiantes.\u00a0<\/a><\/p><p class=\"x_MsoNormal\" aria-hidden=\"true\">\u00a0<\/p><p class=\"x_MsoNormal\"><strong>ELDIARIODELAARAUCANIA.CL\u00a0<\/strong><\/p><p class=\"x_MsoNormal\"><a href=\"https:\/\/eldiariodelaaraucania.cl\/2022\/09\/08\/estudiantes-utalca-destacan-calidad-de-sus-profesores-y-acreditacion-como-razones-para-su-eleccion\/\">Estudiantes UTalca destacan calidad de sus profesores y acreditaci\u00f3n como razones para su elecci\u00f3n. Se refieren Paola Morales, directora de Ciclo de Vida Estudiantil, P\u00eda Ortiz y Samuel San Mart\u00edn, estudiantes.\u00a0<\/a><\/p><p class=\"x_MsoNormal\" aria-hidden=\"true\">\u00a0<\/p><p class=\"x_MsoNormal\"><strong>ELDIARIODELAUTARO.CL\u00a0<\/strong><\/p><p class=\"x_MsoNormal\"><a href=\"https:\/\/eldiariodelautaro.cl\/estudiantes-utalca-destacan-calidad-de-sus-profesores-y-acreditacion-como-razones-para-su-eleccion\/\">Estudiantes UTalca destacan calidad de sus profesores y acreditaci\u00f3n como razones para su elecci\u00f3n. Se refieren Paola Morales, directora de Ciclo de Vida Estudiantil, P\u00eda Ortiz y Samuel San Mart\u00edn, estudiantes.\u00a0<\/a><\/p><p class=\"x_MsoNormal\" aria-hidden=\"true\">\u00a0<\/p><p class=\"x_MsoNormal\"><strong>ELMOSTRADOR.CL\u00a0<\/strong><\/p><p class=\"x_MsoNormal\"><a href=\"https:\/\/www.elmostrador.cl\/dia\/2022\/09\/08\/universidad-de-talca-anunciara-este-viernes-al-ganador-del-premio-iberoamericano-de-letras-jose-donoso\/\">Universidad de Talca anunciar\u00e1 este viernes al ganador del Premio Iberoamericano de Letras Jos\u00e9 Donoso. Se refieren Claire Mercier, acad\u00e9mica del Instituto de Estudios Human\u00edsticos Juan Ignacio Molina y Marcela Albornoz, directora de Extensi\u00f3n Cultural-Art\u00edstica. \u00a0<\/a><\/p><p class=\"x_MsoNormal\">\u00a0<\/p><p class=\"x_MsoNormal\"><strong>LAS \u00daLTIMAS NOTICIAS\u00a0<\/strong><\/p><p class=\"x_MsoNormal\"><a href=\"https:\/\/www.litoralpress.cl\/sitio\/Prensa_PaginaCompleta.cshtml?LPKey=VZSCYD7RNOL5UICA7JZWBKPJFZQLZG3EUKM5YMVPDMO757GTEQOA\">Est\u00e1 lleno de carreras de turismo: explore qu\u00e9 hace cada especialidad. Se menciona la carrera de T\u00e9cnico de Nivel Superior en Turismo Enol\u00f3gico.\u00a0<\/a><\/p><p class=\"x_MsoNormal\"><span class=\"x_MsoHyperlink\">\u00a0<\/span><\/p><p class=\"x_MsoNormal\"><strong><span class=\"x_MsoHyperlink\">ELMAULEINFORMA.CL\u00a0<\/span><\/strong><\/p><p class=\"x_MsoNormal\"><a href=\"https:\/\/elmauleinforma.cl\/incorporacion-de-odontogeriatria-permitira-el-acceso-a-atencion-odontologica-a-personas-mayores-fragiles-y-dependientes\/\"><span class=\"x_MsoHyperlink\">Incorporaci\u00f3n de Odontogeriatr\u00eda permitir\u00e1 el acceso a atenci\u00f3n odontol\u00f3gica a personas mayores fr\u00e1giles y dependientes. Se refieren Soraya Le\u00f3n, directora del Mag\u00edster en Odontogeriatr\u00eda, Rodrigo Giacaman, decano de la Facultad de Odontolog\u00eda e Iv\u00e1n Palomo, acad\u00e9mico de la Facultad de Ciencias de la Salud.<\/span><span class=\"x_MsoHyperlink\">\u00a0<\/span><\/a><\/p><p class=\"x_MsoNormal\"><span class=\"x_MsoHyperlink\">\u00a0<\/span><\/p><p class=\"x_MsoNormal\"><strong><span class=\"x_MsoHyperlink\">MEDIABANCO.COM\u00a0<\/span><\/strong><\/p><p class=\"x_MsoNormal\"><a href=\"https:\/\/www.mediabanco.com\/pdi-y-utalca-llaman-a-no-adquirir-medicamentos-en-lugares-no-habilitados\/\"><span class=\"x_MsoHyperlink\">PDI y UTalca llaman a no adquirir medicamentos en lugares no habilitados. Se refieren Paula Caballero, vicerrectora de Desarrollo Estudiantil y Daniel Jim\u00e9nez, director de Salud del Estudiante.\u00a0<\/span><\/a><\/p><p class=\"x_MsoNormal\"><span class=\"x_MsoHyperlink\">\u00a0<\/span><\/p><p class=\"x_MsoNormal\"><strong><span class=\"x_MsoHyperlink\">MAULEHOY.CL\u00a0<\/span><\/strong><\/p><p class=\"x_MsoNormal\"><a href=\"https:\/\/maulehoy.cl\/2022\/09\/08\/pdi-y-utalca-llaman-a-no-adquirir-productos-por-ahi\/\"><span class=\"x_MsoHyperlink\">PDI y UTalca llaman a no adquirir productos \u00abPor ah\u00ed\u00bb. Se refieren Paula Caballero, vicerrectora de Desarrollo Estudiantil y Daniel Jim\u00e9nez, director de Salud del Estudiante.\u00a0<\/span><\/a><\/p><p class=\"x_MsoNormal\">\u00a0<\/p><p class=\"x_MsoNormal\"><strong>LINARESENLINEA.CL\u00a0<\/strong><\/p><p class=\"x_MsoNormal\"><a href=\"https:\/\/www.linaresenlinea.cl\/2022\/09\/09\/llaman-a-no-adquirir-medicamentos-de-manera-ilicita\/\">Llaman a no adquirir medicamentos de manera il\u00edcita. Se refieren Paula Caballero, vicerrectora de Desarrollo Estudiantil y Daniel Jim\u00e9nez, director de Salud del Estudiante.\u00a0<\/a><\/p><p class=\"x_MsoNormal\">\u00a0<\/p><p class=\"x_MsoNormal\"><strong>CAUQUENESNET.CL\u00a0<\/strong><\/p><p class=\"x_MsoNormal\"><a href=\"https:\/\/cauquenesnet.cl\/2022\/09\/08\/pdi-y-la-utalca-llaman-a-no-adquirir-medicamentos-en-lugares-no-habilitados\/\">PDI y UTalca llaman a no adquirir medicamentos en lugares no habilitados. Se refieren Paula Caballero, vicerrectora de Desarrollo Estudiantil y Daniel Jim\u00e9nez, director de Salud del Estudiante.\u00a0<\/a><\/p><p class=\"x_MsoNormal\" aria-hidden=\"true\">\u00a0<\/p><p class=\"x_MsoNormal\"><strong>CANAL TVN RED MAULE\u00a0<\/strong><\/p><p class=\"x_MsoNormal\"><a href=\"https:\/\/www.litoralpress.cl\/sitio\/RadioTV_Detalles.cshtml?LPKey=ZDYL7AQK35VMZHUH5CIKYRCKWASHDR6PGITFKOLLPVXECBPVZHPVTHL7JUCEUQN3KRJE6TKOWQU2O\">44 mujeres emprendedoras de 24 comunas reciben certificaci\u00f3n internacional.\u00a0<\/a><\/p><p class=\"x_MsoNormal\">\u00a0<\/p><p class=\"x_MsoNormal\"><strong>ELCENTRO.CL\u00a0<\/strong><\/p><p class=\"x_MsoNormal\"><a href=\"https:\/\/elcentro.cl\/2022\/09\/08\/corte-suprema-y-el-alza-en-los-planes-de-salud-de-isapres\/\">Corte Suprema y el alza en los planes de salud de Isapres. Columna de opini\u00f3n de Diego Palomo, acad\u00e9mico de la Facultad de Ciencias Jur\u00eddicas y Sociales. \u00a0<\/a><\/p><p class=\"x_MsoNormal\">\u00a0<\/p><p class=\"x_MsoNormal\"><strong>MAULEHOY.CL\u00a0<\/strong><\/p><p class=\"x_MsoNormal\"><a href=\"https:\/\/maulehoy.cl\/2022\/09\/08\/sequia-en-chile-agroclimatologo-advierte-que-seguimos-bajo-una-fragilidad-climatica\/\">Sequ\u00eda en Chile: Agroclimat\u00f3logo advierte que seguimos bajo una \u201cfragilidad clim\u00e1tica\u201d. Se refiere Patricio Gonz\u00e1lez, acad\u00e9mico del Centro de Investigaci\u00f3n y Transferencia en Riego y Agroclimatolog\u00eda (CITRA).\u00a0\u00a0\u00a0<\/a><\/p><p class=\"x_MsoNormal\">\u00a0<\/p><p class=\"x_MsoNormal\"><strong>EL TIP\u00d3GRAFO\u00a0<\/strong><\/p><p class=\"x_MsoNormal\"><a href=\"https:\/\/www.litoralpress.cl\/paginaconsultas\/Servicios_NClipSitio\/Get_Imagen_Nota.aspx?LPKey=YXSY22YNKINVG7O7AZC7GS3LFZM6CLVGJCFEB6IKPCCBAD6U3PRY5ZNFVD3A5JCEVOBKPXAYCLTAU\">Mantener las certezas para sobrellevar la crisis econ\u00f3mica. Se refiere Arcadio Cerda, acad\u00e9mico de la Facultad de Econom\u00eda y Negocios (FEN).\u00a0<\/a><\/p><p class=\"x_MsoNormal\">\u00a0<\/p><p class=\"x_MsoNormal\"><strong>RADIO AMIGA\u00a0<\/strong><\/p><p class=\"x_MsoNormal\"><a href=\"https:\/\/www.litoralpress.cl\/sitio\/RadioTV_Detalles.cshtml?LPKey=LTSG5YESWUDZBN7PIDWZK6J2FSKVJNCWMHAEBYVV4KYRESBYTD4JVN6KX55BQLRLS3G4FRHBE2BIC\">Banco Central revisa al alza la inflaci\u00f3n para fines de 2022. Se refiere Juan Andr\u00e9s Riquelme, director del Mag\u00edster en Econom\u00eda.\u00a0<\/a><\/p><p class=\"x_MsoNormal\"><span class=\"x_MsoHyperlink\">\u00a0<\/span><\/p><p class=\"x_MsoNormal\"><strong><span class=\"x_MsoHyperlink\">MAULEHOY.CL\u00a0<\/span><\/strong><\/p><p class=\"x_MsoNormal\"><a href=\"https:\/\/maulehoy.cl\/2022\/09\/08\/expertos-adelantan-dificil-panorama-economico-para-el-segundo-semestre\/\"><span class=\"x_MsoHyperlink\">Expertos adelantan dif\u00edcil panorama econ\u00f3mico para el segundo semestre. Se refiere Juan Andr\u00e9s Riquelme y Arcadio Cerda, acad\u00e9micos de la Facultad de Econom\u00eda y Negocios (FEN).\u00a0\u00a0<\/span><\/a><\/p><p class=\"x_MsoNormal\">\u00a0<\/p><p class=\"x_MsoNormal\"><strong>CANAL TVN RED MAULE\u00a0<\/strong><\/p><p class=\"x_MsoNormal\"><a href=\"https:\/\/www.litoralpress.cl\/sitio\/RadioTV_Detalles.cshtml?LPKey=ZIQU4REITQUNEKVN2BNSQOD3BPTF6CNNSOYC4KN2EQIZG2L4P6PT6KKY7K2KQGKFE5R3IGIAALQNG\">Hubo r\u00e9plicas tras sismo en Magallanes. Se refiere Francisco Rivas, director de la Escuela de Ingenier\u00eda Civil de Minas.\u00a0<\/a><\/p><p class=\"x_MsoNormal\">\u00a0<\/p><p class=\"x_MsoNormal\"><strong>RADIO GUAYAC\u00c1N\u00a0<\/strong><\/p><p class=\"x_MsoNormal\"><a href=\"https:\/\/www.litoralpress.cl\/sitio\/RadioTV_Detalles.cshtml?LPKey=USAQQN2VA363AUVACKCGJOE2I2UYQX6KO7VRCHXEJ6VKXKLTR2TI35PX46MPAA74LQR5DS4XL7GPE\">Entrevista a Alejandra M\u00e1rquez, acad\u00e9mica del Centro de An\u00e1lisis Pol\u00edtico (CAP).\u00a0<\/a><\/p><p class=\"x_MsoNormal\">\u00a0<\/p><p class=\"x_MsoNormal\"><strong>LAS \u00daLTIMAS NOTICIAS\u00a0<\/strong><\/p><p class=\"x_MsoNormal\"><a href=\"https:\/\/www.litoralpress.cl\/paginaconsultas\/Servicios_NClipSitio\/Get_Imagen_Nota.aspx?LPKey=YLIV6SRRP36XYEY4BE3FLWVLOMKDZNDWHJIWMS2T2COLJCJMPHQ74ARQER7PSYIW23BYR4PVIS4QW\">Cambios de seis subsecretarios: Nicol\u00e1s Cataldo asume en Desarrollo Regional. Se refiere Mauricio Morales, director del Centro de An\u00e1lisis Pol\u00edtico (CAP).\u00a0<\/a><\/p><p class=\"x_MsoNormal\">\u00a0<\/p><p class=\"x_MsoNormal\"><strong>PUBLIMETRO\u00a0<\/strong><\/p><p class=\"x_MsoNormal\"><a href=\"https:\/\/www.litoralpress.cl\/paginaconsultas\/Servicios_NClipSitio\/Get_Imagen_Nota.aspx?LPKey=3M27PJ64LGPA6RETWBMMXBYUZJ4Y5HDRAK32OYAAE26XIBKWTUIAFPNUUGZVEJZZVH4365SLWYHDI\">Destacan por desarrollo humano a Chile, pero queda por avanzar. Se refiere Mauricio Morales, director del Centro de An\u00e1lisis Pol\u00edtico (CAP).\u00a0<\/a><\/p><p class=\"x_MsoNormal\">\u00a0<\/p><p class=\"x_MsoNormal\"><strong>EMOL TV\u00a0<\/strong><\/p><p class=\"x_MsoNormal\"><a href=\"https:\/\/www.litoralpress.cl\/sitio\/RadioTV_Detalles.cshtml?LPKey=7M3AZUT265C2BABH27CI2P32Y2VG7PILLUOHE5HKBAQ6XU7IBE3IILTKPELO2SCO2CMJ2LBD6LFSU\">Acad\u00e9mico analiza la contingencia. Se refiere Mauricio Morales, director del Centro de An\u00e1lisis Pol\u00edtico (CAP).\u00a0<\/a><\/p><p class=\"x_MsoNormal\">\u00a0<\/p><p class=\"x_MsoNormal\"><strong>RADIO INFINITA\u00a0<\/strong><\/p><p class=\"x_MsoNormal\"><a href=\"https:\/\/www.litoralpress.cl\/sitio\/RadioTV_Detalles.cshtml?LPKey=E4CIYV4LQPAVS3F2QBZTPAJ43AWLB3RXEYPZSE4INGCIGBPQHKTB45V7ZBOUQGZXKD27GHIFD2AAG\">Comentario de Mauricio Morales, director del Centro de An\u00e1lisis Pol\u00edtico (CAP).\u00a0<\/a><\/p><p class=\"x_MsoNormal\">\u00a0<\/p><p class=\"x_MsoNormal\"><strong>EL C\u00d3NDOR\u00a0<\/strong><\/p><p class=\"x_MsoNormal\"><a href=\"https:\/\/www.litoralpress.cl\/paginaconsultas\/Servicios_NClipSitio\/Get_Imagen_Nota.aspx?LPKey=7WM5JJLJRVVWYFP4NHNSJE5JBCJH4OLCX2NSJQB3DU4K6N3YUWCE3YBYLMB6Q2FCL34P4KLIHKDXA\">Analista adelanta las aristas que vienen tras el plebiscito. Se refiere Mario Herrera, acad\u00e9mico del Centro de An\u00e1lisis Pol\u00edtico (CAP).\u00a0<\/a><\/p><p class=\"x_MsoNormal\">\u00a0<\/p><p class=\"x_MsoNormal\"><strong>PORTALEDUCACION.CL\u00a0<\/strong><\/p><p class=\"x_MsoNormal\"><a href=\"https:\/\/portaleducacion.cl\/index.php\/2022\/09\/08\/animales-prehistoricos-chilenos-llegan-al-mall-de-curico\/\">Animales prehist\u00f3ricos chilenos llegan al Mall de Curic\u00f3. Se refiere Karin Saavedra, directora General de Vinculaci\u00f3n con el Medio. \u00a0<\/a><\/p><p class=\"x_MsoNormal\">\u00a0<\/p><p class=\"x_MsoNormal\"><strong>LANOTICIA.CL\u00a0<\/strong><\/p><p class=\"x_MsoNormal\"><a href=\"https:\/\/lanoticia.cl\/ligas-deportivas-de-educacion-superior-volvieron-a-la-competencia-luego-de-dos-anos\/\">Ligas deportivas de educaci\u00f3n superior volvieron a la competencia luego de dos a\u00f1os. Se menciona a la UTalca.\u00a0<\/a><\/p><p class=\"x_MsoNormal\" aria-hidden=\"true\">\u00a0<\/p><p class=\"x_MsoNormal\"><strong>REDMAULE.COM\u00a0<\/strong><\/p><p class=\"x_MsoNormal\"><a href=\"https:\/\/www.redmaule.com\/deportes\/ligas-deportivas-de-educacion-superior-del-maule-volvieron-a-las\">Ligas deportivas de educaci\u00f3n superior volvieron a la competencia luego de dos a\u00f1os. Se menciona a la UTalca.\u00a0<\/a><\/p><p class=\"x_MsoNormal\">\u00a0<\/p><p class=\"x_MsoNormal\"><strong>CANAL TVN RED MAULE\u00a0<\/strong><\/p><p class=\"x_MsoNormal\"><a href=\"https:\/\/www.litoralpress.cl\/sitio\/RadioTV_Detalles.cshtml?LPKey=ZA6QYQP6UGEX5FCHGANSQ2237UU5ZZHLTL3NCNA4GUO4BKQHDN7AURYALVM3B4DKJNZWSTCKQQHS2\">Nueva c\u00e1tedra Oreste Plath se realiza ma\u00f1ana en el canal de Youtube de la Extensi\u00f3n UTalca.\u00a0<\/a><\/p><p class=\"x_MsoNormal\">\u00a0<\/p>\t\t\t\t\t\t<\/div>\n\t\t\t\t<\/div>\n\t\t\t\t\t<\/div>\n\t\t<\/div>\n\t\t\t\t\t\t\t<\/div>\n\t\t<\/section>\n\t\t\t\t\t\t<\/div>\n\t\t\t\t\t<\/div>\n\t\t","protected":false},"excerpt":{"rendered":"<p>DEFENSA.COM\u00a0 La Universidad de Talca firma un importante convenio de colaboraci\u00f3n con la Fuerza A\u00e9rea de Chile. Se refieren Carlos Torres, rector y Karin Saavedra, directora General de Vinculaci\u00f3n con el Medio. \u00a0 \u00a0 ADPRENSA.CL\u00a0 Estudiantes UTalca destacan calidad de sus profesores y acreditaci\u00f3n como razones para su elecci\u00f3n. Se refieren Paola Morales, directora de &hellip;<\/p>\n<p class=\"read-more\"> <a class=\"\" href=\"https:\/\/www.reportedeprensa.utalca.cl\/?p=4950\"> <span class=\"screen-reader-text\">09 de septiembre de 2022<\/span> Read More &raquo;<\/a><\/p>\n","protected":false},"author":1,"featured_media":0,"comment_status":"closed","ping_status":"open","sticky":false,"template":"","format":"standard","meta":{"_monsterinsights_skip_tracking":false,"_monsterinsights_sitenote_active":false,"_monsterinsights_sitenote_note":"","_monsterinsights_sitenote_category":0},"categories":[25],"tags":[],"_links":{"self":[{"href":"https:\/\/www.reportedeprensa.utalca.cl\/index.php?rest_route=\/wp\/v2\/posts\/4950"}],"collection":[{"href":"https:\/\/www.reportedeprensa.utalca.cl\/index.php?rest_route=\/wp\/v2\/posts"}],"about":[{"href":"https:\/\/www.reportedeprensa.utalca.cl\/index.php?rest_route=\/wp\/v2\/types\/post"}],"author":[{"embeddable":true,"href":"https:\/\/www.reportedeprensa.utalca.cl\/index.php?rest_route=\/wp\/v2\/users\/1"}],"replies":[{"embeddable":true,"href":"https:\/\/www.reportedeprensa.utalca.cl\/index.php?rest_route=%2Fwp%2Fv2%2Fcomments&post=4950"}],"version-history":[{"count":4,"href":"https:\/\/www.reportedeprensa.utalca.cl\/index.php?rest_route=\/wp\/v2\/posts\/4950\/revisions"}],"predecessor-version":[{"id":4957,"href":"https:\/\/www.reportedeprensa.utalca.cl\/index.php?rest_route=\/wp\/v2\/posts\/4950\/revisions\/4957"}],"wp:attachment":[{"href":"https:\/\/www.reportedeprensa.utalca.cl\/index.php?rest_route=%2Fwp%2Fv2%2Fmedia&parent=4950"}],"wp:term":[{"taxonomy":"category","embeddable":true,"href":"https:\/\/www.reportedeprensa.utalca.cl\/index.php?rest_route=%2Fwp%2Fv2%2Fcategories&post=4950"},{"taxonomy":"post_tag","embeddable":true,"href":"https:\/\/www.reportedeprensa.utalca.cl\/index.php?rest_route=%2Fwp%2Fv2%2Ftags&post=4950"}],"curies":[{"name":"wp","href":"https:\/\/api.w.org\/{rel}","templated":true}]}}