{"id":4963,"date":"2022-09-26T09:38:19","date_gmt":"2022-09-26T12:38:19","guid":{"rendered":"https:\/\/www.reportedeprensa.utalca.cl\/?p=4963"},"modified":"2022-09-26T10:28:40","modified_gmt":"2022-09-26T13:28:40","slug":"26-de-septiembre-de-2022","status":"publish","type":"post","link":"https:\/\/www.reportedeprensa.utalca.cl\/?p=4963","title":{"rendered":"26 de septiembre de 2022"},"content":{"rendered":"\t\t<div data-elementor-type=\"wp-post\" data-elementor-id=\"4963\" class=\"elementor elementor-4963\" data-elementor-settings=\"[]\">\n\t\t\t\t\t\t\t<div class=\"elementor-section-wrap\">\n\t\t\t\t\t\t\t<section class=\"elementor-section elementor-top-section elementor-element elementor-element-44052ab7 elementor-section-boxed elementor-section-height-default elementor-section-height-default\" data-id=\"44052ab7\" data-element_type=\"section\">\n\t\t\t\t\t\t<div class=\"elementor-container elementor-column-gap-default\">\n\t\t\t\t\t<div class=\"elementor-column elementor-col-100 elementor-top-column elementor-element elementor-element-5b002d83\" data-id=\"5b002d83\" data-element_type=\"column\">\n\t\t\t<div class=\"elementor-widget-wrap elementor-element-populated\">\n\t\t\t\t\t\t\t\t<div class=\"elementor-element elementor-element-477998b8 elementor-widget elementor-widget-text-editor\" data-id=\"477998b8\" data-element_type=\"widget\" data-widget_type=\"text-editor.default\">\n\t\t\t\t<div class=\"elementor-widget-container\">\n\t\t\t\t\t\t\t\t<p class=\"x_MsoNormal\"><strong><span lang=\"ES\">ADPRENSA.CL\u00a0<\/span><\/strong><\/p><p class=\"x_MsoNormal\"><a href=\"https:\/\/www.adprensa.cl\/cronica\/acreditacion-de-la-universidad-de-talca-que-es-ser-una-universidad-compleja\/\"><span lang=\"ES\">Acreditaci\u00f3n de la Universidad de Talca: \u00bfQu\u00e9 es ser una universidad compleja? Se refieren Cristi\u00e1n Rojas, vicerrector Acad\u00e9mico; Johanna Kreither, directora de Postgrado; y Cynthia C\u00e1ceres, estudiante del Doctorado en Econom\u00eda. \u00a0<\/span><\/a><\/p><p class=\"x_MsoNormal\"><span lang=\"ES\">\u00a0<\/span><\/p><p class=\"x_MsoNormal\"><strong><span lang=\"ES\">MEDIABANCO.COM\u00a0<\/span><\/strong><\/p><p class=\"x_MsoNormal\"><a href=\"https:\/\/www.mediabanco.com\/acreditacion-de-la-universidad-de-talca-que-es-ser-una-universidad-compleja\/\"><span lang=\"ES\">Acreditaci\u00f3n de la Universidad de Talca: \u00bfQu\u00e9 es ser una universidad compleja? Se refieren Cristi\u00e1n Rojas, vicerrector Acad\u00e9mico; Johanna Kreither, directora de Postgrado; y Cynthia C\u00e1ceres, estudiante del Doctorado en Econom\u00eda.\u00a0<\/span><\/a><\/p><p class=\"x_MsoNormal\"><span lang=\"ES\">\u00a0<\/span><\/p><p class=\"x_MsoNormal\"><strong><span lang=\"ES\">LAS \u00daLTIMAS NOTICIAS\u00a0<\/span><\/strong><\/p><p class=\"x_MsoNormal\"><a href=\"https:\/\/www.litoralpress.cl\/sitio\/Prensa_PaginaCompleta.cshtml?LPKey=34ZPSTIDTQWZCAW6VTYIYNBQOVWVUYT5KUVRVAUCTIX74KX2ZHJQ\"><span lang=\"ES\">Sueldos, empleabilidad y datos duros de las carreras humanistas. Se refiere Rodrigo Palomo, decano de la Facultad de Ciencias Jur\u00eddicas y Sociales. \u00a0<\/span><\/a><\/p><p class=\"x_MsoNormal\"><span lang=\"ES\">\u00a0<\/span><\/p><p class=\"x_MsoNormal\"><strong><span lang=\"ES\">LAS \u00daLTIMAS NOTICIAS\u00a0<\/span><\/strong><\/p><p class=\"x_MsoNormal\"><a href=\"https:\/\/www.litoralpress.cl\/sitio\/Prensa_PaginaCompleta.cshtml?LPKey=YFIJUZB67LVDRFHQ5L7L2D4OTTVEPZT3SNV2DPRNWDL2Q5D5KHPA\"><span lang=\"ES\">Tremendo logro: 40 universidades chilenas destacan en ranking latinoamericano. Se menciona a la UTalca. \u00a0<\/span><\/a><\/p><p class=\"x_MsoNormal\"><span class=\"x_MsoHyperlink\"><span lang=\"ES\">\u00a0<\/span><\/span><\/p><p class=\"x_MsoNormal\"><strong><span class=\"x_MsoHyperlink\"><span lang=\"ES\">EMOL.COM<\/span><span lang=\"ES\">\u00a0<\/span><\/span><\/strong><\/p><p class=\"x_MsoNormal\"><a href=\"https:\/\/www.emol.com\/noticias\/Nacional\/2022\/09\/23\/1073624\/ranking-qs-2023-latinoamerica.html\"><span lang=\"ES\">Ranking QS selecciona las 100 mejores universidades de Am\u00e9rica Latina y 16 de ellas son chilenas: Rev\u00edsalo aqu\u00ed. Se menciona a la UTalca.\u00a0<\/span><\/a><\/p><p class=\"x_MsoNormal\"><span lang=\"ES\">\u00a0<\/span><\/p><p class=\"x_MsoNormal\"><strong><span lang=\"ES\">RADIO BUENA NUEVA\u00a0<\/span><\/strong><\/p><p class=\"x_MsoNormal\"><a href=\"https:\/\/www.litoralpress.cl\/sitio\/RadioTV_Detalles.cshtml?LPKey=RSGWRFXSRG3HNUAV4IIENBUAFEEJ7NQB2YC3XUC2ZUMGXMHHPXEZQB43HM7BOBH7LUCGDZCUF2VAG\"><span lang=\"ES\">Entrevista a Paola Morales, directora de Ciclo de Vida Estudiantil (CIVE).\u00a0<\/span><\/a><\/p><p class=\"x_MsoNormal\"><span lang=\"ES\">\u00a0<\/span><\/p><p class=\"x_MsoNormal\"><strong><span lang=\"ES\">ELMOSTRADOR.CL\u00a0<\/span><\/strong><\/p><p class=\"x_MsoNormal\"><a href=\"https:\/\/www.elmostrador.cl\/agenda-pais\/2022\/09\/16\/universidad-capacitara-a-docentes-en-salud-mental-y-convivencia-escolar\/\"><span lang=\"ES\">Universidad capacitar\u00e1 a docentes en salud mental y convivencia escolar. Se refieren Carolina Iturra, decana de la Facultad de Ciencias de la Educaci\u00f3n e Ismael Gallardo, decano de la Facultad de Psicolog\u00eda.\u00a0<\/span><\/a><\/p><p class=\"x_MsoNormal\"><span lang=\"ES\">\u00a0<\/span><\/p><p class=\"x_MsoNormal\"><strong><span lang=\"ES\">LA PRENSA\u00a0<\/span><\/strong><\/p><p class=\"x_MsoNormal\"><a href=\"https:\/\/www.litoralpress.cl\/paginaconsultas\/Servicios_NClipSitio\/Get_Imagen_Nota.aspx?LPKey=V5R75VO6OPLRHUHPKCWTGC5XFW34LDT2B3AHUG7RQPA5BJA7P24TZ5HG5B2TR2CMTMMVIWKFYPRPW\"><span lang=\"ES\">Docentes ser\u00e1n capacitados en salud mental y convivencia escolar. Se refiere Carolina Iturra, decana de la Facultad de Ciencias de la Educaci\u00f3n.\u00a0<\/span><\/a><\/p><p class=\"x_MsoNormal\"><span lang=\"ES\">\u00a0<\/span><\/p><p class=\"x_MsoNormal\"><strong><span lang=\"ES\">EL HERALDO\u00a0<\/span><\/strong><\/p><p class=\"x_MsoNormal\"><a href=\"https:\/\/www.litoralpress.cl\/paginaconsultas\/Servicios_NClipSitio\/Get_Imagen_Nota.aspx?LPKey=BOZZI57WGIJ2DQVZVQB2NX6Y2LC57P3236HFW2KOZ2E6A2FMJCZPI4EZ6XUK2P6NS42SD5QJYSSRO\"><span lang=\"ES\">UTalca capacitar\u00e1 a docentes en salud mental y convivencia escolar. Se refieren Carolina Iturra, decana de la Facultad de Ciencias de la Educaci\u00f3n e Ismael Gallardo, decano de la Facultad de Psicolog\u00eda.\u00a0<\/span><\/a><\/p><p class=\"x_MsoNormal\"><span lang=\"ES\">\u00a0<\/span><\/p><p class=\"x_MsoNormal\"><strong><span lang=\"ES\">MEDIABANCO.COM\u00a0<\/span><\/strong><\/p><p class=\"x_MsoNormal\"><a href=\"https:\/\/www.mediabanco.com\/utalca-capacitara-a-docentes-en-salud-mental-y-convivencia-escolar\/\"><span lang=\"ES\">UTalca capacitar\u00e1 a docentes en salud mental y convivencia escolar. Se refieren Carolina Iturra, decana de la Facultad de Ciencias de la Educaci\u00f3n e Ismael Gallardo, decano de la Facultad de Psicolog\u00eda.\u00a0<\/span><\/a><\/p><p class=\"x_MsoNormal\"><span lang=\"ES\">\u00a0<\/span><\/p><p class=\"x_MsoNormal\"><strong><span lang=\"ES\">DIARIODELAEDUCACI\u00d3N.CL\u00a0<\/span><\/strong><\/p><p class=\"x_MsoNormal\"><a href=\"https:\/\/diariodelaeducacion.cl\/Educacion\/utalca-capacitara-a-docentes-en-salud-mental-y-convivencia-escolar\/\"><span lang=\"ES\">UTalca capacitar\u00e1 a docentes en salud mental y convivencia escolar. Se refieren Carolina Iturra, decana de la Facultad de Ciencias de la Educaci\u00f3n e Ismael Gallardo, decano de la Facultad de Psicolog\u00eda.\u00a0<\/span><\/a><\/p><p class=\"x_MsoNormal\"><span lang=\"ES\">\u00a0<\/span><\/p><p class=\"x_MsoNormal\"><strong><span lang=\"ES\">DIARIOTALCA.CL\u00a0<\/span><\/strong><\/p><p class=\"x_MsoNormal\"><a href=\"https:\/\/diariotalca.cl\/utalca-capacitara-a-docentes-en-salud-mental-y-convivencia-escolar\/\"><span lang=\"ES\">UTalca capacitar\u00e1 a docentes en salud mental y convivencia escolar. Se refieren Carolina Iturra, decana de la Facultad de Ciencias de la Educaci\u00f3n e Ismael Gallardo, decano de la Facultad de Psicolog\u00eda.\u00a0<\/span><\/a><\/p><p class=\"x_MsoNormal\"><span lang=\"ES\">\u00a0<\/span><\/p><p class=\"x_MsoNormal\"><strong><span lang=\"ES\">DIARIOELHERALDO.CL\u00a0<\/span><\/strong><\/p><p class=\"x_MsoNormal\"><a href=\"https:\/\/www.diarioelheraldo.cl\/noticia\/utalca-capacitara-a-docentes-en-salud-mental-y-convivencia-escolar-\"><span lang=\"ES\">UTalca capacitar\u00e1 a docentes en salud mental y convivencia escolar. Se refieren Carolina Iturra, decana de la Facultad de Ciencias de la Educaci\u00f3n e Ismael Gallardo, decano de la Facultad de Psicolog\u00eda.\u00a0<\/span><\/a><\/p><p class=\"x_MsoNormal\"><span lang=\"ES\">\u00a0<\/span><\/p><p class=\"x_MsoNormal\"><strong><span lang=\"ES\">ELCENTRO.CL\u00a0<\/span><\/strong><\/p><p class=\"x_MsoNormal\"><a href=\"https:\/\/elcentro.cl\/2022\/09\/15\/utalca-capacitara-a-docentes-en-salud-mental-y-convivencia-escolar\/\"><span lang=\"ES\">UTalca capacitar\u00e1 a docentes en salud mental y convivencia escolar. Se refieren Carolina Iturra, decana de la Facultad de Ciencias de la Educaci\u00f3n e Ismael Gallardo, decano de la Facultad de Psicolog\u00eda.\u00a0<\/span><\/a><\/p><p class=\"x_MsoNormal\"><span lang=\"ES\">\u00a0<\/span><\/p><p class=\"x_MsoNormal\"><strong><span lang=\"ES\">NINAFM.CL\u00a0<\/span><\/strong><\/p><p class=\"x_MsoNormal\"><a href=\"https:\/\/ninafm.cl\/2022\/09\/16\/universidad-capacitara-a-docentes-en-salud-mental-y-convivencia-escolar\/\"><span lang=\"ES\">Universidad capacitar\u00e1 a docentes en salud mental y convivencia escolar. Se refieren Carolina Iturra, decana de la Facultad de Ciencias de la Educaci\u00f3n e Ismael Gallardo, decano de la Facultad de Psicolog\u00eda.\u00a0<\/span><\/a><\/p><p class=\"x_MsoNormal\"><span lang=\"ES\">\u00a0<\/span><\/p><p class=\"x_MsoNormal\"><strong><span lang=\"ES\">EL LECTOR\u00a0<\/span><\/strong><\/p><p class=\"x_MsoNormal\"><a href=\"https:\/\/www.litoralpress.cl\/paginaconsultas\/Servicios_NClipSitio\/Get_Imagen_Nota.aspx?LPKey=DJUPLE7HX7WIRB3SXO3ONTW67WIW6AXVJFHS5DPVTFMKIAHFRJSCYJ2IXS53RFXCU2KE7UKL67IJI\"><span lang=\"ES\">Pedagog\u00edas en la UTalca: formando a los profesores de las nuevas generaciones. Se refieren Carolina Iturra, decana de la Facultad de Ciencias de la Educaci\u00f3n; Ricardo Valderrama, director de Pedagog\u00eda en Educaci\u00f3n Media en Ingl\u00e9s; y Rebeca Vega, estudiante de Pedagog\u00eda.\u00a0<\/span><\/a><\/p><p class=\"x_MsoNormal\"><span lang=\"ES\">\u00a0<\/span><\/p><p class=\"x_MsoNormal\"><strong><span lang=\"ES\">ADPRENSA.CL\u00a0<\/span><\/strong><\/p><p class=\"x_MsoNormal\"><a href=\"https:\/\/www.adprensa.cl\/cronica\/pedagogias-en-la-utalca-formando-a-los-profesores-de-las-nuevas-generaciones\/\"><span lang=\"ES\">Pedagog\u00edas en la UTalca: formando a los profesores de las nuevas generaciones. Se refieren Carolina Iturra, decana de la Facultad de Ciencias de la Educaci\u00f3n; Ricardo Valderrama, director de Pedagog\u00eda en Educaci\u00f3n Media en Ingl\u00e9s; y Rebeca Vega, estudiante de Pedagog\u00eda.\u00a0<\/span><\/a><\/p><p class=\"x_MsoNormal\"><span lang=\"ES\">\u00a0<\/span><\/p><p class=\"x_MsoNormal\"><strong><span lang=\"ES\">MEDIABANCO.COM\u00a0<\/span><\/strong><\/p><p class=\"x_MsoNormal\"><a href=\"https:\/\/www.mediabanco.com\/pedagogias-en-la-utalca-formando-a-los-profesores-de-las-nuevas-generaciones\/\"><span lang=\"ES\">Pedagog\u00edas en la UTalca: formando a los profesores de las nuevas generaciones. Se refieren Carolina Iturra, decana de la Facultad de Ciencias de la Educaci\u00f3n; Ricardo Valderrama, director de Pedagog\u00eda en Educaci\u00f3n Media en Ingl\u00e9s; y Rebeca Vega, estudiante de Pedagog\u00eda.\u00a0<\/span><\/a><\/p><p class=\"x_MsoNormal\"><span lang=\"ES\">\u00a0<\/span><\/p><p class=\"x_MsoNormal\"><strong><span lang=\"ES\">LAVOZENLINEA.CL\u00a0<\/span><\/strong><\/p><p class=\"x_MsoNormal\"><a href=\"https:\/\/lavozenlinea.cl\/2022\/09\/pedagogias-en-la-utalca-formando-a-los-profesores-de-las-nuevas-generaciones\/\"><span lang=\"ES\">Pedagog\u00edas en la UTalca: formando a los profesores de las nuevas generaciones. Se refieren Carolina Iturra, decana de la Facultad de Ciencias de la Educaci\u00f3n; Ricardo Valderrama, director de Pedagog\u00eda en Educaci\u00f3n Media en Ingl\u00e9s; y Rebeca Vega, estudiante de Pedagog\u00eda.\u00a0<\/span><\/a><\/p><p class=\"x_MsoNormal\"><span lang=\"ES\">\u00a0<\/span><\/p><p class=\"x_MsoNormal\"><strong><span lang=\"ES\">ELDIARIOSANTIAGO.CL\u00a0<\/span><\/strong><\/p><p class=\"x_MsoNormal\"><a href=\"https:\/\/eldiariosantiago.cl\/2022\/09\/22\/pedagogias-en-la-utalca-formando-a-los-profesores-de-las-nuevas-generaciones\/\"><span lang=\"ES\">Pedagog\u00edas en la UTalca: formando a los profesores de las nuevas generaciones. Se refieren Carolina Iturra, decana de la Facultad de Ciencias de la Educaci\u00f3n; Ricardo Valderrama, director de Pedagog\u00eda en Educaci\u00f3n Media en Ingl\u00e9s; y Rebeca Vega, estudiante de Pedagog\u00eda.\u00a0<\/span><\/a><\/p><p class=\"x_MsoNormal\"><span lang=\"ES\">\u00a0<\/span><\/p><p class=\"x_MsoNormal\"><strong><span lang=\"ES\">ELDIARIODELAARAUCANIA.CL\u00a0<\/span><\/strong><\/p><p class=\"x_MsoNormal\"><a href=\"https:\/\/eldiariodelaaraucania.cl\/2022\/09\/22\/pedagogias-en-la-utalca-formando-a-los-profesores-de-las-nuevas-generaciones\/\"><span lang=\"ES\">Pedagog\u00edas en la UTalca: formando a los profesores de las nuevas generaciones. Se refieren Carolina Iturra, decana de la Facultad de Ciencias de la Educaci\u00f3n; Ricardo Valderrama, director de Pedagog\u00eda en Educaci\u00f3n Media en Ingl\u00e9s; y Rebeca Vega, estudiante de Pedagog\u00eda.\u00a0<\/span><\/a><\/p><p class=\"x_MsoNormal\"><span lang=\"ES\">\u00a0<\/span><\/p><p class=\"x_MsoNormal\"><strong><span lang=\"ES\">ELDIARIODELAUTARO.CL\u00a0<\/span><\/strong><\/p><p class=\"x_MsoNormal\"><a href=\"https:\/\/eldiariodelautaro.cl\/pedagogias-en-la-utalca-formando-a-los-profesores-de-las-nuevas-generaciones\/\"><span lang=\"ES\">Pedagog\u00edas en la UTalca: formando a los profesores de las nuevas generaciones. Se refieren Carolina Iturra, decana de la Facultad de Ciencias de la Educaci\u00f3n; Ricardo Valderrama, director de Pedagog\u00eda en Educaci\u00f3n Media en Ingl\u00e9s; y Rebeca Vega, estudiante de Pedagog\u00eda.\u00a0<\/span><\/a><\/p><p class=\"x_MsoNormal\"><span lang=\"ES\">\u00a0<\/span><\/p><p class=\"x_MsoNormal\"><strong><span lang=\"ES\">PUBLIMETRO\u00a0<\/span><\/strong><\/p><p class=\"x_MsoNormal\"><a href=\"https:\/\/www.litoralpress.cl\/paginaconsultas\/Servicios_NClipSitio\/Get_Imagen_Nota.aspx?LPKey=X6QH6CBIXQ5UCCXEOSP5SGIYTOBAEWPKYJ6PDL3TZAQECVMVGUQK7EANQX4SDEF7PO3EH6E7WTGW2\"><span lang=\"ES\">Constituci\u00f3n: qu\u00e9 es una comisi\u00f3n de expertos y cu\u00e1l ser\u00eda su alcance. Se refiere Humberto Nogueira, director del Centro de Estudios Constitucionales de Chile (CECOCH).\u00a0<\/span><\/a><\/p><p class=\"x_MsoNormal\"><span lang=\"ES\">\u00a0<\/span><\/p><p class=\"x_MsoNormal\"><strong><span lang=\"ES\">PUBLIMETRO\u00a0<\/span><\/strong><\/p><p class=\"x_MsoNormal\"><a href=\"https:\/\/www.litoralpress.cl\/paginaconsultas\/Servicios_NClipSitio\/Get_Imagen_Nota.aspx?LPKey=GG65FKACSPZJGT6WUUDGIHRQLXJOGQ6HYD7XWFF5Q33XJKOYVTLH4BF5LUKK32HNSOXIIQJLYRR76\"><span lang=\"ES\">Los escasos precedentes de un organismo que podr\u00eda quedarse.<\/span><span lang=\"ES\">\u00a0<\/span><span lang=\"ES\">Se refiere Humberto Nogueira, director del Centro de Estudios Constitucionales de Chile (CECOCH).\u00a0<\/span><\/a><\/p><p class=\"x_MsoNormal\"><span lang=\"ES\">\u00a0<\/span><\/p><p class=\"x_MsoNormal\"><strong><span lang=\"ES\">G5NOTICIAS.CL\u00a0<\/span><\/strong><\/p><p class=\"x_MsoNormal\"><a href=\"https:\/\/g5noticias.cl\/2022\/09\/18\/academicas-utalca-aportan-con-patentes-e-innovaciones-para-las-comunidades\/\"><span lang=\"ES\">Acad\u00e9micas UTalca aportan con patentes e innovaciones para las comunidades. Se refieren Ariela Vergara, vicerrectora de Innovaci\u00f3n; Silvana Herrera, acad\u00e9mica de la Escuela de Dise\u00f1o; y Valeska Gatica, directora Centro Tecnol\u00f3gico de Telerrehabilitaci\u00f3n y Neurociencias en el Movimiento Humano (CCTN).\u00a0<\/span><\/a><\/p><p class=\"x_MsoNormal\"><span lang=\"ES\">\u00a0<\/span><\/p><p class=\"x_MsoNormal\"><strong><span lang=\"ES\">REVISTA EL CENTRO\u00a0<\/span><\/strong><\/p><p class=\"x_MsoNormal\"><a href=\"https:\/\/www.litoralpress.cl\/sitio\/Prensa_PaginaCompleta.cshtml?LPKey=ERHEV6KBZO7CXPSMRDRS3G6FKSWOGSU5EAIKAX725GFIUZBT3EWA\"><span lang=\"ES\">Universidad de Talca crea pionero centro de Nanomedicina, Diagn\u00f3stico y Desarrollo de F\u00e1rmacos. Se refieren Cristi\u00e1n Rojas, vicerrector Acad\u00e9mico, Cristian Vilos, Leandro Z\u00fa\u00f1iga y Jenaro Garc\u00eda-Huidobro, acad\u00e9micos de la Escuela de Medicina.\u00a0<\/span><\/a><\/p><p class=\"x_MsoNormal\"><span lang=\"ES\">\u00a0<\/span><\/p><p class=\"x_MsoNormal\"><strong><span lang=\"ES\">RADIO COOPERATIVA\u00a0<\/span><\/strong><\/p><p class=\"x_MsoNormal\"><a href=\"https:\/\/www.litoralpress.cl\/sitio\/RadioTV_Detalles.cshtml?LPKey=XTL3EPYFDKCZ36BQTY3KGCQ5I3X2BK2TCNZOQC3PG7IB4WQW3IR6IGI5QTFHTOQFNL7QZZWP4OBFA\"><span lang=\"ES\">Debate por uso obligatorio de las mascarillas y vigencia del pase de movilidad por bajas cifras de la pandemia. Se refiere Daniel Jim\u00e9nez, director de Salud del Estudiante. \u00a0<\/span><\/a><\/p><p class=\"x_MsoNormal\"><span lang=\"ES\">\u00a0<\/span><\/p><p class=\"x_MsoNormal\"><strong><span lang=\"ES\">CANAL TVN RED AUSTRAL\u00a0<\/span><\/strong><\/p><p class=\"x_MsoNormal\"><a href=\"https:\/\/www.litoralpress.cl\/sitio\/RadioTV_Detalles.cshtml?LPKey=E5OTM6FGZOKR4DZ4EZWI5P7J4OKTE5UINOE4MIIIE35FCB53VEDKL6TX62PVNSCXLERJC75EQOMK6\"><span lang=\"ES\">Este mi\u00e9rcoles autoridades sanitarias anunciaron el fin del Pase de Movilidad, las restricciones de aforo y el uso de mascarilla solo en casos puntuales. Se refiere Marcelo Alarc\u00f3n, acad\u00e9mico de la Facultad de Ciencias de la Salud.\u00a0<\/span><\/a><\/p><p class=\"x_MsoNormal\"><span lang=\"ES\">\u00a0<\/span><\/p><p class=\"x_MsoNormal\"><strong><span lang=\"ES\">CANAL TV5 LINARES\u00a0<\/span><\/strong><\/p><p class=\"x_MsoNormal\"><a href=\"https:\/\/www.litoralpress.cl\/sitio\/RadioTV_Detalles.cshtml?LPKey=DOEZBTBAPA7MXNHORXKXFGHA3QF6RDQCUXNEI2UKL3366US2EDSOOKMGNHG66PSZXJYA52H6NPPOY\"><span lang=\"ES\">Nuevas medidas por la pandemia. Se refiere Marcelo Alarc\u00f3n, acad\u00e9mico de la Facultad de Ciencias de la Salud.\u00a0<\/span><\/a><\/p><p class=\"x_MsoNormal\"><span lang=\"ES\">\u00a0<\/span><\/p><p class=\"x_MsoNormal\"><strong><span lang=\"ES\">RADIO AMIGA\u00a0<\/span><\/strong><\/p><p class=\"x_MsoNormal\"><a href=\"https:\/\/www.litoralpress.cl\/sitio\/RadioTV_Detalles.cshtml?LPKey=VLROKOSTBWCKA3CQ377PMNNYANQDR27777UKJVMHAUVBLKREWG2QCI2MXVVIDDOR7CUEQZS4R5EOG\"><span lang=\"ES\">Epidemi\u00f3logos llaman a extremar las medidas sanitarias porque la pandemia no ha finalizado. Se refiere \u00c9rika Retamal, directora del Departamento de Salud P\u00fablica.\u00a0<\/span><\/a><\/p><p class=\"x_MsoNormal\"><span lang=\"ES\">\u00a0<\/span><\/p><p class=\"x_MsoNormal\"><strong><span lang=\"ES\">TVMAULE.CL\u00a0<\/span><\/strong><\/p><p class=\"x_MsoNormal\"><a href=\"https:\/\/www.tvmaule.cl\/celebraciones-dieciocheras-epidemiologa-recalca-que-la-pandemia-no-ha-terminado\/\"><span lang=\"ES\">Celebraciones dieciocheras: epidemi\u00f3loga recalca que la pandemia no ha terminado. Se refiere \u00c9rika Retamal, directora del Departamento de Salud P\u00fablica.\u00a0<\/span><\/a><\/p><p class=\"x_MsoNormal\"><span lang=\"ES\">\u00a0<\/span><\/p><p class=\"x_MsoNormal\"><strong><span lang=\"ES\">TALCACAPITAL.CL\u00a0<\/span><\/strong><\/p><p class=\"x_MsoNormal\"><a href=\"https:\/\/talcacapital.cl\/por-fiestas-patrias-epidemiologa-recalca-que-la-pandemia-no-se-ha-acabado\/\"><span lang=\"ES\">Por Fiestas Patrias: Epidemi\u00f3loga recalca que la pandemia no se ha acabado. Se refiere \u00c9rika Retamal, directora del Departamento de Salud P\u00fablica.\u00a0<\/span><\/a><\/p><p class=\"x_MsoNormal\"><span lang=\"ES\">\u00a0<\/span><\/p><p class=\"x_MsoNormal\"><strong><span lang=\"ES\">RADIO COOPERATIVA\u00a0<\/span><\/strong><\/p><p class=\"x_MsoNormal\"><a href=\"https:\/\/www.litoralpress.cl\/sitio\/RadioTV_Detalles.cshtml?LPKey=4RCVB5B3HX3DODAODEMLF3NFDOCG77XCCAKR7EH2G34RNGICEHNAKHBH43Q3IB23O5PNEAX6TTE32\"><span lang=\"ES\">En medio de los festejos por Fiestas Patrias los especialistas llaman a evitar los excesos. Se refiere \u00c1ngela S\u00e1nchez, directora de la Escuela de Nutrici\u00f3n y Diet\u00e9tica.\u00a0<\/span><\/a><\/p><p class=\"x_MsoNormal\"><span lang=\"ES\">\u00a0<\/span><\/p><p class=\"x_MsoNormal\"><strong><span lang=\"ES\">COOPERATIVA.CL\u00a0<\/span><\/strong><\/p><p class=\"x_MsoNormal\"><a href=\"https:\/\/www.cooperativa.cl\/noticias\/pais\/festivos\/fiestas-patrias\/expertos-advierten-que-se-pueden-subir-entre-2-y-4-kilos-durante-fiestas\/2022-09-18\/013045.html\"><span lang=\"ES\">Expertos advierten que se pueden subir entre 2 y 4 kilos durante Fiestas Patrias. Se refiere \u00c1ngela S\u00e1nchez, directora de la Escuela de Nutrici\u00f3n y Diet\u00e9tica.\u00a0<\/span><\/a><\/p><p class=\"x_MsoNormal\"><span lang=\"ES\">\u00a0<\/span><\/p><p class=\"x_MsoNormal\"><strong><span lang=\"ES\">CHILEESNOTICIA.CL\u00a0<\/span><\/strong><\/p><p class=\"x_MsoNormal\"><a href=\"https:\/\/chileesnoticia.com\/2022\/09\/18\/audio-expertos-advierten-que-se-pueden-subir-entre-2-y-4-kilos-durante-fiestas-patrias\/\"><span lang=\"ES\">Expertos advierten que se pueden subir entre 2 y 4 kilos durante Fiestas Patrias. Se refiere \u00c1ngela S\u00e1nchez, directora de la Escuela de Nutrici\u00f3n y Diet\u00e9tica.\u00a0<\/span><\/a><\/p><p class=\"x_MsoNormal\"><span lang=\"ES\">\u00a0<\/span><\/p><p class=\"x_MsoNormal\"><strong><span lang=\"ES\">CANAL TV5 LINARES\u00a0<\/span><\/strong><\/p><p class=\"x_MsoNormal\"><a href=\"https:\/\/www.litoralpress.cl\/sitio\/RadioTV_Detalles.cshtml?LPKey=DRDAXAWGCS63OQ5ZFUHZM2PNQFKITWAVOOX5CNDCTPZRQKGGDV5VWMMVXAHU7AEWZBOLODIU6DSOU\"><span lang=\"ES\">Hacen recomendaciones sobre cuidados al comprar y hacer carne. Se refiere \u00c1ngela S\u00e1nchez, directora de la Escuela de Nutrici\u00f3n y Diet\u00e9tica.\u00a0<\/span><\/a><\/p><p class=\"x_MsoNormal\"><span lang=\"ES\">\u00a0<\/span><\/p><p class=\"x_MsoNormal\"><strong><span lang=\"ES\">EL LECTOR\u00a0<\/span><\/strong><\/p><p class=\"x_MsoNormal\"><a href=\"https:\/\/www.litoralpress.cl\/sitio\/Prensa_PaginaCompleta.cshtml?LPKey=ABLYDHTLYTDMNXQA6XQKWYDEACM62IR5CMPXIIWIE7EQ3PJO6KJA\"><span lang=\"ES\">Llaman a evitar excesos alimenticios. Se refiere \u00c1ngela S\u00e1nchez, directora de la Escuela de Nutrici\u00f3n y Diet\u00e9tica.\u00a0<\/span><\/a><\/p><p class=\"x_MsoNormal\"><span lang=\"ES\">\u00a0<\/span><\/p><p class=\"x_MsoNormal\"><strong><span lang=\"ES\">ENLINEAMAULE.CL\u00a0<\/span><\/strong><\/p><p class=\"x_MsoNormal\"><a href=\"https:\/\/enlineamaule.cl\/archivo\/49561\"><span lang=\"ES\">Nutricionista de la UTalca llama a evitar excesos durante fiestas patrias, ya que una persona podr\u00eda subir entre 2 a 4 kilos su peso corporal. Se refiere \u00c1ngela S\u00e1nchez, directora de la Escuela de Nutrici\u00f3n y Diet\u00e9tica.\u00a0<\/span><\/a><\/p><p class=\"x_MsoNormal\"><span lang=\"ES\">\u00a0<\/span><\/p><p class=\"x_MsoNormal\"><strong><span lang=\"ES\">ELCENTRO.CL\u00a0<\/span><\/strong><\/p><p class=\"x_MsoNormal\"><a href=\"https:\/\/elcentro.cl\/2022\/09\/17\/fiestas-patrias-como-evitar-los-excesos-sin-dejar-de-disfrutar\/\"><span lang=\"ES\">Fiestas Patrias \u00bfC\u00f3mo evitar los excesos sin dejar de disfrutar? Se refiere \u00c1ngela S\u00e1nchez, directora de la Escuela de Nutrici\u00f3n y Diet\u00e9tica.\u00a0<\/span><\/a><\/p><p class=\"x_MsoNormal\"><span lang=\"ES\">\u00a0<\/span><\/p><p class=\"x_MsoNormal\"><strong><span lang=\"ES\">G5NOTICIAS.CL\u00a0<\/span><\/strong><\/p><p class=\"x_MsoNormal\"><a href=\"https:\/\/g5noticias.cl\/2022\/09\/16\/llaman-a-evitar-excesos-alimenticios-durante-festejos-de-fiestas-patrias\/\"><span lang=\"ES\">Llaman a evitar excesos alimenticios durante festejos de Fiestas Patrias. Se refiere \u00c1ngela S\u00e1nchez, directora de la Escuela de Nutrici\u00f3n y Diet\u00e9tica.\u00a0<\/span><\/a><\/p><p class=\"x_MsoNormal\"><span lang=\"ES\">\u00a0<\/span><\/p><p class=\"x_MsoNormal\"><strong><span lang=\"ES\">ITVPATAGONIA.COM\u00a0<\/span><\/strong><\/p><p class=\"x_MsoNormal\"><a href=\"https:\/\/www.itvpatagonia.com\/salud\/llaman-a-evitar-excesos-alimenticios-durante-festejos-de-fiestas-patrias\/2022\/09\/14\/632247613cc24200093e73e4\"><span lang=\"ES\">Los chilenos subimos 2 a 4 kilos en estas Fiestas Patrias: \u00bfc\u00f3mo evitarlo? Se refiere \u00c1ngela S\u00e1nchez, directora de la Escuela de Nutrici\u00f3n y Diet\u00e9tica.\u00a0<\/span><\/a><\/p><p class=\"x_MsoNormal\"><span lang=\"ES\">\u00a0<\/span><\/p><p class=\"x_MsoNormal\"><strong><span lang=\"ES\">ELMOSTRADOR.CL\u00a0<\/span><\/strong><\/p><p class=\"x_MsoNormal\"><a href=\"https:\/\/www.elmostrador.cl\/agenda-pais\/2022\/09\/20\/explican-campana-de-vacunacion-contra-la-viruela-del-mono\/\"><span lang=\"ES\">Explican campa\u00f1a de vacunaci\u00f3n contra la viruela del mono. Se refiere Sergio Wehinger, director del Mag\u00edster en Ciencias Biom\u00e9dicas.\u00a0<\/span><\/a><\/p><p class=\"x_MsoNormal\"><span lang=\"ES\">\u00a0<\/span><\/p><p class=\"x_MsoNormal\"><strong><span lang=\"ES\">ADPRENSA.CL\u00a0<\/span><\/strong><\/p><p class=\"x_MsoNormal\"><a href=\"https:\/\/www.adprensa.cl\/cronica\/nueva-vacuna-bivalente-protegeria-mejor-a-la-poblacion-contra-variante-omicron\/\"><span lang=\"ES\">Nueva vacuna bivalente proteger\u00eda mejor a la poblaci\u00f3n contra variante \u00d3micron. Se refiere Sergio Wehinger, director del Mag\u00edster en Ciencias Biom\u00e9dicas.\u00a0<\/span><\/a><\/p><p class=\"x_MsoNormal\"><span lang=\"ES\">\u00a0<\/span><\/p><p class=\"x_MsoNormal\"><strong><span lang=\"ES\">MEDIABANCO.COM\u00a0<\/span><\/strong><\/p><p class=\"x_MsoNormal\"><a href=\"https:\/\/www.mediabanco.com\/nueva-vacuna-bivalente-protegeria-mejor-a-la-poblacion-contra-variante-omicron\/\"><span lang=\"ES\">Nueva vacuna bivalente proteger\u00eda mejor a la poblaci\u00f3n contra variante \u00d3micron. Se refiere Sergio Wehinger, director del Mag\u00edster en Ciencias Biom\u00e9dicas.\u00a0<\/span><\/a><\/p><p class=\"x_MsoNormal\"><span lang=\"ES\">\u00a0<\/span><\/p><p class=\"x_MsoNormal\"><strong><span lang=\"ES\">LA PRENSA\u00a0<\/span><\/strong><\/p><p class=\"x_MsoNormal\"><a href=\"https:\/\/www.litoralpress.cl\/paginaconsultas\/Servicios_NClipSitio\/Get_Imagen_Nota.aspx?LPKey=QLABGM3D5AFLOJAA54MCVV3QZ62NM7FXYUZYVNUEIWH766X37TPR6REM7C2LEG6PFRE2IBFTVUVV4\"><span lang=\"ES\">Vacuna bivalente proteger\u00eda mejor a la poblaci\u00f3n contra variante \u00d3micron. Se refiere Sergio Wehinger, director del Mag\u00edster en Ciencias Biom\u00e9dicas.\u00a0<\/span><\/a><\/p><p class=\"x_MsoNormal\"><span lang=\"ES\">\u00a0<\/span><\/p><p class=\"x_MsoNormal\"><strong><span lang=\"ES\">CANAL CONTIVISI\u00d3N\u00a0<\/span><\/strong><\/p><p class=\"x_MsoNormal\"><a href=\"https:\/\/www.litoralpress.cl\/sitio\/RadioTV_Detalles.cshtml?LPKey=FLZFILTEEOVBKWX5CC6RUKHVRM3TSF5WRUPASKB4W34Z7VMTPK4K2Q44ONA5ZXLSSSD62UV4SDQT4\"><span lang=\"ES\">Ministerio de Salud anunci\u00f3 que Chile podr\u00eda ser uno de los primeros pa\u00edses en utilizar vacuna Bivalente contra el Covid-19. Se refiere Sergio Wehinger, director del Mag\u00edster en Ciencias Biom\u00e9dicas.\u00a0<\/span><\/a><\/p><p class=\"x_MsoNormal\"><span lang=\"ES\">\u00a0<\/span><\/p><p class=\"x_MsoNormal\"><strong><span lang=\"ES\">DIARIOLAPRENSA.CL\u00a0<\/span><\/strong><\/p><p class=\"x_MsoNormal\"><a href=\"https:\/\/new.diariolaprensa.cl\/index.php\/2022\/09\/21\/vacuna-bivalente-protegeria-mejor-a-la-poblacion-contra-variante-omicron\/\"><span lang=\"ES\">Vacuna bivalente proteger\u00eda mejor a la poblaci\u00f3n contra variante \u00d3micron. Se refiere Sergio Wehinger, director del Mag\u00edster en Ciencias Biom\u00e9dicas.\u00a0<\/span><\/a><\/p><p class=\"x_MsoNormal\"><span lang=\"ES\">\u00a0<\/span><\/p><p class=\"x_MsoNormal\"><strong><span lang=\"ES\">ELMAULEINFORMA.CL\u00a0<\/span><\/strong><\/p><p class=\"x_MsoNormal\"><a href=\"https:\/\/elmauleinforma.cl\/nueva-vacuna-bivalente-protegeria-mejor-a-la-poblacion-contra-variante-omicron\/\"><span lang=\"ES\">Vacuna bivalente proteger\u00eda mejor a la poblaci\u00f3n contra variante \u00d3micron. Se refiere Sergio Wehinger, director del Mag\u00edster en Ciencias Biom\u00e9dicas.\u00a0<\/span><\/a><\/p><p class=\"x_MsoNormal\"><span lang=\"ES\">\u00a0<\/span><\/p><p class=\"x_MsoNormal\"><strong><span lang=\"ES\">SEPTIMAPAGINANOTICIAS.CL\u00a0<\/span><\/strong><\/p><p class=\"x_MsoNormal\"><a href=\"https:\/\/www.septimapaginanoticias.cl\/nueva-vacuna-bivalente-protegeria-mejor-a-la-poblacion-contra-variante-omicron\"><span lang=\"ES\">Nueva vacuna bivalente proteger\u00eda mejor a la poblaci\u00f3n contra variante \u00d3micron. Se refiere Sergio Wehinger, director del Mag\u00edster en Ciencias Biom\u00e9dicas.\u00a0<\/span><\/a><\/p><p class=\"x_MsoNormal\"><span lang=\"ES\">\u00a0<\/span><\/p><p class=\"x_MsoNormal\"><strong><span lang=\"ES\">G5NOTICIAS.CL\u00a0<\/span><\/strong><\/p><p class=\"x_MsoNormal\"><a href=\"https:\/\/g5noticias.cl\/2022\/09\/21\/nueva-vacuna-bivalente-protegeria-mejor-a-la-poblacion-contra-variante-omicron\/\"><span lang=\"ES\">Nueva vacuna bivalente proteger\u00eda mejor a la poblaci\u00f3n contra variante \u00d3micron. Se refiere Sergio Wehinger, director del Mag\u00edster en Ciencias Biom\u00e9dicas.\u00a0<\/span><\/a><\/p><p class=\"x_MsoNormal\"><span lang=\"ES\">\u00a0<\/span><\/p><p class=\"x_MsoNormal\"><strong><span lang=\"ES\">LA PRENSA\u00a0<\/span><\/strong><\/p><p class=\"x_MsoNormal\"><a href=\"https:\/\/www.litoralpress.cl\/paginaconsultas\/Servicios_NClipSitio\/Get_Imagen_Nota.aspx?LPKey=X6YKJ7NWWLBVCKLLWQRCZYS6HPDXXM45J2RBVCK44G4UX2ZALTM4EZWBDLODEXCOCGLAUFPTYO6IQ\"><span lang=\"ES\">Destacan campa\u00f1a de vacunaci\u00f3n contra la viruela del mono. Se refiere Sergio Wehinger, director del Mag\u00edster en Ciencias Biom\u00e9dicas.\u00a0<\/span><\/a><\/p><p class=\"x_MsoNormal\"><span lang=\"ES\">\u00a0<\/span><\/p><p class=\"x_MsoNormal\"><strong><span lang=\"ES\">RADIO AMIGA\u00a0<\/span><\/strong><\/p><p class=\"x_MsoNormal\"><a href=\"https:\/\/www.litoralpress.cl\/sitio\/RadioTV_Detalles.cshtml?LPKey=QJYW34HNDIWSC6M4GALI2VDUR6WKNCRD4NUIADXTB42IPHA3N7X7CXO62EDWY7EUN6RNLL7RTYJSQ\"><span lang=\"ES\">El Ministerio de Salud confirm\u00f3 la aplicaci\u00f3n de la vacuna contra la viruela del mono a partir de octubre. Se refiere Sergio Wehinger, director del Mag\u00edster en Ciencias Biom\u00e9dicas.\u00a0<\/span><\/a><\/p><p class=\"x_MsoNormal\"><span lang=\"ES\">\u00a0<\/span><\/p><p class=\"x_MsoNormal\"><strong><span lang=\"ES\">DIARIOTALCA.CL\u00a0<\/span><\/strong><\/p><p class=\"x_MsoNormal\"><a href=\"https:\/\/diariotalca.cl\/como-sera-la-vacunacion-contra-la-viruela-del-mono-habla-experto-utalca\/\"><span lang=\"ES\">\u00bfC\u00f3mo ser\u00e1 la vacunaci\u00f3n contra la Viruela del Mono? Habla experto UTalca. Se refiere Sergio Wehinger, director del Mag\u00edster en Ciencias Biom\u00e9dicas.\u00a0<\/span><\/a><\/p><p class=\"x_MsoNormal\"><span lang=\"ES\">\u00a0<\/span><\/p><p class=\"x_MsoNormal\"><strong><span lang=\"ES\">G5NOTICIAS.CL\u00a0<\/span><\/strong><\/p><p class=\"x_MsoNormal\"><a href=\"https:\/\/g5noticias.cl\/2022\/09\/15\/destacan-campana-de-vacunacion-contra-la-viruela-del-mono\/\"><span lang=\"ES\">Destacan campa\u00f1a de vacunaci\u00f3n contra la viruela del mono. Se refiere Sergio Wehinger, director del Mag\u00edster en Ciencias Biom\u00e9dicas. \u00a0<\/span><\/a><\/p><p class=\"x_MsoNormal\"><span lang=\"ES\">\u00a0<\/span><\/p><p class=\"x_MsoNormal\"><strong><span lang=\"ES\">EL MERCURIO\u00a0<\/span><\/strong><\/p><p class=\"x_MsoNormal\"><a href=\"https:\/\/www.litoralpress.cl\/sitio\/Prensa_PaginaCompleta.cshtml?LPKey=E5ZQ3YFXMA3R3KKOXJR3VIDOKYEJQR5IQBXLJIS76MJBDNTQNJZA\"><span lang=\"ES\">Este desierto florido ser\u00e1 m\u00e1s extenso geogr\u00e1ficamente y durar\u00eda hasta noviembre. Se refiere Patricio Gonz\u00e1lez, acad\u00e9mico del Centro de Investigaci\u00f3n y Transferencia en Riego y Agroclimatolog\u00eda (CITRA).\u00a0<\/span><\/a><\/p><p class=\"x_MsoNormal\"><span lang=\"ES\">\u00a0<\/span><\/p><p class=\"x_MsoNormal\"><strong><span lang=\"ES\">EL MERCURIO\u00a0<\/span><\/strong><\/p><p class=\"x_MsoNormal\"><a href=\"https:\/\/www.litoralpress.cl\/sitio\/Prensa_PaginaCompleta.cshtml?LPKey=WBKZ6HVBW6V3ZLLIA6ISPTU56GG4D43ERRYV4FI7SINVNVR6LKKQ\"><span lang=\"ES\">Alerta por heladas tras Fiestas Patrias. Se refiere Patricio Gonz\u00e1lez, acad\u00e9mico del Centro de Investigaci\u00f3n y Transferencia en Riego y Agroclimatolog\u00eda (CITRA).\u00a0<\/span><\/a><\/p><p class=\"x_MsoNormal\"><span lang=\"ES\">\u00a0<\/span><\/p><p class=\"x_MsoNormal\"><strong><span lang=\"ES\">REVISTA EL CENTRO\u00a0<\/span><\/strong><\/p><p class=\"x_MsoNormal\"><a href=\"https:\/\/www.litoralpress.cl\/sitio\/Prensa_PaginaCompleta.cshtml?LPKey=SQQPVFGLQRUN234OTKRNPTGMUCY47WVXLI5AHNQCKII6SPTZNDSQ\"><span lang=\"ES\">Escenarios termopluviom\u00e9tricos par temporada agr\u00edcola 2022-2023. Se refiere Patricio Gonz\u00e1lez, acad\u00e9mico del Centro de Investigaci\u00f3n y Transferencia en Riego y Agroclimatolog\u00eda (CITRA).\u00a0<\/span><\/a><\/p><p class=\"x_MsoNormal\"><span lang=\"ES\">\u00a0<\/span><\/p><p class=\"x_MsoNormal\"><strong><span lang=\"ES\">CANAL CONTIVISI\u00d3N\u00a0<\/span><\/strong><\/p><p class=\"x_MsoNormal\"><a href=\"https:\/\/www.litoralpress.cl\/sitio\/RadioTV_Detalles.cshtml?LPKey=2USMODRHFU6A6CNZ3MS3DA7G7RKODOH2GHE6GXEDHWJCUGKZ6PDBAAVFR7YFEYGXJVQK3OCPDS2DC\"><span lang=\"ES\">Fonderos se preparan en contexto de posibles lluvias. Se refiere Patricio Gonz\u00e1lez, acad\u00e9mico del Centro de Investigaci\u00f3n y Transferencia en Riego y Agroclimatolog\u00eda (CITRA).\u00a0<\/span><\/a><\/p><p class=\"x_MsoNormal\"><span lang=\"ES\">\u00a0<\/span><\/p><p class=\"x_MsoNormal\"><strong><span lang=\"ES\">ATENTOSCHILE.CL\u00a0<\/span><\/strong><\/p><p class=\"x_MsoNormal\"><a href=\"https:\/\/www.litoralpress.cl\/sitio\/RadioTV_Detalles.cshtml?LPKey=2L27GQG7WO7ZUFL2R33JHZKNBEALFOO5Y3QHPNXAQD7XWRORAIS6MX4JNVYOCMG3HTZWCSZQRYLPC\"><span lang=\"ES\">Entrevista a Patricio Gonz\u00e1lez, acad\u00e9mico del Centro de Investigaci\u00f3n y Transferencia en Riego y Agroclimatolog\u00eda (CITRA).\u00a0<\/span><\/a><\/p><p class=\"x_MsoNormal\"><span lang=\"ES\">\u00a0<\/span><\/p><p class=\"x_MsoNormal\"><strong><span lang=\"ES\">PRESERVAR.CL\u00a0<\/span><\/strong><\/p><p class=\"x_MsoNormal\"><a href=\"https:\/\/www.preservar.cl\/buscan-optimizar-el-uso-del-agua-en-los-cultivos-de-arroz-nacional\/\"><span lang=\"ES\">Buscan optimizar el uso del agua en los cultivos de arroz nacional.<\/span><span lang=\"ES\">\u00a0<\/span><span lang=\"ES\">Se refiere C\u00e9sar Acevedo, acad\u00e9mico de la Facultad de Ciencias Agrarias.\u00a0<\/span><\/a><\/p><p class=\"x_MsoNormal\"><span lang=\"ES\">\u00a0<\/span><\/p><p class=\"x_MsoNormal\"><strong><span lang=\"ES\">G5NOTICIAS.CL\u00a0<\/span><\/strong><\/p><p class=\"x_MsoNormal\"><a href=\"https:\/\/g5noticias.cl\/2022\/09\/16\/con-la-apertura-de-este-nuevo-destino-la-linea-aerea-se-convierte-en-la-unica-en-ofrecer-vuelos-directos-desde-santiago-a-la-ciudad-argentina-sky-operara-3-frecuencias-semanales-a-partir-del-12-de\/\"><span lang=\"ES\">Desarrollan cultivos de arroz locales con bajo consumo de agua. Se refiere C\u00e9sar Acevedo, acad\u00e9mico de la Facultad de Ciencias Agrarias.\u00a0<\/span><\/a><\/p><p class=\"x_MsoNormal\"><span lang=\"ES\">\u00a0<\/span><\/p><p class=\"x_MsoNormal\"><strong><span lang=\"ES\">TVN.CL\u00a0<\/span><\/strong><\/p><p class=\"x_MsoNormal\"><a href=\"https:\/\/www.tvn.cl\/entretencion\/vida\/movimientos-sismicos-pueden-revivir-traumas-asociados-al-terremoto-de-2010-5397426\"><span lang=\"ES\">Movimientos s\u00edsmicos pueden revivir traumas asociados al terremoto de 2010. Se refiere Nadia Ramos, directora del Centro de Psicolog\u00eda Aplicada (CEPA).\u00a0<\/span><\/a><\/p><p class=\"x_MsoNormal\"><span lang=\"ES\">\u00a0<\/span><\/p><p class=\"x_MsoNormal\"><strong><span lang=\"ES\">ELCIUDADANO.COM\u00a0<\/span><\/strong><\/p><p class=\"x_MsoNormal\"><a href=\"https:\/\/www.elciudadano.com\/chile\/academica-u-de-talca-movimientos-sismicos-pueden-revivir-traumas-asociados-al-terremoto-de-2010\/09\/23\/\"><span lang=\"ES\">Acad\u00e9mica U. de Talca: Movimientos s\u00edsmicos pueden revivir traumas asociados al terremoto de 2010.<\/span><span lang=\"ES\">\u00a0<\/span><span lang=\"ES\">Se refiere Nadia Ramos, directora del Centro de Psicolog\u00eda Aplicada (CEPA).\u00a0<\/span><\/a><\/p><p class=\"x_MsoNormal\"><span lang=\"ES\">\u00a0<\/span><\/p><p class=\"x_MsoNormal\"><strong><span lang=\"ES\">ADPRENSA.CL\u00a0<\/span><\/strong><\/p><p class=\"x_MsoNormal\"><a href=\"https:\/\/www.adprensa.cl\/cronica\/movimientos-sismicos-pueden-revivir-traumas-asociados-al-terremoto-de-2010\/\"><span lang=\"ES\">Movimientos s\u00edsmicos pueden revivir traumas asociados al terremoto de 2010. Se refiere Nadia Ramos, directora del Centro de Psicolog\u00eda Aplicada (CEPA).\u00a0<\/span><\/a><\/p><p class=\"x_MsoNormal\"><span lang=\"ES\">\u00a0<\/span><\/p><p class=\"x_MsoNormal\"><strong><span lang=\"ES\">EL HERALDO\u00a0<\/span><\/strong><\/p><p class=\"x_MsoNormal\"><a href=\"https:\/\/www.litoralpress.cl\/paginaconsultas\/Servicios_NClipSitio\/Get_Imagen_Nota.aspx?LPKey=EGV3NCMXSKZDQDB34MOHCLAWML4G4HBCUR4CJUORYVMJE5I2IHYAPRAF3YHOMS2SDDALRCA4GLKDO\"><span lang=\"ES\">Movimientos s\u00edsmicos pueden revivir traumas asociados al terremoto de 2010. Se refiere Nadia Ramos, directora del Centro de Psicolog\u00eda Aplicada (CEPA).\u00a0<\/span><\/a><\/p><p class=\"x_MsoNormal\"><span lang=\"ES\">\u00a0<\/span><\/p><p class=\"x_MsoNormal\"><strong><span lang=\"ES\">EL LECTOR\u00a0<\/span><\/strong><\/p><p class=\"x_MsoNormal\"><a href=\"https:\/\/www.litoralpress.cl\/sitio\/Prensa_PaginaCompleta.cshtml?LPKey=OV3EQ6TMWSPGYAUBDC3QK2HQMJ5Q4TIM3YUN5IGIP6NEX6X6FPOA\"><span lang=\"ES\">Movimientos s\u00edsmicos pueden revivir traumas asociados al terremoto de 2010. Se refiere Nadia Ramos, directora del Centro de Psicolog\u00eda Aplicada (CEPA).\u00a0<\/span><\/a><\/p><p class=\"x_MsoNormal\"><span lang=\"ES\">\u00a0<\/span><\/p><p class=\"x_MsoNormal\"><strong><span lang=\"ES\">LA PRENSA\u00a0<\/span><\/strong><\/p><p class=\"x_MsoNormal\"><a href=\"https:\/\/www.litoralpress.cl\/paginaconsultas\/Servicios_NClipSitio\/Get_Imagen_Nota.aspx?LPKey=5W57IPC24DM7ATBCWYZATEE3HCMHUDSK2VJISMG4TUSL2SGTLFZYKQ2PEBSXBCAKVQYDZWPXZMIKM\"><span lang=\"ES\">Temblores pueden revivir traumas asociados al 27\/F. Se refiere Nadia Ramos, directora del Centro de Psicolog\u00eda Aplicada (CEPA).\u00a0<\/span><\/a><\/p><p class=\"x_MsoNormal\"><span lang=\"ES\">\u00a0<\/span><\/p><p class=\"x_MsoNormal\"><strong><span lang=\"ES\">DIARIOELHERALDO.CL\u00a0<\/span><\/strong><\/p><p class=\"x_MsoNormal\"><a href=\"https:\/\/www.diarioelheraldo.cl\/noticia\/movimientos-sismicos-pueden-revivir-traumas-asociados-al-terremoto-de-2010-\"><span lang=\"ES\">Movimientos s\u00edsmicos pueden revivir traumas asociados al terremoto de 2010. Se refiere Nadia Ramos, directora del Centro de Psicolog\u00eda Aplicada (CEPA).\u00a0<\/span><\/a><\/p><p class=\"x_MsoNormal\"><span lang=\"ES\">\u00a0<\/span><\/p><p class=\"x_MsoNormal\"><strong><span lang=\"ES\">ELCENTRO.CL\u00a0<\/span><\/strong><\/p><p class=\"x_MsoNormal\"><a href=\"https:\/\/elcentro.cl\/2022\/09\/23\/movimientos-sismicos-pueden-revivir-traumas-asociados-al-terremoto-de-2010\/\"><span lang=\"ES\">Movimientos s\u00edsmicos pueden revivir traumas asociados al terremoto de 2010. Se refiere Nadia Ramos, directora del Centro de Psicolog\u00eda Aplicada (CEPA).\u00a0<\/span><\/a><\/p><p class=\"x_MsoNormal\"><span lang=\"ES\">\u00a0<\/span><\/p><p class=\"x_MsoNormal\"><strong><span lang=\"ES\">SEPTIMAPAGINANOTICIAS.CL\u00a0<\/span><\/strong><\/p><p class=\"x_MsoNormal\"><a href=\"https:\/\/www.septimapaginanoticias.cl\/movimientos-sismicos-pueden-revivir-traumas-asociados-al-terremoto-de-2010\"><span lang=\"ES\">Movimientos s\u00edsmicos pueden revivir traumas asociados al terremoto de 2010. Se refiere Nadia Ramos, directora del Centro de Psicolog\u00eda Aplicada (CEPA).\u00a0<\/span><\/a><\/p><p class=\"x_MsoNormal\"><span lang=\"ES\">\u00a0<\/span><\/p><p class=\"x_MsoNormal\"><strong><span lang=\"ES\">DIARIOTALCA.CL\u00a0<\/span><\/strong><\/p><p class=\"x_MsoNormal\"><a href=\"https:\/\/diariotalca.cl\/emilio-moyano-es-muy-dificil-hacer-bajarse-a-la-gente-de-los-autos\/\"><span lang=\"ES\">Emilio Moyano: \u201cEs muy dif\u00edcil hacer bajarse a la gente de los autos\u201d. Se refiere acad\u00e9mico de la Facultad de Psicolog\u00eda.\u00a0<\/span><\/a><\/p><p class=\"x_MsoNormal\"><span lang=\"ES\">\u00a0<\/span><\/p><p class=\"x_MsoNormal\"><strong><span lang=\"ES\">LA PRENSA\u00a0<\/span><\/strong><\/p><p class=\"x_MsoNormal\"><a href=\"https:\/\/www.litoralpress.cl\/paginaconsultas\/Servicios_NClipSitio\/Get_Imagen_Nota.aspx?LPKey=SEIK3CDNBUUC6T3ZWUYHSWQSK3YSWGW5EDIQMXW4P4RFOMOFEVGZF4EROLONBTHQ7PAKJWQDHMHYK\"><span lang=\"ES\">Presentan manual de contenci\u00f3n emocional. Se refiere Nadia Ramos, directora del Centro de Psicolog\u00eda Aplicada (CEPA).\u00a0<\/span><\/a><\/p><p class=\"x_MsoNormal\"><span lang=\"ES\">\u00a0<\/span><\/p><p class=\"x_MsoNormal\"><strong><span lang=\"ES\">EL HERALDO\u00a0<\/span><\/strong><\/p><p class=\"x_MsoNormal\"><a href=\"https:\/\/www.litoralpress.cl\/paginaconsultas\/Servicios_NClipSitio\/Get_Imagen_Nota.aspx?LPKey=4TBCWIAPXGMHU4MXJA3JNXMJF2L45X5KPCOCXSVTRGBBJPKJFMMC7TVZ7ZSQJRU4ZUJ7PDZLTRYB2\"><span lang=\"ES\">Lanzan manual sobre trabajo con grupos de contenci\u00f3n emocional. Se refiere Nadia Ramos, directora del Centro de Psicolog\u00eda Aplicada (CEPA).\u00a0<\/span><\/a><\/p><p class=\"x_MsoNormal\"><span lang=\"ES\">\u00a0<\/span><\/p><p class=\"x_MsoNormal\"><strong><span lang=\"ES\">ADPRENSA.CL\u00a0<\/span><\/strong><\/p><p class=\"x_MsoNormal\"><a href=\"https:\/\/www.adprensa.cl\/cronica\/lanzan-manual-sobre-trabajo-con-grupos-de-contencion-emocional\/\"><span lang=\"ES\">Lanzan manual sobre trabajo con grupos de contenci\u00f3n emocional. Se refiere Nadia Ramos, directora del Centro de Psicolog\u00eda Aplicada (CEPA).\u00a0<\/span><\/a><\/p><p class=\"x_MsoNormal\"><span lang=\"ES\">\u00a0<\/span><\/p><p class=\"x_MsoNormal\"><strong><span lang=\"ES\">MEDIABANCO.COM\u00a0<\/span><\/strong><\/p><p class=\"x_MsoNormal\"><a href=\"https:\/\/www.mediabanco.com\/lanzan-manual-sobre-trabajo-con-grupos-de-contencion-emocional\/\"><span lang=\"ES\">Lanzan manual sobre trabajo con grupos de contenci\u00f3n emocional. Se refiere Nadia Ramos, directora del Centro de Psicolog\u00eda Aplicada (CEPA).\u00a0<\/span><\/a><\/p><p class=\"x_MsoNormal\"><span lang=\"ES\">\u00a0<\/span><\/p><p class=\"x_MsoNormal\"><strong><span lang=\"ES\">DIARIOELHERALDO.CL\u00a0<\/span><\/strong><\/p><p class=\"x_MsoNormal\"><a href=\"https:\/\/www.diarioelheraldo.cl\/noticia\/lanzan-manual-sobre-trabajo-con-grupos-de-contencion-emocional-\"><span lang=\"ES\">Lanzan manual sobre trabajo con grupos de contenci\u00f3n emocional. Se refiere Nadia Ramos, directora del Centro de Psicolog\u00eda Aplicada (CEPA).\u00a0<\/span><\/a><\/p><p class=\"x_MsoNormal\"><span lang=\"ES\">\u00a0<\/span><\/p><p class=\"x_MsoNormal\"><strong><span lang=\"ES\">ELMAULEINFORMA.CL\u00a0<\/span><\/strong><\/p><p class=\"x_MsoNormal\"><a href=\"https:\/\/elmauleinforma.cl\/lanzan-manual-sobre-trabajo-con-grupos-de-contencion-emocional\/\"><span lang=\"ES\">Lanzan manual sobre trabajo con grupos de contenci\u00f3n emocional. Se refiere Nadia Ramos, directora del Centro de Psicolog\u00eda Aplicada (CEPA).\u00a0<\/span><\/a><\/p><p class=\"x_MsoNormal\"><span lang=\"ES\">\u00a0<\/span><\/p><p class=\"x_MsoNormal\"><strong><span lang=\"ES\">G5NOTICIAS.CL\u00a0<\/span><\/strong><\/p><p class=\"x_MsoNormal\"><a href=\"https:\/\/g5noticias.cl\/2022\/09\/20\/lanzan-manual-sobre-trabajo-con-grupos-de-contencion-emocional\/\"><span lang=\"ES\">Lanzan manual sobre trabajo con grupos de contenci\u00f3n emocional. Se refiere Nadia Ramos, directora del Centro de Psicolog\u00eda Aplicada (CEPA).\u00a0<\/span><\/a><\/p><p class=\"x_MsoNormal\"><span lang=\"ES\">\u00a0<\/span><\/p><p class=\"x_MsoNormal\"><strong><span lang=\"ES\">RADIOPOLAR.COM\u00a0<\/span><\/strong><\/p><p class=\"x_MsoNormal\"><a href=\"https:\/\/radiopolar.com\/noticia_179649.html\"><span lang=\"ES\">Lanzan manual sobre trabajo con grupos de contenci\u00f3n emocional. Se refiere Nadia Ramos, directora del Centro de Psicolog\u00eda Aplicada (CEPA).\u00a0<\/span><\/a><\/p><p class=\"x_MsoNormal\"><span lang=\"ES\">\u00a0<\/span><\/p><p class=\"x_MsoNormal\"><strong><span lang=\"ES\">ELMOSTRADOR.CL\u00a0<\/span><\/strong><\/p><p class=\"x_MsoNormal\"><a href=\"https:\/\/www.elmostrador.cl\/agenda-pais\/2022\/09\/21\/expertos-analizan-ley-que-regula-el-trabajo-via-plataformas-digitales\/\"><span lang=\"ES\">Expertos analizan ley que regula el trabajo v\u00eda plataformas digitales. Se refiere Rodrigo Palomo, decano de la Facultad de Ciencias Jur\u00eddicas y Sociales.\u00a0<\/span><\/a><\/p><p class=\"x_MsoNormal\"><span lang=\"ES\">\u00a0<\/span><\/p><p class=\"x_MsoNormal\"><strong><span lang=\"ES\">ADPRENSA.CL\u00a0<\/span><\/strong><\/p><p class=\"x_MsoNormal\"><a href=\"https:\/\/www.adprensa.cl\/cronica\/expertos-analizan-ley-que-regula-el-trabajo-via-plataformas-digitales\/\"><span lang=\"ES\">Expertos analizan ley que regula el trabajo v\u00eda plataformas digitales. Se refiere Rodrigo Palomo, decano de la Facultad de Ciencias Jur\u00eddicas y Sociales.\u00a0<\/span><\/a><\/p><p class=\"x_MsoNormal\"><span lang=\"ES\">\u00a0<\/span><\/p><p class=\"x_MsoNormal\"><strong><span lang=\"ES\">MEDIABANCO.COM\u00a0<\/span><\/strong><\/p><p class=\"x_MsoNormal\"><a href=\"https:\/\/www.mediabanco.com\/expertos-analizan-ley-que-regula-el-trabajo-via-plataformas-digitales\/\"><span lang=\"ES\">Expertos analizan ley que regula el trabajo v\u00eda plataformas digitales. Se refiere Rodrigo Palomo, decano de la Facultad de Ciencias Jur\u00eddicas y Sociales.\u00a0<\/span><\/a><\/p><p class=\"x_MsoNormal\"><span lang=\"ES\">\u00a0<\/span><\/p><p class=\"x_MsoNormal\"><strong><span lang=\"ES\">ELCENTRO.CL\u00a0<\/span><\/strong><\/p><p class=\"x_MsoNormal\"><a href=\"https:\/\/elcentro.cl\/2022\/09\/20\/expertos-analizan-ley-que-regula-el-trabajo-via-plataformas-digitales\/\"><span lang=\"ES\">Expertos analizan ley que regula el trabajo v\u00eda plataformas digitales. Se refiere Rodrigo Palomo, decano de la Facultad de Ciencias Jur\u00eddicas y Sociales.\u00a0<\/span><\/a><\/p><p class=\"x_MsoNormal\"><span lang=\"ES\">\u00a0<\/span><\/p><p class=\"x_MsoNormal\"><strong><span lang=\"ES\">ELCACHAPOAL.CL\u00a0<\/span><\/strong><\/p><p class=\"x_MsoNormal\"><a href=\"https:\/\/elcachapoal.cl\/2022\/09\/20\/expertos-analizan-ley-que-regula-el-trabajo-via-plataformas-digitales-%ef%bf%bc\/\"><span lang=\"ES\">Expertos analizan ley que regula el trabajo v\u00eda plataformas digitales. Se refiere Rodrigo Palomo, decano de la Facultad de Ciencias Jur\u00eddicas y Sociales.\u00a0<\/span><\/a><\/p><p class=\"x_MsoNormal\"><span lang=\"ES\">\u00a0<\/span><\/p><p class=\"x_MsoNormal\"><strong><span lang=\"ES\">G5NOTICIAS.CL\u00a0<\/span><\/strong><\/p><p class=\"x_MsoNormal\"><a href=\"https:\/\/g5noticias.cl\/2022\/09\/20\/expertos-analizan-ley-que-regula-el-trabajo-via-plataformas-digitales\/\"><span lang=\"ES\">Expertos analizan ley que regula el trabajo v\u00eda plataformas digitales. Se refiere Rodrigo Palomo, decano de la Facultad de Ciencias Jur\u00eddicas y Sociales.\u00a0<\/span><\/a><\/p><p class=\"x_MsoNormal\"><span lang=\"ES\">\u00a0<\/span><\/p><p class=\"x_MsoNormal\"><strong><span lang=\"ES\">REVISTA EL CENTRO\u00a0<\/span><\/strong><\/p><p class=\"x_MsoNormal\"><a href=\"https:\/\/www.litoralpress.cl\/sitio\/Prensa_PaginaCompleta.cshtml?LPKey=PZLRAGPS2LAP554K72PR4JKEIY5HHOOTVL2MRDBJXR5VMLEYI23A\"><span lang=\"ES\">Descubrimiento de carbono org\u00e1nico en Marte. Se refiere Daniela Olave, acad\u00e9mica de la Facultad de Ingenier\u00eda. \u00a0<\/span><\/a><\/p><p class=\"x_MsoNormal\"><span lang=\"ES\">\u00a0<\/span><\/p><p class=\"x_MsoNormal\"><strong><span lang=\"ES\">ELMOSTRADOR.CL\u00a0<\/span><\/strong><\/p><p class=\"x_MsoNormal\"><a href=\"https:\/\/www.elmostrador.cl\/revista-jengibre\/2022\/09\/21\/autos-electricos-avances-de-chile-hacia-un-transporte-mas-economico-y-sustentable\/\"><span lang=\"ES\">Autos el\u00e9ctricos: avances de Chile hacia un transporte m\u00e1s econ\u00f3mico y sustentable. Se refiere Cristi\u00e1n Garc\u00eda, acad\u00e9mico de la Facultad de Ingenier\u00eda. \u00a0<\/span><\/a><\/p><p class=\"x_MsoNormal\"><span lang=\"ES\">\u00a0<\/span><\/p><p class=\"x_MsoNormal\"><strong><span lang=\"ES\">ADPRENSA.CL\u00a0<\/span><\/strong><\/p><p class=\"x_MsoNormal\"><a href=\"https:\/\/www.adprensa.cl\/cronica\/autos-electricos-avances-de-chile-hacia-un-transporte-mas-economico-y-sustentable\/\"><span lang=\"ES\">Autos el\u00e9ctricos: avances de Chile hacia un transporte m\u00e1s econ\u00f3mico y sustentable. Se refiere Cristi\u00e1n Garc\u00eda, acad\u00e9mico de la Facultad de Ingenier\u00eda.\u00a0<\/span><\/a><\/p><p class=\"x_MsoNormal\"><span lang=\"ES\">\u00a0<\/span><\/p><p class=\"x_MsoNormal\"><strong><span lang=\"ES\">EL LECTOR\u00a0<\/span><\/strong><\/p><p class=\"x_MsoNormal\"><a href=\"https:\/\/www.litoralpress.cl\/sitio\/Prensa_PaginaCompleta.cshtml?LPKey=CAXL55CUKOH5W3BIKXF35WAR4STV5FOX2EFAFKBRJ5RFTIJXMCZA\"><span lang=\"ES\">Autos el\u00e9ctricos: avances de Chile hacia un transporte m\u00e1s econ\u00f3mico y sustentable. Se refiere Cristi\u00e1n Garc\u00eda, acad\u00e9mico de la Facultad de Ingenier\u00eda.\u00a0<\/span><\/a><\/p><p class=\"x_MsoNormal\"><span lang=\"ES\">\u00a0<\/span><\/p><p class=\"x_MsoNormal\"><strong><span lang=\"ES\">RADIO AMIGA\u00a0<\/span><\/strong><\/p><p class=\"x_MsoNormal\"><a href=\"https:\/\/www.litoralpress.cl\/sitio\/RadioTV_Detalles.cshtml?LPKey=YMKOKYAC4HRGXNZBB44O44KBV6BRFWVCGSWW7Z6WORXR2THAFHYZNXSA2RRGETWXLZINWAONFRHRC\"><span lang=\"ES\">Avances de la electromovilidad en el pa\u00eds. Se refiere Cristi\u00e1n Garc\u00eda, acad\u00e9mico de la Facultad de Ingenier\u00eda.\u00a0<\/span><\/a><\/p><p class=\"x_MsoNormal\"><span lang=\"ES\">\u00a0<\/span><\/p><p class=\"x_MsoNormal\"><strong><span lang=\"ES\">MEDIABANCO.COM\u00a0<\/span><\/strong><\/p><p class=\"x_MsoNormal\"><a href=\"https:\/\/www.mediabanco.com\/autos-electricos-avances-de-chile-hacia-un-transporte-mas-economico-y-sustentable\/\"><span lang=\"ES\">Autos el\u00e9ctricos: avances de Chile hacia un transporte m\u00e1s econ\u00f3mico y sustentable. Se refiere Cristi\u00e1n Garc\u00eda, acad\u00e9mico de la Facultad de Ingenier\u00eda.\u00a0<\/span><\/a><\/p><p class=\"x_MsoNormal\"><span lang=\"ES\">\u00a0<\/span><\/p><p class=\"x_MsoNormal\"><strong><span lang=\"ES\">LAVOZENLINEA.CL\u00a0<\/span><\/strong><\/p><p class=\"x_MsoNormal\"><a href=\"https:\/\/lavozenlinea.cl\/2022\/09\/autos-electricos-avances-de-chile-hacia-un-transporte-mas-economico-y-sustentable\/\"><span lang=\"ES\">Autos el\u00e9ctricos: avances de Chile hacia un transporte m\u00e1s econ\u00f3mico y sustentable. Se refiere Cristi\u00e1n Garc\u00eda, acad\u00e9mico de la Facultad de Ingenier\u00eda.\u00a0<\/span><\/a><\/p><p class=\"x_MsoNormal\"><span lang=\"ES\">\u00a0<\/span><\/p><p class=\"x_MsoNormal\"><strong><span lang=\"ES\">G5NOTICIAS.CL\u00a0<\/span><\/strong><\/p><p class=\"x_MsoNormal\"><a href=\"https:\/\/g5noticias.cl\/2022\/09\/24\/autos-electricos-avances-de-chile-hacia-un-transporte-mas-economico-y-sustentable\/\"><span lang=\"ES\">Autos el\u00e9ctricos: avances de Chile hacia un transporte m\u00e1s econ\u00f3mico y sustentable. Se refiere Cristi\u00e1n Garc\u00eda, acad\u00e9mico de la Facultad de Ingenier\u00eda.\u00a0<\/span><\/a><\/p><p class=\"x_MsoNormal\"><span lang=\"ES\">\u00a0<\/span><\/p><p class=\"x_MsoNormal\"><strong><span lang=\"ES\">ENERGIAS.COM\u00a0<\/span><\/strong><\/p><p class=\"x_MsoNormal\"><a href=\"http:\/\/www.energias.com\/2022\/09\/24\/universidad-de-talca-organiz-seminario-internacional-de-electrnica-de-potencia-mediabanco-agencia-de-noticias-chile-mediabanco\/\"><span lang=\"ES\">Universidad de Talca organiz\u00f3 Seminario Internacional de Electr\u00f3nica de Potencia. Se refieren Javier Mu\u00f1oz, decano de Ingenier\u00eda y Marco Rivera, acad\u00e9mico de la Facultad de Ingenier\u00eda.\u00a0<\/span><\/a><\/p><p class=\"x_MsoNormal\"><span lang=\"ES\">\u00a0<\/span><\/p><p class=\"x_MsoNormal\"><strong><span lang=\"ES\">MEDIABANCO.COM\u00a0<\/span><\/strong><\/p><p class=\"x_MsoNormal\"><a href=\"https:\/\/www.mediabanco.com\/universidad-de-talca-organizo-seminario-internacional-de-electronica-de-potencia\/\"><span lang=\"ES\">Universidad de Talca organiz\u00f3 Seminario Internacional de Electr\u00f3nica de Potencia. Se refieren Javier Mu\u00f1oz, decano de Ingenier\u00eda y Marco Rivera, acad\u00e9mico de la Facultad de Ingenier\u00eda. \u00a0<\/span><\/a><\/p><p class=\"x_MsoNormal\"><span lang=\"ES\">\u00a0<\/span><\/p><p class=\"x_MsoNormal\"><strong><span lang=\"ES\">EL HERALDO\u00a0<\/span><\/strong><\/p><p class=\"x_MsoNormal\"><a href=\"https:\/\/www.litoralpress.cl\/paginaconsultas\/Servicios_NClipSitio\/Get_Imagen_Nota.aspx?LPKey=HJEYFVNAK2YH5FLOQQAK2VITGGVQACR7PMFTFHHBLRHWDZC4I2PHCEZTAMKZTPKL5FFV5FU55LGQY\"><span lang=\"ES\">Universidad de Talca organiz\u00f3 Seminario Internacional de Electr\u00f3nica de Potencia. Se refieren Javier Mu\u00f1oz, decano de Ingenier\u00eda y Marco Rivera, acad\u00e9mico de la Facultad de Ingenier\u00eda.\u00a0<\/span><\/a><\/p><p class=\"x_MsoNormal\"><span lang=\"ES\">\u00a0<\/span><\/p><p class=\"x_MsoNormal\"><strong><span lang=\"ES\">DIARIOELHERALDO.CL\u00a0<\/span><\/strong><\/p><p class=\"x_MsoNormal\"><a href=\"https:\/\/www.diarioelheraldo.cl\/noticia\/universidad-de-talca-organizo-seminario-internacional-de-electronica-de-potencia-\"><span lang=\"ES\">Universidad de Talca organiz\u00f3 Seminario Internacional de Electr\u00f3nica de Potencia. Se refieren Javier Mu\u00f1oz, decano de Ingenier\u00eda y Marco Rivera, acad\u00e9mico de la Facultad de Ingenier\u00eda.\u00a0<\/span><\/a><\/p><p class=\"x_MsoNormal\"><span lang=\"ES\">\u00a0<\/span><\/p><p class=\"x_MsoNormal\"><strong><span lang=\"ES\">DIARIO TALCA\u00a0<\/span><\/strong><\/p><p class=\"x_MsoNormal\"><a href=\"https:\/\/www.litoralpress.cl\/paginaconsultas\/Servicios_NClipSitio\/Get_Imagen_Nota.aspx?LPKey=WFYXHJUOMDJGJIN5YIEBGOASR465HVT7ZNTGQQGZEPQ6YQH2VF4SLF6NQOHBWD3WKT4JDZQYM66RK\"><span lang=\"ES\">La c\u00e1rcel de Talca: urbana y patrimonial de la ciudad. Se refiere Andr\u00e9s Maraga\u00f1o, decano de la Facultad de Arquitectura, M\u00fasica y Dise\u00f1o.\u00a0<\/span><\/a><\/p><p class=\"x_MsoNormal\"><span lang=\"ES\">\u00a0<\/span><\/p><p class=\"x_MsoNormal\"><strong><span lang=\"ES\">DIARIOTALCA.CL\u00a0<\/span><\/strong><\/p><p class=\"x_MsoNormal\"><a href=\"https:\/\/diariotalca.cl\/la-carcel-de-talca-memoria-urbana-y-patrimonial-de-la-ciudad\/\"><span lang=\"ES\">La c\u00e1rcel de Talca: memoria urbana y patrimonial de la ciudad. Se refiere Andr\u00e9s Maraga\u00f1o, decano de la Facultad de Arquitectura, M\u00fasica y Dise\u00f1o.\u00a0<\/span><\/a><\/p><p class=\"x_MsoNormal\"><span lang=\"ES\">\u00a0<\/span><\/p><p class=\"x_MsoNormal\"><strong><span lang=\"ES\">MEDIABANCO.COM\u00a0<\/span><\/strong><\/p><p class=\"x_MsoNormal\"><a href=\"https:\/\/www.mediabanco.com\/laboratorio-audiovisual-fortalecera-formacion-de-estudiantes-de-la-utalca\/\"><span lang=\"ES\">Laboratorio audiovisual fortalecer\u00e1 formaci\u00f3n de estudiantes de la UTalca. Se refiere Andr\u00e9s Maraga\u00f1o, decano de la Facultad de Arquitectura, M\u00fasica y Dise\u00f1o.\u00a0<\/span><\/a><\/p><p class=\"x_MsoNormal\"><span lang=\"ES\">\u00a0<\/span><\/p><p class=\"x_MsoNormal\"><strong><span lang=\"ES\">EMOL.COM\u00a0<\/span><\/strong><\/p><p class=\"x_MsoNormal\"><a href=\"https:\/\/www.emol.com\/noticias\/Economia\/2022\/09\/22\/1073538\/desigualdad-chile-economista-embajador-espana.html\"><span lang=\"ES\">Desigualdad en Chile: Su reducci\u00f3n en los \u00faltimos 30 a\u00f1os y an\u00e1lisis tras dichos de embajador en Espa\u00f1a. Se refiere Juan Andr\u00e9s Riquelme, director del Mag\u00edster en Econom\u00eda.\u00a0<\/span><\/a><\/p><p class=\"x_MsoNormal\"><span lang=\"ES\">\u00a0<\/span><\/p><p class=\"x_MsoNormal\"><strong><span lang=\"ES\">ELDESCONCIERTO.CL\u00a0<\/span><\/strong><\/p><p class=\"x_MsoNormal\"><a href=\"https:\/\/www.eldesconcierto.cl\/noticias\/2022\/09\/22\/ofensiva-de-la-derecha-para-relativizar-la-desigualdad-en-chile-que-esconden-los-datos.html\"><span lang=\"ES\">Ofensiva de la derecha para relativizar la desigualdad en Chile: Qu\u00e9 esconden los datos. Se refiere Juan Andr\u00e9s Riquelme, director del Mag\u00edster en Econom\u00eda.\u00a0<\/span><\/a><\/p><p class=\"x_MsoNormal\"><span lang=\"ES\">\u00a0<\/span><\/p><p class=\"x_MsoNormal\"><strong><span lang=\"ES\">ADPRENSA.CL\u00a0<\/span><\/strong><\/p><p class=\"x_MsoNormal\"><a href=\"https:\/\/www.adprensa.cl\/cronica\/diplomado-en-gestion-de-empresas-de-la-utalca-se-dictara-en-region-de-ohiggins\/\"><span lang=\"ES\">Diplomado en Gesti\u00f3n de Empresas de la UTalca se dictar\u00e1 en regi\u00f3n de O\u00b4Higgins. Se refieren Felipe Arenas, director del Centro de Desarrollo Empresarial; Carlos Catal\u00e1n, director de las carreras de T\u00e9cnico Superior en Administraci\u00f3n y T\u00e9cnico Superior en Turismo Enol\u00f3gico del Campus Colchagua.\u00a0<\/span><\/a><\/p><p class=\"x_MsoNormal\"><span lang=\"ES\">\u00a0<\/span><\/p><p class=\"x_MsoNormal\"><strong><span lang=\"ES\">MEDIABANCO.COM\u00a0<\/span><\/strong><\/p><p class=\"x_MsoNormal\"><a href=\"https:\/\/www.mediabanco.com\/diplomado-en-gestion-de-empresas-de-la-utalca-se-dictara-en-region-de-ohiggins\/\"><span lang=\"ES\">Diplomado en Gesti\u00f3n de Empresas de la UTalca se dictar\u00e1 en regi\u00f3n de O\u00b4Higgins. Se refieren Felipe Arenas, director del Centro de Desarrollo Empresarial; Carlos Catal\u00e1n, director de las carreras de T\u00e9cnico Superior en Administraci\u00f3n y T\u00e9cnico Superior en Turismo Enol\u00f3gico del Campus Colchagua. \u00a0<\/span><\/a><\/p><p class=\"x_MsoNormal\"><span lang=\"ES\">\u00a0<\/span><\/p><p class=\"x_MsoNormal\"><strong><span lang=\"ES\">RADIO AMIGA\u00a0<\/span><\/strong><\/p><p class=\"x_MsoNormal\"><a href=\"https:\/\/www.litoralpress.cl\/sitio\/RadioTV_Detalles.cshtml?LPKey=RNITKLTFLVZTGPRB5EKYC2IS5N7DPWZ56UZLHFPMAXUOXRFKYXPKW543JOA3IB5URMTKBSK27P7FE\"><span lang=\"ES\">Participaci\u00f3n de Rodrigo Saens, acad\u00e9mico de la Facultad de Econom\u00eda y Negocios (FEN).\u00a0<\/span><\/a><\/p><p class=\"x_MsoNormal\"><span lang=\"ES\">\u00a0<\/span><\/p><p class=\"x_MsoNormal\"><strong><span lang=\"ES\">RADIO AMIGA\u00a0<\/span><\/strong><\/p><p class=\"x_MsoNormal\"><a href=\"https:\/\/www.litoralpress.cl\/sitio\/RadioTV_Detalles.cshtml?LPKey=IPN4IWTSA46RROMQPICOEQ3OHT7E75SERFSCY3S26HFNFCD5MR4H4P7KELOCQFV7XVQQTCJTL4WMG\"><span lang=\"ES\">Economistas llaman a cotizar para evitar un incremento en el gasto por fiestas patrias. Se refiere Rodrigo Saens, acad\u00e9mico de la Facultad de Econom\u00eda y Negocios (FEN).\u00a0<\/span><\/a><\/p><p class=\"x_MsoNormal\"><span lang=\"ES\">\u00a0<\/span><\/p><p class=\"x_MsoNormal\"><strong><span lang=\"ES\">EL MERCURIO\u00a0<\/span><\/strong><\/p><p class=\"x_MsoNormal\"><a href=\"https:\/\/www.litoralpress.cl\/sitio\/Prensa_PaginaCompleta.cshtml?LPKey=MOTW3GD2OX7LM3VCJJRP2SCIZ7KBFEOBNJKZYTC4C7DUGZMF5NFQ\"><span lang=\"ES\">Se vienes m\u00e1s protestas violentas, pronostican analistas pol\u00edticos. La compleja conexi\u00f3n del gobierno de Boric con la movilizaci\u00f3n estudiantil. Se refiere Mauricio Morales, director del Centro de An\u00e1lisis Pol\u00edtico (CAP).\u00a0<\/span><\/a><\/p><p class=\"x_MsoNormal\"><span lang=\"ES\">\u00a0<\/span><\/p><p class=\"x_MsoNormal\"><strong><span lang=\"ES\">LAS \u00daLTIMAS NOTICIAS\u00a0<\/span><\/strong><\/p><p class=\"x_MsoNormal\"><a href=\"https:\/\/www.litoralpress.cl\/sitio\/Prensa_PaginaCompleta.cshtml?LPKey=P3OBLSG34DINWKP4L35BS7LPFPQ2NUCTJQMJWVLFXKMRLBI4CX6A\"><span lang=\"ES\">Cuatro analistas desglosan el discurso de Gabriel Boric en Nueva York. Se refiere Mauricio Morales, director del Centro de An\u00e1lisis Pol\u00edtico (CAP).\u00a0<\/span><\/a><\/p><p class=\"x_MsoNormal\"><span lang=\"ES\">\u00a0<\/span><\/p><p class=\"x_MsoNormal\"><strong><span lang=\"ES\">LAS \u00daLTIMAS NOTICIAS\u00a0<\/span><\/strong><\/p><p class=\"x_MsoNormal\"><a href=\"https:\/\/www.litoralpress.cl\/paginaconsultas\/Servicios_NClipSitio\/Get_Imagen_Nota.aspx?LPKey=66V7422EKDMXNP4KCL6JYOGBQ62B3SQKMYPWPOKDFBCJEVFGFPG2PWXIENA6DFXOGG5NCUNWI6P44\"><span lang=\"ES\">Las razones de la renuncia de la jefa de asesores del segundo piso de La Moneda. Se refiere Mauricio Morales, director del Centro de An\u00e1lisis Pol\u00edtico (CAP).\u00a0<\/span><\/a><\/p><p class=\"x_MsoNormal\"><span lang=\"ES\">\u00a0<\/span><\/p><p class=\"x_MsoNormal\"><strong><span lang=\"ES\">LA SEGUNDA\u00a0<\/span><\/strong><\/p><p class=\"x_MsoNormal\"><a href=\"https:\/\/www.litoralpress.cl\/sitio\/Prensa_PaginaCompleta.cshtml?LPKey=ZAUWUV73NZPKFJKMLOWGFAL2CPB7UDZBEHHJCX3YT2WCJ23NERNQ\"><span lang=\"ES\">Parlamentarios DC del Rechazo se quedan y no se van a Amarillos&#8230; por ahora. Se refiere Mauricio Morales, director del Centro de An\u00e1lisis Pol\u00edtico (CAP).\u00a0<\/span><\/a><\/p><p class=\"x_MsoNormal\"><span lang=\"ES\">\u00a0<\/span><\/p><p class=\"x_MsoNormal\"><strong><span lang=\"ES\">CANAL MEGA\u00a0<\/span><\/strong><\/p><p class=\"x_MsoNormal\"><a href=\"https:\/\/www.litoralpress.cl\/sitio\/RadioTV_Detalles.cshtml?LPKey=MH7ZFITIWMM2LFV4SIXBK22V3BM6UT7HDVUVHUU6FFXHRD5VYU56ZXXWP5BQZDGS6A3HAFS2AFXH2\"><span lang=\"ES\">Encuesta Cadem revel\u00f3 que un 69% de la poblaci\u00f3n quiere un nuevo proceso constituyente. Se refiere Mauricio Morales, director del Centro de An\u00e1lisis Pol\u00edtico (CAP).\u00a0<\/span><\/a><\/p><p class=\"x_MsoNormal\"><span lang=\"ES\">\u00a0<\/span><\/p><p class=\"x_MsoNormal\"><strong><span lang=\"ES\">CANAL MEGA\u00a0<\/span><\/strong><\/p><p class=\"x_MsoNormal\"><a href=\"https:\/\/www.litoralpress.cl\/sitio\/RadioTV_Detalles.cshtml?LPKey=MTFYQE6WRFC256ML7HPKTYK5VJBMO4AA2XQRU75K2F3TIGLZ3GUYFLNNINLEHIVPCWANA7GXYM4NC\"><span lang=\"ES\">Amarillos por Chile avanzan en el proceso para constituirse como partido pol\u00edtico. Se refiere Mauricio Morales, director del Centro de An\u00e1lisis Pol\u00edtico (CAP).\u00a0<\/span><\/a><\/p><p class=\"x_MsoNormal\"><span lang=\"ES\">\u00a0<\/span><\/p><p class=\"x_MsoNormal\"><strong><span lang=\"ES\">CANAL MEGA\u00a0<\/span><\/strong><\/p><p class=\"x_MsoNormal\"><a href=\"https:\/\/www.litoralpress.cl\/sitio\/RadioTV_Detalles.cshtml?LPKey=D32RO3MRVPGVRKIGKWKDYLPQ75JG72R7ZI5C7YOTTAQQH6FEIVLKFM6IZ73XB5653FOVKADHSHKEQ\"><span lang=\"ES\">An\u00e1lisis de actualidad: La importancia pol\u00edtica del Te Deum. Se refiere Mauricio Morales, director del Centro de An\u00e1lisis Pol\u00edtico (CAP).\u00a0<\/span><\/a><\/p><p class=\"x_MsoNormal\"><span lang=\"ES\">\u00a0<\/span><\/p><p class=\"x_MsoNormal\"><strong><span lang=\"ES\">CANAL 24 HORAS\u00a0<\/span><\/strong><\/p><p class=\"x_MsoNormal\"><a href=\"https:\/\/www.litoralpress.cl\/sitio\/RadioTV_Detalles.cshtml?LPKey=Y6OE4NOM3GDHDA3AWS27KZYQKLDTYZFS3DYL2M5PRYTA7V74DCBYI6GXNQXZ4UDGOEJC6FRK2YUGY\"><span lang=\"ES\">Entrevista a Mario Herrera, acad\u00e9mico del Centro de An\u00e1lisis Pol\u00edtico (CAP).\u00a0<\/span><\/a><\/p><p class=\"x_MsoNormal\"><span lang=\"ES\">\u00a0<\/span><\/p><p class=\"x_MsoNormal\"><strong><span lang=\"ES\">RADIO INFINITA\u00a0<\/span><\/strong><\/p><p class=\"x_MsoNormal\"><a href=\"https:\/\/www.litoralpress.cl\/sitio\/RadioTV_Detalles.cshtml?LPKey=PPAYRMLORCB2VIJV2HS4LXANN5N42IC344ZZDFHMMPYQQ7FXOJ7EPHAXNWUFRXXTMLNLVMD6CTEI4\"><span lang=\"ES\">Comentario de Mauricio Morales, director del Centro de An\u00e1lisis Pol\u00edtico (CAP).\u00a0<\/span><\/a><\/p><p class=\"x_MsoNormal\"><span lang=\"ES\">\u00a0<\/span><\/p><p class=\"x_MsoNormal\"><strong><span lang=\"ES\">RADIO INFINITA\u00a0<\/span><\/strong><\/p><p class=\"x_MsoNormal\"><a href=\"https:\/\/www.litoralpress.cl\/sitio\/RadioTV_Detalles.cshtml?LPKey=E2AJH7US6CFY3JT4EJ5FVZELLRPTDEBDH5PTFDZIVUZ5Y6DM2PSSW7WFPE4VIAPYQPGB6ONESDFAI\"><span lang=\"ES\">Comentario de Mauricio Morales, director del Centro de An\u00e1lisis Pol\u00edtico (CAP).\u00a0<\/span><\/a><\/p><p class=\"x_MsoNormal\"><span lang=\"ES\">\u00a0<\/span><\/p><p class=\"x_MsoNormal\"><strong><span lang=\"ES\">EL MERCURIO DE VALPARA\u00cdSO\u00a0<\/span><\/strong><\/p><p class=\"x_MsoNormal\"><a href=\"https:\/\/www.litoralpress.cl\/sitio\/Prensa_PaginaCompleta.cshtml?LPKey=QXXHK3G6EM2SGDVA3NXO6MZILOXXZMPJOMGYX5RQJSD5BVVYDBSA\"><span lang=\"ES\">Una Constituci\u00f3n con \u201cbordes\u201d: los l\u00edmites que marcan el debate pol\u00edtico. Se refiere Mauricio Morales, director del Centro de An\u00e1lisis Pol\u00edtico (CAP).\u00a0<\/span><\/a><\/p><p class=\"x_MsoNormal\"><span lang=\"ES\">\u00a0<\/span><\/p><p class=\"x_MsoNormal\"><strong><span lang=\"ES\">EL MERCURIO DE VALPARA\u00cdSO\u00a0<\/span><\/strong><\/p><p class=\"x_MsoNormal\"><a href=\"https:\/\/www.litoralpress.cl\/paginaconsultas\/Servicios_NClipSitio\/Get_Imagen_Nota.aspx?LPKey=33WZOVLWHQOMIZAAIJMZ3EN7RVML6Q5M5WWBWCRVGODIUVDRERE4LLZSCZ2JVSYGQJC6MKQLKW4EQ\"><span lang=\"ES\">UDI regional busca recuperar terreno ante nuevos partidos. Se refiere Mauricio Morales, director del Centro de An\u00e1lisis Pol\u00edtico (CAP).\u00a0<\/span><\/a><\/p><p class=\"x_MsoNormal\"><span lang=\"ES\">\u00a0<\/span><\/p><p class=\"x_MsoNormal\"><strong><span lang=\"ES\">EL MERCURIO DE VALPARA\u00cdSO\u00a0<\/span><\/strong><\/p><p class=\"x_MsoNormal\"><a href=\"https:\/\/www.litoralpress.cl\/sitio\/Prensa_PaginaCompleta.cshtml?LPKey=F3WP2MMVALLATUOUNVHCK7IY6Z4O5GPUAKWKOTFXKM5E5AGDZHNA\"><span lang=\"ES\">Encrucijada del mecanismo enrarece el esquivo acuerdo. Se refiere Mario Herrera, acad\u00e9mico del Centro de An\u00e1lisis Pol\u00edtico (CAP).\u00a0<\/span><\/a><\/p><p class=\"x_MsoNormal\"><span lang=\"ES\">\u00a0<\/span><\/p><p class=\"x_MsoNormal\"><strong><span lang=\"ES\">THECLINIC.CL\u00a0<\/span><\/strong><\/p><p class=\"x_MsoNormal\"><a href=\"https:\/\/www.theclinic.cl\/2022\/09\/19\/no-me-ayude-tanto-companero-a-los-discolos-que-golpean-al-gobierno-de-boric-en-la-mirada-critica-de-los-analistas\/\"><span lang=\"ES\">No me ayude tanto, compa\u00f1ero\/a: los d\u00edscolos que golpean al gobierno de Boric en la mirada cr\u00edtica de los analistas. Se refiere Mauricio Morales, director del Centro de An\u00e1lisis Pol\u00edtico (CAP).\u00a0<\/span><\/a><\/p><p class=\"x_MsoNormal\"><span lang=\"ES\">\u00a0<\/span><\/p><p class=\"x_MsoNormal\"><strong><span lang=\"ES\">RADIO.UCHILE.CL\u00a0<\/span><\/strong><\/p><p class=\"x_MsoNormal\"><a href=\"https:\/\/radio.uchile.cl\/2022\/09\/19\/mario-herrera-por-arribo-de-boric-a-la-onu-llega-en-un-momento-muy-debilitado-a-la-interna-pero-no-necesariamente-en-agenda-exterior\/\"><span lang=\"ES\">Mario Herrera por arribo de Boric a la ONU: \u201cLlega en un momento muy debilitado a la interna, pero no necesariamente en agenda exterior\u201d. Se refiere acad\u00e9mico del Centro de An\u00e1lisis Pol\u00edtico (CAP).\u00a0<\/span><\/a><\/p><p class=\"x_MsoNormal\"><span lang=\"ES\">\u00a0<\/span><\/p><p class=\"x_MsoNormal\"><strong><span lang=\"ES\">RADIO GUAYAC\u00c1N\u00a0<\/span><\/strong><\/p><p class=\"x_MsoNormal\"><a href=\"https:\/\/www.litoralpress.cl\/sitio\/RadioTV_Detalles.cshtml?LPKey=G4SREQXEXZJVIIWUID6CNWYCT6XM2OSAYJUPOEVTGEOL67JVPG5CMIA75K6TFUB37LFQX3OZM5L76\"><span lang=\"ES\">Entrevista a Mario Herrera, acad\u00e9mico del Centro de An\u00e1lisis Pol\u00edtico (CAP).\u00a0<\/span><\/a><\/p><p class=\"x_MsoNormal\"><span lang=\"ES\">\u00a0<\/span><\/p><p class=\"x_MsoNormal\"><strong><span lang=\"ES\">RADIO AMIGA\u00a0<\/span><\/strong><\/p><p class=\"x_MsoNormal\"><a href=\"https:\/\/www.litoralpress.cl\/sitio\/RadioTV_Detalles.cshtml?LPKey=7FTTGH2CJM5N4XRTI2SKPUMPBR5DRIX3EPDS5MOFFFPJMKCJJYZKACECDEAX67FLL3FAXVTJOHDVG\"><span lang=\"ES\">Entrevista a Fabi\u00e1n Belmar, coordinador del Centro de An\u00e1lisis Pol\u00edtico (CAP). \u00a0<\/span><\/a><\/p><p class=\"x_MsoNormal\">\u00a0<\/p>\t\t\t\t\t\t<\/div>\n\t\t\t\t<\/div>\n\t\t\t\t\t<\/div>\n\t\t<\/div>\n\t\t\t\t\t\t\t<\/div>\n\t\t<\/section>\n\t\t\t\t\t\t<\/div>\n\t\t\t\t\t<\/div>\n\t\t","protected":false},"excerpt":{"rendered":"<p>ADPRENSA.CL\u00a0 Acreditaci\u00f3n de la Universidad de Talca: \u00bfQu\u00e9 es ser una universidad compleja? Se refieren Cristi\u00e1n Rojas, vicerrector Acad\u00e9mico; Johanna Kreither, directora de Postgrado; y Cynthia C\u00e1ceres, estudiante del Doctorado en Econom\u00eda. \u00a0 \u00a0 MEDIABANCO.COM\u00a0 Acreditaci\u00f3n de la Universidad de Talca: \u00bfQu\u00e9 es ser una universidad compleja? Se refieren Cristi\u00e1n Rojas, vicerrector Acad\u00e9mico; Johanna Kreither, &hellip;<\/p>\n<p class=\"read-more\"> <a class=\"\" href=\"https:\/\/www.reportedeprensa.utalca.cl\/?p=4963\"> <span class=\"screen-reader-text\">26 de septiembre de 2022<\/span> Read More &raquo;<\/a><\/p>\n","protected":false},"author":1,"featured_media":0,"comment_status":"closed","ping_status":"open","sticky":false,"template":"","format":"standard","meta":{"_monsterinsights_skip_tracking":false,"_monsterinsights_sitenote_active":false,"_monsterinsights_sitenote_note":"","_monsterinsights_sitenote_category":0},"categories":[25],"tags":[],"_links":{"self":[{"href":"https:\/\/www.reportedeprensa.utalca.cl\/index.php?rest_route=\/wp\/v2\/posts\/4963"}],"collection":[{"href":"https:\/\/www.reportedeprensa.utalca.cl\/index.php?rest_route=\/wp\/v2\/posts"}],"about":[{"href":"https:\/\/www.reportedeprensa.utalca.cl\/index.php?rest_route=\/wp\/v2\/types\/post"}],"author":[{"embeddable":true,"href":"https:\/\/www.reportedeprensa.utalca.cl\/index.php?rest_route=\/wp\/v2\/users\/1"}],"replies":[{"embeddable":true,"href":"https:\/\/www.reportedeprensa.utalca.cl\/index.php?rest_route=%2Fwp%2Fv2%2Fcomments&post=4963"}],"version-history":[{"count":4,"href":"https:\/\/www.reportedeprensa.utalca.cl\/index.php?rest_route=\/wp\/v2\/posts\/4963\/revisions"}],"predecessor-version":[{"id":4967,"href":"https:\/\/www.reportedeprensa.utalca.cl\/index.php?rest_route=\/wp\/v2\/posts\/4963\/revisions\/4967"}],"wp:attachment":[{"href":"https:\/\/www.reportedeprensa.utalca.cl\/index.php?rest_route=%2Fwp%2Fv2%2Fmedia&parent=4963"}],"wp:term":[{"taxonomy":"category","embeddable":true,"href":"https:\/\/www.reportedeprensa.utalca.cl\/index.php?rest_route=%2Fwp%2Fv2%2Fcategories&post=4963"},{"taxonomy":"post_tag","embeddable":true,"href":"https:\/\/www.reportedeprensa.utalca.cl\/index.php?rest_route=%2Fwp%2Fv2%2Ftags&post=4963"}],"curies":[{"name":"wp","href":"https:\/\/api.w.org\/{rel}","templated":true}]}}