{"id":4975,"date":"2022-09-27T08:38:20","date_gmt":"2022-09-27T11:38:20","guid":{"rendered":"https:\/\/www.reportedeprensa.utalca.cl\/?p=4975"},"modified":"2022-09-27T08:57:05","modified_gmt":"2022-09-27T11:57:05","slug":"27-de-septiembre-de-2022","status":"publish","type":"post","link":"https:\/\/www.reportedeprensa.utalca.cl\/?p=4975","title":{"rendered":"27 de septiembre de 2022"},"content":{"rendered":"\t\t<div data-elementor-type=\"wp-post\" data-elementor-id=\"4975\" class=\"elementor elementor-4975\" data-elementor-settings=\"[]\">\n\t\t\t\t\t\t\t<div class=\"elementor-section-wrap\">\n\t\t\t\t\t\t\t<section class=\"elementor-section elementor-top-section elementor-element elementor-element-44052ab7 elementor-section-boxed elementor-section-height-default elementor-section-height-default\" data-id=\"44052ab7\" data-element_type=\"section\">\n\t\t\t\t\t\t<div class=\"elementor-container elementor-column-gap-default\">\n\t\t\t\t\t<div class=\"elementor-column elementor-col-100 elementor-top-column elementor-element elementor-element-5b002d83\" data-id=\"5b002d83\" data-element_type=\"column\">\n\t\t\t<div class=\"elementor-widget-wrap elementor-element-populated\">\n\t\t\t\t\t\t\t\t<div class=\"elementor-element elementor-element-477998b8 elementor-widget elementor-widget-text-editor\" data-id=\"477998b8\" data-element_type=\"widget\" data-widget_type=\"text-editor.default\">\n\t\t\t\t<div class=\"elementor-widget-container\">\n\t\t\t\t\t\t\t\t<p class=\"x_MsoNormal\"><strong>LAS \u00daLTIMAS NOTICIAS<\/strong>\u00a0<\/p><p class=\"x_MsoNormal\"><a href=\"https:\/\/www.litoralpress.cl\/sitio\/Prensa_Detalles.cshtml?LPKey=OBOEWCQNAG2OMCVYWAEJMHVBICJTV6D6BW7PWR2GRCX7SJKPZKJQ\">Panorama total: la gratuidad y acreditaci\u00f3n de las 55 universidades chilenas. Se menciona a la UTalca con 6 a\u00f1os de acreditaci\u00f3n.\u00a0<\/a><\/p><p class=\"x_MsoNormal\">\u00a0<\/p><p class=\"x_MsoNormal\"><strong>EL MERCURIO<\/strong>\u00a0<\/p><p class=\"x_MsoNormal\"><a href=\"https:\/\/www.litoralpress.cl\/paginaconsultas\/Servicios_NClipSitio\/Get_Imagen_Nota.aspx?LPKey=SUV3TE65IUKBA54FA22XHQVJ4KQ7K2FCTRER7LNQJMGAXVX4RJY23SFGKCYYZQP2W4A3I72USIO5M\">Pertenec\u00edan a Stella Corval\u00e1n: Alumnos de b\u00e1sica encuentran textos in\u00e9ditos de escritora nacional enterrados en el patio del colegio. Se refiere Eduardo Bravo, director del Centro de Documentaci\u00f3n Patrimonial.\u00a0<\/a><\/p><p class=\"x_MsoNormal\">\u00a0<\/p><p class=\"x_MsoNormal\"><strong>RADIO COOPERATIVA\u00a0<\/strong><\/p><p class=\"x_MsoNormal\"><a href=\"https:\/\/www.litoralpress.cl\/sitio\/RadioTV_Detalles.cshtml?LPKey=FNCSPBNE6NG3LTU2YRILMWTEPPCURMDYVRXMU2VE3SBZR2ZCMVC5XCSEQRRZOIJ2OM4LB62ZTRJGU\">Estudiantes de un colegio de La Florida encontraron material in\u00e9dito de la escritora Stella Corval\u00e1n. \u00a0<\/a><\/p><p class=\"x_MsoNormal\">\u00a0<\/p><p class=\"x_MsoNormal\"><strong>EMOL.COM\u00a0<\/strong><\/p><p class=\"x_MsoNormal\"><a href=\"https:\/\/www.emol.com\/noticias\/Nacional\/2022\/09\/26\/1073813\/alumnos-encuentran-textos-escritora-enterrados.html\">Alumnos encuentran textos in\u00e9ditos de escritora nacional enterrados en el patio del colegio. Se refiere Eduardo Bravo, director del Centro de Documentaci\u00f3n Patrimonial.\u00a0<\/a><\/p><p class=\"x_MsoNormal\">\u00a0<\/p><p class=\"x_MsoNormal\"><strong>ELMOSTRADOR.CL\u00a0<\/strong><\/p><p class=\"x_MsoNormal\"><a href=\"https:\/\/www.elmostrador.cl\/dia\/2022\/09\/26\/escolares-encuentran-enterradas-obras-ocultas-de-la-escritora-stella-corvalan\/\">Escolares encuentran enterradas obras ocultas de la escritora Stella Corval\u00e1n. Se refieren Eduardo Bravo, director del Centro de Documentaci\u00f3n Patrimonial y Diana Caro, bibliotec\u00f3loga y archivista del mismo Centro.\u00a0<\/a><\/p><p class=\"x_MsoNormal\">\u00a0<\/p><p class=\"x_MsoNormal\"><strong>BIOBIOCHILE.CL\u00a0<\/strong><\/p><p class=\"x_MsoNormal\"><a href=\"https:\/\/www.biobiochile.cl\/noticias\/nacional\/region-metropolitana\/2022\/09\/26\/estaban-bajo-tierra-estudiantes-hallan-ineditos-libros-de-autora-chilena-en-colegio-en-la-florida.shtml\">Estaban bajo tierra: estudiantes hallan in\u00e9ditos libros de autora chilena en colegio en La Florida. Se refiere Eduardo Bravo, director del Centro de Documentaci\u00f3n Patrimonial.\u00a0<\/a><\/p><p class=\"x_MsoNormal\">\u00a0<\/p><p class=\"x_MsoNormal\"><strong>COOPERATIVA.CL\u00a0<\/strong><\/p><p class=\"x_MsoNormal\"><a href=\"https:\/\/www.cooperativa.cl\/noticias\/cultura\/literatura\/poesia\/hallazgo-fantastico-escolares-encontraron-ineditas-obras-de-la\/2022-09-26\/130028.html\">&#8220;Hallazgo fant\u00e1stico&#8221;: Escolares encontraron in\u00e9ditas obras de la escritora Stella Corval\u00e1n. Se refieren Eduardo Bravo, director del Centro de Documentaci\u00f3n Patrimonial y Diana Caro, bibliotec\u00f3loga y archivista del mismo Centro.\u00a0<\/a><\/p><p class=\"x_MsoNormal\" aria-hidden=\"true\">\u00a0<\/p><p class=\"x_MsoNormal\"><strong>ADPRENSA.CL\u00a0<\/strong><\/p><p class=\"x_MsoNormal\"><a href=\"https:\/\/www.adprensa.cl\/actividades-academicas\/escolares-encuentran-obras-ocultas-de-la-escritora-stella-corvalan\/\">Escolares encuentran enterradas obras ocultas de la escritora Stella Corval\u00e1n. Se refieren Eduardo Bravo, director del Centro de Documentaci\u00f3n Patrimonial y Diana Caro, bibliotec\u00f3loga y archivista del mismo Centro.\u00a0<\/a><\/p><p class=\"x_MsoNormal\" aria-hidden=\"true\">\u00a0<\/p><p class=\"x_MsoNormal\"><strong>MEDIABANCO.COM\u00a0<\/strong><\/p><p class=\"x_MsoNormal\"><a href=\"https:\/\/www.mediabanco.com\/escolares-encuentran-enterradas-obras-ocultas-de-la-escritora-stella-corvalan\/\">Escolares encuentran enterradas obras ocultas de la escritora Stella Corval\u00e1n. Se refieren Eduardo Bravo, director del Centro de Documentaci\u00f3n Patrimonial y Diana Caro, bibliotec\u00f3loga y archivista del mismo Centro.\u00a0<\/a><\/p><p class=\"x_MsoNormal\" aria-hidden=\"true\">\u00a0<\/p><p class=\"x_MsoNormal\"><strong>ELDIARIOSANTIAGO.CL\u00a0<\/strong><\/p><p class=\"x_MsoNormal\"><a href=\"https:\/\/eldiariosantiago.cl\/2022\/09\/26\/escolares-encuentran-enterradas-obras-ocultas-de-la-escritora-stella-corvalan\/\">Escolares encuentran enterradas obras ocultas de la escritora Stella Corval\u00e1n. Se refieren Eduardo Bravo, director del Centro de Documentaci\u00f3n Patrimonial y Diana Caro, bibliotec\u00f3loga y archivista del mismo Centro.\u00a0<\/a><\/p><p class=\"x_MsoNormal\">\u00a0<\/p><p class=\"x_MsoNormal\"><strong>ELMAULEINFORMA.CL\u00a0<\/strong><\/p><p class=\"x_MsoNormal\"><a href=\"https:\/\/elmauleinforma.cl\/escolares-encuentran-enterrados-escritos-ineditos-de-la-escritora-stella-corvalan\/\">Escolares encuentran enterradas obras ocultas de la escritora Stella Corval\u00e1n. Se refieren Eduardo Bravo, director del Centro de Documentaci\u00f3n Patrimonial y Diana Caro, bibliotec\u00f3loga y archivista del mismo Centro.\u00a0<\/a><\/p><p class=\"x_MsoNormal\" aria-hidden=\"true\">\u00a0<\/p><p class=\"x_MsoNormal\"><strong>ELAMAULE.CL\u00a0<\/strong><\/p><p class=\"x_MsoNormal\"><a href=\"https:\/\/www.elamaule.cl\/noticia\/cultura\/un-tesoro-literario-para-chile-escolares-encuentran-obras-ocultas-de-destacada-poeti\">Un tesoro literario para Chile: Escolares encuentran obras ocultas de destacada poetisa Stella Corval\u00e1n. Se refieren Eduardo Bravo, director del Centro de Documentaci\u00f3n Patrimonial y Diana Caro, bibliotec\u00f3loga y archivista del mismo Centro.\u00a0<\/a><\/p><p class=\"x_MsoNormal\" aria-hidden=\"true\">\u00a0<\/p><p class=\"x_MsoNormal\"><strong>ELMAULEINFORMA.CL\u00a0<\/strong><\/p><p class=\"x_MsoNormal\"><a href=\"https:\/\/elmauleinforma.cl\/laboratorio-audiovisual-fortalecera-formacion-de-estudiantes-de-la-utalca\/\">Laboratorio audiovisual fortalecer\u00e1 formaci\u00f3n de estudiantes de la UTalca. Se refiere Andr\u00e9s Maraga\u00f1o, decano de la Facultad de Arquitectura, M\u00fasica y Dise\u00f1o.\u00a0<\/a><\/p><p class=\"x_MsoNormal\">\u00a0<\/p><p class=\"x_MsoNormal\"><strong>ELCENTRO.CL\u00a0<\/strong><\/p><p class=\"x_MsoNormal\"><a href=\"https:\/\/elcentro.cl\/2022\/09\/26\/utalca-organizo-seminario-internacional-de-electronica-de-potencia\/\">UTalca organiz\u00f3 Seminario Internacional de Electr\u00f3nica de Potencia. Se refieren Javier Mu\u00f1oz, decano de Ingenier\u00eda y Marco Rivera, acad\u00e9mico de la Facultad de Ingenier\u00eda. \u00a0<\/a><\/p><p class=\"x_MsoNormal\">\u00a0<\/p><p class=\"x_MsoNormal\"><strong>RADIO INICIA\u00a0<\/strong><\/p><p class=\"x_MsoNormal\"><a href=\"https:\/\/www.litoralpress.cl\/sitio\/RadioTV_Detalles.cshtml?LPKey=XMH36QSSC33E52LLM6OZOUJF5TID4YCL3TLST7GI2NAN3T3LQAHXLX6GVDUKT5BJDCPN5AY47EIIS\">Entrevista a Rodrigo Bustamante, jefe de Seguridad Digital.\u00a0<\/a><\/p><p class=\"x_MsoNormal\">\u00a0<\/p><p class=\"x_MsoNormal\"><strong>RADIO INFINITA\u00a0<\/strong><\/p><p class=\"x_MsoNormal\"><a href=\"https:\/\/www.litoralpress.cl\/sitio\/RadioTV_Detalles.cshtml?LPKey=FYVL3SQ7TVMCDP7IPEDPAGKLWZ7YCVACI67LPFFLRMWFOID653MCA2Y3QLRSGCMVGYOSENKLEHUFU\">Comentario de Mauricio Morales, director del Centro de An\u00e1lisis Pol\u00edtico (CAP).\u00a0<\/a><\/p><p class=\"x_MsoNormal\">\u00a0<\/p><p class=\"x_MsoNormal\"><strong>ELAMAULE.CL\u00a0<\/strong><\/p><p class=\"x_MsoNormal\"><a href=\"https:\/\/www.elamaule.cl\/noticia\/politica\/fabian-belmar-analista-politico-es-imposible-decir-que-la-agenda-social-no-quedo-de\">Fabi\u00e1n Belmar, analista pol\u00edtico: \u201cEs imposible decir que la agenda social no qued\u00f3 de lado por la agenda identitaria\u201d. Se refiere el coordinador del Centro de An\u00e1lisis Pol\u00edtico.\u00a0<\/a><\/p><p class=\"x_MsoNormal\">\u00a0<\/p><p class=\"x_MsoNormal\"><strong>ELOBSERVATODO.CL\u00a0<\/strong><\/p><p class=\"x_MsoNormal\"><a href=\"https:\/\/www.elobservatodo.cl\/noticia\/politica\/fabian-belmar-analista-politico-es-imposible-decir-que-la-agenda-social-no-quedo-de\">Fabi\u00e1n Belmar, analista pol\u00edtico: \u201cEs imposible decir que la agenda social no qued\u00f3 de lado por la agenda identitaria\u201d. Se refiere el coordinador del Centro de An\u00e1lisis Pol\u00edtico. \u00a0<\/a><\/p><p class=\"x_MsoNormal\">\u00a0<\/p>\t\t\t\t\t\t<\/div>\n\t\t\t\t<\/div>\n\t\t\t\t\t<\/div>\n\t\t<\/div>\n\t\t\t\t\t\t\t<\/div>\n\t\t<\/section>\n\t\t\t\t\t\t<\/div>\n\t\t\t\t\t<\/div>\n\t\t","protected":false},"excerpt":{"rendered":"<p>LAS \u00daLTIMAS NOTICIAS\u00a0 Panorama total: la gratuidad y acreditaci\u00f3n de las 55 universidades chilenas. Se menciona a la UTalca con 6 a\u00f1os de acreditaci\u00f3n.\u00a0 \u00a0 EL MERCURIO\u00a0 Pertenec\u00edan a Stella Corval\u00e1n: Alumnos de b\u00e1sica encuentran textos in\u00e9ditos de escritora nacional enterrados en el patio del colegio. Se refiere Eduardo Bravo, director del Centro de Documentaci\u00f3n &hellip;<\/p>\n<p class=\"read-more\"> <a class=\"\" href=\"https:\/\/www.reportedeprensa.utalca.cl\/?p=4975\"> <span class=\"screen-reader-text\">27 de septiembre de 2022<\/span> Read More &raquo;<\/a><\/p>\n","protected":false},"author":1,"featured_media":0,"comment_status":"closed","ping_status":"open","sticky":false,"template":"","format":"standard","meta":{"_monsterinsights_skip_tracking":false,"_monsterinsights_sitenote_active":false,"_monsterinsights_sitenote_note":"","_monsterinsights_sitenote_category":0},"categories":[25],"tags":[],"_links":{"self":[{"href":"https:\/\/www.reportedeprensa.utalca.cl\/index.php?rest_route=\/wp\/v2\/posts\/4975"}],"collection":[{"href":"https:\/\/www.reportedeprensa.utalca.cl\/index.php?rest_route=\/wp\/v2\/posts"}],"about":[{"href":"https:\/\/www.reportedeprensa.utalca.cl\/index.php?rest_route=\/wp\/v2\/types\/post"}],"author":[{"embeddable":true,"href":"https:\/\/www.reportedeprensa.utalca.cl\/index.php?rest_route=\/wp\/v2\/users\/1"}],"replies":[{"embeddable":true,"href":"https:\/\/www.reportedeprensa.utalca.cl\/index.php?rest_route=%2Fwp%2Fv2%2Fcomments&post=4975"}],"version-history":[{"count":4,"href":"https:\/\/www.reportedeprensa.utalca.cl\/index.php?rest_route=\/wp\/v2\/posts\/4975\/revisions"}],"predecessor-version":[{"id":4979,"href":"https:\/\/www.reportedeprensa.utalca.cl\/index.php?rest_route=\/wp\/v2\/posts\/4975\/revisions\/4979"}],"wp:attachment":[{"href":"https:\/\/www.reportedeprensa.utalca.cl\/index.php?rest_route=%2Fwp%2Fv2%2Fmedia&parent=4975"}],"wp:term":[{"taxonomy":"category","embeddable":true,"href":"https:\/\/www.reportedeprensa.utalca.cl\/index.php?rest_route=%2Fwp%2Fv2%2Fcategories&post=4975"},{"taxonomy":"post_tag","embeddable":true,"href":"https:\/\/www.reportedeprensa.utalca.cl\/index.php?rest_route=%2Fwp%2Fv2%2Ftags&post=4975"}],"curies":[{"name":"wp","href":"https:\/\/api.w.org\/{rel}","templated":true}]}}