{"id":4987,"date":"2022-09-28T09:25:55","date_gmt":"2022-09-28T12:25:55","guid":{"rendered":"https:\/\/www.reportedeprensa.utalca.cl\/?p=4987"},"modified":"2022-09-28T09:29:14","modified_gmt":"2022-09-28T12:29:14","slug":"28-de-septiembre-de-2022","status":"publish","type":"post","link":"https:\/\/www.reportedeprensa.utalca.cl\/?p=4987","title":{"rendered":"28 de septiembre de 2022"},"content":{"rendered":"\t\t<div data-elementor-type=\"wp-post\" data-elementor-id=\"4987\" class=\"elementor elementor-4987\" data-elementor-settings=\"[]\">\n\t\t\t\t\t\t\t<div class=\"elementor-section-wrap\">\n\t\t\t\t\t\t\t<section class=\"elementor-section elementor-top-section elementor-element elementor-element-44052ab7 elementor-section-boxed elementor-section-height-default elementor-section-height-default\" data-id=\"44052ab7\" data-element_type=\"section\">\n\t\t\t\t\t\t<div class=\"elementor-container elementor-column-gap-default\">\n\t\t\t\t\t<div class=\"elementor-column elementor-col-100 elementor-top-column elementor-element elementor-element-5b002d83\" data-id=\"5b002d83\" data-element_type=\"column\">\n\t\t\t<div class=\"elementor-widget-wrap elementor-element-populated\">\n\t\t\t\t\t\t\t\t<div class=\"elementor-element elementor-element-477998b8 elementor-widget elementor-widget-text-editor\" data-id=\"477998b8\" data-element_type=\"widget\" data-widget_type=\"text-editor.default\">\n\t\t\t\t<div class=\"elementor-widget-container\">\n\t\t\t\t\t\t\t\t<p class=\"x_MsoNormal\"><strong><span lang=\"ES\">RADIO COOPERATIVA\u00a0<\/span><\/strong><\/p><p class=\"x_MsoNormal\"><a href=\"https:\/\/www.litoralpress.cl\/sitio\/RadioTV_Detalles.cshtml?LPKey=WP4ZZJMTW2L3CJ54YHH6FV6K6GL573UTTJBX5GID53ROFC6HN7KMRRV52BBNIT2QKDMHE6C7LFJDS\"><span lang=\"ES\">Maule: Expertos de la U. de Talca est\u00e1n restaurando material in\u00e9dito de la poetisa Stella Corval\u00e1n. Se refiere Eduardo Bravo, director del Centro de Documentaci\u00f3n Patrimonial (CDP).\u00a0<\/span><\/a><\/p><p class=\"x_MsoNormal\"><span lang=\"ES\">\u00a0<\/span><\/p><p class=\"x_MsoNormal\"><strong><span lang=\"ES\">DUNA.CL\u00a0<\/span><\/strong><\/p><p class=\"x_MsoNormal\"><a href=\"https:\/\/www.duna.cl\/noticias\/2022\/09\/27\/enterrados-en-el-patio-de-un-colegio-estudiantes-encuentran-manuscritos-y-cartas-de-la-escritora-stella-corvalan\/\"><span lang=\"ES\">Enterrados en el patio de un colegio: Estudiantes encuentran manuscritos y cartas de la escritora Stella Corval\u00e1n. Se refieren Eduardo Bravo, director del Centro de Documentaci\u00f3n Patrimonial y Diana Caro, bibliotec\u00f3loga y archivista del mismo Centro.\u00a0<\/span><\/a><\/p><p class=\"x_MsoNormal\"><span lang=\"ES\">\u00a0<\/span><\/p><p class=\"x_MsoNormal\"><strong><span lang=\"ES\">DIARIOTALCA.CL\u00a0<\/span><\/strong><\/p><p class=\"x_MsoNormal\"><a href=\"https:\/\/diariotalca.cl\/escolares-encuentran-enterradas-obras-ocultas-de-la-escritora-stella-corvalan\/\"><span lang=\"ES\">Escolares encuentran enterradas obras ocultas de la escritora Stella Corval\u00e1n. Se refieren Eduardo Bravo, director del Centro de Documentaci\u00f3n Patrimonial y Diana Caro, bibliotec\u00f3loga y archivista del mismo Centro.\u00a0<\/span><\/a><\/p><p class=\"x_MsoNormal\"><span lang=\"ES\">\u00a0<\/span><\/p><p class=\"x_MsoNormal\"><strong><span lang=\"ES\">ATENTOS.CL\u00a0<\/span><\/strong><\/p><p class=\"x_MsoNormal\"><a href=\"https:\/\/www.atentos.cl\/escolares-encontraron-enterradas-obras-ocultas-de-la-escritora-stella-corvalan\/\"><span lang=\"ES\">Escolares encontraron enterradas obras ocultas de la escritora Stella Corval\u00e1n. Se refieren Eduardo Bravo, director del Centro de Documentaci\u00f3n Patrimonial y Diana Caro, bibliotec\u00f3loga y archivista del mismo Centro.\u00a0<\/span><\/a><\/p><p class=\"x_MsoNormal\"><span lang=\"ES\">\u00a0<\/span><\/p><p class=\"x_MsoNormal\"><strong><span lang=\"ES\">G5NOTICIAS.CL\u00a0<\/span><\/strong><\/p><p class=\"x_MsoNormal\"><a href=\"https:\/\/g5noticias.cl\/2022\/09\/27\/escolares-encuentran-enterradas-obras-ocultas-de-la-escritora-stella-corvalan\/\"><span lang=\"ES\">Escolares encontraron enterradas obras ocultas de la escritora Stella Corval\u00e1n. Se refieren Eduardo Bravo, director del Centro de Documentaci\u00f3n Patrimonial y Diana Caro, bibliotec\u00f3loga y archivista del mismo Centro.\u00a0<\/span><\/a><\/p><p class=\"x_MsoNormal\"><span lang=\"ES\">\u00a0<\/span><\/p><p class=\"x_MsoNormal\"><strong><span lang=\"ES\">LAS \u00daLTIMAS NOTICIAS\u00a0<\/span><\/strong><\/p><p class=\"x_MsoNormal\"><a href=\"https:\/\/www.litoralpress.cl\/paginaconsultas\/Servicios_NClipSitio\/Get_Imagen_Nota.aspx?LPKey=OTI3HXGNPJBIU5SZVKP2ZI36KRKEFNKBHRBRERFVC36HFVE5OTWK4XYC2ZAIKDO7EFCMTYMNAAGKE\"><span lang=\"ES\">Estudio del INE: el 32% de la poblaci\u00f3n chilena en el 2050 ser\u00e1 adulto mayor. Se refiere Iv\u00e1n Palomo, acad\u00e9mico de la Facultad de Ciencias de la Salud. \u00a0<\/span><\/a><\/p><p class=\"x_MsoNormal\"><span lang=\"ES\">\u00a0<\/span><\/p><p class=\"x_MsoNormal\"><strong><span lang=\"ES\">CANAL CONTIVISI\u00d3N\u00a0<\/span><\/strong><\/p><p class=\"x_MsoNormal\"><a href=\"https:\/\/www.litoralpress.cl\/sitio\/RadioTV_Detalles.cshtml?LPKey=EXPS4ATY7PVAUMDJLEUG2S5JLQ7KKDEGZFUPGYBAP624M4PQH3SSGSA7KDL6PA3L52L4GQC2M6HTK\"><span lang=\"ES\">Estudio de la U de Talca detect\u00f3 problemas en la calidad de vida de adultos mayores. Se refiere Germ\u00e1n Lobos, acad\u00e9mico de la Facultad de Econom\u00eda y Negocios (FEN).\u00a0<\/span><\/a><\/p><p class=\"x_MsoNormal\"><span lang=\"ES\">\u00a0<\/span><\/p><p class=\"x_MsoNormal\"><strong><span lang=\"ES\">ADPRENSA.CL\u00a0<\/span><\/strong><\/p><p class=\"x_MsoNormal\"><a href=\"https:\/\/www.adprensa.cl\/cronica\/estudio-detecta-severos-problemas-en-la-calidad-de-vida-de-los-adultos-mayores\/\"><span lang=\"ES\">Estudio detecta severos problemas en la calidad de vida de los adultos mayores. Se refiere Germ\u00e1n Lobos, acad\u00e9mico de la Facultad de Econom\u00eda y Negocios (FEN).\u00a0<\/span><\/a><\/p><p class=\"x_MsoNormal\"><span lang=\"ES\">\u00a0<\/span><\/p><p class=\"x_MsoNormal\"><strong><span lang=\"ES\">MEDIABANCO.COM\u00a0<\/span><\/strong><\/p><p class=\"x_MsoNormal\"><a href=\"https:\/\/www.mediabanco.com\/estudio-detecta-severos-problemas-en-la-calidad-de-vida-de-los-adultos-mayores\/\"><span lang=\"ES\">Estudio detecta severos problemas en la calidad de vida de los adultos mayores. Se refiere Germ\u00e1n Lobos, acad\u00e9mico de la Facultad de Econom\u00eda y Negocios (FEN).\u00a0<\/span><\/a><\/p><p class=\"x_MsoNormal\"><span lang=\"ES\">\u00a0<\/span><\/p><p class=\"x_MsoNormal\"><strong><span lang=\"ES\">ELDIARIODESANTIAGO.CL\u00a0<\/span><\/strong><\/p><p class=\"x_MsoNormal\"><a href=\"https:\/\/eldiariosantiago.cl\/2022\/09\/27\/estudio-detecta-severos-problemas-en-la-calidad-de-vida-de-los-adultos-mayores\/\"><span lang=\"ES\">Estudio detecta severos problemas en la calidad de vida de los adultos mayores. Se refiere Germ\u00e1n Lobos, acad\u00e9mico de la Facultad de Econom\u00eda y Negocios (FEN).\u00a0<\/span><\/a><\/p><p class=\"x_MsoNormal\"><span lang=\"ES\">\u00a0<\/span><\/p><p class=\"x_MsoNormal\"><strong><span lang=\"ES\">ELMAULEINFORMA.CL\u00a0<\/span><\/strong><\/p><p class=\"x_MsoNormal\"><a href=\"https:\/\/elmauleinforma.cl\/estudio-detecta-severos-problemas-en-la-calidad-de-vida-de-los-adultos-mayores\/\"><span lang=\"ES\">Estudio detecta severos problemas en la calidad de vida de los adultos mayores. Se refiere Germ\u00e1n Lobos, acad\u00e9mico de la Facultad de Econom\u00eda y Negocios (FEN).\u00a0<\/span><\/a><\/p><p class=\"x_MsoNormal\"><span lang=\"ES\">\u00a0<\/span><\/p><p class=\"x_MsoNormal\"><strong><span lang=\"ES\">NORTEVISION.CL\u00a0<\/span><\/strong><\/p><p class=\"x_MsoNormal\"><a href=\"https:\/\/nortevision.cl\/2022\/09\/27\/estudio-detecta-severos-problemas-en-la-calidad-de-vida-de-los-adultos-mayores\/\"><span lang=\"ES\">Estudio detecta severos problemas en la calidad de vida de los adultos mayores. Se refiere Germ\u00e1n Lobos, acad\u00e9mico de la Facultad de Econom\u00eda y Negocios (FEN).\u00a0<\/span><\/a><\/p><p class=\"x_MsoNormal\"><span class=\"x_MsoHyperlink\"><span lang=\"ES\">\u00a0<\/span><\/span><\/p><p class=\"x_MsoNormal\"><strong><span class=\"x_MsoHyperlink\"><span lang=\"ES\">ELMOSTRADOR. CL<\/span><span lang=\"ES\">\u00a0<\/span><\/span><\/strong><\/p><p class=\"x_MsoNormal\"><a href=\"https:\/\/www.elmostrador.cl\/destacado\/2022\/09\/28\/nuevo-capitulo-de-economia-de-a-pie-precios-mas-altos-y-sueldos-mas-bajos-se-aleja-el-sueno-de-la-casa-propia-en-chile\/\"><span class=\"x_MsoHyperlink\"><span lang=\"ES\">Nuevo cap\u00edtulo de \u201cEconom\u00eda de a Pie\u201d: precios m\u00e1s altos y sueldos m\u00e1s bajos, se aleja el sue\u00f1o de la casa propia en Chile. Se refiere Andrea Bentancor, acad\u00e9mica de la Facultad de Econom\u00eda y Negocios (FEN).<\/span><span lang=\"ES\">\u00a0<\/span><\/span><\/a><\/p><p class=\"x_MsoNormal\"><span lang=\"ES\">\u00a0<\/span><\/p><p class=\"x_MsoNormal\"><strong><span lang=\"ES\">EL LECTOR\u00a0<\/span><\/strong><\/p><p class=\"x_MsoNormal\"><a href=\"https:\/\/www.litoralpress.cl\/sitio\/Prensa_PaginaCompleta.cshtml?LPKey=MFSJDOJRINLEEPYGFMBGEWAZK7TPU6SCLEIKEY5KOWJZULIPAJ6Q\"><span lang=\"ES\">Laboratorio audiovisual fortalecer\u00e1 formaci\u00f3n de estudiantes de la UTalca. Se refiere Andr\u00e9s Maraga\u00f1o, decano de la Facultad de Arquitectura, M\u00fasica y Dise\u00f1o.\u00a0<\/span><\/a><\/p><p class=\"x_MsoNormal\"><span lang=\"ES\">\u00a0<\/span><\/p><p class=\"x_MsoNormal\"><strong><span lang=\"ES\">EL LONGUINO\u00a0<\/span><\/strong><\/p><p class=\"x_MsoNormal\"><a href=\"https:\/\/www.litoralpress.cl\/sitio\/Prensa_PaginaCompleta.cshtml?LPKey=MWRUV7RGFG3ZVJDEKQLCT2EC5MJY6MXAV6ZKW4RJXMT5QBGNAALQ\"><span lang=\"ES\">Explican campa\u00f1a de vacunaci\u00f3n contra la viruela del mono. Se refiere Sergio Wehinger, acad\u00e9mico de la Facultad de Ciencias de la Salud.\u00a0<\/span><\/a><\/p><p class=\"x_MsoNormal\"><span lang=\"ES\">\u00a0<\/span><\/p><p class=\"x_MsoNormal\"><strong><span lang=\"ES\">CANAL ANTOFAGASTA TELEVISI\u00d3N\u00a0<\/span><\/strong><\/p><p class=\"x_MsoNormal\"><a href=\"https:\/\/www.litoralpress.cl\/sitio\/RadioTV_Detalles.cshtml?LPKey=OVR5NCUMAVH3PQPPIP2LTQY7BGVS2SZXIRTKG37PDW7H2BSVEDKACLMIR57RK7LXDXGPMEXORVQ2O\"><span lang=\"ES\">Especialistas recomendaron a familias contar con plan de emergencia en caso de sismos. Se refiere Nadia Ramos. directora del Centro de Psicolog\u00eda Aplicada (CEPA).\u00a0<\/span><\/a><\/p><p class=\"x_MsoNormal\"><span lang=\"ES\">\u00a0<\/span><\/p><p class=\"x_MsoNormal\"><strong><span lang=\"ES\">RADIO AMIGA\u00a0<\/span><\/strong><\/p><p class=\"x_MsoNormal\"><a href=\"https:\/\/www.litoralpress.cl\/sitio\/RadioTV_Detalles.cshtml?LPKey=I3KNFK5T5PSCO7DQ25WIKAAPUR2E7AIPZ2BZENARERDICRU3U3UWE6ZCWHKDLPHVKMKKHFP4AURE6\"><span lang=\"ES\">Los sismos podr\u00edan generar cuadros de estr\u00e9s postraum\u00e1ticos. Se refiere Nadia Ramos. directora del Centro de Psicolog\u00eda Aplicada (CEPA).\u00a0<\/span><\/a><\/p><p class=\"x_MsoNormal\"><span lang=\"ES\">\u00a0<\/span><\/p><p class=\"x_MsoNormal\"><strong><span lang=\"ES\">RADIO AMIGA\u00a0<\/span><\/strong><\/p><p class=\"x_MsoNormal\"><a href=\"https:\/\/www.litoralpress.cl\/sitio\/RadioTV_Detalles.cshtml?LPKey=34HBBGCRPLNHA6HOE32IFUET4B7AWTPQEOSK3CH3ZCM4GNNIJHVHQI7ZALLRQUOEVLAMGSGE5X342\"><span lang=\"ES\">Aplicaci\u00f3n &#8220;Cuid\u00e1ndome&#8221; para el cuidado de la salud mental.\u00a0<\/span><\/a><\/p><p class=\"x_MsoNormal\"><span lang=\"ES\">\u00a0<\/span><\/p><p class=\"x_MsoNormal\"><strong><span lang=\"ES\">CANAL CONTIVISI\u00d3N\u00a0<\/span><\/strong><\/p><p class=\"x_MsoNormal\"><a href=\"https:\/\/www.litoralpress.cl\/sitio\/RadioTV_Detalles.cshtml?LPKey=ZFMVT5WSTHJS6ONAC5XVRVIT2N2TUHRORDJICZSCJIMZD4WF76UG3LYPVMRJ5XNZVJ6FLFW5GK7Q4\"><span lang=\"ES\">Este a\u00f1o el Cuerpo de Bomberos de Talca cumple 152 a\u00f1os desde su fundaci\u00f3n. Se menciona al Centro de Documentaci\u00f3n Patrimonial (CDP).\u00a0<\/span><\/a><\/p><p class=\"x_MsoNormal\"><span lang=\"ES\">\u00a0<\/span><\/p><p class=\"x_MsoNormal\"><strong><span lang=\"ES\">RADIO INFINITA\u00a0<\/span><\/strong><\/p><p class=\"x_MsoNormal\"><a href=\"https:\/\/www.litoralpress.cl\/sitio\/RadioTV_Detalles.cshtml?LPKey=SQIBV5XEAPBBFKVRN4LEJXNFH2CAHB7ISTZWZWXUFFHXAC5O5QJJVWC4ERBQWVRS7LLSJVZPNXVZ6\"><span lang=\"ES\">Comentario de Mauricio Morales, director del Centro de An\u00e1lisis Pol\u00edtico (CAP).\u00a0<\/span><\/a><\/p><p class=\"x_MsoNormal\">\u00a0<\/p>\t\t\t\t\t\t<\/div>\n\t\t\t\t<\/div>\n\t\t\t\t\t<\/div>\n\t\t<\/div>\n\t\t\t\t\t\t\t<\/div>\n\t\t<\/section>\n\t\t\t\t\t\t<\/div>\n\t\t\t\t\t<\/div>\n\t\t","protected":false},"excerpt":{"rendered":"<p>RADIO COOPERATIVA\u00a0 Maule: Expertos de la U. de Talca est\u00e1n restaurando material in\u00e9dito de la poetisa Stella Corval\u00e1n. Se refiere Eduardo Bravo, director del Centro de Documentaci\u00f3n Patrimonial (CDP).\u00a0 \u00a0 DUNA.CL\u00a0 Enterrados en el patio de un colegio: Estudiantes encuentran manuscritos y cartas de la escritora Stella Corval\u00e1n. Se refieren Eduardo Bravo, director del Centro &hellip;<\/p>\n<p class=\"read-more\"> <a class=\"\" href=\"https:\/\/www.reportedeprensa.utalca.cl\/?p=4987\"> <span class=\"screen-reader-text\">28 de septiembre de 2022<\/span> Read More &raquo;<\/a><\/p>\n","protected":false},"author":1,"featured_media":0,"comment_status":"closed","ping_status":"open","sticky":false,"template":"","format":"standard","meta":{"_monsterinsights_skip_tracking":false,"_monsterinsights_sitenote_active":false,"_monsterinsights_sitenote_note":"","_monsterinsights_sitenote_category":0},"categories":[25],"tags":[],"_links":{"self":[{"href":"https:\/\/www.reportedeprensa.utalca.cl\/index.php?rest_route=\/wp\/v2\/posts\/4987"}],"collection":[{"href":"https:\/\/www.reportedeprensa.utalca.cl\/index.php?rest_route=\/wp\/v2\/posts"}],"about":[{"href":"https:\/\/www.reportedeprensa.utalca.cl\/index.php?rest_route=\/wp\/v2\/types\/post"}],"author":[{"embeddable":true,"href":"https:\/\/www.reportedeprensa.utalca.cl\/index.php?rest_route=\/wp\/v2\/users\/1"}],"replies":[{"embeddable":true,"href":"https:\/\/www.reportedeprensa.utalca.cl\/index.php?rest_route=%2Fwp%2Fv2%2Fcomments&post=4987"}],"version-history":[{"count":4,"href":"https:\/\/www.reportedeprensa.utalca.cl\/index.php?rest_route=\/wp\/v2\/posts\/4987\/revisions"}],"predecessor-version":[{"id":4994,"href":"https:\/\/www.reportedeprensa.utalca.cl\/index.php?rest_route=\/wp\/v2\/posts\/4987\/revisions\/4994"}],"wp:attachment":[{"href":"https:\/\/www.reportedeprensa.utalca.cl\/index.php?rest_route=%2Fwp%2Fv2%2Fmedia&parent=4987"}],"wp:term":[{"taxonomy":"category","embeddable":true,"href":"https:\/\/www.reportedeprensa.utalca.cl\/index.php?rest_route=%2Fwp%2Fv2%2Fcategories&post=4987"},{"taxonomy":"post_tag","embeddable":true,"href":"https:\/\/www.reportedeprensa.utalca.cl\/index.php?rest_route=%2Fwp%2Fv2%2Ftags&post=4987"}],"curies":[{"name":"wp","href":"https:\/\/api.w.org\/{rel}","templated":true}]}}