{"id":5001,"date":"2022-09-29T10:19:53","date_gmt":"2022-09-29T13:19:53","guid":{"rendered":"https:\/\/www.reportedeprensa.utalca.cl\/?p=5001"},"modified":"2022-09-29T10:20:27","modified_gmt":"2022-09-29T13:20:27","slug":"29-de-septiembre-de-2022","status":"publish","type":"post","link":"https:\/\/www.reportedeprensa.utalca.cl\/?p=5001","title":{"rendered":"29 de septiembre de 2022"},"content":{"rendered":"\t\t<div data-elementor-type=\"wp-post\" data-elementor-id=\"5001\" class=\"elementor elementor-5001\" data-elementor-settings=\"[]\">\n\t\t\t\t\t\t\t<div class=\"elementor-section-wrap\">\n\t\t\t\t\t\t\t<section class=\"elementor-section elementor-top-section elementor-element elementor-element-44052ab7 elementor-section-boxed elementor-section-height-default elementor-section-height-default\" data-id=\"44052ab7\" data-element_type=\"section\">\n\t\t\t\t\t\t<div class=\"elementor-container elementor-column-gap-default\">\n\t\t\t\t\t<div class=\"elementor-column elementor-col-100 elementor-top-column elementor-element elementor-element-5b002d83\" data-id=\"5b002d83\" data-element_type=\"column\">\n\t\t\t<div class=\"elementor-widget-wrap elementor-element-populated\">\n\t\t\t\t\t\t\t\t<div class=\"elementor-element elementor-element-477998b8 elementor-widget elementor-widget-text-editor\" data-id=\"477998b8\" data-element_type=\"widget\" data-widget_type=\"text-editor.default\">\n\t\t\t\t<div class=\"elementor-widget-container\">\n\t\t\t\t\t\t\t\t<p><strong>EL MERCURIO<\/strong><\/p><p><a href=\"https:\/\/www.litoralpress.cl\/paginaconsultas\/Servicios_NClipSitio\/Get_Imagen_Nota.aspx?LPKey=KHS22BJUQ23BGJPJ7XDK2WWBXOG2SHT2HI655C7UUPKMKBAMGMIGJQ3GBKSFOAKRW5VG4UFZ24IZK\">Investigaci\u00f3n de avanzada y posgrados en alianza estrat\u00e9gica. Se refieren Johanna Kreither, director de Postgrados y Roberto Jara, director de Investigaci\u00f3n.<\/a><\/p><p>\u00a0<\/p><p><strong>ADPRENSA.CL<\/strong><\/p><p><a href=\"https:\/\/www.adprensa.cl\/cronica\/estudiantes-de-ingenieria-utalca-crearan-materiales-didacticos-para-ninos-con-discapacidad-visual-2\/\">Estudiantes de Ingenier\u00eda UTalca crear\u00e1n materiales did\u00e1cticos para ni\u00f1os con discapacidad visual. Se refiere Claudio Aravena, acad\u00e9mico de la Facultad de Ingenier\u00eda.<\/a><\/p><p>\u00a0<\/p><p><strong>MEDIABANCO.COM<\/strong><\/p><p><a href=\"https:\/\/www.mediabanco.com\/estudiantes-de-ingenieria-utalca-crearan-materiales-didacticos-para-ninos-con-discapacidad-visual\/\">Estudiantes de Ingenier\u00eda UTalca crear\u00e1n materiales did\u00e1cticos para ni\u00f1os con discapacidad visual. Se refiere Claudio Aravena, acad\u00e9mico de la Facultad de Ingenier\u00eda.<\/a><\/p><p>\u00a0<\/p><p><strong>RADIO NUEVO MUNDO<\/strong><\/p><p><a href=\"https:\/\/www.litoralpress.cl\/sitio\/RadioTV_Detalles.cshtml?LPKey=2H2MLD2MZL7N4IDFK7LMSSWUCUX27EARM4D7NBGEDEKJ6UG3WMSTOQ2T27TFR2EUAXM5WJSA2YXVS\">Entrevista a Claudio Aravena, acad\u00e9mico de la Facultad de Ingenier\u00eda. Parte I<\/a><\/p><p>\u00a0<\/p><p><strong>RADIO NUEVO MUNDO<\/strong><\/p><p><a href=\"https:\/\/www.litoralpress.cl\/sitio\/RadioTV_Detalles.cshtml?LPKey=MD5SRVCQXX24SMCQXGPGAR2YQ5U6ARZZEGA7BVRIDT5YYP6MTR6OIW6RYJDTKWL2FXF5E4PZZ2OSK\">Entrevista a Claudio Aravena, acad\u00e9mico de la Facultad de Ingenier\u00eda. Parte II<\/a><\/p><p>\u00a0<\/p><p><strong>RADIO VLN<\/strong><\/p><p><a href=\"https:\/\/www.litoralpress.cl\/sitio\/RadioTV_Detalles.cshtml?LPKey=SN2RURCSL6QDOHXW6U6HRZI55NL66ERV3Q6G33TZPJOPADLDI462M3S6IYZYQEPQMC6SMBQQLP7CM\">Entrevista a Daniel D\u00edaz, director de Ingenier\u00eda Civil Mecatr\u00f3nica.<\/a><\/p><p>\u00a0<\/p><p><strong>CANAL TVR<\/strong><\/p><p><a href=\"https:\/\/www.litoralpress.cl\/sitio\/RadioTV_Detalles.cshtml?LPKey=LEAVFRJAJFPOUG34SLLKC5DAOWBJCL3MTVSTMQZEMODMT37FI4ZREDKFN6Q645JH3IM7K36AIZTEG\">Investigaci\u00f3n de la U. de Talca revel\u00f3 deterioro en calidad de vida de adultos mayores que viven en Eleam. Se refiere Germ\u00e1n Lobos, acad\u00e9mico de la Facultad de Econom\u00eda y Negocios (FEN).<\/a><\/p><p>\u00a0<\/p><p><strong>G5NOTICIAS.CL<\/strong><\/p><p><a href=\"https:\/\/g5noticias.cl\/2022\/09\/28\/estudio-detecta-severos-problemas-en-la-calidad-de-vida-de-los-adultos-mayores\/\">Estudio detecta severos problemas en la calidad de vida de los adultos mayores. Se refiere Germ\u00e1n Lobos, acad\u00e9mico de la Facultad de Econom\u00eda y Negocios (FEN).<\/a><\/p><p>\u00a0<\/p><p><strong>AQUA.CL<\/strong><\/p><p><a href=\"http:\/\/www.aqua.cl\/2022\/09\/28\/investigadores-de-incar-obtienen-premio-policy-impact-award-de-efd\/#\">Investigadores de Incar obtienen premio Policy impact Award de EfD. Se menciona a Carlos Ch\u00e1vez, acad\u00e9mico de la Facultad de Econom\u00eda y Negocios (FEN).<\/a><\/p><p>\u00a0<\/p><p><strong>MUNDOACUICOLA.CL<\/strong><\/p><p><a href=\"https:\/\/www.mundoacuicola.cl\/new\/investigadores-de-linea-sustentabilidad-socioeconomica-del-centro-incar-obtienen-premio-policy-impact-award-de-efd\/\">Investigadores de l\u00ednea \u201cSustentabilidad Socioecon\u00f3mica\u201d del Centro INCAR obtienen premio Policy Impact Award de EfD. Se menciona a Carlos Ch\u00e1vez, acad\u00e9mico de la Facultad de Econom\u00eda y Negocios (FEN).<\/a><\/p><p>\u00a0<\/p><p><strong>RADIO INICIA<\/strong><\/p><p><a href=\"https:\/\/www.litoralpress.cl\/sitio\/RadioTV_Detalles.cshtml?LPKey=CFCFGQ37IDR3QLCMMBR7K3U5AVC56XRYRG4FKHTMTWX4ZM23PSCYA7I732TMAXTECCUKKGNAGMLXE\">Entrevista a Paulo Hidalgo, acad\u00e9mico de la Facultad de Ciencias Jur\u00eddicas y Sociales.<\/a><\/p><p>\u00a0<\/p><p><strong>RADIO INFINITA<\/strong><\/p><p><a href=\"https:\/\/www.litoralpress.cl\/sitio\/RadioTV_Detalles.cshtml?LPKey=TQVUZDPOCLODXJDLVRWJPZPXCFF5JK3TM6X673BJJYFIGN55KO5NNP6Z7LEHU77WUEABFNJJE6MKK\">Comentario de Mauricio Morales, director del Centro de An\u00e1lisis Pol\u00edtico (CAP).<\/a><\/p><p>\u00a0<\/p><p><strong>DIARIOTALCA.CL<\/strong><\/p><p><a href=\"https:\/\/diariotalca.cl\/exalumnos-y-profesor-del-centro-salesianos-competiran-en-worldskills-alemania-2022\/\">Exalumnos y profesor del Centro Salesianos competir\u00e1n en Worldskills Alemania 2022. Se menciona a la UTalca.<\/a><\/p><p>\u00a0<\/p><p><strong>ELMAULEINFORMA.CL<\/strong><\/p><p><a href=\"https:\/\/elmauleinforma.cl\/el-museo-de-bomberos-se-presenta-en-el-mall-plaza-maule\/\">El Museo de Bomberos se presenta en el Mall Plaza Maule. Se menciona al Centro de Documentaci\u00f3n Patrimonial.<\/a><\/p><p>\u00a0<\/p><p><strong>MAULEHOY.CL<\/strong><\/p><p><a href=\"https:\/\/maulehoy.cl\/2022\/09\/28\/el-museo-de-bomberos-de-talca-se-presenta-en-el-mall-plaza-maule\/\">El Museo de Bomberos se presenta en el Mall Plaza Maule. Se menciona al Centro de Documentaci\u00f3n Patrimonial.<\/a><\/p><p>\u00a0<\/p>\t\t\t\t\t\t<\/div>\n\t\t\t\t<\/div>\n\t\t\t\t\t<\/div>\n\t\t<\/div>\n\t\t\t\t\t\t\t<\/div>\n\t\t<\/section>\n\t\t\t\t\t\t<\/div>\n\t\t\t\t\t<\/div>\n\t\t","protected":false},"excerpt":{"rendered":"<p>EL MERCURIO Investigaci\u00f3n de avanzada y posgrados en alianza estrat\u00e9gica. Se refieren Johanna Kreither, director de Postgrados y Roberto Jara, director de Investigaci\u00f3n. \u00a0 ADPRENSA.CL Estudiantes de Ingenier\u00eda UTalca crear\u00e1n materiales did\u00e1cticos para ni\u00f1os con discapacidad visual. Se refiere Claudio Aravena, acad\u00e9mico de la Facultad de Ingenier\u00eda. \u00a0 MEDIABANCO.COM Estudiantes de Ingenier\u00eda UTalca crear\u00e1n materiales &hellip;<\/p>\n<p class=\"read-more\"> <a class=\"\" href=\"https:\/\/www.reportedeprensa.utalca.cl\/?p=5001\"> <span class=\"screen-reader-text\">29 de septiembre de 2022<\/span> Read More &raquo;<\/a><\/p>\n","protected":false},"author":1,"featured_media":0,"comment_status":"closed","ping_status":"open","sticky":false,"template":"","format":"standard","meta":{"_monsterinsights_skip_tracking":false,"_monsterinsights_sitenote_active":false,"_monsterinsights_sitenote_note":"","_monsterinsights_sitenote_category":0},"categories":[25],"tags":[],"_links":{"self":[{"href":"https:\/\/www.reportedeprensa.utalca.cl\/index.php?rest_route=\/wp\/v2\/posts\/5001"}],"collection":[{"href":"https:\/\/www.reportedeprensa.utalca.cl\/index.php?rest_route=\/wp\/v2\/posts"}],"about":[{"href":"https:\/\/www.reportedeprensa.utalca.cl\/index.php?rest_route=\/wp\/v2\/types\/post"}],"author":[{"embeddable":true,"href":"https:\/\/www.reportedeprensa.utalca.cl\/index.php?rest_route=\/wp\/v2\/users\/1"}],"replies":[{"embeddable":true,"href":"https:\/\/www.reportedeprensa.utalca.cl\/index.php?rest_route=%2Fwp%2Fv2%2Fcomments&post=5001"}],"version-history":[{"count":19,"href":"https:\/\/www.reportedeprensa.utalca.cl\/index.php?rest_route=\/wp\/v2\/posts\/5001\/revisions"}],"predecessor-version":[{"id":5068,"href":"https:\/\/www.reportedeprensa.utalca.cl\/index.php?rest_route=\/wp\/v2\/posts\/5001\/revisions\/5068"}],"wp:attachment":[{"href":"https:\/\/www.reportedeprensa.utalca.cl\/index.php?rest_route=%2Fwp%2Fv2%2Fmedia&parent=5001"}],"wp:term":[{"taxonomy":"category","embeddable":true,"href":"https:\/\/www.reportedeprensa.utalca.cl\/index.php?rest_route=%2Fwp%2Fv2%2Fcategories&post=5001"},{"taxonomy":"post_tag","embeddable":true,"href":"https:\/\/www.reportedeprensa.utalca.cl\/index.php?rest_route=%2Fwp%2Fv2%2Ftags&post=5001"}],"curies":[{"name":"wp","href":"https:\/\/api.w.org\/{rel}","templated":true}]}}