{"id":5073,"date":"2022-09-30T09:03:33","date_gmt":"2022-09-30T12:03:33","guid":{"rendered":"https:\/\/www.reportedeprensa.utalca.cl\/?p=5073"},"modified":"2022-09-30T09:32:05","modified_gmt":"2022-09-30T12:32:05","slug":"30-de-septiembre-de-2022","status":"publish","type":"post","link":"https:\/\/www.reportedeprensa.utalca.cl\/?p=5073","title":{"rendered":"30 de septiembre de 2022"},"content":{"rendered":"\t\t<div data-elementor-type=\"wp-post\" data-elementor-id=\"5073\" class=\"elementor elementor-5073\" data-elementor-settings=\"[]\">\n\t\t\t\t\t\t\t<div class=\"elementor-section-wrap\">\n\t\t\t\t\t\t\t<section class=\"elementor-section elementor-top-section elementor-element elementor-element-44052ab7 elementor-section-boxed elementor-section-height-default elementor-section-height-default\" data-id=\"44052ab7\" data-element_type=\"section\">\n\t\t\t\t\t\t<div class=\"elementor-container elementor-column-gap-default\">\n\t\t\t\t\t<div class=\"elementor-column elementor-col-100 elementor-top-column elementor-element elementor-element-5b002d83\" data-id=\"5b002d83\" data-element_type=\"column\">\n\t\t\t<div class=\"elementor-widget-wrap elementor-element-populated\">\n\t\t\t\t\t\t\t\t<div class=\"elementor-element elementor-element-477998b8 elementor-widget elementor-widget-text-editor\" data-id=\"477998b8\" data-element_type=\"widget\" data-widget_type=\"text-editor.default\">\n\t\t\t\t<div class=\"elementor-widget-container\">\n\t\t\t\t\t\t\t\t<p><strong>RADIO ANCOA<\/strong><\/p><p><a href=\"https:\/\/www.litoralpress.cl\/sitio\/RadioTV_Detalles.cshtml?LPKey=LGAXXALWY2GTOQMMW55PALDBDPPJVBJGCLLNPVGN72J7AWB7OR75KTNZ5MM36Q7GYA74IKRPYTLYQ\">Entrevista a Ricardo Valderrama, director de Pedagog\u00eda en Educaci\u00f3n Media en Ingl\u00e9s.<\/a><\/p><p>\u00a0<\/p><p><strong>RADIO COOPERATIVA<\/strong><\/p><p><a href=\"https:\/\/www.litoralpress.cl\/sitio\/RadioTV_Detalles.cshtml?LPKey=5FWMD65VQC3VZR7M3U6D5CLDEAW3JF2R7QT2NYX6TTLBQOZBSZGKE2TJTT2HNHBOTV4G3HQFKSVVE\">Talca. Episodios cr\u00edticos de descontaminaci\u00f3n son evaluados. Se refiere Felipe Varas, acad\u00e9mico de la Facultad de Ingenier\u00eda.<\/a><\/p><p>\u00a0<\/p><p><strong>COOPERATIVA.CL<\/strong><\/p><p><a href=\"https:\/\/www.cooperativa.cl\/noticias\/pais\/region-del-maule\/episodios-criticos-de-contaminacion-bajaron-a-la-mitad-este-ano-en-talca\/2022-09-29\/142139.html\">Episodios cr\u00edticos de contaminaci\u00f3n bajaron a la mitad este a\u00f1o en Talca y Maule. Se refiere Felipe Varas, acad\u00e9mico de la Facultad de Ingenier\u00eda.<\/a><\/p><p>\u00a0<\/p><p><strong>ELMOSTRADOR.CL<\/strong><\/p><p><a href=\"https:\/\/www.elmostrador.cl\/revista-jengibre\/2022\/09\/30\/la-electromovilidad-como-desafio-para-un-transporte-mas-sostenible\/\">La electromovilidad como desaf\u00edo para un transporte m\u00e1s sostenible. Se refiere Carlos Restrepo, director del Mag\u00edster en Ciencias de la Ingenier\u00eda con menci\u00f3n en Conversi\u00f3n de Energ\u00eda.<\/a><\/p><p>\u00a0<\/p><p><strong>CANAL TVN RED MAULE<\/strong><\/p><p><a href=\"https:\/\/www.litoralpress.cl\/sitio\/RadioTV_Detalles.cshtml?LPKey=BMV4EW5XYX5OEXUGYN5U4CR2347AXQQINZP5I3JBYGNIQPD2FDZIM5HH44VIRUU4QC2PW6E7QRFC4\">Encuentran escritos in\u00e9ditos de Stella Corval\u00e1n. Se refieren Eduardo Bravo, director del Centro de Documentaci\u00f3n Patrimonial (CDP) y Katina Vivanco, restauradora del CDP.<\/a><\/p><p>\u00a0<\/p><p><strong>ADPRENSA.CL<\/strong><\/p><p><a href=\"https:\/\/www.adprensa.cl\/cronica\/utalca-dictara-talleres-gratuitos-para-el-cuidado-y-estimulacion-de-ninas-y-ninos\/\">UTalca dictar\u00e1 talleres gratuitos para el cuidado y estimulaci\u00f3n de ni\u00f1as y ni\u00f1os. Se refieren Karin Saavedra, directora general de Vinculaci\u00f3n con el Medio; Andrea Cerda, directora de la Escuela de Psicolog\u00eda; Minerva Astudillo, directora de la Escuela de Enfermer\u00eda; y Pablo L\u00f3pez, director de la Escuela de Terapia Ocupacional.<\/a><\/p><p>\u00a0<\/p><p><strong>MEDIABANCO.COM<\/strong><\/p><p><a href=\"https:\/\/www.mediabanco.com\/utalca-dictara-talleres-gratuitos-para-el-cuidado-y-estimulacion-de-ninas-y-ninos\/\">UTalca dictar\u00e1 talleres gratuitos para el cuidado y estimulaci\u00f3n de ni\u00f1as y ni\u00f1os. Se refieren Karin Saavedra, directora general de Vinculaci\u00f3n con el Medio; Andrea Cerda, directora de la Escuela de Psicolog\u00eda; Minerva Astudillo, directora de la Escuela de Enfermer\u00eda; y Pablo L\u00f3pez, director de la Escuela de Terapia Ocupacional.<\/a><\/p><p>\u00a0<\/p><p><strong>CANAL TVN RED MAULE<\/strong><\/p><p><a href=\"https:\/\/www.litoralpress.cl\/sitio\/RadioTV_Detalles.cshtml?LPKey=GDZ6PIFAMMNCSQPUTMHTLLJBCNQQV2AUALOLP6TXD2EM5WYNNG3V7YJ3PSROKFX5VEF6VZWEELWBS\">Preocupa aumento de agresiones a funcionarios de salud. Se refiere Nadia Ramos, directora del Centro de Psicolog\u00eda Aplicada (CEPA).<\/a><\/p><p>\u00a0<\/p><p><strong>ELAMAULE.CL<\/strong><\/p><p><a href=\"https:\/\/www.elamaule.cl\/noticia\/educacion-publica\/academicos-y-directivos-de-escuelas-municipales-debatieron-sobre-nueva-ley\">Acad\u00e9micos y directivos de escuelas municipales debatieron sobre nueva ley educativa. Se refiere Karen Gajardo, profesora de la Facultad de Ciencias de la Educaci\u00f3n.<\/a><\/p><p>\u00a0<\/p><p><strong>ELRANCAHUASO.CL<\/strong><\/p><p><a href=\"https:\/\/www.elrancahuaso.cl\/noticia\/educacion-publica\/academicos-y-directivos-de-escuelas-municipales-debatieron-sobre-nueva-ley\">Acad\u00e9micos y directivos de escuelas municipales debatieron sobre nueva ley educativa. Se refiere Karen Gajardo, profesora de la Facultad de Ciencias de la Educaci\u00f3n.<\/a><\/p><p>\u00a0<\/p><p><strong>ELMORROCOTUDO.CL<\/strong><\/p><p><a href=\"https:\/\/www.elmorrocotudo.cl\/noticia\/educacion\/academicos-y-directivos-de-escuelas-municipales-debatieron-sobre-nueva-ley-educati\">Acad\u00e9micos y directivos de escuelas municipales debatieron sobre nueva ley educativa. Se refiere Karen Gajardo, profesora de la Facultad de Ciencias de la Educaci\u00f3n.<\/a><\/p><p>\u00a0<\/p><p><strong>EMOL.COM<\/strong><\/p><p><a href=\"https:\/\/www.emol.com\/noticias\/Economia\/2022\/09\/29\/1074195\/expertos-avance-tpp11-side-letters.html\">\u00bfGobierno est\u00e1 &#8220;entorpeciendo&#8221; el TPP11?: El debate que se abri\u00f3 por condicionarlo a las &#8220;cartas laterales&#8221;. Se refiere Rodrigo Saens, acad\u00e9mico de la Facultad de Econom\u00eda y Negocios (FEN).<\/a><\/p><p>\u00a0<\/p><p><strong>RADIO BIO B\u00cdO DE VALPARA\u00cdSO<\/strong><\/p><p><a href=\"https:\/\/www.litoralpress.cl\/sitio\/RadioTV_Detalles.cshtml?LPKey=QQC64NQCHTJQXQJL5JSWHD43Z5KOMYE4VJH2MCTN66VQSQQDEMFQFUSNKQKVJVX27WZ5NAEL2R56I\">Entrevista a Arcadio Cerda, acad\u00e9mico de la Facultad de Econom\u00eda y Negocios (FEN).<\/a><\/p><p>\u00a0<\/p><p><strong>RADIO INFINITA<\/strong><\/p><p><a href=\"https:\/\/www.litoralpress.cl\/sitio\/RadioTV_Detalles.cshtml?LPKey=IZOIVGKOKXEUOBATDPRV7WLR7A624XBG6VZTCXZ3RARVPXNDRO4NWSW5QIJNWDP5THA67XBGJKSJY\">Comentario de Mauricio Morales, director del Centro de An\u00e1lisis Pol\u00edtico (CAP).<\/a><\/p><p>\u00a0<\/p><p><strong>RADIO AMIGA<\/strong><\/p><p><a href=\"https:\/\/www.litoralpress.cl\/sitio\/RadioTV_Detalles.cshtml?LPKey=DRRJXQSU43TQHUCDABAOQB6UZZV6YGD4MJ3E76WR2A5PZ2TVUAAU4EQVG4KL3Z7E6C32NUDGWN3UC\">Museo Bomberil en el mall Plaza Maule. Se menciona a la UTalca.<\/a><\/p><p>\u00a0<\/p>\t\t\t\t\t\t<\/div>\n\t\t\t\t<\/div>\n\t\t\t\t\t<\/div>\n\t\t<\/div>\n\t\t\t\t\t\t\t<\/div>\n\t\t<\/section>\n\t\t\t\t\t\t<\/div>\n\t\t\t\t\t<\/div>\n\t\t","protected":false},"excerpt":{"rendered":"<p>RADIO ANCOA Entrevista a Ricardo Valderrama, director de Pedagog\u00eda en Educaci\u00f3n Media en Ingl\u00e9s. \u00a0 RADIO COOPERATIVA Talca. Episodios cr\u00edticos de descontaminaci\u00f3n son evaluados. Se refiere Felipe Varas, acad\u00e9mico de la Facultad de Ingenier\u00eda. \u00a0 COOPERATIVA.CL Episodios cr\u00edticos de contaminaci\u00f3n bajaron a la mitad este a\u00f1o en Talca y Maule. Se refiere Felipe Varas, acad\u00e9mico &hellip;<\/p>\n<p class=\"read-more\"> <a class=\"\" href=\"https:\/\/www.reportedeprensa.utalca.cl\/?p=5073\"> <span class=\"screen-reader-text\">30 de septiembre de 2022<\/span> Read More &raquo;<\/a><\/p>\n","protected":false},"author":1,"featured_media":0,"comment_status":"closed","ping_status":"open","sticky":false,"template":"","format":"standard","meta":{"_monsterinsights_skip_tracking":false,"_monsterinsights_sitenote_active":false,"_monsterinsights_sitenote_note":"","_monsterinsights_sitenote_category":0},"categories":[25],"tags":[],"_links":{"self":[{"href":"https:\/\/www.reportedeprensa.utalca.cl\/index.php?rest_route=\/wp\/v2\/posts\/5073"}],"collection":[{"href":"https:\/\/www.reportedeprensa.utalca.cl\/index.php?rest_route=\/wp\/v2\/posts"}],"about":[{"href":"https:\/\/www.reportedeprensa.utalca.cl\/index.php?rest_route=\/wp\/v2\/types\/post"}],"author":[{"embeddable":true,"href":"https:\/\/www.reportedeprensa.utalca.cl\/index.php?rest_route=\/wp\/v2\/users\/1"}],"replies":[{"embeddable":true,"href":"https:\/\/www.reportedeprensa.utalca.cl\/index.php?rest_route=%2Fwp%2Fv2%2Fcomments&post=5073"}],"version-history":[{"count":7,"href":"https:\/\/www.reportedeprensa.utalca.cl\/index.php?rest_route=\/wp\/v2\/posts\/5073\/revisions"}],"predecessor-version":[{"id":5091,"href":"https:\/\/www.reportedeprensa.utalca.cl\/index.php?rest_route=\/wp\/v2\/posts\/5073\/revisions\/5091"}],"wp:attachment":[{"href":"https:\/\/www.reportedeprensa.utalca.cl\/index.php?rest_route=%2Fwp%2Fv2%2Fmedia&parent=5073"}],"wp:term":[{"taxonomy":"category","embeddable":true,"href":"https:\/\/www.reportedeprensa.utalca.cl\/index.php?rest_route=%2Fwp%2Fv2%2Fcategories&post=5073"},{"taxonomy":"post_tag","embeddable":true,"href":"https:\/\/www.reportedeprensa.utalca.cl\/index.php?rest_route=%2Fwp%2Fv2%2Ftags&post=5073"}],"curies":[{"name":"wp","href":"https:\/\/api.w.org\/{rel}","templated":true}]}}