{"id":5092,"date":"2022-10-03T08:08:02","date_gmt":"2022-10-03T11:08:02","guid":{"rendered":"https:\/\/www.reportedeprensa.utalca.cl\/?p=5092"},"modified":"2022-10-03T10:05:30","modified_gmt":"2022-10-03T13:05:30","slug":"03-de-octubre-de-2022","status":"publish","type":"post","link":"https:\/\/www.reportedeprensa.utalca.cl\/?p=5092","title":{"rendered":"03 de octubre de 2022"},"content":{"rendered":"\t\t<div data-elementor-type=\"wp-post\" data-elementor-id=\"5092\" class=\"elementor elementor-5092\" data-elementor-settings=\"[]\">\n\t\t\t\t\t\t\t<div class=\"elementor-section-wrap\">\n\t\t\t\t\t\t\t<section class=\"elementor-section elementor-top-section elementor-element elementor-element-44052ab7 elementor-section-boxed elementor-section-height-default elementor-section-height-default\" data-id=\"44052ab7\" data-element_type=\"section\">\n\t\t\t\t\t\t<div class=\"elementor-container elementor-column-gap-default\">\n\t\t\t\t\t<div class=\"elementor-column elementor-col-100 elementor-top-column elementor-element elementor-element-5b002d83\" data-id=\"5b002d83\" data-element_type=\"column\">\n\t\t\t<div class=\"elementor-widget-wrap elementor-element-populated\">\n\t\t\t\t\t\t\t\t<div class=\"elementor-element elementor-element-477998b8 elementor-widget elementor-widget-text-editor\" data-id=\"477998b8\" data-element_type=\"widget\" data-widget_type=\"text-editor.default\">\n\t\t\t\t<div class=\"elementor-widget-container\">\n\t\t\t\t\t\t\t\t<p><strong>ADPRENSA.CL<\/strong><\/p><p><a href=\"https:\/\/www.adprensa.cl\/cronica\/rector-utalca-participa-en-encuentro-sobre-el-impacto-de-las-nuevas-tecnologias-en-la-educacion-superior\/\">Rector UTalca participa en encuentro sobre el impacto de las nuevas tecnolog\u00edas en la educaci\u00f3n superior.<\/a><\/p><p>\u00a0<\/p><p><strong>MEDIABANCO.COM<\/strong><\/p><p><a href=\"https:\/\/www.mediabanco.com\/rector-utalca-participa-en-encuentro-sobre-el-impacto-de-las-nuevas-tecnologias-en-la-educacion-superior\/\">Rector UTalca participa en encuentro sobre el impacto de las nuevas tecnolog\u00edas en la educaci\u00f3n superior.<\/a><\/p><p>\u00a0<\/p><p><strong>DIARIO FINANCIERO<\/strong><\/p><p><a href=\"https:\/\/www.litoralpress.cl\/sitio\/Prensa_PaginaCompleta.cshtml?LPKey=P3YRN3H5QEKL532AK4FCVHPVRXX6U6GJHUDLWN4LRMUO752B36HQ\">Panel UC: m\u00e1s del 80% de los expertos se inclina por una Constituci\u00f3n minimalista. Se refiere \u00c1lvaro Rojas, acad\u00e9mico de la Facultad de Ciencias Agrarias.<\/a><\/p><p>\u00a0<\/p><p><strong>RADIO FM+ <\/strong><\/p><p><a href=\"https:\/\/www.litoralpress.cl\/sitio\/RadioTV_Detalles.cshtml?LPKey=JSQJGLC54GRHPGBVTQPIIZ7LWLGAY2LR6XMIDHCODZFBRW6IXOJ5ROJSF2LAGZWAES223DO5ATU5Y\">Entrevista a Miguel V\u00e1squez, director de la Escuela de Fonoaudiolog\u00eda.<\/a><\/p><p>\u00a0<\/p><p><strong>RADIO AMIGA<\/strong><\/p><p><a href=\"https:\/\/www.litoralpress.cl\/sitio\/RadioTV_Detalles.cshtml?LPKey=AIFXCTP5DB5BMIZXFDXPSQ42AD6KRCBF36PVI5TL5T7LCIJNDQUZZPRMCRLBHL64OSEBIVI4A3P5Y\">Ingenier\u00eda de la UTalca colaborar\u00e1 con materiales did\u00e1cticos para la Fundaci\u00f3n Luz y el colegio Santa Luc\u00eda de Santiago. Se refiere Claudio Aravena, acad\u00e9mico de la Facultad de Ingenier\u00eda.<\/a><\/p><p>\u00a0<\/p><p><strong>MASQUENOTICIAS.CL<\/strong><\/p><p>Estudiantes de <a href=\"https:\/\/masquenoticias.cl\/2022\/09\/29\/estudiantes-de-ingenieria-utalca-crearan-materiales-didacticos-para-ninos-con-discapacidad-visual\/\">Ingenier\u00eda UTalca crear\u00e1n materiales did\u00e1cticos para ni\u00f1os con discapacidad visual. Se refiere Claudio Aravena, acad\u00e9mico de la Facultad de Ingenier\u00eda.<\/a><\/p><p>\u00a0<\/p><p><strong>DIARIOSENRED.COM<\/strong><\/p><p><a href=\"https:\/\/diariosenred.com\/regional\/utalca-dictara-talleres-gratuitos-para-el-cuidado-y-estimulacion-de\">UTalca dictar\u00e1 talleres gratuitos para el cuidado y estimulaci\u00f3n de ni\u00f1as y ni\u00f1os. Se refieren Karin Saavedra, directora general de Vinculaci\u00f3n con el Medio; Andrea Cerda, directora de la Escuela de Psicolog\u00eda; Minerva Astudillo, directora de la Escuela de Enfermer\u00eda; Pablo L\u00f3pez, director de la Escuela de Terapia Ocupacional y Alejandra P\u00e1vez, directora (S) de Pedagog\u00eda en Educaci\u00f3n Parvularia menci\u00f3n Ingl\u00e9s.<\/a><\/p><p>\u00a0<\/p><p><strong>DIARIOTALCA.CL<\/strong><\/p><p><a href=\"https:\/\/diariotalca.cl\/utalca-dictara-talleres-gratuitos-para-el-cuidado-y-estimulacion-de-ninas-y-ninos\/\">UTalca dictar\u00e1 talleres gratuitos para el cuidado y estimulaci\u00f3n de ni\u00f1as y ni\u00f1os. Se refieren Karin Saavedra, directora general de Vinculaci\u00f3n con el Medio; Andrea Cerda, directora de la Escuela de Psicolog\u00eda; Minerva Astudillo, directora de la Escuela de Enfermer\u00eda; Pablo L\u00f3pez, director de la Escuela de Terapia Ocupacional y Alejandra P\u00e1vez, directora (S) de Pedagog\u00eda en Educaci\u00f3n Parvularia menci\u00f3n Ingl\u00e9s.<\/a><\/p><p>\u00a0<\/p><p><strong>REDMAULE.COM<\/strong><\/p><p><a href=\"https:\/\/www.redmaule.com\/regional\/utalca-dictara-talleres-gratuitos-para-el-cuidado-y-estimulacion-de\">UTalca dictar\u00e1 talleres gratuitos para el cuidado y estimulaci\u00f3n de ni\u00f1as y ni\u00f1os. Se refieren Karin Saavedra, directora general de Vinculaci\u00f3n con el Medio; Andrea Cerda, directora de la Escuela de Psicolog\u00eda; Minerva Astudillo, directora de la Escuela de Enfermer\u00eda; Pablo L\u00f3pez, director de la Escuela de Terapia Ocupacional y Alejandra P\u00e1vez, directora (S) de Pedagog\u00eda en Educaci\u00f3n Parvularia menci\u00f3n Ingl\u00e9s.<\/a><\/p><p>\u00a0<\/p><p><strong>RADIO COOPERATIVA<\/strong><\/p><p><a href=\"https:\/\/www.litoralpress.cl\/sitio\/RadioTV_Detalles.cshtml?LPKey=H2EKUQYF4KLMJJMILBCMSUH7WXIB2HH6K7ZXWECVB2OK7AVFYELFWZGVKBQ4ZS3GN2DWG5R2DX67C\">Covid-19: Mascarilla solo ser\u00e1 obligatoria en centros de salud a partir de este s\u00e1bado. Se refiere Daniel Jim\u00e9nez, director de Salud del Estudiante.<\/a><\/p><p>\u00a0<\/p><p><strong>RADIO COOPERATIVA<\/strong><\/p><p><a href=\"https:\/\/www.litoralpress.cl\/sitio\/RadioTV_Detalles.cshtml?LPKey=HJHBHEL6ULRVUYH3EPZSMOACLRMABETCSIDISE3HNA3RQSV2KC2PQMMR6ROACOZU5NTDJAHNLSMUK\">Desde este s\u00e1bado queda atr\u00e1s uso de mascarilla salvo en recintos de salud. Se refiere Daniel Jim\u00e9nez, director de Salud del Estudiante.<\/a><\/p><p>\u00a0<\/p><p><strong>DIARIO TALCA<\/strong><\/p><p><a href=\"https:\/\/www.litoralpress.cl\/sitio\/Prensa_PaginaCompleta.cshtml?LPKey=WO6IZ7VAPKC4D6OTSSIF2W64G7GPD77Q4FLF66KRJ55SC2XPMPDQ\">\u00bfQu\u00e9 nos queda? Se refiere \u00c9rika Retamal, directora del Departamento de Salud P\u00fablica.<\/a><\/p><p>\u00a0<\/p><p><strong>LA PRENSA<\/strong><\/p><p><a href=\"https:\/\/www.litoralpress.cl\/paginaconsultas\/Servicios_NClipSitio\/Get_Imagen_Nota.aspx?LPKey=MGYIO4CGA7AWOX5MNEB4AU3VKIWUKM2ZYYGQ55UYN7AEITOUZJI7XRA56VHJY3OROCX7AQWBQR3LO\">Chile inici\u00f3 etapa de apertura generalizada. Se refiere Daniel Jim\u00e9nez, director de Salud del Estudiante.<\/a><\/p><p>\u00a0<\/p><p><strong>CANAL ANTOFAGASTA TV<\/strong><\/p><p><a href=\"https:\/\/www.litoralpress.cl\/sitio\/RadioTV_Detalles.cshtml?LPKey=HLWC4U462LOY7VUD7LMBUHDLNR6G6SLK4H4PFV5WAXETHNIQHV5KJK3A366LFSHLIF3NFSA7Z77AC\">S\u00edntomas del Covid persistente. Se refiere \u00c9rika Retamal, director del Departamento de Salud P\u00fablica.<\/a><\/p><p>\u00a0<\/p><p><strong>COOPERATIVA.CL<\/strong><\/p><p><a href=\"https:\/\/www.cooperativa.cl\/noticias\/sociedad\/salud\/coronavirus\/chile-inicia-su-apertura-generalizada-con-mas-de-15-mil-casos-activos-y\/2022-10-01\/134015.html?region=657\">Chile inicia su apertura generalizada con m\u00e1s de 15 mil casos activos y una positividad de 8,4%. Se refiere Daniel Jim\u00e9nez, director de Salud del Estudiante.<\/a><\/p><p>\u00a0<\/p><p><strong>ELMAULEINFORMA.CL<\/strong><\/p><p><a href=\"https:\/\/elmauleinforma.cl\/epidemiologo-recomienda-mantener-uso-de-mascarillas-en-aglomeraciones-y-para-personas-con-riesgo-de-salud\/\">Epidemi\u00f3logo recomienda mantener uso de mascarillas en aglomeraciones y para personas con riesgo de salud. Se refiere Daniel Jim\u00e9nez, director de Salud del Estudiante.<\/a><\/p><p>\u00a0<\/p><p><strong>G5NOTICIAS.CL<\/strong><\/p><p><a href=\"https:\/\/g5noticias.cl\/2022\/10\/01\/epidemiologo-recomienda-mantener-uso-de-mascarillas-en-aglomeraciones-y-para-personas-con-riesgo-de-salud\/\">Epidemi\u00f3logo recomienda mantener uso de mascarillas en aglomeraciones y para personas con riesgo de salud. Se refiere Daniel Jim\u00e9nez, director de Salud del Estudiante.<\/a><\/p><p>\u00a0<\/p><p><strong>EMOL.COM<\/strong><\/p><p><a href=\"https:\/\/www.emol.com\/noticias\/Nacional\/2022\/10\/02\/1074343\/razones-perdida-respeto-convivencia-violencia.html\">\u00bfEfecto acumulado o una sociedad m\u00e1s violenta?: Las razones que explican la p\u00e9rdida del respeto a las normas de convivencia. Se refiere Giselle Davis, acad\u00e9mica de la Facultad de Ciencias de la Salud.<\/a><\/p><p>\u00a0<\/p><p><strong>ELMOSTRADOR.CL<\/strong><\/p><p><a href=\"https:\/\/www.elmostrador.cl\/dia\/2022\/09\/30\/estudio-casi-la-mitad-de-mujeres-migrantes-senalan-que-su-empleador-ha-dificultado-su-proceso-de-inclusion-laboral\/\">Estudio: casi la mitad de las mujeres migrantes se\u00f1alan que su empleador ha dificultado su proceso de inclusi\u00f3n laboral. Se refiere Medardo Aguirre, director del Centro Nacional de Estudios Migratorios (CENEM).<\/a><\/p><p>\u00a0<\/p><p><strong>EL HERALDO<\/strong><\/p><p><a href=\"https:\/\/www.litoralpress.cl\/paginaconsultas\/Servicios_NClipSitio\/Get_Imagen_Nota.aspx?LPKey=BTZDCDY6P3Z7QOH54DBTNBFFXDSEAHK5JRRUV43773Q4V6NB6NQO2SOGC5CXC7WFRXIHY3FN6T6Y4\">Presentan estudio sobre personas mayores del maule ante comisi\u00f3n de c\u00e1mara de diputados. Se refiere Germ\u00e1n Lobos, acad\u00e9mico de la Facultad de Econom\u00eda y Negocios (FEN).<\/a><\/p><p>\u00a0<\/p><p><strong>CANAL TVN RED MAULE<\/strong><\/p><p><a href=\"https:\/\/www.litoralpress.cl\/sitio\/RadioTV_Detalles.cshtml?LPKey=JDIN7DLJKHR2EO7JKA5BBMQRR6ZUOHRDRMUPMATPURVMTU4DMU4545KMBS4MHA7W7DUWB25BGCGSY\">\u00c9stas son las tres urgencias de las personas mayores. Se refiere Germ\u00e1n Lobos, acad\u00e9mico de la Facultad de Econom\u00eda y Negocios (FEN).<\/a><\/p><p>\u00a0<\/p><p><strong>DIARIOELHERALDO.CL<\/strong><\/p><p><a href=\"https:\/\/www.diarioelheraldo.cl\/noticia\/presentan-estudio-sobre-personas-mayores-del-maule-ante-comision-de-camara-de-diputados\">Presentan estudio sobre personas mayores del maule ante comisi\u00f3n de c\u00e1mara de diputados. Se refiere Germ\u00e1n Lobos, acad\u00e9mico de la Facultad de Econom\u00eda y Negocios (FEN).<\/a><\/p><p>\u00a0<\/p><p><strong>EMOL.COM<\/strong><\/p><p><a href=\"https:\/\/www.emol.com\/noticias\/Nacional\/2022\/10\/02\/1074457\/consecuencias-fuga-gasoductos-europeos.html\">&#8220;Aporta al calentamiento global con uno de los compuestos m\u00e1s nocivos&#8221;: Expertos analizan expulsi\u00f3n de gas del Nord Stream. Se refiere Di\u00f3genes Hern\u00e1ndez, acad\u00e9mico del Instituto de Qu\u00edmica de Recursos Naturales.<\/a><\/p><p>\u00a0<\/p><p><strong>RADIO COOPERATIVA<\/strong><\/p><p><a href=\"https:\/\/www.litoralpress.cl\/sitio\/RadioTV_Detalles.cshtml?LPKey=TL2ONBTKPTSFZY4UNPVVZB7I2VJCXQ7QC3PVX2AGQFERLEH55ZH654DHEXAX3VHKSIDVCYLEGWZQW\">Maule: Disminuci\u00f3n de episodios cr\u00edticos medioambientales. Se refiere Felipe Varas, acad\u00e9mico de la Facultad de Ingenier\u00eda.<\/a><\/p><p>\u00a0<\/p><p><strong>CANAL TVN RED MAULE<\/strong><\/p><p><a href=\"https:\/\/www.litoralpress.cl\/sitio\/RadioTV_Detalles.cshtml?LPKey=G3VER2QVU2KPD37N62OQKE5VB62CRU4BDN5OBNPFYYBFELEZFGALUIR2D27XVYLUSYQC3JDCX3E6E\">Con balance positivo termina gesti\u00f3n de episodios cr\u00edticos 2022. Se refiere Felipe Varas, acad\u00e9mico de la Facultad de Ingenier\u00eda.<\/a><\/p><p>\u00a0<\/p><p><strong>LA PRENSA<\/strong><\/p><p><a href=\"https:\/\/www.litoralpress.cl\/paginaconsultas\/Servicios_NClipSitio\/Get_Imagen_Nota.aspx?LPKey=2ITDPBSATOITVYEQH4XVK7JHUI3CFTDOGI5BTKPZ6LY5ZKAJAIFYPMPS7FVOWEKWYUQJ73ZIKY6ZA\">Abordan uso de biotecnolog\u00eda para la seguridad alimentaria. Se refieren Sim\u00f3n Ruiz, director del Instituto de Ciencias Biol\u00f3gicas y Hermine Voguel, decana de la Facultad de Ciencias Agrarias.<\/a><\/p><p>\u00a0<\/p><p><strong>CANAL CONTIVISI\u00d3N<\/strong><\/p><p><a href=\"https:\/\/www.litoralpress.cl\/sitio\/RadioTV_Detalles.cshtml?LPKey=CRLE6GXEPJN4OKP6UZDCIJSNRUDRZJJJAPZRHJPIZ2A3SQKJDVU43N7PH4YMJAUU3LSCKPIWSZRTQ\">U. de Talca desarroll\u00f3 seminario sobre producci\u00f3n agr\u00edcola y biotecnolog\u00eda en seguridad alimentaria. Se refieren Sim\u00f3n Ruiz, director del Instituto de Ciencias Biol\u00f3gicas y Hermine Voguel, decana de la Facultad de Ciencias Agrarias.<\/a><\/p><p>\u00a0<\/p><p><strong>ADPRENSA.CL<\/strong><\/p><p><a href=\"https:\/\/www.adprensa.cl\/cronica\/produccion-agricola-como-la-biotecnologia-aporta-a-la-seguridad-alimentaria-del-planeta\/\">Producci\u00f3n agr\u00edcola: C\u00f3mo la biotecnolog\u00eda aporta a la seguridad alimentaria del planeta. Se refieren Sim\u00f3n Ruiz, director del Instituto de Ciencias Biol\u00f3gicas y Hermine Voguel, decana de la Facultad de Ciencias Agrarias.<\/a><\/p><p>\u00a0<\/p><p><strong>MEDIABANCO.COM<\/strong><\/p><p><a href=\"https:\/\/www.mediabanco.com\/produccion-agricola-como-la-biotecnologia-aporta-a-la-seguridad-alimentaria-del-planeta\/\">Producci\u00f3n agr\u00edcola: C\u00f3mo la biotecnolog\u00eda aporta a la seguridad alimentaria del planeta. Se refieren Sim\u00f3n Ruiz, director del Instituto de Ciencias Biol\u00f3gicas y Hermine Voguel, decana de la Facultad de Ciencias Agrarias.<\/a><\/p><p>\u00a0<\/p><p><strong>G5NOTICIAS.CL<\/strong><\/p><p><a href=\"https:\/\/g5noticias.cl\/2022\/10\/02\/produccion-agricola-como-la-biotecnologia-aporta-a-la-seguridad-alimentaria-del-planeta\/\">Producci\u00f3n agr\u00edcola: C\u00f3mo la biotecnolog\u00eda aporta a la seguridad alimentaria del planeta. Se refieren Sim\u00f3n Ruiz, director del Instituto de Ciencias Biol\u00f3gicas y Hermine Voguel, decana de la Facultad de Ciencias Agrarias.<\/a><\/p><p>\u00a0<\/p><p><strong>MEGANOTICIAS.CL<\/strong><\/p><p><a href=\"https:\/\/www.meganoticias.cl\/calidad-de-vida\/391434-como-limpiar-microondas-acumulacion-de-bacterias-28-03-2022.html\">&#8220;Se pueden desarrollar pat\u00f3genos&#8221;: Estos son los peligros de no limpiar tu microondas, seg\u00fan los expertos. Se refiere Ana Karin Peralta, director del Centro de Inocuidad Alimentaria.<\/a><\/p><p>\u00a0<\/p><p><strong>LA PRENSA<\/strong><\/p><p><a href=\"https:\/\/www.litoralpress.cl\/sitio\/Prensa_Detalles.cshtml?LPKey=TO6AYHOUEN67LXHQDVWUZHFCXTVN73TIWDTJUXUZLGUJZ6JFX5OQ\">\u201cChile no cuenta con suficiente capacidad t\u00e9cnica para contrarrestar cibercriminales\u201d. Se refiere Rodrigo Bustamante, jefe de la Unidad de Seguridad Digital.<\/a><\/p><p>\u00a0<\/p><p><strong>DIARIOLAPRENSA.CL<\/strong><\/p><p><a href=\"https:\/\/new.diariolaprensa.cl\/index.php\/2022\/10\/01\/chile-no-cuenta-con-suficiente-capacidad-tecnica-para-contrarrestar-cibercriminales\/\">\u201cChile no cuenta con suficiente capacidad t\u00e9cnica para contrarrestar cibercriminales\u201d. Se refiere Rodrigo Bustamante, jefe de la Unidad de Seguridad Digital.<\/a><\/p><p>\u00a0<\/p><p><strong>EMB.CL<\/strong><\/p><p><a href=\"http:\/\/www.emb.cl\/negociosglobales\/noticia.mvc?nid=20220929w17&amp;ni=el-avance-de-los-vehiculos-electricos-en-chile\">El avance de los veh\u00edculos el\u00e9ctricos en Chile. Se refiere Cristi\u00e1n Garc\u00eda, acad\u00e9mico de la Facultad de Ingenier\u00eda.<\/a><\/p><p>\u00a0<\/p><p><strong>LA PRENSA<\/strong><\/p><p><a href=\"https:\/\/www.litoralpress.cl\/sitio\/Prensa_PaginaCompleta.cshtml?LPKey=QR2SZAWPZSS377EERFEICPEMFGXABOIY6OBMW6CJHLU2CYSZJEMA\">Corporaci\u00f3n de amigos del Teatro Regional del Maule. Se menciona a Andr\u00e9s Maraga\u00f1o, decano de la Facultad de Arquitectura, M\u00fasica y Dise\u00f1o.<\/a><\/p><p>\u00a0<\/p><p><strong>EL LECTOR<\/strong><\/p><p><a href=\"https:\/\/www.litoralpress.cl\/sitio\/Prensa_PaginaCompleta.cshtml?LPKey=P66CE7RNNFCA27AHXQ3QSQNRZHNTVEU7YR2XVH4G3O2XLHEAN2MQ\">Escuelas municipales y acad\u00e9micos de la regi\u00f3n valoran tener m\u00e1s informaci\u00f3n sobre proceso de traspaso a los nuevos Servicios Locales de Educaci\u00f3n. Se refiere Karen Gajardo, acad\u00e9mica de la Facultad de Ciencias de la Educaci\u00f3n.<\/a><\/p><p>\u00a0<\/p><p><strong>LA PRENSA AUSTRAL<\/strong><\/p><p><a href=\"https:\/\/www.litoralpress.cl\/paginaconsultas\/Servicios_NClipSitio\/Get_Imagen_Nota.aspx?LPKey=2UK6AE4U5XBGTPQJDS4J5T6AEHWAL4XBR3Z5BF7EBRMJWJIC26WNJL2LMEKQ5E6WQD45OU56OBXNU\">\u00bfGobierno est\u00e1 \u201centorpeciendo\u201d el TPP11?: el debate que se abri\u00f3 por condicionarlo a las \u201ccartas laterales\u201d. Se refiere Rodrigo Saens, acad\u00e9mico de la Facultad de Econom\u00eda y Negocios (FEN).<\/a><\/p><p>\u00a0<\/p><p><strong>RADIO M\u00c1GICA<\/strong><\/p><p><a href=\"https:\/\/www.litoralpress.cl\/sitio\/RadioTV_Detalles.cshtml?LPKey=4ABKLFDPBU6LLFWU54L4RKKCS6F75FVKX3AOSRFGMIR4WYA7VPIGI7CEMFLTM7DFB2W2MUPU7JACU\">Entrevista a Hern\u00e1n D\u00edaz, acad\u00e9mico de la Facultad de Econom\u00eda y Negocios (FEN).<\/a><\/p><p>\u00a0<\/p><p><strong>RADIO AMIGA<\/strong><\/p><p><a href=\"https:\/\/www.litoralpress.cl\/sitio\/RadioTV_Detalles.cshtml?LPKey=SPSGXKBNWV36YJIUMMGTJEPFFVWMY3CEEJHAB3XGFTTWC7445NLTVXYACHUURXYXLNMY44GBWFC2W\">Entrevista a Hern\u00e1n D\u00edaz, acad\u00e9mico de la Facultad de Econom\u00eda y Negocios (FEN).<\/a><\/p><p>\u00a0<\/p><p><strong>LA SEGUNDA<\/strong><\/p><p><a href=\"https:\/\/www.litoralpress.cl\/sitio\/Prensa_PaginaCompleta.cshtml?LPKey=ZJ4FK3C3EERUQS5FZXZUBZDRHRJKDRGFRYA6MDIG62T7TA4JW76A\">El primer Presupuesto de Boric: Foco en la coyuntura m\u00e1s que en promesas de campa\u00f1a. Se refiere Mauricio Morales, director del Centro de An\u00e1lisis Pol\u00edtico (CAP).<\/a><\/p><p>\u00a0<\/p><p><strong>MEGANOTICIAS.CL<\/strong><\/p><p><a href=\"https:\/\/www.meganoticias.cl\/nacional\/391581-columna-opinion-mauricio-morales-analista-politico-resultados-encuesta-cadem-proceso-constituyente-02-10-2022.html\">Mauricio Morales y Cadem sobre NC: &#8220;Los partidos van por un carril y la ciudadan\u00eda por otro&#8221;. Columna de opini\u00f3n de Mauricio Morales, director del Centro de An\u00e1lisis Pol\u00edtico (CAP).<\/a><\/p><p>\u00a0<\/p><p><strong>ELDESCONCIERTO.CL<\/strong><\/p><p><a href=\"https:\/\/www.eldesconcierto.cl\/economia\/2022\/10\/01\/es-suficiente-expertos-analizan-puntos-positivos-y-negativos-del-presupuesto-de-boric.html\">\u00bfEs suficiente?: Expertos analizan puntos positivos y negativos del Presupuesto de Boric. Se refiere Mario Herrera, acad\u00e9mico del Centro de An\u00e1lisis Pol\u00edtico (CAP).<\/a><\/p><p>\u00a0<\/p><p><strong>\u00a0<\/strong><strong>THECLINIC.CL<\/strong><\/p><p><a href=\"https:\/\/www.theclinic.cl\/2022\/09\/30\/foco-en-seguridad-y-una-inflacion-al-acecho-el-bano-de-realidad-que-desafia-al-programa-de-gobierno-en-el-presupuesto-2023\/\">Foco en seguridad y una inflaci\u00f3n al acecho: el ba\u00f1o de realidad que desaf\u00eda al programa de gobierno en el Presupuesto 2023. Se refiere Mauricio Morales, director del Centro de An\u00e1lisis Pol\u00edtico (CAP).<\/a><\/p><p>\u00a0<\/p><p><strong>RADIO M\u00c1GICA<\/strong><\/p><p><a href=\"https:\/\/www.litoralpress.cl\/sitio\/RadioTV_Detalles.cshtml?LPKey=ILQYXZNMXPRBG7RXQOELAHCFDUMMPY7BZ5BMQ5PBIOQCJGDAHCNT5BL5DMQJEQOWYEQMTFCV2AKSC\">Entrevista a Mario Herrera, acad\u00e9mico del Centro de An\u00e1lisis Pol\u00edtico (CAP).<\/a><\/p><p>\u00a0<\/p><p><strong>RADIO AMIGA<\/strong><\/p><p><a href=\"https:\/\/www.litoralpress.cl\/sitio\/RadioTV_Detalles.cshtml?LPKey=KRKWTX5J2OW2TOVUUCNHAKKOWEZ5KY4TA4FHRUIB7WTYPZORJQIFVPOCGABRFSK7D2VVXVEWXJE2K\">Entrevista a Mario Herrera, acad\u00e9mico del Centro de An\u00e1lisis Pol\u00edtico (CAP).<\/a><\/p><p>\u00a0<\/p>\t\t\t\t\t\t<\/div>\n\t\t\t\t<\/div>\n\t\t\t\t\t<\/div>\n\t\t<\/div>\n\t\t\t\t\t\t\t<\/div>\n\t\t<\/section>\n\t\t\t\t\t\t<\/div>\n\t\t\t\t\t<\/div>\n\t\t","protected":false},"excerpt":{"rendered":"<p>ADPRENSA.CL Rector UTalca participa en encuentro sobre el impacto de las nuevas tecnolog\u00edas en la educaci\u00f3n superior. \u00a0 MEDIABANCO.COM Rector UTalca participa en encuentro sobre el impacto de las nuevas tecnolog\u00edas en la educaci\u00f3n superior. \u00a0 DIARIO FINANCIERO Panel UC: m\u00e1s del 80% de los expertos se inclina por una Constituci\u00f3n minimalista. Se refiere \u00c1lvaro &hellip;<\/p>\n<p class=\"read-more\"> <a class=\"\" href=\"https:\/\/www.reportedeprensa.utalca.cl\/?p=5092\"> <span class=\"screen-reader-text\">03 de octubre de 2022<\/span> Read More &raquo;<\/a><\/p>\n","protected":false},"author":1,"featured_media":0,"comment_status":"closed","ping_status":"open","sticky":false,"template":"","format":"standard","meta":{"_monsterinsights_skip_tracking":false,"_monsterinsights_sitenote_active":false,"_monsterinsights_sitenote_note":"","_monsterinsights_sitenote_category":0},"categories":[26],"tags":[],"_links":{"self":[{"href":"https:\/\/www.reportedeprensa.utalca.cl\/index.php?rest_route=\/wp\/v2\/posts\/5092"}],"collection":[{"href":"https:\/\/www.reportedeprensa.utalca.cl\/index.php?rest_route=\/wp\/v2\/posts"}],"about":[{"href":"https:\/\/www.reportedeprensa.utalca.cl\/index.php?rest_route=\/wp\/v2\/types\/post"}],"author":[{"embeddable":true,"href":"https:\/\/www.reportedeprensa.utalca.cl\/index.php?rest_route=\/wp\/v2\/users\/1"}],"replies":[{"embeddable":true,"href":"https:\/\/www.reportedeprensa.utalca.cl\/index.php?rest_route=%2Fwp%2Fv2%2Fcomments&post=5092"}],"version-history":[{"count":8,"href":"https:\/\/www.reportedeprensa.utalca.cl\/index.php?rest_route=\/wp\/v2\/posts\/5092\/revisions"}],"predecessor-version":[{"id":5113,"href":"https:\/\/www.reportedeprensa.utalca.cl\/index.php?rest_route=\/wp\/v2\/posts\/5092\/revisions\/5113"}],"wp:attachment":[{"href":"https:\/\/www.reportedeprensa.utalca.cl\/index.php?rest_route=%2Fwp%2Fv2%2Fmedia&parent=5092"}],"wp:term":[{"taxonomy":"category","embeddable":true,"href":"https:\/\/www.reportedeprensa.utalca.cl\/index.php?rest_route=%2Fwp%2Fv2%2Fcategories&post=5092"},{"taxonomy":"post_tag","embeddable":true,"href":"https:\/\/www.reportedeprensa.utalca.cl\/index.php?rest_route=%2Fwp%2Fv2%2Ftags&post=5092"}],"curies":[{"name":"wp","href":"https:\/\/api.w.org\/{rel}","templated":true}]}}