{"id":5115,"date":"2022-10-04T11:25:35","date_gmt":"2022-10-04T14:25:35","guid":{"rendered":"https:\/\/www.reportedeprensa.utalca.cl\/?p=5115"},"modified":"2022-10-04T11:59:46","modified_gmt":"2022-10-04T14:59:46","slug":"04-de-octubre-de-2022","status":"publish","type":"post","link":"https:\/\/www.reportedeprensa.utalca.cl\/?p=5115","title":{"rendered":"04 de octubre de 2022"},"content":{"rendered":"\t\t<div data-elementor-type=\"wp-post\" data-elementor-id=\"5115\" class=\"elementor elementor-5115\" data-elementor-settings=\"[]\">\n\t\t\t\t\t\t\t<div class=\"elementor-section-wrap\">\n\t\t\t\t\t\t\t<section class=\"elementor-section elementor-top-section elementor-element elementor-element-44052ab7 elementor-section-boxed elementor-section-height-default elementor-section-height-default\" data-id=\"44052ab7\" data-element_type=\"section\">\n\t\t\t\t\t\t<div class=\"elementor-container elementor-column-gap-default\">\n\t\t\t\t\t<div class=\"elementor-column elementor-col-100 elementor-top-column elementor-element elementor-element-5b002d83\" data-id=\"5b002d83\" data-element_type=\"column\">\n\t\t\t<div class=\"elementor-widget-wrap elementor-element-populated\">\n\t\t\t\t\t\t\t\t<div class=\"elementor-element elementor-element-477998b8 elementor-widget elementor-widget-text-editor\" data-id=\"477998b8\" data-element_type=\"widget\" data-widget_type=\"text-editor.default\">\n\t\t\t\t<div class=\"elementor-widget-container\">\n\t\t\t\t\t\t\t\t<p><strong>UESTATALES.CL<\/strong><\/p><p><a href=\"http:\/\/uestatales.cl\/cue\/?q=node\/9659\">Pedagog\u00edas en la UTalca: formando a los profesores de las nuevas generaciones. Se refieren Carolina Iturra, decana de la Facultad de Ciencias de la Educaci\u00f3n; Ricardo Valderrama, director de Pedagog\u00eda en Educaci\u00f3n Media en Ingl\u00e9s; y Rebeca Vega, estudiante de cuarto a\u00f1o de dicha carrera.<\/a><\/p><p><strong>\u00a0<\/strong><\/p><p><strong>LATERCERA.COM<\/strong><\/p><p><a href=\"https:\/\/www.latercera.com\/laboratoriodecontenidos\/noticia\/la-nueva-justicia-la-evolucion-en-la-formacion-de-los-futuros-abogados\/7VF6GXMDONGK5H7AYDCHUZ7GBQ\/\">La nueva justicia: La evoluci\u00f3n en la formaci\u00f3n de los futuros abogados. Se refiere Rodrigo Palomo, decano de la Facultad de Ciencias Jur\u00eddicas y Sociales.<\/a><\/p><p>\u00a0<\/p><p><strong>DIARIOTALCA.CL<\/strong><\/p><p><a href=\"https:\/\/diariotalca.cl\/utalca-retoma-actividades-masivas-presenciales-para-postulantes\/\">UTalca retoma actividades masivas presenciales para postulantes. Se refieren Pablo Guerrero y Sandra Guti\u00e9rrez, profesionales de la Direcci\u00f3n de Ciclo de Vida Estudiantil.<\/a><\/p><p>\u00a0<\/p><p><strong>MEDIABANCO.COM<\/strong><\/p><p><a href=\"https:\/\/www.mediabanco.com\/utalca-retoma-actividades-masivas-presenciales-para-postulantes-a-la-educacion-superior\/\">UTalca retoma actividades masivas presenciales para postulantes a la educaci\u00f3n superior. Se refieren Pablo Guerrero y Sandra Guti\u00e9rrez, profesionales de la Direcci\u00f3n de Ciclo de Vida Estudiantil.<\/a><\/p><p>\u00a0<\/p><p><strong>DIARIOELHERALDO.CL<\/strong><\/p><p><a href=\"https:\/\/www.diarioelheraldo.cl\/noticia\/utalca-retoma-actividades-masivas-presenciales-para-postulantes-a-la-educacion-superior-\">UTalca retoma actividades masivas presenciales para postulantes a la educaci\u00f3n superior. Se refieren Pablo Guerrero y Sandra Guti\u00e9rrez, profesionales de la Direcci\u00f3n de Ciclo de Vida Estudiantil (CIVE).<\/a><\/p><p>\u00a0<\/p><p><strong>DIARIODELAEDUCACION.CL<\/strong><\/p><p><a href=\"https:\/\/diariodelaeducacion.cl\/Educacion\/escuelas-para-familias-universidad-de-talca-dictara-talleres-gratuitos-para-el-cuidado-y-estimulacion-de-ninas-y-ninos\/\">Escuelas para Familias: Universidad de Talca dictar\u00e1 talleres gratuitos para el cuidado y estimulaci\u00f3n de ni\u00f1as y ni\u00f1os. Se refieren Karin Saavedra, directora general de Vinculaci\u00f3n con el Medio; Andrea Cerda, directora de la Escuela de Psicolog\u00eda; Minerva Astudillo, directora de la Escuela de Enfermer\u00eda; Pablo L\u00f3pez, director de la Escuela de Terapia Ocupacional y Alejandra P\u00e1vez, directora (S) de Pedagog\u00eda en Educaci\u00f3n Parvularia menci\u00f3n Ingl\u00e9s.<\/a><\/p><p>\u00a0<\/p><p><strong>G5NOTICIAS.CL<\/strong><\/p><p><a href=\"https:\/\/g5noticias.cl\/2022\/10\/03\/estudiantes-de-ingenieria-utalca-crearan-materiales-didacticos-para-ninos-con-discapacidad-visual\/\">Estudiantes de Ingenier\u00eda UTalca crear\u00e1n materiales did\u00e1cticos para ni\u00f1os con discapacidad visual. Se refiere Claudio Aravena, acad\u00e9mico de la Facultad de Ingenier\u00eda.<\/a><\/p><p>\u00a0<\/p><p><strong>DF.CL<\/strong><\/p><p><a href=\"https:\/\/www.df.cl\/economia-y-politica\/pais\/panel-uc-mas-del-80-de-los-expertos-se-inclina-por-una-constitucion\">Panel UC: 80 de los expertos se inclina por constituci\u00f3n minimalista. Se refiere \u00c1lvaro Rojas, acad\u00e9mico de la Facultad de Ciencias Agrarias.<\/a><\/p><p>\u00a0<\/p><p><strong>NUEVOPODER.CL<\/strong><\/p><p><a href=\"https:\/\/www.nuevopoder.cl\/panel-uc-80-de-los-expertos-se-inclina-por-constitucion-minimalista\/\">Panel UC: 80 de los expertos se inclina por constituci\u00f3n minimalista. Se refiere \u00c1lvaro Rojas, acad\u00e9mico de la Facultad de Ciencias Agrarias.<\/a><\/p><p>\u00a0<\/p><p><strong>CANAL CONTIVISI\u00d3N<\/strong><\/p><p><a href=\"https:\/\/www.litoralpress.cl\/sitio\/RadioTV_Detalles.cshtml?LPKey=G5FXDHTGOXYRPRZL6X3F4VD2WIOFVG6GQ5Z7W2W3E6TT4TRT3QMITQMSYQP3KTRBHML2BURU54PVE\">Se refieren Daniel Jim\u00e9nez, director de Salud del Estudiante y Nibaldo Benavides, director del Instituto de Investigaci\u00f3n y Desarrollo Educacional (IIDE).<\/a><\/p><p><strong>\u00a0<\/strong><\/p><p><strong>DIARIOSENRED.COM<\/strong><\/p><p><a href=\"https:\/\/diariosenred.com\/regional\/epidemiologo-de-la-utalca-recomienda-mantener-uso-de-mascarillas-en\">Epidemi\u00f3logo de la UTalca recomienda mantener uso de mascarilla en aglomeraciones. Se refiere Daniel Jim\u00e9nez, director de Salud del Estudiante.<\/a><\/p><p>\u00a0<\/p><p><strong>REDMAULE.COM<\/strong><\/p><p><a href=\"https:\/\/www.redmaule.com\/regional\/epidemiologo-de-la-utalca-recomienda-mantener-uso-de-mascarillas-en\">Epidemi\u00f3logo de la UTalca recomienda mantener uso de mascarilla en aglomeraciones. Se refiere Daniel Jim\u00e9nez, director de Salud del Estudiante.<\/a><\/p><p>\u00a0<\/p><p><strong>ADPRENSA.CL<\/strong><\/p><p><a href=\"https:\/\/www.adprensa.cl\/cronica\/aulas-sin-mascarillas-beneficios-y-temores-para-los-estudiantes-y-sus-profesores\/\">Aulas sin mascarillas: Beneficios y temores para los estudiantes y sus profesores. Se refieren Nibaldo Benavides, director del Instituto de Investigaci\u00f3n y Desarrollo Educacional (IIDE); Clara Lora y Felipe Figueroa, psic\u00f3logos del Programa PACE UTalca.<\/a><\/p><p>\u00a0<\/p><p><strong>DIARIOTALCA.CL<\/strong><\/p><p><a href=\"https:\/\/diariotalca.cl\/clases-sin-mascarillas-cuales-son-los-beneficios-y-temores-para-estudiantes-y-docentes\/\">Clases sin mascarillas: \u00bfCu\u00e1les son los beneficios y temores para estudiantes y docentes?Se refieren Nibaldo Benavides, director del Instituto de Investigaci\u00f3n y Desarrollo Educacional (IIDE); Clara Lora y Felipe Figueroa, psic\u00f3logos del Programa PACE UTalca.<\/a><\/p><p>\u00a0<\/p><p><strong>MEDIABANCO.COM<\/strong><\/p><p><a href=\"https:\/\/www.mediabanco.com\/aulas-sin-mascarillas-beneficios-y-temores-para-los-estudiantes-y-sus-profesores\/\">Aulas sin mascarillas: Beneficios y temores para los estudiantes y sus profesores. Se refieren Nibaldo Benavides, director del Instituto de Investigaci\u00f3n y Desarrollo Educacional (IIDE); Clara Lora y Felipe Figueroa, psic\u00f3logos del Programa PACE UTalca.<\/a><\/p><p>\u00a0<\/p><p><strong>ELMAULEINFORMA.CL<\/strong><\/p><p><a href=\"https:\/\/elmauleinforma.cl\/aulas-sin-mascarillas-beneficios-y-temores-para-los-estudiantes-y-sus-profesores\/\">Aulas sin mascarillas: Beneficios y temores para los estudiantes y sus profesores. Se refieren Nibaldo Benavides, director del Instituto de Investigaci\u00f3n y Desarrollo Educacional (IIDE); Clara Lora y Felipe Figueroa, psic\u00f3logos del Programa PACE UTalca.<\/a><\/p><p>\u00a0<\/p><p><strong>G5NOTICIAS.CL<\/strong><\/p><p><a href=\"https:\/\/g5noticias.cl\/2022\/10\/04\/aulas-sin-mascarillas-beneficios-y-temores-para-los-estudiantes-y-sus-profesores\/\">Aulas sin mascarillas: Beneficios y temores para los estudiantes y sus profesores. Se refieren Nibaldo Benavides, director del Instituto de Investigaci\u00f3n y Desarrollo Educacional (IIDE); Clara Lora y Felipe Figueroa, psic\u00f3logos del Programa PACE UTalca.<\/a><\/p><p>\u00a0<\/p><p><strong>UESTATALES.CL<\/strong><\/p><p><a href=\"http:\/\/uestatales.cl\/cue\/?q=node\/9661\">Estudio detecta severos problemas en la calidad de vida de los adultos mayores. Se refiere Germ\u00e1n Lobos, acad\u00e9mico de la Facultad de Econom\u00eda y Negocios (FEN).<\/a><\/p><p>\u00a0<\/p><p><strong>CANAL CONTIVISI\u00d3N<\/strong><\/p><p><a href=\"https:\/\/www.litoralpress.cl\/sitio\/RadioTV_Detalles.cshtml?LPKey=4HOFWJGFTGVPE24DMLJCSD3ZPDSJXF77TR62564GT6ROJO3BSRDMVMRZHYQ2BGSKBLF4TJXNWKWMI\">Estudio detecta severos problemas en la calidad de vida de los adultos mayores. Se refiere Germ\u00e1n Lobos, acad\u00e9mico de la Facultad de Econom\u00eda y Negocios (FEN).<\/a><\/p><p>\u00a0<\/p><p><strong>SEPTIMAPAGINANOTICIAS.CL<\/strong><\/p><p><a href=\"https:\/\/www.septimapaginanoticias.cl\/estudio-detecta-severos-problemas-en-la-calidad-de-vida-de-los-adultos-mayores\">Estudio detecta severos problemas en la calidad de vida de los adultos mayores. Se refiere Germ\u00e1n Lobos, acad\u00e9mico de la Facultad de Econom\u00eda y Negocios (FEN).<\/a><\/p><p>\u00a0<\/p><p><strong>EMOL.COM<\/strong><\/p><p><a href=\"https:\/\/www.emol.com\/noticias\/Economia\/2022\/10\/03\/1074339\/autos-electricos-obstaculos-precio-infraestructura.html\">Bajar impuestos y exenci\u00f3n de permiso de circulaci\u00f3n: Las ideas para acelerar la era de los autos el\u00e9ctricos en Chile. Se refiere Cristi\u00e1n Garc\u00eda, acad\u00e9mico de la Facultad de Ingenier\u00eda.<\/a><\/p><p><strong>\u00a0<\/strong><\/p><p><strong>RADIO BIO B\u00cdO DE VALPARA\u00cdSO<\/strong><\/p><p><a href=\"https:\/\/www.litoralpress.cl\/sitio\/RadioTV_Detalles.cshtml?LPKey=SKNG75B2OK6KIL3NO3KBTTTR5DLHHIXNKLPRAO5TRSTHD7APAHZ7XGNSB4ASYPYIX2CZCHWGBT6XM\">Entrevista de Rodrigo Bustamante, jefe de la Unidad de Seguridad Digital.<\/a><\/p><p>\u00a0<\/p><p><strong>\u00a0<\/strong><strong>UESTATALES.CL<\/strong><\/p><p><a href=\"http:\/\/uestatales.cl\/cue\/?q=node\/9652\">Investigadores del Centro Interuniversitario de Envejecimiento Saludable participar\u00e1n en Congreso Nacional de Geriatr\u00eda y Gerontolog\u00eda. Se refiere y mencionan a Iv\u00e1n Palomo, acad\u00e9mico de la Facultad de Ciencias de la Salud; Soraya Le\u00f3n, directora del Mag\u00edster en Odontogeriatr\u00eda; y Miguel Bustamante, acad\u00e9mico de la Facultad de Econom\u00eda y Negocios (FEN).<\/a><\/p><p>\u00a0<\/p><p><strong>EL MERCURIO<\/strong><\/p><p><a href=\"https:\/\/www.litoralpress.cl\/paginaconsultas\/Servicios_NClipSitio\/Get_Imagen_Nota.aspx?LPKey=PEOYUGX2OXHR53NAQ4Z7QTTXCGT562QOOU4TJK7JNPTHZ2V7X7YRR4USCQ24NAYGFOOEMV3Z3UPL4\">Instalar cajas nido para aves insect\u00edvoras aumenta el control de insectos plaga en 43%. Se menciona a la UTalca.<\/a><\/p><p>\u00a0<\/p><p><strong>DIARIOSENRED.COM<\/strong><\/p><p><a href=\"https:\/\/diariosenred.com\/regional\/450-emprendedores-del-maule-seran-capacitados-por-sence-y-gore\">450 emprendedores del Maule ser\u00e1n capacitados por SENCE y GORE. Se menciona al Centro de Inocuidad Alimentaria.<\/a><\/p><p>\u00a0<\/p><p><strong>ELMAULEINFORMA.CL<\/strong><\/p><p><a href=\"https:\/\/elmauleinforma.cl\/capacitaraa-a-400-emprendedores-de-zonas-rezagadas-del-maule\/\">Capacitar\u00e1n a 450 emprendedores de zonas rezagadas del Maule. Se menciona al Centro de Inocuidad Alimentaria.<\/a><\/p><p>\u00a0<\/p><p><strong>CANAL MEGA<\/strong><\/p><p><a href=\"https:\/\/www.litoralpress.cl\/sitio\/RadioTV_Detalles.cshtml?LPKey=4N75P2GEQERTPXOJHUSKN54Y5EMOGDELCEUB4QD2RMGILPISJSECHTVPHJKKSDMFDQSCJ3PMSV74A\">Partidos piden voto obligatorio como condici\u00f3n para nuevo proceso constituyente. Se refiere Mauricio Morales, director del Centro de An\u00e1lisis Pol\u00edtico (CAP).<\/a><\/p><p>\u00a0<\/p><p><strong>CANAL MEGA PLUS<\/strong><\/p><p><a href=\"https:\/\/www.litoralpress.cl\/sitio\/RadioTV_Detalles.cshtml?LPKey=KECX552OGXH5QFALYOKXW3GUHUPBHDFF23PXDI7IYQIBMBSQOVTY66INI4GXL2PJU5N2ZVV3DYNGI\">Partidos piden voto obligatorio como condici\u00f3n para nuevo proceso constituyente. Se refiere Mauricio Morales, director del Centro de An\u00e1lisis Pol\u00edtico (CAP).<\/a><\/p><p>\u00a0<\/p><p><strong>RADIO INFINITA<\/strong><\/p><p><a href=\"https:\/\/www.litoralpress.cl\/sitio\/RadioTV_Detalles.cshtml?LPKey=GHLCEKSFBBFPGRSBT7LUEA6GOOUYLFSMF4HYATH476M724KX2BL7PPVCRYTEIOZ424X5EMAMN5WDU\">Comentario de Mauricio Morales, director del Centro de An\u00e1lisis Pol\u00edtico (CAP).<\/a><\/p><p>\u00a0<\/p><p><strong>EMOL.COM<\/strong><\/p><p><a href=\"https:\/\/www.emol.com\/noticias\/Nacional\/2022\/10\/03\/1074507\/despenalizacion-aborto.html\">\u00bfDespenalizaci\u00f3n del aborto?: Expertos analizan el &#8220;momento&#8221; en que se instala el tema y las complejidades para el oficialismo. Se refiere Mauricio Morales, director del Centro de An\u00e1lisis Pol\u00edtico (CAP).<\/a><\/p><p>\u00a0<\/p>\t\t\t\t\t\t<\/div>\n\t\t\t\t<\/div>\n\t\t\t\t\t<\/div>\n\t\t<\/div>\n\t\t\t\t\t\t\t<\/div>\n\t\t<\/section>\n\t\t\t\t\t\t<\/div>\n\t\t\t\t\t<\/div>\n\t\t","protected":false},"excerpt":{"rendered":"<p>UESTATALES.CL Pedagog\u00edas en la UTalca: formando a los profesores de las nuevas generaciones. Se refieren Carolina Iturra, decana de la Facultad de Ciencias de la Educaci\u00f3n; Ricardo Valderrama, director de Pedagog\u00eda en Educaci\u00f3n Media en Ingl\u00e9s; y Rebeca Vega, estudiante de cuarto a\u00f1o de dicha carrera. \u00a0 LATERCERA.COM La nueva justicia: La evoluci\u00f3n en la &hellip;<\/p>\n<p class=\"read-more\"> <a class=\"\" href=\"https:\/\/www.reportedeprensa.utalca.cl\/?p=5115\"> <span class=\"screen-reader-text\">04 de octubre de 2022<\/span> Read More &raquo;<\/a><\/p>\n","protected":false},"author":1,"featured_media":0,"comment_status":"closed","ping_status":"open","sticky":false,"template":"","format":"standard","meta":{"_monsterinsights_skip_tracking":false,"_monsterinsights_sitenote_active":false,"_monsterinsights_sitenote_note":"","_monsterinsights_sitenote_category":0},"categories":[26],"tags":[],"_links":{"self":[{"href":"https:\/\/www.reportedeprensa.utalca.cl\/index.php?rest_route=\/wp\/v2\/posts\/5115"}],"collection":[{"href":"https:\/\/www.reportedeprensa.utalca.cl\/index.php?rest_route=\/wp\/v2\/posts"}],"about":[{"href":"https:\/\/www.reportedeprensa.utalca.cl\/index.php?rest_route=\/wp\/v2\/types\/post"}],"author":[{"embeddable":true,"href":"https:\/\/www.reportedeprensa.utalca.cl\/index.php?rest_route=\/wp\/v2\/users\/1"}],"replies":[{"embeddable":true,"href":"https:\/\/www.reportedeprensa.utalca.cl\/index.php?rest_route=%2Fwp%2Fv2%2Fcomments&post=5115"}],"version-history":[{"count":7,"href":"https:\/\/www.reportedeprensa.utalca.cl\/index.php?rest_route=\/wp\/v2\/posts\/5115\/revisions"}],"predecessor-version":[{"id":5132,"href":"https:\/\/www.reportedeprensa.utalca.cl\/index.php?rest_route=\/wp\/v2\/posts\/5115\/revisions\/5132"}],"wp:attachment":[{"href":"https:\/\/www.reportedeprensa.utalca.cl\/index.php?rest_route=%2Fwp%2Fv2%2Fmedia&parent=5115"}],"wp:term":[{"taxonomy":"category","embeddable":true,"href":"https:\/\/www.reportedeprensa.utalca.cl\/index.php?rest_route=%2Fwp%2Fv2%2Fcategories&post=5115"},{"taxonomy":"post_tag","embeddable":true,"href":"https:\/\/www.reportedeprensa.utalca.cl\/index.php?rest_route=%2Fwp%2Fv2%2Ftags&post=5115"}],"curies":[{"name":"wp","href":"https:\/\/api.w.org\/{rel}","templated":true}]}}