{"id":5133,"date":"2022-10-05T09:15:48","date_gmt":"2022-10-05T12:15:48","guid":{"rendered":"https:\/\/www.reportedeprensa.utalca.cl\/?p=5133"},"modified":"2022-10-05T09:56:48","modified_gmt":"2022-10-05T12:56:48","slug":"05-de-octubre-de-2022","status":"publish","type":"post","link":"https:\/\/www.reportedeprensa.utalca.cl\/?p=5133","title":{"rendered":"05 de octubre de 2022"},"content":{"rendered":"\t\t<div data-elementor-type=\"wp-post\" data-elementor-id=\"5133\" class=\"elementor elementor-5133\" data-elementor-settings=\"[]\">\n\t\t\t\t\t\t\t<div class=\"elementor-section-wrap\">\n\t\t\t\t\t\t\t<section class=\"elementor-section elementor-top-section elementor-element elementor-element-44052ab7 elementor-section-boxed elementor-section-height-default elementor-section-height-default\" data-id=\"44052ab7\" data-element_type=\"section\">\n\t\t\t\t\t\t<div class=\"elementor-container elementor-column-gap-default\">\n\t\t\t\t\t<div class=\"elementor-column elementor-col-100 elementor-top-column elementor-element elementor-element-5b002d83\" data-id=\"5b002d83\" data-element_type=\"column\">\n\t\t\t<div class=\"elementor-widget-wrap elementor-element-populated\">\n\t\t\t\t\t\t\t\t<div class=\"elementor-element elementor-element-477998b8 elementor-widget elementor-widget-text-editor\" data-id=\"477998b8\" data-element_type=\"widget\" data-widget_type=\"text-editor.default\">\n\t\t\t\t<div class=\"elementor-widget-container\">\n\t\t\t\t\t\t\t\t<p><strong>EL HERALDO<\/strong><\/p><p><a href=\"https:\/\/www.litoralpress.cl\/paginaconsultas\/Servicios_NClipSitio\/Get_Imagen_Nota.aspx?LPKey=PY7FG4HLLPLS3T25ROJTYWJXVWTMYZOIZU2NMKHNIROPDIMUAHDB774Q3ETUORBY7NN4JM4LCZXDI\">UTalca retoma actividades masivas presenciales para postulantes a la educaci\u00f3n superior. Se refieren Sandra Guti\u00e9rrez y Pablo Guerrero, profesionales de la Direcci\u00f3n de Ciclo de Vida Estudiantil.<\/a><\/p><p>\u00a0<\/p><p><strong>EL LECTOR<\/strong><\/p><p><a href=\"https:\/\/www.litoralpress.cl\/paginaconsultas\/Servicios_NClipSitio\/Get_Imagen_Nota.aspx?LPKey=33XTJSEIW7KELTIWS3JW6AU3AX47BAIFLACGVOT7TVU4ZZ7HIRX6ERHF34ALHLZYG36EBMWJJCB2G\">UTalca retoma actividades masivas presenciales. Se refieren Sandra Guti\u00e9rrez y Pablo Guerrero, profesionales de la Direcci\u00f3n de Ciclo de Vida Estudiantil.<\/a><\/p><p>\u00a0<\/p><p><strong>RADIONUEVOMUNDO.CL<\/strong><\/p><p><a href=\"https:\/\/radionuevomundo.cl\/2022\/10\/04\/makerbox-el-proyecto-liderado-por-la-universidad-de-talca-que-busca-crear-material-didactico-para-ninos-con-discapacidad-visual\/\">Makerbox: El proyecto liderado por la Universidad de Talca que busca crear material did\u00e1ctico para ni\u00f1os con discapacidad visual. Se refiere Claudio Aravena, acad\u00e9mico de la Facultad de Ingenier\u00eda.<\/a><\/p><p>\u00a0<\/p><p><strong>EMOL.COM<\/strong><\/p><p><a href=\"https:\/\/www.emol.com\/noticias\/Nacional\/2022\/10\/03\/1074563\/fin-de-las-mascarillas.html\">Adi\u00f3s a las mascarillas en colegios: \u00bfC\u00f3mo puede afectar esta medida a los escolares? Se refieren Nibaldo Benavides, director del Instituto de Investigaci\u00f3n y Desarrollo Educacional (IIDE) y Felipe Figueroa, psic\u00f3logo del Programa PACE UTalca.<\/a><\/p><p><strong>\u00a0<\/strong><\/p><p><strong>ELCIUDADANO.COM<\/strong><\/p><p><a href=\"https:\/\/www.elciudadano.com\/chile\/salas-de-clases-sin-mascarillas-conoce-los-beneficios-y-temores-que-trae-para-estudiantes-y-profesores\/10\/04\/\">Salas de clases sin mascarillas: Conoce los beneficios y temores que trae para estudiantes y profesores. Se refieren Nibaldo Benavides, director del Instituto de Investigaci\u00f3n y Desarrollo Educacional (IIDE); Clara Lora y Felipe Figueroa, psic\u00f3logos del Programa PACE UTalca.<\/a><\/p><p><strong>\u00a0<\/strong><\/p><p><strong>EL MERCURIO DE VALPARA\u00cdSO<\/strong><\/p><p><a href=\"https:\/\/www.litoralpress.cl\/paginaconsultas\/Servicios_NClipSitio\/Get_Imagen_Nota.aspx?LPKey=K6WEJ2ONL3MNWQVWWQPFA4FDJ5PEB6L3CZMK4BESEWXS6JFMI6AV6XCANZ7UORKFRFKFUJEUTNKEK\">Positivo balance de establecimientos en nueva fase sanitaria. Se refiere Nibaldo Benavides, director del Instituto de Investigaci\u00f3n y Desarrollo Educacional (IIDE).<\/a><\/p><p>\u00a0<\/p><p><strong>ELMOSTRADOR.CL<\/strong><\/p><p><a href=\"https:\/\/www.elmostrador.cl\/cultura\/2022\/10\/04\/congreso-futuro-realizo-actividades-en-la-comuna-de-molina\/\">Congreso Futuro realiz\u00f3 actividades en la comuna de Molina. Se menciona a Explora Maule.<\/a><\/p><p>\u00a0<\/p><p><strong>CAUQUENESNET.CL<\/strong><\/p><p><a href=\"https:\/\/cauquenesnet.cl\/2022\/10\/04\/utalca-celebra-el-conocimiento-con-feci-2022-el-festival-de-las-ciencias\/\">UTalca celebra el conocimiento con FECI 2022, el Festival de las Ciencias. Se refiere Karin Saavedra, directora general de Vinculaci\u00f3n con el Medio.<\/a><\/p><p>\u00a0<\/p><p><strong>RADIO AMIGA<\/strong><\/p><p><a href=\"https:\/\/www.litoralpress.cl\/sitio\/RadioTV_Detalles.cshtml?LPKey=26HUKGZCY724NXL6GHFG5J7ZO4YPRNNHNVFDR5GMCX4ZRJPJTBYCMIPPEIKSGB754DCHCMOCJUZKW\">Cerca del 30% de la poblaci\u00f3n se ve afectada por las alergias. Se refiere Dayana Machado, directora del Programa de Especializaci\u00f3n en Medicina Interna.<\/a><\/p><p>\u00a0<\/p><p><strong>ADPRENSA.CL<\/strong><\/p><p><a href=\"https:\/\/www.adprensa.cl\/actividades-academicas\/compras-digitales-recomiendan-acciones-para-evitar-enganos\/\">Compras digitales: Recomiendan acciones para evitar enga\u00f1os. Se refiere Rodrigo Bustamante, jefe de la Unidad de Seguridad Digital.<\/a><\/p><p>\u00a0<\/p><p><strong>MEDIABANCO.COM<\/strong><\/p><p><a href=\"https:\/\/www.mediabanco.com\/compras-digitales-recomiendan-acciones-para-evitar-enganos\/\">Compras digitales: Recomiendan acciones para evitar enga\u00f1os. Se refiere Rodrigo Bustamante, jefe de la Unidad de Seguridad Digital.<\/a><\/p><p>\u00a0<\/p><p><strong>ELCENTRO.CL<\/strong><\/p><p><a href=\"https:\/\/elcentro.cl\/2022\/10\/04\/cybermonday-expertos-utalca-entregan-recomendaciones-para-evitar-estafas\/\">Cyber Monday: expertos UTalca entregan recomendaciones para evitar estafas. Se refiere Rodrigo Bustamante, jefe de la Unidad de Seguridad Digital.<\/a><\/p><p>\u00a0<\/p><p><strong>DIARIOELHERALDO.CL<\/strong><\/p><p><a href=\"https:\/\/www.diarioelheraldo.cl\/noticia\/compras-digitales-recomiendan-acciones-para-evitar-enganos\">Compras digitales: Recomiendan acciones para evitar enga\u00f1os. Se refiere Rodrigo Bustamante, jefe de la Unidad de Seguridad Digital.<\/a><\/p><p>\u00a0<\/p><p><strong>G5NOTICIAS.CL<\/strong><\/p><p><a href=\"https:\/\/g5noticias.cl\/2022\/10\/04\/compras-digitales-recomiendan-acciones-para-evitar-enganos\/\">Compras digitales: Recomiendan acciones para evitar enga\u00f1os. Se refiere Rodrigo Bustamante, jefe de la Unidad de Seguridad Digital.<\/a><\/p><p>\u00a0<\/p><p><strong>EL HERALDO<\/strong><\/p><p><a href=\"https:\/\/www.litoralpress.cl\/paginaconsultas\/Servicios_NClipSitio\/Get_Imagen_Nota.aspx?LPKey=E3Q7BKYGVZPRIDW2ZFVBVJ3IRNTJ3YR2BAHLNXJXSIL2G6Q2SD33GBUDCAIWILDP4ZKNQJH2ZE3VU\">Gobierno Regional y Sence capacitar\u00e1n a 450 emprendedores en el Maule. Se menciona al Centro de Inocuidad Alimentaria.<\/a><\/p><p>\u00a0<\/p><p><strong>EL LECTOR<\/strong><\/p><p><a href=\"https:\/\/www.litoralpress.cl\/paginaconsultas\/Servicios_NClipSitio\/Get_Imagen_Nota.aspx?LPKey=IE3N7RBGRU5JHNHXFH4HXHVRAFIZFJ7SJ74TZUD463CSLO2RGEKGU3FIQRLKAUMGGMZS5JOJN3JVS\">Gobierno Regional y Sence capacitar\u00e1n A 450 emprendedores en el Maule. Se menciona al Centro de Inocuidad Alimentaria.<\/a><\/p><p>\u00a0<\/p><p><strong>CANAL CONTIVISI\u00d3N<\/strong><\/p><p><a href=\"https:\/\/www.litoralpress.cl\/sitio\/RadioTV_Detalles.cshtml?LPKey=4H4D4M3UDNN4SRUMQAPNQS4JZJMJGHXWZN2K4YP6JZ6ZIDEXENAEPOBOZKN5NFGNJHCADARMU4III\">Sence inici\u00f3 programa de capacitaci\u00f3n a emprendedores de Empedrado, Chanco, Cauquenes y Pelluhue. Se menciona al Centro de Inocuidad Alimentaria.<\/a><\/p><p>\u00a0<\/p><p><strong>EL MERCURIO<\/strong><\/p><p><a href=\"https:\/\/www.litoralpress.cl\/paginaconsultas\/Servicios_NClipSitio\/Get_Imagen_Nota.aspx?LPKey=CDKMF543YI5OFMAV6VUAP7XAEYXUU3BFP5QG6PZXRCTIP5ZPQ3X6F5SFE327ZCMTXR236FP4TICLO\">Control de agenda, diferencias internas y reacci\u00f3n a republicanos: algunos factores que analistas ven en arremetida de Orellana. Se refiere Mauricio Morales, director del Centro de An\u00e1lisis Pol\u00edtico (CAP).<\/a><\/p><p>\u00a0<\/p><p><strong>LAS \u00daLTIMAS NOTICIAS<\/strong><\/p><p><a href=\"https:\/\/www.litoralpress.cl\/sitio\/Prensa_PaginaCompleta.cshtml?LPKey=P6NUI2AK3AA5VKUJ6FEK6HCODF2AKPGMYWUBOJPHNQ674JHCNHLA\">Irina Karamanos deja La Moneda y comienza traspaso de fundaciones. Se refiere Mauricio Morales, director del Centro de An\u00e1lisis Pol\u00edtico (CAP).<\/a><\/p><p>\u00a0<\/p><p><strong>LA TERCERA<\/strong><\/p><p><a href=\"https:\/\/www.litoralpress.cl\/paginaconsultas\/Servicios_NClipSitio\/Get_Imagen_Nota.aspx?LPKey=2UPI7JKOSO6S473COYVR5IT7RO5M5V46Q7TOQGDR4SZAODKOBDPEZSQUHOOZ5NXEZAE5MIZJTHXFQ\">En qu\u00e9 est\u00e1n y qu\u00e9 han dicho quienes dirigieron la Convenci\u00f3n, a un mes del plebiscito. Se menciona a Mar\u00eda Elisa Quinteros, acad\u00e9mica del Departamento de Salud P\u00fablica.<\/a><\/p><p>\u00a0<\/p><p><strong>CANAL CNN CHILE<\/strong><\/p><p><a href=\"https:\/\/www.litoralpress.cl\/sitio\/RadioTV_Detalles.cshtml?LPKey=DCSCXDUJRFJIDAESEGEBPQRYRYRQCN6T5BDHBVCUCEU4C5DQK3HFDDHOU4WPW5AVJ44WJIUS4UJP2\">El PDG puso en duda la eventual presidencia de Karol Cariola en la C\u00e1mara de Diputados. Se refiere Mauricio Morales, director del Centro de An\u00e1lisis Pol\u00edtico (CAP).<\/a><\/p><p>\u00a0<\/p><p><strong>RADIO INFINITA<\/strong><\/p><p><a href=\"https:\/\/www.litoralpress.cl\/sitio\/RadioTV_Detalles.cshtml?LPKey=57YXBXE2HNYW33TLFDNOKNQ6BRCMKPO2IMSUVH236V7OFAQNCT6CZ4RBCTZNSCN35ATNTBMQXWJII\">Comentario de Mauricio Morales, director del Centro de An\u00e1lisis Pol\u00edtico (CAP).<\/a><\/p><p>\u00a0<\/p><p><strong>LA TERCERA.COM<\/strong><\/p><p><a href=\"https:\/\/www.latercera.com\/earlyaccess\/noticia\/academia-viajes-por-europa-y-un-hospital-rural-en-que-estan-y-que-han-dicho-quienes-dirigieron-la-convencion-a-un-mes-del-plebiscito\/YQRZ2TQAPVAYNHIL2BKDL576JE\/\">Academia, viajes por Europa y un hospital rural: en qu\u00e9 est\u00e1n (y qu\u00e9 han dicho) quienes dirigieron la Convenci\u00f3n, a un mes del plebiscito. Se menciona a Mar\u00eda Elisa Quinteros, acad\u00e9mica del Departamento de Salud P\u00fablica.<\/a><\/p><p>\u00a0<\/p><p><strong>RADIO GUAYAC\u00c1N<\/strong><\/p><p><a href=\"https:\/\/www.litoralpress.cl\/sitio\/RadioTV_Detalles.cshtml?LPKey=ISLR6H5PZDDDFTHOBQBDOCVOOMJA4AXPMAMU2P6FJ527VHBNJKJJLCW3TOLA5LQCKPBAIAQS6IRTC\">Entrevista a Alejandra M\u00e1rquez, acad\u00e9mica del Centro de An\u00e1lisis Pol\u00edtico (CAP).<\/a><\/p><p>\u00a0<\/p>\t\t\t\t\t\t<\/div>\n\t\t\t\t<\/div>\n\t\t\t\t\t<\/div>\n\t\t<\/div>\n\t\t\t\t\t\t\t<\/div>\n\t\t<\/section>\n\t\t\t\t\t\t<\/div>\n\t\t\t\t\t<\/div>\n\t\t","protected":false},"excerpt":{"rendered":"<p>EL HERALDO UTalca retoma actividades masivas presenciales para postulantes a la educaci\u00f3n superior. Se refieren Sandra Guti\u00e9rrez y Pablo Guerrero, profesionales de la Direcci\u00f3n de Ciclo de Vida Estudiantil. \u00a0 EL LECTOR UTalca retoma actividades masivas presenciales. Se refieren Sandra Guti\u00e9rrez y Pablo Guerrero, profesionales de la Direcci\u00f3n de Ciclo de Vida Estudiantil. \u00a0 RADIONUEVOMUNDO.CL &hellip;<\/p>\n<p class=\"read-more\"> <a class=\"\" href=\"https:\/\/www.reportedeprensa.utalca.cl\/?p=5133\"> <span class=\"screen-reader-text\">05 de octubre de 2022<\/span> Read More &raquo;<\/a><\/p>\n","protected":false},"author":1,"featured_media":0,"comment_status":"closed","ping_status":"open","sticky":false,"template":"","format":"standard","meta":{"_monsterinsights_skip_tracking":false,"_monsterinsights_sitenote_active":false,"_monsterinsights_sitenote_note":"","_monsterinsights_sitenote_category":0},"categories":[26],"tags":[],"_links":{"self":[{"href":"https:\/\/www.reportedeprensa.utalca.cl\/index.php?rest_route=\/wp\/v2\/posts\/5133"}],"collection":[{"href":"https:\/\/www.reportedeprensa.utalca.cl\/index.php?rest_route=\/wp\/v2\/posts"}],"about":[{"href":"https:\/\/www.reportedeprensa.utalca.cl\/index.php?rest_route=\/wp\/v2\/types\/post"}],"author":[{"embeddable":true,"href":"https:\/\/www.reportedeprensa.utalca.cl\/index.php?rest_route=\/wp\/v2\/users\/1"}],"replies":[{"embeddable":true,"href":"https:\/\/www.reportedeprensa.utalca.cl\/index.php?rest_route=%2Fwp%2Fv2%2Fcomments&post=5133"}],"version-history":[{"count":10,"href":"https:\/\/www.reportedeprensa.utalca.cl\/index.php?rest_route=\/wp\/v2\/posts\/5133\/revisions"}],"predecessor-version":[{"id":5156,"href":"https:\/\/www.reportedeprensa.utalca.cl\/index.php?rest_route=\/wp\/v2\/posts\/5133\/revisions\/5156"}],"wp:attachment":[{"href":"https:\/\/www.reportedeprensa.utalca.cl\/index.php?rest_route=%2Fwp%2Fv2%2Fmedia&parent=5133"}],"wp:term":[{"taxonomy":"category","embeddable":true,"href":"https:\/\/www.reportedeprensa.utalca.cl\/index.php?rest_route=%2Fwp%2Fv2%2Fcategories&post=5133"},{"taxonomy":"post_tag","embeddable":true,"href":"https:\/\/www.reportedeprensa.utalca.cl\/index.php?rest_route=%2Fwp%2Fv2%2Ftags&post=5133"}],"curies":[{"name":"wp","href":"https:\/\/api.w.org\/{rel}","templated":true}]}}