{"id":5157,"date":"2022-10-06T09:09:44","date_gmt":"2022-10-06T12:09:44","guid":{"rendered":"https:\/\/www.reportedeprensa.utalca.cl\/?p=5157"},"modified":"2022-10-06T09:12:26","modified_gmt":"2022-10-06T12:12:26","slug":"06-de-octubre-de-2022","status":"publish","type":"post","link":"https:\/\/www.reportedeprensa.utalca.cl\/?p=5157","title":{"rendered":"06 de octubre de 2022"},"content":{"rendered":"\t\t<div data-elementor-type=\"wp-post\" data-elementor-id=\"5157\" class=\"elementor elementor-5157\" data-elementor-settings=\"[]\">\n\t\t\t\t\t\t\t<div class=\"elementor-section-wrap\">\n\t\t\t\t\t\t\t<section class=\"elementor-section elementor-top-section elementor-element elementor-element-44052ab7 elementor-section-boxed elementor-section-height-default elementor-section-height-default\" data-id=\"44052ab7\" data-element_type=\"section\">\n\t\t\t\t\t\t<div class=\"elementor-container elementor-column-gap-default\">\n\t\t\t\t\t<div class=\"elementor-column elementor-col-100 elementor-top-column elementor-element elementor-element-5b002d83\" data-id=\"5b002d83\" data-element_type=\"column\">\n\t\t\t<div class=\"elementor-widget-wrap elementor-element-populated\">\n\t\t\t\t\t\t\t\t<div class=\"elementor-element elementor-element-477998b8 elementor-widget elementor-widget-text-editor\" data-id=\"477998b8\" data-element_type=\"widget\" data-widget_type=\"text-editor.default\">\n\t\t\t\t<div class=\"elementor-widget-container\">\n\t\t\t\t\t\t\t\t<p class=\"x_MsoNoSpacing\"><strong>ADPRENSA.CL<\/strong> \u00a0<\/p><p class=\"x_MsoNoSpacing\"><a href=\"https:\/\/www.adprensa.cl\/cronica\/arquitectura-utalca-es-premiada-en-bienal-iberoamericana\/\">Arquitectura UTalca es premiada en Bienal Iberoamericana. Se refieren Andr\u00e9s Maraga\u00f1o, decano de la Facultad de Arquitectura, M\u00fasica y Dise\u00f1o; Blanca Z\u00fa\u00f1iga, directora de la Escuela de Arquitectura; y Germ\u00e1n Valenzuela, acad\u00e9mico de la Escuela de Arquitectura.<span class=\"x_ContentPasted0\">\u00a0\u00a0<\/span>\u00a0<\/a><\/p><p class=\"x_MsoNoSpacing\">\u00a0<\/p><p class=\"x_MsoNoSpacing x_ContentPasted0\"><strong>MEDIABANCO.COM\u00a0<\/strong><\/p><p class=\"x_MsoNoSpacing x_ContentPasted0\"><a href=\"https:\/\/www.mediabanco.com\/arquitectura-utalca-es-premiada-en-bienal-iberoamericana\/\">Arquitectura UTalca es premiada en Bienal Iberoamericana. Se refieren Andr\u00e9s Maraga\u00f1o, decano de la Facultad de Arquitectura, M\u00fasica y Dise\u00f1o; Blanca Z\u00fa\u00f1iga, directora de la Escuela de Arquitectura; y Germ\u00e1n Valenzuela, acad\u00e9mico de la Escuela de Arquitectura.<span class=\"x_ContentPasted0\">\u00a0\u00a0<\/span>\u00a0<\/a><\/p><p class=\"x_MsoNoSpacing\">\u00a0<\/p><p class=\"x_MsoNoSpacing x_ContentPasted0\"><strong>CANAL CONTIVISI\u00d3N\u00a0<\/strong><\/p><p class=\"x_MsoNoSpacing x_ContentPasted0\"><a href=\"https:\/\/www.litoralpress.cl\/sitio\/RadioTV_Detalles.cshtml?LPKey=NFEWQ7OFORHLGXBABRCZSLZA3IJXTEZY4QEOWRWUJRV2KPKVKXRJKE7DYKHXHRED4RCWSOWLBXRDG\">Escuela de Arquitectura de la UTalca recibi\u00f3 tres premios en la XII Bienal Iberoamericana de Arquitectura y Urbanismo.\u00a0<\/a><\/p><p class=\"x_MsoNoSpacing\" aria-hidden=\"true\">\u00a0<\/p><p class=\"x_MsoNoSpacing x_ContentPasted0\"><strong>DIARIOELHERALDO.CL\u00a0<\/strong><\/p><p class=\"x_MsoNoSpacing x_ContentPasted0\"><a href=\"https:\/\/www.diarioelheraldo.cl\/noticia\/arquitectura-utalca-es-premiada-en-bienal-iberoamericana-\">Arquitectura UTalca es premiada en Bienal Iberoamericana.\u00a0<\/a><\/p><p class=\"x_MsoNoSpacing\" aria-hidden=\"true\">\u00a0<\/p><p class=\"x_MsoNoSpacing x_ContentPasted0\"><strong>LA PRENSA \u00a0<\/strong><\/p><p class=\"x_MsoNoSpacing x_ContentPasted0\"><a href=\"https:\/\/www.litoralpress.cl\/sitio\/Prensa_Detalles.cshtml?LPKey=JCIMR7AODZTDMERHORDKIRJBZV3VT45H4NNS3UZRJJGTTWEBDETA\">Alumnos reciben orientaci\u00f3n. Se refiere Pablo Guerrero, profesional de la Direcci\u00f3n de Ciclo de Vida Estudiantil (CIVE). \u00a0<\/a><\/p><p class=\"x_MsoNoSpacing\" aria-hidden=\"true\">\u00a0<\/p><p class=\"x_MsoNoSpacing\"><strong>CANAL CONTIVISI\u00d3N\u00a0<\/strong><\/p><p class=\"x_MsoNoSpacing\"><a href=\"https:\/\/www.litoralpress.cl\/sitio\/RadioTV_Detalles.cshtml?LPKey=7EHJFOTSNMZGDML3RLCZZ4JCXJXATOOCDX334DHOIH4VZAXIONQIDDZXSUAEA4KQSR7APZ3DBP5RI\">M\u00e1s de 5 mil estudiantes de colegios asistieron a la actividad UTalca Abre Puertas.\u00a0<\/a><\/p><p class=\"x_MsoNoSpacing\">\u00a0<\/p><p class=\"x_MsoNoSpacing\"><strong>RADIO UNIVERSIDAD DE SANTiAGO\u00a0<\/strong><\/p><p class=\"x_MsoNoSpacing\"><a href=\"https:\/\/www.litoralpress.cl\/sitio\/RadioTV_Detalles.cshtml?LPKey=RKFZG6U3PG5V3D3PKSSG6NOM2JRIVOFQX3RLRYPBTSO2APDEG32LR3C3QNOFFRVRMTQ4RIOTI7YGI\">Entrevista a Eduardo Bravo, director del Centro de Documentaci\u00f3n Patrimonial de la UTalca.\u00a0<\/a><\/p><p class=\"x_MsoNoSpacing\" aria-hidden=\"true\">\u00a0<\/p><p class=\"x_MsoNoSpacing x_ContentPasted0\"><strong>LA PRENSA \u00a0<\/strong><\/p><p class=\"x_MsoNoSpacing x_ContentPasted0\"><a href=\"https:\/\/www.litoralpress.cl\/paginaconsultas\/Servicios_NClipSitio\/Get_Imagen_Nota.aspx?LPKey=3Z7YQ3G54BEKTDQUJRJVEGDEVEXPYDS3KKI5IEHRJOPFVAKU3TWC5XYFFVI2FTO553PJ63I3H5HQC\">El fin de la mascarilla y el S\u00edndrome de la Cara Vac\u00eda. Se refieren Nibaldo Benavides, director del Instituto de Investigaci\u00f3n y Desarrollo Educacional (IIDE); Clara Lora y Felipe Figueroa, psic\u00f3logos del Programa PACE UTalca. \u00a0<\/a><\/p><p class=\"x_MsoNoSpacing\" aria-hidden=\"true\">\u00a0<\/p><p class=\"x_MsoNoSpacing x_ContentPasted0\"><strong>DIARIOLAPRENSA.CL\u00a0<\/strong><\/p><p class=\"x_MsoNoSpacing x_ContentPasted0\"><a href=\"https:\/\/www.litoralpress.cl\/paginaconsultas\/Documentos\/Get_Imagen.aspx?lpkey=ZQVNZND5GIPENDMXFQL3Y2OCST6XVIOFPTWENP3I6453KUCETXE437U5G5SV535MZYVSX36GOCD5S\">El fin de la mascarilla y el S\u00edndrome de la Cara Vac\u00eda. Se refieren Nibaldo Benavides, director del Instituto de Investigaci\u00f3n y Desarrollo Educacional (IIDE); Clara Lora y Felipe Figueroa, psic\u00f3logos del Programa PACE UTalca.\u00a0<\/a><\/p><p class=\"x_MsoNoSpacing\" aria-hidden=\"true\">\u00a0<\/p><p class=\"x_MsoNoSpacing x_ContentPasted0\"><strong>EL C\u00d3NDOR\u00a0<\/strong><\/p><p class=\"x_MsoNoSpacing x_ContentPasted0\"><a href=\"https:\/\/www.litoralpress.cl\/paginaconsultas\/Servicios_NClipSitio\/Get_Imagen_Nota.aspx?LPKey=4EK3XUWWGDPLL2ONI7ASVXKXUPRUTTDNYGI5HEHN6DJ6OYJ3E6PWAFOUZCUEOTXPP64RCWMKHER4Q\">Aulas sin mascarillas: Beneficios y temores para los estudiantes y sus profesores. Se refieren Nibaldo Benavides, director del Instituto de Investigaci\u00f3n y Desarrollo Educacional (IIDE); Clara Lora y Felipe Figueroa, psic\u00f3logos del Programa PACE UTalca.\u00a0<\/a><\/p><p class=\"x_MsoNoSpacing\" aria-hidden=\"true\">\u00a0<\/p><p class=\"x_MsoNoSpacing x_ContentPasted0\"><strong>CANAL TVN RED MAULE \u00a0<\/strong><\/p><p class=\"x_MsoNoSpacing x_ContentPasted0\"><a href=\"https:\/\/www.litoralpress.cl\/sitio\/RadioTV_Detalles.cshtml?LPKey=GVQ45FEKJZTJC5DQUNLVTF3EYPCSZDFTFRK4H65O6FOMLGZUROMQQGK23BJCAG7L43QL33QUJVPI2\">Cableado subterr\u00e1neo alerta a vecinos en Cauquenes bajo el proyecto &#8220;Parque del Sol&#8221;. Se refiere Javier Mu\u00f1oz, decano de la Facultad de Ingenier\u00eda. \u00a0<\/a><\/p><p class=\"x_MsoNoSpacing\" aria-hidden=\"true\">\u00a0<\/p><p class=\"x_MsoNoSpacing x_ContentPasted0\"><strong>DIARIOTALCA.CL\u00a0<\/strong><\/p><p class=\"x_MsoNoSpacing x_ContentPasted0\"><a href=\"https:\/\/diariotalca.cl\/hoy-culmina-el-cybermonday-a-nivel-nacional-con-alza-estimada-del-4-en-ventas\/\">Hoy culmina el CyberMonday a nivel nacional con alza estimada del 4% en ventas. Se refiere Rodrigo Bustamante, jefe de la Unidad de Seguridad Digital.\u00a0<\/a><\/p><p class=\"x_MsoNoSpacing\" aria-hidden=\"true\">\u00a0<\/p><p class=\"x_MsoNoSpacing x_ContentPasted0\"><strong>EL HERALDO\u00a0<\/strong><\/p><p class=\"x_MsoNoSpacing x_ContentPasted0\"><a href=\"https:\/\/www.litoralpress.cl\/paginaconsultas\/Servicios_NClipSitio\/Get_Imagen_Nota.aspx?LPKey=IQRCM2RZC5XNOJHZEZNLUV5BP6CCNUADCBV6YN4OGH35Y5YSYX66PAB3WUXSCD4RVHLKUWIFKEQPW\">Compras digitales: Recomiendan acciones para evitar enga\u00f1os. Se refiere Rodrigo Bustamante, jefe de la Unidad de Seguridad Digital.\u00a0<\/a><\/p><p class=\"x_MsoNoSpacing\" aria-hidden=\"true\">\u00a0<\/p><p class=\"x_MsoNoSpacing x_ContentPasted0\"><strong>ITVPATAGONIA.CL\u00a0<\/strong><\/p><p class=\"x_MsoNoSpacing x_ContentPasted0\"><a href=\"https:\/\/www.itvpatagonia.com\/nacional\/cyber-monday-como-podemos-protegernos-para-comprar-de-forma-segura\/2022\/10\/04\/633c4fce240391000ac419a6\">Cyber Monday: \u00bfC\u00f3mo podemos protegernos para comprar de forma segura? Se refiere Rodrigo Bustamante, jefe de la Unidad de Seguridad Digital.\u00a0<\/a><\/p><p class=\"x_MsoNoSpacing\" aria-hidden=\"true\">\u00a0<\/p><p class=\"x_MsoNoSpacing x_ContentPasted0\"><strong>LA PRENSA \u00a0<\/strong><\/p><p class=\"x_MsoNoSpacing x_ContentPasted0\"><a href=\"https:\/\/www.litoralpress.cl\/paginaconsultas\/Servicios_NClipSitio\/Get_Imagen_Nota.aspx?LPKey=YV4U4N7J4PNXIYWIH2E43HXZTO6MFHL2NFNMBAOSXHZYOZ6BASMRLPRLYN62ZTUGIENCOAIV6JYJO\">450 emprendedores de comunas rezagadas ser\u00e1n capacitados en distintos oficios. Se menciona al Centro de Inocuidad Alimentaria.<span class=\"x_ContentPasted0\">\u00a0\u00a0<\/span>\u00a0<\/a><\/p><p class=\"x_MsoNoSpacing\" aria-hidden=\"true\">\u00a0<\/p><p class=\"x_MsoNoSpacing x_ContentPasted0\"><strong>EL SUR\u00a0<\/strong><\/p><p class=\"x_MsoNoSpacing x_ContentPasted0\"><a href=\"https:\/\/www.litoralpress.cl\/paginaconsultas\/Servicios_NClipSitio\/Get_Imagen_Nota.aspx?LPKey=VPQM6X4SBAOHD2SCYINWVYS2EN6PHAGZVYD4DL6GW74CQV4IEAWZTILXY6OKA5AAYN3NABOXGGZWW\">Inician programa piloto en San Pedro de la Paz para llegar a una \u201clongevidad saludable\u201d. Se menciona a la UTalca.\u00a0<\/a><\/p><p class=\"x_MsoNoSpacing\" aria-hidden=\"true\">\u00a0<\/p><p class=\"x_MsoNoSpacing x_ContentPasted0\"><strong>CANAL CNN CHILE\u00a0<\/strong><\/p><p class=\"x_MsoNoSpacing x_ContentPasted0\"><a href=\"https:\/\/www.litoralpress.cl\/sitio\/RadioTV_Detalles.cshtml?LPKey=BZ3LWWUOH7VUEID7COMJTE3F6PFKSYXBZV6ITYHSZAGSR6RBAUITDOYESYYYNCLMI6EALM5JLVTEO\">Convencionales llegan a La Moneda. Se refiere Mauricio Morales, director del Centro de An\u00e1lisis Pol\u00edtico de la UTalca.\u00a0<\/a><\/p><p class=\"x_MsoNoSpacing\" aria-hidden=\"true\">\u00a0<\/p><p class=\"x_MsoNoSpacing x_ContentPasted0\"><strong>RADIO INFINITA\u00a0<\/strong><\/p><p class=\"x_MsoNoSpacing x_ContentPasted0\"><a href=\"https:\/\/www.litoralpress.cl\/sitio\/RadioTV_Detalles.cshtml?LPKey=ANSN6NGFMKE6F3P6IR7USHYJEFEIB3A4HJNEDJ6QXYCDW7CNJATODCWDIW5O5T7VOTGDCORXQTYFY\">An\u00e1lisis de Mauricio Morales, director del Centro de An\u00e1lisis Pol\u00edtico de la UTalca.\u00a0<\/a><\/p>\t\t\t\t\t\t<\/div>\n\t\t\t\t<\/div>\n\t\t\t\t\t<\/div>\n\t\t<\/div>\n\t\t\t\t\t\t\t<\/div>\n\t\t<\/section>\n\t\t\t\t\t\t<\/div>\n\t\t\t\t\t<\/div>\n\t\t","protected":false},"excerpt":{"rendered":"<p>ADPRENSA.CL \u00a0 Arquitectura UTalca es premiada en Bienal Iberoamericana. Se refieren Andr\u00e9s Maraga\u00f1o, decano de la Facultad de Arquitectura, M\u00fasica y Dise\u00f1o; Blanca Z\u00fa\u00f1iga, directora de la Escuela de Arquitectura; y Germ\u00e1n Valenzuela, acad\u00e9mico de la Escuela de Arquitectura.\u00a0\u00a0\u00a0 \u00a0 MEDIABANCO.COM\u00a0 Arquitectura UTalca es premiada en Bienal Iberoamericana. Se refieren Andr\u00e9s Maraga\u00f1o, decano de la &hellip;<\/p>\n<p class=\"read-more\"> <a class=\"\" href=\"https:\/\/www.reportedeprensa.utalca.cl\/?p=5157\"> <span class=\"screen-reader-text\">06 de octubre de 2022<\/span> Read More &raquo;<\/a><\/p>\n","protected":false},"author":1,"featured_media":0,"comment_status":"closed","ping_status":"open","sticky":false,"template":"","format":"standard","meta":{"_monsterinsights_skip_tracking":false,"_monsterinsights_sitenote_active":false,"_monsterinsights_sitenote_note":"","_monsterinsights_sitenote_category":0},"categories":[26],"tags":[],"_links":{"self":[{"href":"https:\/\/www.reportedeprensa.utalca.cl\/index.php?rest_route=\/wp\/v2\/posts\/5157"}],"collection":[{"href":"https:\/\/www.reportedeprensa.utalca.cl\/index.php?rest_route=\/wp\/v2\/posts"}],"about":[{"href":"https:\/\/www.reportedeprensa.utalca.cl\/index.php?rest_route=\/wp\/v2\/types\/post"}],"author":[{"embeddable":true,"href":"https:\/\/www.reportedeprensa.utalca.cl\/index.php?rest_route=\/wp\/v2\/users\/1"}],"replies":[{"embeddable":true,"href":"https:\/\/www.reportedeprensa.utalca.cl\/index.php?rest_route=%2Fwp%2Fv2%2Fcomments&post=5157"}],"version-history":[{"count":4,"href":"https:\/\/www.reportedeprensa.utalca.cl\/index.php?rest_route=\/wp\/v2\/posts\/5157\/revisions"}],"predecessor-version":[{"id":5161,"href":"https:\/\/www.reportedeprensa.utalca.cl\/index.php?rest_route=\/wp\/v2\/posts\/5157\/revisions\/5161"}],"wp:attachment":[{"href":"https:\/\/www.reportedeprensa.utalca.cl\/index.php?rest_route=%2Fwp%2Fv2%2Fmedia&parent=5157"}],"wp:term":[{"taxonomy":"category","embeddable":true,"href":"https:\/\/www.reportedeprensa.utalca.cl\/index.php?rest_route=%2Fwp%2Fv2%2Fcategories&post=5157"},{"taxonomy":"post_tag","embeddable":true,"href":"https:\/\/www.reportedeprensa.utalca.cl\/index.php?rest_route=%2Fwp%2Fv2%2Ftags&post=5157"}],"curies":[{"name":"wp","href":"https:\/\/api.w.org\/{rel}","templated":true}]}}