{"id":5169,"date":"2022-10-07T09:15:04","date_gmt":"2022-10-07T12:15:04","guid":{"rendered":"https:\/\/www.reportedeprensa.utalca.cl\/?p=5169"},"modified":"2022-10-07T09:27:21","modified_gmt":"2022-10-07T12:27:21","slug":"07-de-octubre-de-2022","status":"publish","type":"post","link":"https:\/\/www.reportedeprensa.utalca.cl\/?p=5169","title":{"rendered":"07 de octubre de 2022"},"content":{"rendered":"\t\t<div data-elementor-type=\"wp-post\" data-elementor-id=\"5169\" class=\"elementor elementor-5169\" data-elementor-settings=\"[]\">\n\t\t\t\t\t\t\t<div class=\"elementor-section-wrap\">\n\t\t\t\t\t\t\t<section class=\"elementor-section elementor-top-section elementor-element elementor-element-44052ab7 elementor-section-boxed elementor-section-height-default elementor-section-height-default\" data-id=\"44052ab7\" data-element_type=\"section\">\n\t\t\t\t\t\t<div class=\"elementor-container elementor-column-gap-default\">\n\t\t\t\t\t<div class=\"elementor-column elementor-col-100 elementor-top-column elementor-element elementor-element-5b002d83\" data-id=\"5b002d83\" data-element_type=\"column\">\n\t\t\t<div class=\"elementor-widget-wrap elementor-element-populated\">\n\t\t\t\t\t\t\t\t<div class=\"elementor-element elementor-element-477998b8 elementor-widget elementor-widget-text-editor\" data-id=\"477998b8\" data-element_type=\"widget\" data-widget_type=\"text-editor.default\">\n\t\t\t\t<div class=\"elementor-widget-container\">\n\t\t\t\t\t\t\t\t<p><strong>ADPRENSA.CL<\/strong><\/p><p><a href=\"https:\/\/www.adprensa.cl\/cronica\/utalca-realiza-exitoso-abre-puertas-presencial-como-parte-de-su-campana-de-admision-2023\/\">UTalca realiza exitoso \u201cAbre Puertas\u201d presencial como parte de su campa\u00f1a de admisi\u00f3n 2023. Se refieren Paula Manr\u00edquez, vicerrectora de Pregrado y Paola Morales, director del Ciclo de Vida Estudiantil (CIVE).<\/a><\/p><p>\u00a0<\/p><p><strong>MEDIABANCO.COM<\/strong><\/p><p><a href=\"https:\/\/www.mediabanco.com\/utalca-realiza-exitoso-abre-puertas-presencial-como-parte-de-su-campana-de-admision-2023\/\">UTalca realiza exitoso \u201cAbre Puertas\u201d presencial como parte de su campa\u00f1a de admisi\u00f3n 2023. Se refieren Paula Manr\u00edquez, vicerrectora de Pregrado y Paola Morales, director del Ciclo de Vida Estudiantil (CIVE).<\/a><\/p><p>\u00a0<\/p><p><strong>CANAL 30<\/strong><\/p><p><a href=\"https:\/\/www.litoralpress.cl\/sitio\/RadioTV_Detalles.cshtml?LPKey=R2NGH2BX46WNBTCH7GGWS6GG6ITISAK4BDVUHZX4SSCQVYYBH6WWUW462T4SIKY5GPUQ66EKJWZSA\">Casa de estudios vuelve a abrir sus puertas para los escolares. Se refieren Paula Manr\u00edquez, vicerrectora de Pregrado y Paola Morales, director del Ciclo de Vida Estudiantil (CIVE).<\/a><\/p><p>\u00a0<\/p><p><strong>DIARIOELHERALDO.CL<\/strong><\/p><p><a href=\"https:\/\/www.diarioelheraldo.cl\/noticia\/utalca-realiza-exitoso-abre-puertas-presencial-como-parte-de-su-campana-de-admision-2023\">UTalca realiza exitoso \u201cAbre Puertas\u201d presencial como parte de su campa\u00f1a de admisi\u00f3n 2023. Se refieren Paula Manr\u00edquez, vicerrectora de Pregrado y Paola Morales, director del Ciclo de Vida Estudiantil (CIVE).<\/a><\/p><p>\u00a0<\/p><p><strong>24HORAS.CL<\/strong><\/p><p><a href=\"https:\/\/www.24horas.cl\/te-sirve\/fuas-2023-revisa-cuales-son-las-instituciones-que-cuentan-con-gratuidad\">FUAS 2023: Revisa cu\u00e1les son las instituciones que cuentan con gratuidad. Se menciona a la UTalca.<\/a><\/p><p>\u00a0<\/p><p><strong>LA PRENSA<\/strong><\/p><p><a href=\"https:\/\/www.litoralpress.cl\/paginaconsultas\/Servicios_NClipSitio\/Get_Imagen_Nota.aspx?LPKey=ZPHNCAWUWB2OHU3L2W6RHS3GCMU64MHDM3S5TIOCTS6DR5WT74WOWHSOE7KPX7VS6WH7OWHGJ2TR6\">Premian a Escuela de Arquitectura de la UTalca. Se refiere Andr\u00e9s Maraga\u00f1o, decano de la Facultad de Arquitectura, M\u00fasica y Dise\u00f1o.<\/a><\/p><p>\u00a0<\/p><p><strong>EL HERALDO<\/strong><\/p><p><a href=\"https:\/\/www.litoralpress.cl\/paginaconsultas\/Servicios_NClipSitio\/Get_Imagen_Nota.aspx?LPKey=BO6AFBSSCN3I5QQZHFW3XV3KQNY32KW6KKXPX4IDC3KXXM7FPXGMJCYPO5K7XOQFEOBFBH5SVFAOO\">Arquitectura UTalca es premiada en Bienal Iberoamericana. Se refiere Andr\u00e9s Maraga\u00f1o, decano de la Facultad de Arquitectura, M\u00fasica y Dise\u00f1o.<\/a><\/p><p>\u00a0<\/p><p><strong>ADPRENSA.CL<\/strong><\/p><p><a href=\"https:\/\/www.adprensa.cl\/cronica\/artista-hugo-jorquera-dona-obras-a-la-universidad-de-talca\/\">Artista Hugo Jorquera dona obras a la Universidad de Talca. Se refieren Carlos Torres, rector de la UTalca y Marcela Albornoz, director de Extensi\u00f3n Cultural-Art\u00edstica.<\/a><\/p><p>\u00a0<\/p><p><strong>MEDIABANCO.COM<\/strong><\/p><p><a href=\"https:\/\/www.mediabanco.com\/artista-hugo-jorquera-dona-obras-a-la-universidad-de-talca\/\">Artista Hugo Jorquera dona obras a la Universidad de Talca. Se refieren Carlos Torres, rector de la UTalca y Marcela Albornoz, director de Extensi\u00f3n Cultural-Art\u00edstica.<\/a><\/p><p>\u00a0<\/p><p><strong>TVMAULE.CL<\/strong><\/p><p><a href=\"https:\/\/www.tvmaule.cl\/artista-hugo-jorquera-dona-obras-a-la-universidad-de-talca\/\">Artista Hugo Jorquera dona obras a la Universidad de Talca. Se refieren Carlos Torres, rector de la UTalca y Marcela Albornoz, director de Extensi\u00f3n Cultural-Art\u00edstica.<\/a><\/p><p>\u00a0<\/p><p><strong>EL C\u00d3NDOR<\/strong><\/p><p><a href=\"https:\/\/www.litoralpress.cl\/paginaconsultas\/Servicios_NClipSitio\/Get_Imagen_Nota.aspx?LPKey=B4ZV6RCWCFXCYISED76D6ZG3W5PUTQOEI22MSOOXMIAERLDYSDDGVC2AGBMOWFFNR3AC7EZUHTGK2\">Epidemi\u00f3logo recomienda mantener uso de mascarillas en aglomeraciones y para personas con riesgo de salud. Se refiere Daniel Jim\u00e9nez, director de Salud del Estudiante.<\/a><\/p><p>\u00a0<\/p><p><strong>RANCAGUATV.CL<\/strong><\/p><p><a href=\"https:\/\/www.rancaguatv.cl\/index.php\/noticias-de-actualidad\/48-sociedad\/5723-investigadores-del-cies-explican-como-repercute-la-salud-bucal-deficiente-en-el-erotismo-de-las-personas-mayores\">Investigadores del CIES explican como repercute la salud bucal deficiente en el erotismo de las personas mayores. Se refieren Rodrigo Giacaman, decano de la Facultad de Odontolog\u00eda y Soraya Le\u00f3n, directora del Mag\u00edster en Odontogeriatr\u00eda.<\/a><\/p><p>\u00a0<\/p><p><strong>ENLINEAMAULE.CL<\/strong><\/p><p><a href=\"https:\/\/www.litoralpress.cl\/sitio\/RadioTV_Detalles.cshtml?LPKey=UXXDOBPDV7KTGCCEBBM3GGI62SNNN554MBV7FLDYVMF4TPOZNJ2Y7VXXGNDHIGD3VWSBQ656T4THW\">Entrevista a Patricio Gonz\u00e1lez, acad\u00e9mico del Centro de Investigaci\u00f3n y Transferencia en Riego y Agroclimatolog\u00eda (CITRA).<\/a><\/p><p>\u00a0<\/p><p><strong>RADIO AMIGA<\/strong><\/p><p><a href=\"https:\/\/www.litoralpress.cl\/sitio\/RadioTV_Detalles.cshtml?LPKey=PSH6JCZRFXTT7GY5VZ5AN6W5RO7EBQ7ZUZNGWH6WJNE7XSC7RLSKGTNWITR4NN6LCLNOZAE5DEUQW\">Recomendaciones para evitar estafas en Cyber Monday. Se refiere Rodrigo Bustamante, jefe de la Unidad de Seguridad Digital.<\/a><\/p><p>\u00a0<\/p><p><strong>ITVPATAGONIA.COM<\/strong><\/p><p><a href=\"https:\/\/www.itvpatagonia.com\/nacional\/cyber-monday-como-podemos-protegernos-para-comprar-de-forma-segura\/2022\/10\/04\/633c4fce240391000ac419a6\">Cyber Monday: \u00bfC\u00f3mo podemos protegernos para comprar de forma segura? Se refiere Rodrigo Bustamante, jefe de la Unidad de Seguridad Digital.<\/a><\/p><p>\u00a0<\/p><p><strong>ELNOTERO.CL<\/strong><\/p><p><a href=\"http:\/\/www.elnotero.cl\/?p=9400\">Proyecto Zonas Rezagadas: Gobierno Regional y SENCE capacitar\u00e1n a 450 emprendedores en el Maule. Se menciona al Centro de Inocuidad Alimentaria.<\/a><\/p><p>\u00a0<\/p><p><strong>LA PRENSA<\/strong><\/p><p><a href=\"https:\/\/www.litoralpress.cl\/paginaconsultas\/Servicios_NClipSitio\/Get_Imagen_Nota.aspx?LPKey=6QOAB7MV4C37EQ5V6MODLD34BXPEAERFGXT2GXULZNPVLSVMPNTPC4AWOKM7WO7FYXTSTOLFNGBZW\">Hoy jueves comienza Feria &#8220;Expol\u00fadica&#8221;. Se menciona a la Escuela de Ingenier\u00eda en Desarrollo de Videojuegos y realidad virtual.<\/a><\/p><p>\u00a0<\/p><p><strong>EL TIP\u00d3GRAFO<\/strong><\/p><p><a href=\"https:\/\/www.litoralpress.cl\/sitio\/Prensa_PaginaCompleta.cshtml?LPKey=MFEJJN6RAZVEGAXZLFXYAVT2JIIJBUH2IBGH4XIV6G2BPKCPRR3A\">Medidas econ\u00f3micas del gobierno y proyecci\u00f3n del presupuesto 2023 no convencen. Se refiere Rodrigo Saens, acad\u00e9mico de la Facultad de Econom\u00eda y Negocios (FEN).<\/a><\/p><p>\u00a0<\/p><p><strong>CANAL CNN CHILE<\/strong><\/p><p><a href=\"https:\/\/www.litoralpress.cl\/sitio\/RadioTV_Detalles.cshtml?LPKey=WA64Y7YQV32EVKOIA3GWRCRAKKIDVLF6A2A6HE4UETYGW3KAALWVVWRER6WTKZD4V4EYNQA47ZC3W\">Constanza Sch\u00f6nhaut asumir\u00e1 como asesora pol\u00edtica del gabinete de ministra Toh\u00e1. Se refiere Mauricio Morales, director del Centro de An\u00e1lisis Pol\u00edtico (CAP).<\/a><\/p><p>\u00a0<\/p><p><strong>RADIO INFINITA<\/strong><\/p><p><a href=\"https:\/\/www.litoralpress.cl\/sitio\/RadioTV_Detalles.cshtml?LPKey=RYXIWXZ3TXXSF6XCNOYCBJIGGJJWQPQF2AWW7X5YFXD2VEAZBXLHOAAR3TFKQWNTCG7G3LFVIL3SG\">Comentario de Mauricio Morales, director del Centro de An\u00e1lisis Pol\u00edtico (CAP).<\/a><\/p><p>\u00a0<\/p><p><strong>EMOL.COM<\/strong><\/p><p><a href=\"https:\/\/comentarista.emol.com\/2294117\/23555664\/Emol-Social-Facts.html\">\u00bfQu\u00e9 cambios traer\u00e1 para el pa\u00eds la disoluci\u00f3n de la funci\u00f3n de la Primera Dama? Los efectos detr\u00e1s de esta decisi\u00f3n. Se refiere Mauricio Morales, director del Centro de An\u00e1lisis Pol\u00edtico (CAP).<\/a><\/p><p>\u00a0<\/p><p><strong>ELMOSTRADOR.CL<\/strong><\/p><p><a href=\"https:\/\/www.elmostrador.cl\/destacado\/2022\/10\/06\/la-mesa-paralela-de-walker-y-rincon-parlamentarios-los-acusan-de-arrancarse-con-los-tarros-y-dejar-botados-a-los-independientes\/\">La mesa paralela de Walker y Rinc\u00f3n: parlamentarios los acusan de &#8220;arrancarse con los tarros&#8221; y dejar botados a los independientes. Se refiere Mauricio Morales, director del Centro de An\u00e1lisis Pol\u00edtico (CAP).<\/a><\/p><p>\u00a0<\/p><p><strong>ELDESCONCIERTO.CL<\/strong><\/p><p><a href=\"https:\/\/www.eldesconcierto.cl\/reportajes\/2022\/10\/06\/empoderadas-y-lejos-del-instagovernment-el-primer-mes-de-toha-y-uriarte-en-la-moneda.html\">Empoderadas y lejos del \u00abinstagovernment\u00bb: El primer mes de Toh\u00e1 y Uriarte en La Moneda. Se refiere Mauricio Morales, director del Centro de An\u00e1lisis Pol\u00edtico (CAP).<\/a><\/p><p>\u00a0<\/p><p><strong>RADIO INICIA<\/strong><\/p><p><a href=\"https:\/\/www.litoralpress.cl\/sitio\/RadioTV_Detalles.cshtml?LPKey=KBDPTORY7R64XPAVQLXW5PE55AAYDFPA7H725FOWB5XMCTVDXN453ZEI4CS2ZRW5WD25E64KNZQOU\">Entrevista a Fabi\u00e1n Belmar, investigador del Centro de An\u00e1lisis Pol\u00edtico (CAP).<\/a><\/p><p>\u00a0<\/p><p><strong>DIARIOTALCA.CL<\/strong><\/p><p><a href=\"https:\/\/diariotalca.cl\/a-sus-hijas-o-hijos-les-gusta-la-ciencia-aqui-detalles-de-evento-especial-en-talca\/\">\u00bfA sus hijas o hijos les gusta la ciencia? Aqu\u00ed detalles de evento especial en Talca. Se menciona a Explora Maule.<\/a><\/p><p>\u00a0<\/p>\t\t\t\t\t\t<\/div>\n\t\t\t\t<\/div>\n\t\t\t\t\t<\/div>\n\t\t<\/div>\n\t\t\t\t\t\t\t<\/div>\n\t\t<\/section>\n\t\t\t\t\t\t<\/div>\n\t\t\t\t\t<\/div>\n\t\t","protected":false},"excerpt":{"rendered":"<p>ADPRENSA.CL UTalca realiza exitoso \u201cAbre Puertas\u201d presencial como parte de su campa\u00f1a de admisi\u00f3n 2023. Se refieren Paula Manr\u00edquez, vicerrectora de Pregrado y Paola Morales, director del Ciclo de Vida Estudiantil (CIVE). \u00a0 MEDIABANCO.COM UTalca realiza exitoso \u201cAbre Puertas\u201d presencial como parte de su campa\u00f1a de admisi\u00f3n 2023. Se refieren Paula Manr\u00edquez, vicerrectora de Pregrado &hellip;<\/p>\n<p class=\"read-more\"> <a class=\"\" href=\"https:\/\/www.reportedeprensa.utalca.cl\/?p=5169\"> <span class=\"screen-reader-text\">07 de octubre de 2022<\/span> Read More &raquo;<\/a><\/p>\n","protected":false},"author":1,"featured_media":0,"comment_status":"closed","ping_status":"open","sticky":false,"template":"","format":"standard","meta":{"_monsterinsights_skip_tracking":false,"_monsterinsights_sitenote_active":false,"_monsterinsights_sitenote_note":"","_monsterinsights_sitenote_category":0},"categories":[26],"tags":[],"_links":{"self":[{"href":"https:\/\/www.reportedeprensa.utalca.cl\/index.php?rest_route=\/wp\/v2\/posts\/5169"}],"collection":[{"href":"https:\/\/www.reportedeprensa.utalca.cl\/index.php?rest_route=\/wp\/v2\/posts"}],"about":[{"href":"https:\/\/www.reportedeprensa.utalca.cl\/index.php?rest_route=\/wp\/v2\/types\/post"}],"author":[{"embeddable":true,"href":"https:\/\/www.reportedeprensa.utalca.cl\/index.php?rest_route=\/wp\/v2\/users\/1"}],"replies":[{"embeddable":true,"href":"https:\/\/www.reportedeprensa.utalca.cl\/index.php?rest_route=%2Fwp%2Fv2%2Fcomments&post=5169"}],"version-history":[{"count":7,"href":"https:\/\/www.reportedeprensa.utalca.cl\/index.php?rest_route=\/wp\/v2\/posts\/5169\/revisions"}],"predecessor-version":[{"id":5186,"href":"https:\/\/www.reportedeprensa.utalca.cl\/index.php?rest_route=\/wp\/v2\/posts\/5169\/revisions\/5186"}],"wp:attachment":[{"href":"https:\/\/www.reportedeprensa.utalca.cl\/index.php?rest_route=%2Fwp%2Fv2%2Fmedia&parent=5169"}],"wp:term":[{"taxonomy":"category","embeddable":true,"href":"https:\/\/www.reportedeprensa.utalca.cl\/index.php?rest_route=%2Fwp%2Fv2%2Fcategories&post=5169"},{"taxonomy":"post_tag","embeddable":true,"href":"https:\/\/www.reportedeprensa.utalca.cl\/index.php?rest_route=%2Fwp%2Fv2%2Ftags&post=5169"}],"curies":[{"name":"wp","href":"https:\/\/api.w.org\/{rel}","templated":true}]}}