{"id":5190,"date":"2022-10-11T09:59:27","date_gmt":"2022-10-11T12:59:27","guid":{"rendered":"https:\/\/www.reportedeprensa.utalca.cl\/?p=5190"},"modified":"2022-10-11T10:21:20","modified_gmt":"2022-10-11T13:21:20","slug":"11-de-octubre-de-2022","status":"publish","type":"post","link":"https:\/\/www.reportedeprensa.utalca.cl\/?p=5190","title":{"rendered":"11 de octubre de 2022"},"content":{"rendered":"\t\t<div data-elementor-type=\"wp-post\" data-elementor-id=\"5190\" class=\"elementor elementor-5190\" data-elementor-settings=\"[]\">\n\t\t\t\t\t\t\t<div class=\"elementor-section-wrap\">\n\t\t\t\t\t\t\t<section class=\"elementor-section elementor-top-section elementor-element elementor-element-44052ab7 elementor-section-boxed elementor-section-height-default elementor-section-height-default\" data-id=\"44052ab7\" data-element_type=\"section\">\n\t\t\t\t\t\t<div class=\"elementor-container elementor-column-gap-default\">\n\t\t\t\t\t<div class=\"elementor-column elementor-col-100 elementor-top-column elementor-element elementor-element-5b002d83\" data-id=\"5b002d83\" data-element_type=\"column\">\n\t\t\t<div class=\"elementor-widget-wrap elementor-element-populated\">\n\t\t\t\t\t\t\t\t<div class=\"elementor-element elementor-element-477998b8 elementor-widget elementor-widget-text-editor\" data-id=\"477998b8\" data-element_type=\"widget\" data-widget_type=\"text-editor.default\">\n\t\t\t\t<div class=\"elementor-widget-container\">\n\t\t\t\t\t\t\t\t<p><strong>CANAL CONTIVISI\u00d3N<\/strong><\/p><p><a href=\"https:\/\/www.litoralpress.cl\/sitio\/RadioTV_Detalles.cshtml?LPKey=EESHKK42PT7R6XNGRTRKYX3MEF6HPPVZXYXRLYUBD2H2MCNC2J6UOWRBV35QPGBNU4MT4QNCBZ4N4\">Reafirman convenio de colaboraci\u00f3n entre Vi\u00f1a Concha y Toro y la Universidad de Talca. Se refieren Carlos Torres, rector de la UTalca; Cristi\u00e1n Rojas, vicerrector Acad\u00e9mico; y Ariela Vergara, vicerrectora de Innovaci\u00f3n.<\/a><\/p><p>\u00a0<\/p><p><strong>MEDIABANCO.COM<\/strong><\/p><p><a href=\"https:\/\/www.mediabanco.com\/reafirman-convenio-de-colaboracion-entre-vina-concha-y-toro-y-la-universidad-de-talca\/\">Reafirman convenio de colaboraci\u00f3n entre Vi\u00f1a Concha y Toro y la Universidad de Talca. Se refieren Carlos Torres, rector de la UTalca; Cristi\u00e1n Rojas, vicerrector Acad\u00e9mico; y Ariela Vergara, vicerrectora de Innovaci\u00f3n.<\/a><\/p><p>\u00a0<\/p><p><strong>DIARIOELHERALDO.CL<\/strong><\/p><p><a href=\"https:\/\/www.diarioelheraldo.cl\/noticia\/reafirman-convenio-de-colaboracion-entre-vina-concha-y-toro-y-la-universidad-de-talca\">Reafirman convenio de colaboraci\u00f3n entre Vi\u00f1a Concha y Toro y la Universidad de Talca. Se refieren Carlos Torres, rector de la UTalca; Cristi\u00e1n Rojas, vicerrector Acad\u00e9mico; y Ariela Vergara, vicerrectora de Innovaci\u00f3n.<\/a><\/p><p>\u00a0<\/p><p><strong>LA PRENSA<\/strong><\/p><p><a href=\"https:\/\/www.litoralpress.cl\/paginaconsultas\/Servicios_NClipSitio\/Get_Imagen_Nota.aspx?LPKey=A7A6SRTIVLFUPE62OFCBSXZJI3SURGEZFGZDL4BYLGN6T6HVNFC5E4BG6WYGKHPKZEYPXBUXYLC7S\">UTalca inaugura sala de Exposiciones en Campus Linares. Se refiere Carlos Torres, rector de la Universidad y Carolina Iturra, decana de la Facultad de Ciencias de la Educaci\u00f3n.<\/a><\/p><p>\u00a0<\/p><p><strong>ADPRENSA.CL<\/strong><\/p><p><a href=\"https:\/\/www.adprensa.cl\/cronica\/utalca-inaugura-nueva-sala-de-exposiciones-en-campus-linares\/\">UTalca inaugura sala de Exposiciones en Campus Linares. Se refiere Carlos Torres, rector de la Universidad; Carolina Iturra, decana de la Facultad de Ciencias de la Educaci\u00f3n; y Marcela Albornoz, directora de Extensi\u00f3n Cultural-Art\u00edstica.<\/a><\/p><p>\u00a0<\/p><p><strong>MEDIABANCO.COM<\/strong><\/p><p><a href=\"https:\/\/www.mediabanco.com\/utalca-inaugura-nueva-sala-de-exposiciones-en-campus-linares\/\">UTalca inaugura sala de Exposiciones en Campus Linares. Se refiere Carlos Torres, rector de la Universidad; Carolina Iturra, decana de la Facultad de Ciencias de la Educaci\u00f3n; y Marcela Albornoz, directora de Extensi\u00f3n Cultural-Art\u00edstica.<\/a><\/p><p>\u00a0<\/p><p><strong>CANAL CONTIVISI\u00d3N<\/strong><\/p><p><a href=\"https:\/\/www.litoralpress.cl\/sitio\/RadioTV_Detalles.cshtml?LPKey=VD7JCMZY52TNBZZEHW5PK3R4ZG2BE6RXCWSMJIPYUW4L4E33MDQZQZI7H2RHXOE6IHWSEP27BTK7M\">Pintor Hugo Jorquera realiz\u00f3 importante donaci\u00f3n de obras a la Universidad de Talca. Se refieren Carlos Torres, rector de la UTalca y Marcela Albornoz, directora de Extensi\u00f3n Cultural-Art\u00edstica.<\/a><\/p><p>\u00a0<\/p><p><strong>DIARIOTALCA.CL<\/strong><\/p><p><a href=\"https:\/\/diariotalca.cl\/artista-hugo-jorquera-dona-obras-a-la-universidad-de-talca\/\">Artista Hugo Jorquera dona obras a la Universidad de Talca. Se refiere Carlos Torres, rector de la UTalca.<\/a><\/p><p>\u00a0<\/p><p><strong>TVMAULE.CL<\/strong><\/p><p><a href=\"https:\/\/www.tvmaule.cl\/arquitectura-utalca-es-premiada-en-bienal-iberoamericana\/\">Arquitectura UTalca es premiada en Bienal Iberoamericana. Se refieren Andr\u00e9s Maraga\u00f1o, decano de la Facultad de Arquitectura, M\u00fasica y Dise\u00f1o; Blanca Z\u00fa\u00f1iga, directora de la Escuela de Arquitectura; y Germ\u00e1n Valenzuela, acad\u00e9mico de la misma Unidad.<\/a><\/p><p>\u00a0<\/p><p><strong>RADIO COOPERATIVA<\/strong><\/p><p><a href=\"https:\/\/www.litoralpress.cl\/sitio\/RadioTV_Detalles.cshtml?LPKey=C7XOPXRPNCEGWK2WPTIJ5XDL6UOTQPH5QID5INCQIE4HQA5REJ6DKDNS4WUD4KJXC76MK4JKXS6TU\">Se celebra el D\u00eda Mundial de la Salud Mental. Se refiere Nadia Ramos, directora del Centro de Psicolog\u00eda Aplicada (CEPA).<\/a><\/p><p>\u00a0<\/p><p><strong>COOPERATIVA.CL<\/strong><\/p><p><a href=\"https:\/\/www.cooperativa.cl\/noticias\/sociedad\/salud\/dia-mundial-de-la-salud-mental-especialista-apunto-al-impacto-negativo\/2022-10-10\/140211.html\">D\u00eda Mundial de la Salud Mental: Especialista apunt\u00f3 al impacto negativo de cuarentenas por Covid-19. Se refiere Nadia Ramos, directora del Centro de Psicolog\u00eda Aplicada (CEPA).<\/a><\/p><p>\u00a0<\/p><p><strong>ADPRENSA.CL<\/strong><\/p><p><a href=\"https:\/\/www.adprensa.cl\/cronica\/dia-mundial-de-la-salud-mental-olvidar-los-estigmas-e-informarse-ayudan-a-mejorar-el-bienestar-emocional\/\">D\u00eda Mundial de la Salud Mental: Olvidar los estigmas e informarse ayudan a mejorar el bienestar emocional. Se refiere Nadia Ramos, directora del Centro de Psicolog\u00eda Aplicada (CEPA).<\/a><\/p><p>\u00a0<\/p><p><strong>MEDIABANCO.COM<\/strong><\/p><p><a href=\"https:\/\/www.mediabanco.com\/dia-mundial-de-la-salud-mental-olvidar-los-estigmas-e-informarse-ayudan-a-mejorar-el-bienestar-emocional\/\">D\u00eda Mundial de la Salud Mental: Olvidar los estigmas e informarse ayudan a mejorar el bienestar emocional. Se refiere Nadia Ramos, directora del Centro de Psicolog\u00eda Aplicada (CEPA).<\/a><\/p><p>\u00a0<\/p><p><strong>CHILEESNOTICIA.COM<\/strong><\/p><p><a href=\"https:\/\/chileesnoticia.com\/2022\/10\/10\/audio-dia-mundial-de-la-salud-mental-especialista-apunto-al-impacto-negativo-de-cuarentenas-por-covid-19\/\">D\u00eda Mundial de la Salud Mental: Especialista apunt\u00f3 al impacto negativo de cuarentenas por Covid-19. Se refiere Nadia Ramos, directora del Centro de Psicolog\u00eda Aplicada (CEPA).<\/a><\/p><p>\u00a0<\/p><p><strong>DIARIOTALCA.CL<\/strong><\/p><p><a href=\"https:\/\/diariotalca.cl\/especialista-entrega-recomendaciones-en-el-dia-mundial-de-la-salud-mental\/\">Especialista entrega recomendaciones en el D\u00eda Mundial de la Salud Mental. Se refiere Nadia Ramos, directora del Centro de Psicolog\u00eda Aplicada (CEPA).<\/a><\/p><p>\u00a0<\/p><p><strong>G5NOTICIAS.CL<\/strong><\/p><p><a href=\"https:\/\/g5noticias.cl\/2022\/10\/10\/dia-mundial-de-la-salud-mental-olvidar-los-estigmas-e-informarse-ayudan-a-mejorar-el-bienestar-emocional\/\">D\u00eda Mundial de la Salud Mental: Olvidar los estigmas e informarse ayudan a mejorar el bienestar emocional. Se refiere Nadia Ramos, directora del Centro de Psicolog\u00eda Aplicada (CEPA).<\/a><\/p><p>\u00a0<\/p><p><strong>RADIO ADN<\/strong><\/p><p><a href=\"https:\/\/www.litoralpress.cl\/sitio\/RadioTV_Detalles.cshtml?LPKey=URAUWJP2DNK27ZCKRJHJFDKLO7YUX65OBTEK537B4JGWGWNOWJUVJEU6PA5IVIMNEJYA3LGYGQXWG\">El Ministerio de Salud inform\u00f3 de la llegada a Chile del primer cargamento de vacunas contra la viruela del mono. Se refiere Sergio Wehinger, director del Mag\u00edster en Ciencias Biom\u00e9dicas.<\/a><\/p><p>\u00a0<\/p><p><strong>CANAL CONTIVISI\u00d3N<\/strong><\/p><p><a href=\"https:\/\/www.litoralpress.cl\/sitio\/RadioTV_Detalles.cshtml?LPKey=HXMVWDSNRQRJILLIK7FEHON7IYGBP6B3DHKQLLJ7NS77FTHOWEYKCWXZUS4MIYNWQMWOGMZKRF4YO\">Este jueves finaliz\u00f3 el programa Abre Puertas de la Universidad de Talca.<\/a><\/p><p>\u00a0<\/p><p><strong>ELCENTRO.CL<\/strong><\/p><p><a href=\"https:\/\/elcentro.cl\/2022\/10\/07\/utalca-realiza-exitoso-abre-puertas-presencial-como-parte-de-su-campana-de-admision-2023\/\">UTalca realiza exitoso \u201cAbre Puertas\u201d presencial como parte de su campa\u00f1a de admisi\u00f3n 2023. Se refieren Paula Manr\u00edquez, vicerrectora de Pregrado y Paola Morales, directora de Ciclo de Vida Estudiantil (CIVE).<\/a><\/p><p>\u00a0<\/p><p><strong>RADIO FUTURA<\/strong><\/p><p><a href=\"https:\/\/www.litoralpress.cl\/sitio\/RadioTV_Detalles.cshtml?LPKey=L4TMI42MQEE552QGVPKWP3IJTAMKJURNXUFVVSKDBRJMJQMHFHJRRBRS7QK5C2ISVFUTE6A4I5MQC\">Entrevista a Karin Saavedra, directora general de Vinculaci\u00f3n con el Medio.<\/a><\/p><p>\u00a0<\/p><p><strong>CANAL TVN RED MAULE<\/strong><\/p><p><a href=\"https:\/\/www.litoralpress.cl\/sitio\/RadioTV_Detalles.cshtml?LPKey=XPVWEBKBW2TDINETG3SD5CXYCPYLWFCKX2F5IF5NV56UDMOETBKVN2O7ZXDYNVRQ5VHNHPOEBYYCM\">Festival de las Ciencias se realiza el s\u00e1bado y domingo en la Alameda.<\/a><\/p><p>\u00a0<\/p><p><strong>LA PRENSA<\/strong><\/p><p><a href=\"https:\/\/www.litoralpress.cl\/paginaconsultas\/Servicios_NClipSitio\/Get_Imagen_Nota.aspx?LPKey=JSI5EKQJOKSLR26WJ6VXTAPAWN3ZEZZ25THECVFMCC36UVYYNNY47FINBNPXQPPFXW4V7A67YDHZI\">Explora Maule: Acercando la ciencia la comunidad. Se refiere Karin Saavedra, directora general de Vinculaci\u00f3n con el Medio.<\/a><\/p><p>\u00a0<\/p><p><strong>EL LECTOR<\/strong><\/p><p><a href=\"https:\/\/www.litoralpress.cl\/paginaconsultas\/Servicios_NClipSitio\/Get_Imagen_Nota.aspx?LPKey=NT43DKMCSPA4EFDIEQXAULFYKAHJSPWKWDU4IZSLLSZTIS6BVXKJYL3KSXU3ZG3TVPXWXZIN6URCK\">UTalca celebra el conocimiento con Festival de las Ciencias. Se refiere Karin Saavedra, directora general de Vinculaci\u00f3n con el Medio.<\/a><\/p><p>\u00a0<\/p><p><strong>ADPRENSA.CL<\/strong><\/p><p><a href=\"https:\/\/www.adprensa.cl\/cronica\/utalca-celebra-el-conocimiento-con-festival-de-las-ciencias\/\">UTalca celebra el conocimiento con Festival de las Ciencias. Se refiere Karin Saavedra, directora general de Vinculaci\u00f3n con el Medio.<\/a><\/p><p>\u00a0<\/p><p><strong>MEDIABANCO.COM<\/strong><\/p><p><a href=\"https:\/\/www.mediabanco.com\/utalca-celebra-el-conocimiento-con-festival-de-las-ciencias\/\">UTalca celebra el conocimiento con Festival de las Ciencias. Se refiere Karin Saavedra, directora general de Vinculaci\u00f3n con el Medio.<\/a><\/p><p>\u00a0<\/p><p><strong>DIARIOLAPRENSA.CL<\/strong><\/p><p><a href=\"https:\/\/new.diariolaprensa.cl\/index.php\/2022\/10\/10\/explora-maule-acercando-la-ciencia-a-la-comunidad\/\">Explora Maule: Acercando la ciencia la comunidad. Se refiere Karin Saavedra, directora general de Vinculaci\u00f3n con el Medio.<\/a><\/p><p>\u00a0<\/p><p><strong>EL MERCURIO<\/strong><\/p><p><a href=\"https:\/\/www.litoralpress.cl\/paginaconsultas\/Servicios_NClipSitio\/Get_Imagen_Nota.aspx?LPKey=PPWS676VQYSZTWOSX53SLKI3XMACWMDHMKBJCEZAJ5MS6ZDA6ABL2UHB54DVGB6AWHHARF3FLUY6C\">Fin de las mascarillas en el aula impulsa reflexiones sobre convivencia y respeto. Se refiere Clara Lorca, psic\u00f3loga del Programa PACE UTalca.<\/a><\/p><p>\u00a0<\/p><p><strong>RADIO DE CARABINEROS DE CHILE<\/strong><\/p><p><a href=\"https:\/\/www.litoralpress.cl\/sitio\/RadioTV_Detalles.cshtml?LPKey=T6GMCXBRFVXXUS66V326PKXOCOT7RT6JTTCHU25PFOY26VS4N43DCCBLE5NMJKSZ3GOE54KQ5YYJM\">Entrevista a Clara Lorca, psic\u00f3loga del programa PACE UTalca.<\/a><\/p><p>\u00a0<\/p><p><strong>RADIO BIO B\u00cdO DE VALPARA\u00cdSO<\/strong><\/p><p><a href=\"https:\/\/www.litoralpress.cl\/sitio\/RadioTV_Detalles.cshtml?LPKey=PRBNCK54IXM4EXDVX7GCJ7R2ARTB47SZRFND3SEYYP3FJ54WNZSRYWUK2UHFM3VTXLP336BOEXAKC\">Sobre el avistamiento de ballenas en la bah\u00eda de Conc\u00f3n. Se refiere Sim\u00f3n Ruiz, director del Instituto de Ciencias Biol\u00f3gicas.<\/a><\/p><p>\u00a0<\/p><p><strong>RADIO AMIGA<\/strong><\/p><p><a href=\"https:\/\/www.litoralpress.cl\/sitio\/RadioTV_Detalles.cshtml?LPKey=6HV5LR6SCVWUVZE7HKBXWNBC5P2U7GJHVGDNKSDIFAAMJFZMNNOSCICPBUBLQFXGLLO244JG6ZGKO\">Se esperan que las temperaturas lleguen a los 38 grados en verano. Se refiere Patricio Gonz\u00e1lez, acad\u00e9mico del Centro de Investigaci\u00f3n y Transferencia en Riego y Agroclimatolog\u00eda (CITRA).<\/a><\/p><p><strong>\u00a0<\/strong><\/p><p><strong>EL HERALDO<\/strong><\/p><p><a href=\"https:\/\/www.litoralpress.cl\/paginaconsultas\/Servicios_NClipSitio\/Get_Imagen_Nota.aspx?LPKey=QINMD5NBGJ63NOCOYAUEPZMNHKR2Q5BW6I6GADZPGVZX4QRAH7FJ2EGS5NXMYN7XSCXW7TNYJAAQ4\">Organizaci\u00f3n internacional de control de la erosi\u00f3n distingui\u00f3 aporte de la UTalca. Se refiere Roberto Pizarro, acad\u00e9mico de la Escuela de Ingenier\u00eda Forestal.<\/a><\/p><p>\u00a0<\/p><p><strong>ADPRENSA.CL<\/strong><\/p><p><a href=\"https:\/\/www.adprensa.cl\/cronica\/organizacion-internacional-de-control-de-la-erosion-distinguio-aporte-de-la-utalca\/\">Organizaci\u00f3n internacional de control de la erosi\u00f3n distingui\u00f3 aporte de la UTalca. Se refiere Roberto Pizarro, acad\u00e9mico de la Escuela de Ingenier\u00eda Forestal.<\/a><\/p><p>\u00a0<\/p><p><strong>MEDIABANCO.COM<\/strong><\/p><p><a href=\"https:\/\/www.mediabanco.com\/organizacion-internacional-de-control-de-la-erosion-distinguio-aporte-de-la-utalca\/\">Organizaci\u00f3n internacional de control de la erosi\u00f3n distingui\u00f3 aporte de la UTalca. Se refiere Roberto Pizarro, acad\u00e9mico de la Escuela de Ingenier\u00eda Forestal.<\/a><\/p><p>\u00a0<\/p><p><strong>ELMAULEINFORMA.CL<\/strong><\/p><p><a href=\"https:\/\/elmauleinforma.cl\/rusia-y-eeuu-la-bomba-atomica-y-la-paz-perpetua\/\">Rusia y EEUU: La bomba at\u00f3mica y la paz perpetua. Columna de opini\u00f3n de Jorge Navarrete, acad\u00e9mico de la Facultad de Econom\u00eda y Negocios (FEN).<\/a><\/p><p>\u00a0<\/p><p><strong>RADIO COOPERATIVA<\/strong><\/p><p><a href=\"https:\/\/www.litoralpress.cl\/sitio\/RadioTV_Detalles.cshtml?LPKey=SG4Q3FEMGG5NOS52MLTXZHCP2VNHBG5TCFRIHTSWAH4YROH75JRIEQYHASBFBBQOWSMPPGNNUZKCS\">Especialistas sostiene que el IPC de septiembre podr\u00eda ser un punto de inflexi\u00f3n respecto de la inflaci\u00f3n. Se refiere Rodrigo Saens, acad\u00e9mico de la Facultad de Econom\u00eda y Negocios (FEN).<\/a><\/p><p>\u00a0<\/p><p><strong>RADIO UNIVERSIDAD DE CHILE<\/strong><\/p><p><a href=\"https:\/\/www.litoralpress.cl\/sitio\/RadioTV_Detalles.cshtml?LPKey=ZZDJJNGRHMQSAPWYGBVMGEZQVEG4PZMMBEBKRTTWG6TQXHQFIPAOOBT6YBG4ZAT6URTDNZIES3JEW\">Cifras del IPC. Se refiere Rodrigo Saens, acad\u00e9mico de la Facultad de Econom\u00eda y Negocios (FEN).<\/a><\/p><p>\u00a0<\/p><p><strong>COOPERATIVA.CL<\/strong><\/p><p><a href=\"https:\/\/www.cooperativa.cl\/noticias\/pais\/consumidores\/inflacion\/aun-falta-mucho-expertos-y-parlamentarios-se-toman-con-cautela-la\/2022-10-08\/142956.html\">&#8220;A\u00fan falta mucho&#8221;: Expertos y parlamentarios se toman con cautela la inflaci\u00f3n de septiembre. Se refiere Rodrigo Saens, acad\u00e9mico de la Facultad de Econom\u00eda y Negocios (FEN).<\/a><\/p><p>\u00a0<\/p><p><strong>RADIO.UCHILE.CL<\/strong><\/p><p><a href=\"https:\/\/radio.uchile.cl\/2022\/10\/07\/ipc-de-septiembre-marcel-confirma-inflexion-en-la-inflacion-mientras-parlamentarios-reparan-en-el-alza-sostenida-de-los-alimentos\/\">IPC de septiembre: Marcel confirma cambio de tendencia en la inflaci\u00f3n mientras parlamentarios reparan en el alza de los alimentos. Se refiere Rodrigo Saens, acad\u00e9mico de la Facultad de Econom\u00eda y Negocios (FEN).<\/a><\/p><p>\u00a0<\/p><p><strong>CANAL ANTOFAGASTA TV<\/strong><\/p><p><a href=\"https:\/\/www.litoralpress.cl\/sitio\/RadioTV_Detalles.cshtml?LPKey=K7IVECLTVWSEQXBDGU542HPNN4BRE3N2YXVXEI546OVIY5UGND7K6OLBAMO55HD7MNTDRJRYI3UIW\">Estudio de la U de Talca sobre el deterioro en la calidad de vida de los adultos mayores que residen en los ELEAM. Se refiere Germ\u00e1n Lobos, acad\u00e9mico de la Facultad de Econom\u00eda y Negocios (FEN).<\/a><\/p><p>\u00a0<\/p><p><strong>EL MERCURIO<\/strong><\/p><p><a href=\"https:\/\/www.litoralpress.cl\/sitio\/Prensa_PaginaCompleta.cshtml?LPKey=NDMOJRIXVKAQQXAFLPMCBP2OKU53B4GVV7UJVJ5QCDH6XV25JSUA\">La Moneda frente a su derrota: Un trago amargo que no termina de pasar. Se refiere Mauricio Morales, director del Centro de An\u00e1lisis Pol\u00edtico (CAP).<\/a><\/p><p>\u00a0<\/p><p><strong>CANAL MEGA<\/strong><\/p><p><a href=\"https:\/\/www.litoralpress.cl\/sitio\/RadioTV_Detalles.cshtml?LPKey=WG74E2ZZDAH5OWMMP4VWOCLTBZIYFWOTY3QXGLYD6F6JB54XMOG63D2DRRJ7Z6ZLZKT2PY3TB6XSW\">Crisis de orden p\u00fablico en el pa\u00eds. Se refiere Mauricio Morales, director del Centro de An\u00e1lisis Pol\u00edtico (CAP).<\/a><\/p><p>\u00a0<\/p><p><strong>CANAL MEGA<\/strong><\/p><p><a href=\"https:\/\/www.litoralpress.cl\/sitio\/RadioTV_Detalles.cshtml?LPKey=DSZXNE4QTJL2ZXYKGQEVZOYNRLN6PYVOT37ZA23QFSFORSXMAQJ5ADP3JHQZIEEZUB4TMATC7OLOE\">Aumento de los delitos contra la vida. Se refiere Mauricio Morales, director del Centro de An\u00e1lisis Pol\u00edtico (CAP).<\/a><\/p><p>\u00a0<\/p><p><strong>CANAL MEGA<\/strong><\/p><p><a href=\"https:\/\/www.litoralpress.cl\/sitio\/RadioTV_Detalles.cshtml?LPKey=EBR4VI2ZNEKGJLC6RO4QKANPUOWZUZCGQOVTTJVKCYNGVCQJON6KVKNP4I5K2VAGMGA32TW23KC2E\">74% de los chilenos quiere una nueva propuesta constitucional. Se refiere Mauricio Morales, director del Centro de An\u00e1lisis Pol\u00edtico (CAP).<\/a><\/p><p>\u00a0<\/p><p><strong>CANAL MEGA<\/strong><\/p><p><a href=\"https:\/\/www.litoralpress.cl\/sitio\/RadioTV_Detalles.cshtml?LPKey=5TFO5PIN6ED43F3UVABW2MU7EAWOJNLJLT7YRE3QPTIFYBKB4ULJMJTEYKC7TUQX3PIGJWKBARG7C\">\u00bfQu\u00e9 falta para el acuerdo constitucional? Se refiere Mauricio Morales, director del Centro de An\u00e1lisis Pol\u00edtico (CAP).<\/a><\/p><p>\u00a0<\/p><p><strong>CANAL CNN CHILE<\/strong><\/p><p><a href=\"https:\/\/www.litoralpress.cl\/sitio\/RadioTV_Detalles.cshtml?LPKey=TSBMJ36OM2F4D7H6QJ64M7U6OKZXDPGDLAICLPMLJWTLHBG7YM4MQMQOJMVG74PDRLKFYXITB74W4\">Qu\u00e9 organismo redactar\u00e1 la nueva Constituci\u00f3n. Se refiere Mauricio Morales, director del Centro de An\u00e1lisis Pol\u00edtico (CAP).<\/a><\/p><p>\u00a0<\/p><p><strong>RADIO INFINITA<\/strong><\/p><p><a href=\"https:\/\/www.litoralpress.cl\/sitio\/RadioTV_Detalles.cshtml?LPKey=NI73IUOJIZQTECQ4LBPHZJHUM2A2AFLTE6SMY4TO2A6R2H2ZS7LZS2V422NC2VAWDUVOCIRUV6J3A\">Comentario de Mauricio Morales, director del Centro de An\u00e1lisis Pol\u00edtico (CAP).<\/a><\/p><p>\u00a0<\/p><p><strong>EMOL.COM<\/strong><\/p><p><a href=\"https:\/\/www.emol.com\/noticias\/Nacional\/2022\/10\/10\/1075039\/presidente-el-salvador-nayib-bukele.html\">El estilo Bukele y el momento pol\u00edtico de El Salvador: Entre acusaciones de autoritarismo y una casi segura reelecci\u00f3n. Se refiere Mauricio Morales, director del Centro de An\u00e1lisis Pol\u00edtico (CAP).<\/a><\/p><p>\u00a0<\/p><p><strong>MEGANOTICIAS.CL<\/strong><\/p><p><a href=\"https:\/\/www.meganoticias.cl\/nacional\/392345-columna-opinion-mauricio-morales-analista-politico-resultados-encuesta-cadem-proceso-constituyente-09-10-2022.html\">Mauricio Morales y Cadem: &#8220;Si el gobierno insiste en discutir todas las reformas al mismo tiempo, est\u00e1 condenado&#8221;. Se refiere Mauricio Morales, director del Centro de An\u00e1lisis Pol\u00edtico (CAP).<\/a><\/p><p>\u00a0<\/p>\t\t\t\t\t\t<\/div>\n\t\t\t\t<\/div>\n\t\t\t\t\t<\/div>\n\t\t<\/div>\n\t\t\t\t\t\t\t<\/div>\n\t\t<\/section>\n\t\t\t\t\t\t<\/div>\n\t\t\t\t\t<\/div>\n\t\t","protected":false},"excerpt":{"rendered":"<p>CANAL CONTIVISI\u00d3N Reafirman convenio de colaboraci\u00f3n entre Vi\u00f1a Concha y Toro y la Universidad de Talca. Se refieren Carlos Torres, rector de la UTalca; Cristi\u00e1n Rojas, vicerrector Acad\u00e9mico; y Ariela Vergara, vicerrectora de Innovaci\u00f3n. \u00a0 MEDIABANCO.COM Reafirman convenio de colaboraci\u00f3n entre Vi\u00f1a Concha y Toro y la Universidad de Talca. Se refieren Carlos Torres, rector &hellip;<\/p>\n<p class=\"read-more\"> <a class=\"\" href=\"https:\/\/www.reportedeprensa.utalca.cl\/?p=5190\"> <span class=\"screen-reader-text\">11 de octubre de 2022<\/span> Read More &raquo;<\/a><\/p>\n","protected":false},"author":1,"featured_media":0,"comment_status":"closed","ping_status":"open","sticky":false,"template":"","format":"standard","meta":{"_monsterinsights_skip_tracking":false,"_monsterinsights_sitenote_active":false,"_monsterinsights_sitenote_note":"","_monsterinsights_sitenote_category":0},"categories":[26],"tags":[],"_links":{"self":[{"href":"https:\/\/www.reportedeprensa.utalca.cl\/index.php?rest_route=\/wp\/v2\/posts\/5190"}],"collection":[{"href":"https:\/\/www.reportedeprensa.utalca.cl\/index.php?rest_route=\/wp\/v2\/posts"}],"about":[{"href":"https:\/\/www.reportedeprensa.utalca.cl\/index.php?rest_route=\/wp\/v2\/types\/post"}],"author":[{"embeddable":true,"href":"https:\/\/www.reportedeprensa.utalca.cl\/index.php?rest_route=\/wp\/v2\/users\/1"}],"replies":[{"embeddable":true,"href":"https:\/\/www.reportedeprensa.utalca.cl\/index.php?rest_route=%2Fwp%2Fv2%2Fcomments&post=5190"}],"version-history":[{"count":13,"href":"https:\/\/www.reportedeprensa.utalca.cl\/index.php?rest_route=\/wp\/v2\/posts\/5190\/revisions"}],"predecessor-version":[{"id":5210,"href":"https:\/\/www.reportedeprensa.utalca.cl\/index.php?rest_route=\/wp\/v2\/posts\/5190\/revisions\/5210"}],"wp:attachment":[{"href":"https:\/\/www.reportedeprensa.utalca.cl\/index.php?rest_route=%2Fwp%2Fv2%2Fmedia&parent=5190"}],"wp:term":[{"taxonomy":"category","embeddable":true,"href":"https:\/\/www.reportedeprensa.utalca.cl\/index.php?rest_route=%2Fwp%2Fv2%2Fcategories&post=5190"},{"taxonomy":"post_tag","embeddable":true,"href":"https:\/\/www.reportedeprensa.utalca.cl\/index.php?rest_route=%2Fwp%2Fv2%2Ftags&post=5190"}],"curies":[{"name":"wp","href":"https:\/\/api.w.org\/{rel}","templated":true}]}}