{"id":5211,"date":"2022-10-12T08:44:04","date_gmt":"2022-10-12T11:44:04","guid":{"rendered":"https:\/\/www.reportedeprensa.utalca.cl\/?p=5211"},"modified":"2022-10-12T08:55:38","modified_gmt":"2022-10-12T11:55:38","slug":"12-de-octubre-de-2022","status":"publish","type":"post","link":"https:\/\/www.reportedeprensa.utalca.cl\/?p=5211","title":{"rendered":"12 de octubre de 2022"},"content":{"rendered":"\t\t<div data-elementor-type=\"wp-post\" data-elementor-id=\"5211\" class=\"elementor elementor-5211\" data-elementor-settings=\"[]\">\n\t\t\t\t\t\t\t<div class=\"elementor-section-wrap\">\n\t\t\t\t\t\t\t<section class=\"elementor-section elementor-top-section elementor-element elementor-element-44052ab7 elementor-section-boxed elementor-section-height-default elementor-section-height-default\" data-id=\"44052ab7\" data-element_type=\"section\">\n\t\t\t\t\t\t<div class=\"elementor-container elementor-column-gap-default\">\n\t\t\t\t\t<div class=\"elementor-column elementor-col-100 elementor-top-column elementor-element elementor-element-5b002d83\" data-id=\"5b002d83\" data-element_type=\"column\">\n\t\t\t<div class=\"elementor-widget-wrap elementor-element-populated\">\n\t\t\t\t\t\t\t\t<div class=\"elementor-element elementor-element-477998b8 elementor-widget elementor-widget-text-editor\" data-id=\"477998b8\" data-element_type=\"widget\" data-widget_type=\"text-editor.default\">\n\t\t\t\t<div class=\"elementor-widget-container\">\n\t\t\t\t\t\t\t\t<p><strong>LA PRENSA<\/strong><\/p><p><a href=\"https:\/\/www.litoralpress.cl\/paginaconsultas\/Servicios_NClipSitio\/Get_Imagen_Nota.aspx?LPKey=EEYASI72I3BJXLKUHTLWZ3PTKGEGGHPOV3WMVDO66VLATJDXDEGBKVOOBB2ZZO25Q3ROVVZ7CMT3K\">UTalca realiza exitoso \u201cAbre Puertas\u201d. Se refiere Paula Manr\u00edquez, vicerrectora de Pregrado.<\/a><\/p><p>\u00a0<\/p><p><strong>EMOL TV<\/strong><\/p><p><a href=\"https:\/\/tv.emol.com\/detail\/20221003132419877\/encuentros-x-chile-formacion-socioemocional-de-los-profesores\">Encuentros X Chile &#8211; Formaci\u00f3n socioemocional de los profesores. Se refiere Carolina Iturra, decana de la Facultad de Ciencias de la Educaci\u00f3n.<\/a><\/p><p>\u00a0<\/p><p><strong>RADIO COOPERATIVA<\/strong><\/p><p><a href=\"https:\/\/www.litoralpress.cl\/sitio\/RadioTV_Detalles.cshtml?LPKey=QM3RFYP57CNLREQUH7SKIVBJRFR6L3BSFVMQE4WSNPJVSCU64GESXNOF5LPMJABERBEYAFOSOHJYC\">En el marco del d\u00eda mundial de la salud mental, el Ministerio de Salud abord\u00f3 los desaf\u00edos para enfrentar este problema. Se refiere Nadia Ramos, directora del Centro de Psicolog\u00eda Aplicada (CEPA).<\/a><\/p><p>\u00a0<\/p><p><strong>ELMAULEINFORMA.CL<\/strong><\/p><p><a href=\"https:\/\/elmauleinforma.cl\/dia-mundial-de-la-salud-mental-olvidar-los-estigmas-e-informarse-ayudan-a-mejorar-el-bienestar-emocional\/\">D\u00eda mundial de la salud mental: olvidar los estigmas e informarse ayudan a mejorar el bienestar emocional. Se refiere Nadia Ramos, directora del Centro de Psicolog\u00eda Aplicada (CEPA).<\/a><\/p><p>\u00a0<\/p><p><strong>EL MERCURIO DE ANTOFAGASTA<\/strong><\/p><p><a href=\"https:\/\/www.litoralpress.cl\/paginaconsultas\/Servicios_NClipSitio\/Get_Imagen_Nota.aspx?LPKey=ISEGEDNYWPUTAUMJDSGTSXBLLSJI63NH63NZMCZZK5L4ZNRAD3BYFMAU7UX2HDLGRCKUDTDXTY666\">Comienza implementaci\u00f3n de vacuna bivalente contra el Covid. Se refiere Sergio Wehinger, acad\u00e9mico de la Facultad de Ciencias de la Salud.<\/a><\/p><p>\u00a0<\/p><p><strong>CANAL ANTOFAGASTA TV<\/strong><\/p><p><a href=\"https:\/\/www.litoralpress.cl\/sitio\/RadioTV_Detalles.cshtml?LPKey=OWMTUL6I7TQP2VS2A2ORC6BKIVJH2HKQ3XD3XSKTAJOABPN2KFGNRXQEMFBJE2BZQISR2VIKBIG4K\">Expertos entregaron recomendaciones para enfrentar alergias estacionales. Se refiere Dayana Machado, directora del Programa de Medicina Interna.<\/a><\/p><p><strong>\u00a0<\/strong><\/p><p><strong>CANAL SANTIAGO TV<\/strong><\/p><p><a href=\"https:\/\/www.litoralpress.cl\/sitio\/RadioTV_Detalles.cshtml?LPKey=IL2IAWKWHM3PA55QP7V6SFCSZ4AFD2YUOBJEHV627YKYFIZMTBDAJ7EINI4U2RDZ7PTRFYKOMLS7I\">Entrevista a Eduardo Bravo, director del Centro de Documentaci\u00f3n Patrimonial (CDP).<\/a><\/p><p>\u00a0<\/p><p><strong>MEDIABANCO.COM<\/strong><\/p><p><a href=\"https:\/\/www.mediabanco.com\/utalca-colabora-en-sustentabilidad-y-eficiencia-energetica-en-premiado-edificio-de-carabineros\/\">UTalca colabora en sustentabilidad y eficiencia energ\u00e9tica en premiado edificio de Carabineros. Se refieren Mar\u00eda Luisa del Campo, directora del Centro Tecnol\u00f3gico Kipus y Francisco Mateo ingeniero del mismo Centro.<\/a><\/p><p>\u00a0<\/p><p><strong>ENERGIAS.COM<\/strong><\/p><p><a href=\"http:\/\/www.energias.com\/2022\/10\/12\/utalca-colabora-en-sustentabilidad-y-eficiencia-energtica-en-premiado-edificio-de-carabineros-mediabanco-agencia-de-noticias-chile-mediabanco\/\">UTalca colabora en sustentabilidad y eficiencia energ\u00e9tica en premiado edificio de Carabineros. Se refieren Mar\u00eda Luisa del Campo, directora del Centro Tecnol\u00f3gico Kipus y Francisco Mateo, ingeniero del mismo Centro.<\/a><\/p><p>\u00a0<\/p><p><strong>LA PRENSA<\/strong><\/p><p><a href=\"https:\/\/www.litoralpress.cl\/paginaconsultas\/Servicios_NClipSitio\/Get_Imagen_Nota.aspx?LPKey=Q4Y7HT2C2OBZ2DUIZJV3ZOKB3EI55CE3MFGTJCO3TODKZ6SHNHVIBSZUG33W7RFQIFY7CWC3DN4CS\">Reconocimiento internacional para la UTalca. Se refiere Roberto Pizarro, acad\u00e9mico de la Escuela de Ingenier\u00eda Forestal.<\/a><\/p><p>\u00a0<\/p><p><strong>ELDIARIOSANTIAGO.CL<\/strong><\/p><p><a href=\"https:\/\/eldiariosantiago.cl\/2022\/10\/11\/organizacion-internacional-de-control-de-la-erosion-distinguio-aporte-de-la-utalca\/\">Organizaci\u00f3n internacional de control de la erosi\u00f3n distingui\u00f3 aporte de la UTalca. Se refiere Roberto Pizarro, acad\u00e9mico de la Escuela de Ingenier\u00eda Forestal.<\/a><\/p><p>\u00a0<\/p><p><strong>RADIO BIO B\u00cdO<\/strong><\/p><p><a href=\"https:\/\/www.litoralpress.cl\/sitio\/RadioTV_Detalles.cshtml?LPKey=KDDDNXZV5QSGBOEWDVRROPA73R42GA2PA3BWA2OVHZCNPYLHAPUBN5ZZ6YUUHGTDR4NGUG5TDQGHQ\">Pol\u00e9mica genera en el oficialismo la votaci\u00f3n en el Senado del TPP 11. Se menciona a Hern\u00e1n D\u00edaz, acad\u00e9mico de la Facultad de Econom\u00eda y Negocios (FEN).<\/a><\/p><p>\u00a0<\/p><p><strong>BIOBIOCHILE.CL<\/strong><\/p><p><a href=\"https:\/\/www.biobiochile.cl\/noticias\/nacional\/chile\/2022\/10\/11\/expectacion-por-votacion-en-el-senado-del-tpp11-en-medio-de-posturas-divididas-en-el-oficialismo.shtml\">Expectaci\u00f3n por votaci\u00f3n en el Senado del TPP11 en medio de posturas divididas en el oficialismo. Se refiere Hern\u00e1n D\u00edaz, acad\u00e9mico de la Facultad de Econom\u00eda y Negocios (FEN).<\/a><\/p><p>\u00a0<\/p><p><strong>ELMOSTRADOR.CL<\/strong><\/p><p><a href=\"https:\/\/www.elmostrador.cl\/destacado\/2022\/10\/11\/senado-vota-este-martes-el-tpp11-aseguran-que-ya-estan-los-votos-para-aprobarlo-y-ad-buscara-tercer-tramite-en-la-camara-de-diputados\/\">Senado vota este martes el TPP11: aseguran que ya est\u00e1n los votos para aprobarlo y AD buscar\u00e1 &#8220;tercer tr\u00e1mite&#8221; en la C\u00e1mara de Diputados. Se refiere Hern\u00e1n D\u00edaz, acad\u00e9mico de la Facultad de Econom\u00eda y Negocios (FEN).<\/a><\/p><p>\u00a0<\/p><p><strong>LA SEGUNDA<\/strong><\/p><p><a href=\"https:\/\/www.litoralpress.cl\/sitio\/Prensa_PaginaCompleta.cshtml?LPKey=YG6UJOWEOVXMHPWDADMBNM6UFO373W3XH4G7CUZQXQ72JB2RKDMA\">Boric con evaluaci\u00f3n a la baja: obligado a conectar con las prioridades ciudadanas. Se refiere Mauricio Morales, director del Centro de An\u00e1lisis Pol\u00edtico.<\/a><\/p><p><strong>\u00a0<\/strong><\/p><p><strong>RADIO INFINITA<\/strong><\/p><p><a href=\"https:\/\/www.litoralpress.cl\/sitio\/RadioTV_Detalles.cshtml?LPKey=QT4T2HQHBO3RNTW6W5GMK7VN2Q3JVFC3CIPQXCNRHGVFV4G6RSY5PPTKEQGH2J7DRGTUZMY7K2HOQ\">Comentario de Mauricio Morales, director del Centro de An\u00e1lisis Pol\u00edtico (CAP).<\/a><\/p><p>\u00a0<\/p><p><strong>RADIO UNIVERSIDAD DE SANTIAGO<\/strong><\/p><p><a href=\"https:\/\/www.litoralpress.cl\/sitio\/RadioTV_Detalles.cshtml?LPKey=TKOJAARS24WPGTBIIITWUH2C7NH43MI5NGD5S72H6N7K6PQFWJKTH76YL5ZUORU3BKWLTWR4X6X5Y\">Comentario de Mario Herrera, acad\u00e9mico del Centro de An\u00e1lisis Pol\u00edtico (CAP).<\/a><\/p><p>\u00a0<\/p><p><strong>RADIO NUEVO MUNDO<\/strong><\/p><p><a href=\"https:\/\/www.litoralpress.cl\/sitio\/RadioTV_Detalles.cshtml?LPKey=FODYYZCRO2RIAF447KKQKV3QS6DXB3EOVDJRDAJ23HELUQOVGSKOJ77RCSQQOBCUPTYVBJAWCC7AQ\">Entrevista a Mario Herrera, acad\u00e9mico del Centro de An\u00e1lisis Pol\u00edtico.<\/a><\/p><p>\u00a0<\/p><p><strong>TVMAULE.CL<\/strong><\/p><p><a href=\"https:\/\/www.tvmaule.cl\/prefiero-el-maule-desarrolla-alianza-que-beneficiara-alumnos-emprendedores-de-la-universidad-de-talca\/\">Prefiero el Maule desarrolla alianza que beneficiar\u00e1 alumnos emprendedores de la Universidad de Talca. Se refiere Javiera Montecinos, directora de la Direcci\u00f3n de Apoyo a las Organizaci\u00f3n e Iniciativas Estudiantiles.<\/a><\/p><p>\u00a0<\/p><p><strong>ELMAULEINFORMA.CL<\/strong><\/p><p><a href=\"https:\/\/elmauleinforma.cl\/prefiero-el-maule-realiza-alianza-estrategica-que-favorecera-a-alumnos-emprendedores-de-la-universidad-de-talca\/\">Prefiero el Maule desarrolla alianza que beneficiar\u00e1 alumnos emprendedores de la Universidad de Talca. Se refiere Javiera Montecinos, directora de la Direcci\u00f3n de Apoyo a las Organizaci\u00f3n e Iniciativas Estudiantiles.<\/a><\/p><p>\u00a0<\/p>\t\t\t\t\t\t<\/div>\n\t\t\t\t<\/div>\n\t\t\t\t\t<\/div>\n\t\t<\/div>\n\t\t\t\t\t\t\t<\/div>\n\t\t<\/section>\n\t\t\t\t\t\t<\/div>\n\t\t\t\t\t<\/div>\n\t\t","protected":false},"excerpt":{"rendered":"<p>LA PRENSA UTalca realiza exitoso \u201cAbre Puertas\u201d. Se refiere Paula Manr\u00edquez, vicerrectora de Pregrado. \u00a0 EMOL TV Encuentros X Chile &#8211; Formaci\u00f3n socioemocional de los profesores. Se refiere Carolina Iturra, decana de la Facultad de Ciencias de la Educaci\u00f3n. \u00a0 RADIO COOPERATIVA En el marco del d\u00eda mundial de la salud mental, el Ministerio de &hellip;<\/p>\n<p class=\"read-more\"> <a class=\"\" href=\"https:\/\/www.reportedeprensa.utalca.cl\/?p=5211\"> <span class=\"screen-reader-text\">12 de octubre de 2022<\/span> Read More &raquo;<\/a><\/p>\n","protected":false},"author":1,"featured_media":0,"comment_status":"closed","ping_status":"open","sticky":false,"template":"","format":"standard","meta":{"_monsterinsights_skip_tracking":false,"_monsterinsights_sitenote_active":false,"_monsterinsights_sitenote_note":"","_monsterinsights_sitenote_category":0},"categories":[26],"tags":[],"_links":{"self":[{"href":"https:\/\/www.reportedeprensa.utalca.cl\/index.php?rest_route=\/wp\/v2\/posts\/5211"}],"collection":[{"href":"https:\/\/www.reportedeprensa.utalca.cl\/index.php?rest_route=\/wp\/v2\/posts"}],"about":[{"href":"https:\/\/www.reportedeprensa.utalca.cl\/index.php?rest_route=\/wp\/v2\/types\/post"}],"author":[{"embeddable":true,"href":"https:\/\/www.reportedeprensa.utalca.cl\/index.php?rest_route=\/wp\/v2\/users\/1"}],"replies":[{"embeddable":true,"href":"https:\/\/www.reportedeprensa.utalca.cl\/index.php?rest_route=%2Fwp%2Fv2%2Fcomments&post=5211"}],"version-history":[{"count":7,"href":"https:\/\/www.reportedeprensa.utalca.cl\/index.php?rest_route=\/wp\/v2\/posts\/5211\/revisions"}],"predecessor-version":[{"id":5228,"href":"https:\/\/www.reportedeprensa.utalca.cl\/index.php?rest_route=\/wp\/v2\/posts\/5211\/revisions\/5228"}],"wp:attachment":[{"href":"https:\/\/www.reportedeprensa.utalca.cl\/index.php?rest_route=%2Fwp%2Fv2%2Fmedia&parent=5211"}],"wp:term":[{"taxonomy":"category","embeddable":true,"href":"https:\/\/www.reportedeprensa.utalca.cl\/index.php?rest_route=%2Fwp%2Fv2%2Fcategories&post=5211"},{"taxonomy":"post_tag","embeddable":true,"href":"https:\/\/www.reportedeprensa.utalca.cl\/index.php?rest_route=%2Fwp%2Fv2%2Ftags&post=5211"}],"curies":[{"name":"wp","href":"https:\/\/api.w.org\/{rel}","templated":true}]}}