{"id":5231,"date":"2022-10-13T08:34:23","date_gmt":"2022-10-13T11:34:23","guid":{"rendered":"https:\/\/www.reportedeprensa.utalca.cl\/?p=5231"},"modified":"2022-10-13T08:48:53","modified_gmt":"2022-10-13T11:48:53","slug":"13-de-octubre-de-2022","status":"publish","type":"post","link":"https:\/\/www.reportedeprensa.utalca.cl\/?p=5231","title":{"rendered":"13 de octubre de 2022"},"content":{"rendered":"\t\t<div data-elementor-type=\"wp-post\" data-elementor-id=\"5231\" class=\"elementor elementor-5231\" data-elementor-settings=\"[]\">\n\t\t\t\t\t\t\t<div class=\"elementor-section-wrap\">\n\t\t\t\t\t\t\t<section class=\"elementor-section elementor-top-section elementor-element elementor-element-44052ab7 elementor-section-boxed elementor-section-height-default elementor-section-height-default\" data-id=\"44052ab7\" data-element_type=\"section\">\n\t\t\t\t\t\t<div class=\"elementor-container elementor-column-gap-default\">\n\t\t\t\t\t<div class=\"elementor-column elementor-col-100 elementor-top-column elementor-element elementor-element-5b002d83\" data-id=\"5b002d83\" data-element_type=\"column\">\n\t\t\t<div class=\"elementor-widget-wrap elementor-element-populated\">\n\t\t\t\t\t\t\t\t<div class=\"elementor-element elementor-element-477998b8 elementor-widget elementor-widget-text-editor\" data-id=\"477998b8\" data-element_type=\"widget\" data-widget_type=\"text-editor.default\">\n\t\t\t\t<div class=\"elementor-widget-container\">\n\t\t\t\t\t\t\t\t<p><strong>EL LECTOR<\/strong><\/p><p><a href=\"https:\/\/www.litoralpress.cl\/paginaconsultas\/Servicios_NClipSitio\/Get_Imagen_Nota.aspx?LPKey=J2VRCQGFHRMREKXATOUBYNMGUN2L3ZOY2Y7WVQJYMEDRFYS4RCEVVOGIBHGUODZ6IZA2BU7PAUW6A\">Reafirman convenio de colaboraci\u00f3n entre Vi\u00f1a Concha y Toro y la Universidad de Talca. Se refieren Carlos Torres, rector de la UTalca; Cristi\u00e1n Rojas, vicerrector Acad\u00e9mico; y Ariela Vergara, vicerrectora de Innovaci\u00f3n. \u00a0<\/a><\/p><p>\u00a0<\/p><p><strong>ADPRENSA.CL<\/strong><\/p><p><a href=\"https:\/\/www.adprensa.cl\/cronica\/ingenieria-utalca-es-premiada-por-avances-e-innovacion-en-educacion\/\">Ingenier\u00eda UTalca es premiada por avances e innovaci\u00f3n en educaci\u00f3n. Se refiere Javier Mu\u00f1oz, decano de dicha Facultad.<\/a><\/p><p>\u00a0<\/p><p><strong>MEDIABANCO.COM<\/strong><\/p><p><a href=\"https:\/\/www.mediabanco.com\/ingenieria-utalca-es-premiada-por-avances-e-innovacion-en-educacion\/\">Ingenier\u00eda UTalca es premiada por avances e innovaci\u00f3n en educaci\u00f3n. Se refiere Javier Mu\u00f1oz, decano de dicha Facultad.<\/a><\/p><p>\u00a0<\/p><p><strong>DIARIOELHERALDO.CL<\/strong><\/p><p><a href=\"https:\/\/www.diarioelheraldo.cl\/noticia\/ingenieria-utalca-es-premiada-por-avances-e-innovacion-en-educacion\">Ingenier\u00eda UTalca es premiada por avances e innovaci\u00f3n en educaci\u00f3n. Se refiere Javier Mu\u00f1oz, decano de dicha Facultad.<\/a><\/p><p>\u00a0<\/p><p><strong>T13.CL<\/strong><\/p><p><a href=\"https:\/\/www.t13.cl\/noticia\/nacional\/uc-ua-udd-lideran-mejores-universidades-chile-segun-times-higher-education-12-10-2022\">Las mejores universidades de Chile, seg\u00fan el ranking de Times Higher Education. Se Menciona a la UTalca.<\/a><\/p><p><strong>\u00a0<\/strong><\/p><p><strong>24HORAS.CL<\/strong><\/p><p><a href=\"https:\/\/www.24horas.cl\/actualidad\/nacional\/ranking-times-higher-education-cuales-son-las-mejores-universidades-en-chile\">Ranking Times Higher Education: \u00bfCu\u00e1les son las mejores universidades en Chile y el mundo? Se menciona a la UTalca.<\/a><\/p><p><strong>\u00a0<\/strong><\/p><p><strong>EL LECTOR<\/strong><\/p><p><a href=\"https:\/\/www.litoralpress.cl\/paginaconsultas\/Servicios_NClipSitio\/Get_Imagen_Nota.aspx?LPKey=DQAKAIZN5OF7WUCZJWREIS77B2CT63PGNOI4A2MU4GA4X5SUQVFSDZT7PLCNQIAMAQV6XEK4PO4W2\">UTalca inaugura nueva sala de exposiciones en Campus Linares. Se refieren Carlos Torres, rector de la Universidad; Carolina Iturra, decana de la Facultad de Ciencias de la Educaci\u00f3n; y Marcela Albornoz, directora de Extensi\u00f3n Cultural-Art\u00edstica.<\/a><\/p><p><strong>\u00a0<\/strong><\/p><p><strong>HOYXHOY<\/strong><\/p><p><a href=\"https:\/\/www.litoralpress.cl\/paginaconsultas\/Servicios_NClipSitio\/Get_Imagen_Nota.aspx?LPKey=L57D7XIC3CMIGD57LXNSDHZMWPXZGA43XI6QDMHWOXTUCBGZRTDYUUMKZOE5CG23DGZ7EI4IDHLZA\">Dispositivo chileno da \u201clibertad completa\u201d a personas no videntes. Se refiere Silvana Herrera, acad\u00e9mica de la Escuela de Dise\u00f1o.<\/a><\/p><p><strong>\u00a0<\/strong><\/p><p><strong>EMOL.COM<\/strong><\/p><p><a href=\"https:\/\/www.emol.com\/noticias\/Economia\/2022\/10\/13\/1075397\/expertos-observaciones-faro-del-sur.html\">\u00bfQu\u00e9 fall\u00f3? \u00bfExigencia alta?: An\u00e1lisis a las observaciones ambientales del retirado proyecto e\u00f3lico en Punta Arenas. Se refiere Cristi\u00e1n Garc\u00eda, acad\u00e9mico de la Facultad de Ingenier\u00eda.<\/a><\/p><p>\u00a0<\/p><p><strong>EL HERALDO AUSTRAL<\/strong><\/p><p><a href=\"https:\/\/www.litoralpress.cl\/sitio\/Prensa_PaginaCompleta.cshtml?LPKey=S2XXTKBQHPPAFMFWYFYDLKRGVACHGKR4NMMRMOZZXF4G2MS7G5AQ\">Proyecto impulsar\u00e1 normativas ambientales para proteger los r\u00edos de la Patagonia norte chilena. Se menciona a la UTalca.<\/a><\/p><p>\u00a0<\/p><p><strong>ELDIVISADERO.CL<\/strong><\/p><p><a href=\"https:\/\/www.eldivisadero.cl\/_noticia\/Proyecto-impulsa-normativas-ambientales-para-proteger-r%C3%ADos-de-la-Patagonia-\/NjgzODE=\">Proyecto impulsar\u00e1 normativas ambientales para proteger los r\u00edos de la Patagonia norte chilena. Se menciona a la UTalca.<\/a><\/p><p>\u00a0<\/p><p><strong>EL LECTOR<\/strong><\/p><p><a href=\"https:\/\/www.litoralpress.cl\/paginaconsultas\/Servicios_NClipSitio\/Get_Imagen_Nota.aspx?LPKey=GOG6FHCOKGGUXWQCFSWMTBFIO754WOB26B4T5S3O3PVIYBL35YQHS5VMT2XVD5SWMHLV54C7JW72Q\">Prefiero el Maule realiza alianza estrat\u00e9gica de colaboraci\u00f3n que beneficiar\u00e1 a alumnos emprendedores de la Universidad de Talca.\u00a0 Se refiere Javiera Montecinos, directora de Apoyo a Organizaciones e Iniciativas Estudiantiles (DAOI).<\/a><\/p><p><strong>\u00a0<\/strong><\/p><p><strong>DIARIOELHERALDO.CL<\/strong><\/p><p><a href=\"https:\/\/www.diarioelheraldo.cl\/noticia\/prefiero-el-maule-realiza-alianza-estrategica-de-colaboracion-que-beneficiara-a-alumnos-emprendedores-de-la-universidad-de-talca\">Prefiero el Maule realiza alianza estrat\u00e9gica de colaboraci\u00f3n que beneficiar\u00e1 a alumnos emprendedores de la Universidad de Talca. Se refiere Javiera Montecinos, directora de Apoyo a Organizaciones e Iniciativas Estudiantiles (DAOI).<\/a><\/p><p>\u00a0<\/p><p><strong>TALCACAPITAL.CL<\/strong><\/p><p><a href=\"https:\/\/talcacapital.cl\/campana-prefiero-el-maule-beneficiara-alumnos-emprendedores-gracias-a-alianza-con-universidad-de-talca\/\">Campa\u00f1a Prefiero el Maule beneficiar\u00e1 alumnos emprendedores gracias a alianza con Universidad de Talca. Se refiere Javiera Montecinos, directora de Apoyo a Organizaciones e Iniciativas Estudiantiles (DAOI).<\/a><\/p><p>\u00a0<\/p><p><strong>MAULEHOY.CL<\/strong><\/p><p><a href=\"https:\/\/maulehoy.cl\/2022\/10\/12\/en-la-u-de-talca-prefiero-el-maule-realiza-alianza-estrategica-de-colaboracion-que-beneficiara-alumnos-emprendedores\/\">En la U. de Talca, Prefiero el Maule realiza alianza estrat\u00e9gica de colaboraci\u00f3n que beneficiar\u00e1 alumnos emprendedores. Se refiere Javiera Montecinos, directora de Apoyo a Organizaciones e Iniciativas Estudiantiles (DAOI).<\/a><\/p><p>\u00a0<\/p><p><strong>CENTROSURNOTICIAS.CL<\/strong><\/p><p><a href=\"https:\/\/centrosurnoticias.cl\/alianza-entre-prefiero-el-maule-y-universidad-de-talca-beneficiara-a-alumnos-emprendedores\/\">Alianza entre Prefiero El Maule y Universidad de Talca beneficiar\u00e1 a alumnos emprendedores. Se refiere Javiera Montecinos, directora de Apoyo a Organizaciones e Iniciativas Estudiantiles (DAOI).<\/a><\/p><p>\u00a0<\/p><p><strong>CANAL MEGA<\/strong><\/p><p><a href=\"https:\/\/www.litoralpress.cl\/sitio\/RadioTV_Detalles.cshtml?LPKey=C3DWVOXMWBJRLIKFRSMUCNXRJ3A4UEBIMA43YTS2GDP62QXUZ54FCEKWD52S6I3S62PTBSYAGZ7YC\">\u00bfQui\u00e9n custodiar\u00e1 el acuerdo para nuevo proceso constitucional? Se refiere Mauricio Morales, director del Centro de An\u00e1lisis Pol\u00edtico (CAP).<\/a><\/p><p><strong>\u00a0<\/strong><\/p><p><strong>RADIO INFINITA<\/strong><\/p><p><a href=\"https:\/\/www.litoralpress.cl\/sitio\/RadioTV_Detalles.cshtml?LPKey=EUNJYIHNLNMTZAUPMPNHS47YJT3ARD4CCC7IW2ELMWSZGWYMYXBA5WEVAW6V5DKB2KCU2QHYHQP6Y\">Comentario de Mauricio Morales, director del Centro de An\u00e1lisis Pol\u00edtico (CAP).<\/a><\/p><p>\u00a0<\/p>\t\t\t\t\t\t<\/div>\n\t\t\t\t<\/div>\n\t\t\t\t\t<\/div>\n\t\t<\/div>\n\t\t\t\t\t\t\t<\/div>\n\t\t<\/section>\n\t\t\t\t\t\t<\/div>\n\t\t\t\t\t<\/div>\n\t\t","protected":false},"excerpt":{"rendered":"<p>EL LECTOR Reafirman convenio de colaboraci\u00f3n entre Vi\u00f1a Concha y Toro y la Universidad de Talca. Se refieren Carlos Torres, rector de la UTalca; Cristi\u00e1n Rojas, vicerrector Acad\u00e9mico; y Ariela Vergara, vicerrectora de Innovaci\u00f3n. \u00a0 \u00a0 ADPRENSA.CL Ingenier\u00eda UTalca es premiada por avances e innovaci\u00f3n en educaci\u00f3n. Se refiere Javier Mu\u00f1oz, decano de dicha Facultad. &hellip;<\/p>\n<p class=\"read-more\"> <a class=\"\" href=\"https:\/\/www.reportedeprensa.utalca.cl\/?p=5231\"> <span class=\"screen-reader-text\">13 de octubre de 2022<\/span> Read More &raquo;<\/a><\/p>\n","protected":false},"author":1,"featured_media":0,"comment_status":"closed","ping_status":"open","sticky":false,"template":"","format":"standard","meta":{"_monsterinsights_skip_tracking":false,"_monsterinsights_sitenote_active":false,"_monsterinsights_sitenote_note":"","_monsterinsights_sitenote_category":0},"categories":[26],"tags":[],"_links":{"self":[{"href":"https:\/\/www.reportedeprensa.utalca.cl\/index.php?rest_route=\/wp\/v2\/posts\/5231"}],"collection":[{"href":"https:\/\/www.reportedeprensa.utalca.cl\/index.php?rest_route=\/wp\/v2\/posts"}],"about":[{"href":"https:\/\/www.reportedeprensa.utalca.cl\/index.php?rest_route=\/wp\/v2\/types\/post"}],"author":[{"embeddable":true,"href":"https:\/\/www.reportedeprensa.utalca.cl\/index.php?rest_route=\/wp\/v2\/users\/1"}],"replies":[{"embeddable":true,"href":"https:\/\/www.reportedeprensa.utalca.cl\/index.php?rest_route=%2Fwp%2Fv2%2Fcomments&post=5231"}],"version-history":[{"count":10,"href":"https:\/\/www.reportedeprensa.utalca.cl\/index.php?rest_route=\/wp\/v2\/posts\/5231\/revisions"}],"predecessor-version":[{"id":5251,"href":"https:\/\/www.reportedeprensa.utalca.cl\/index.php?rest_route=\/wp\/v2\/posts\/5231\/revisions\/5251"}],"wp:attachment":[{"href":"https:\/\/www.reportedeprensa.utalca.cl\/index.php?rest_route=%2Fwp%2Fv2%2Fmedia&parent=5231"}],"wp:term":[{"taxonomy":"category","embeddable":true,"href":"https:\/\/www.reportedeprensa.utalca.cl\/index.php?rest_route=%2Fwp%2Fv2%2Fcategories&post=5231"},{"taxonomy":"post_tag","embeddable":true,"href":"https:\/\/www.reportedeprensa.utalca.cl\/index.php?rest_route=%2Fwp%2Fv2%2Ftags&post=5231"}],"curies":[{"name":"wp","href":"https:\/\/api.w.org\/{rel}","templated":true}]}}