{"id":5252,"date":"2022-10-14T09:03:46","date_gmt":"2022-10-14T12:03:46","guid":{"rendered":"https:\/\/www.reportedeprensa.utalca.cl\/?p=5252"},"modified":"2022-10-14T09:21:06","modified_gmt":"2022-10-14T12:21:06","slug":"14-de-octubre-de-2022","status":"publish","type":"post","link":"https:\/\/www.reportedeprensa.utalca.cl\/?p=5252","title":{"rendered":"14 de octubre de 2022"},"content":{"rendered":"\t\t<div data-elementor-type=\"wp-post\" data-elementor-id=\"5252\" class=\"elementor elementor-5252\" data-elementor-settings=\"[]\">\n\t\t\t\t\t\t\t<div class=\"elementor-section-wrap\">\n\t\t\t\t\t\t\t<section class=\"elementor-section elementor-top-section elementor-element elementor-element-44052ab7 elementor-section-boxed elementor-section-height-default elementor-section-height-default\" data-id=\"44052ab7\" data-element_type=\"section\">\n\t\t\t\t\t\t<div class=\"elementor-container elementor-column-gap-default\">\n\t\t\t\t\t<div class=\"elementor-column elementor-col-100 elementor-top-column elementor-element elementor-element-5b002d83\" data-id=\"5b002d83\" data-element_type=\"column\">\n\t\t\t<div class=\"elementor-widget-wrap elementor-element-populated\">\n\t\t\t\t\t\t\t\t<div class=\"elementor-element elementor-element-477998b8 elementor-widget elementor-widget-text-editor\" data-id=\"477998b8\" data-element_type=\"widget\" data-widget_type=\"text-editor.default\">\n\t\t\t\t<div class=\"elementor-widget-container\">\n\t\t\t\t\t\t\t\t<p><strong>EL HERALDO<\/strong><\/p><p><a href=\"https:\/\/www.litoralpress.cl\/paginaconsultas\/Servicios_NClipSitio\/Get_Imagen_Nota.aspx?LPKey=TB2AD2FKPBEPVWK7MYHZBX57OIIYNCT32AYMT4Z43FOO3SUGIDGFWTJUJM4ZO2ZEHUSAS4FEOB2ZI\">Ingenier\u00eda UTalca es premiada por avances e innovaci\u00f3n en educaci\u00f3n. Se refiere Javier Mu\u00f1oz, decano de dicha Facultad.<\/a><\/p><p>\u00a0<\/p><p><strong>ELMOSTRADOR.CL<\/strong><\/p><p><a href=\"https:\/\/www.elmostrador.cl\/destacado\/2022\/10\/13\/hacia-un-sistema-unico-de-datos-delictuales\/\">Hacia un sistema \u00fanico de datos delictuales. Columna de opini\u00f3n de Diego Palomo, acad\u00e9mico de la Facultad de Ciencias Jur\u00eddicas y Sociales.<\/a><\/p><p>\u00a0<\/p><p><strong>LEMONDE.FR (FRANCIA)<\/strong><\/p><p><a href=\"https:\/\/www.litoralpress.cl\/sitio\/Prensa_PaginaCompleta.cshtml?LPKey=U46MIUNOCDOVTAOY6NJKGV2V5IRSRIGSCFXFBOQHO2GK6YDEZC6A\">Le fleuve. Se refiere Patricio Gonz\u00e1lez, acad\u00e9mico del Centro de Investigaci\u00f3n y Transferencia en Riego y Agroclimatolog\u00eda (CITRA).<\/a><\/p><p>\u00a0<\/p><p><strong>ELDINAMO.CL<\/strong><\/p><p><a href=\"https:\/\/www.eldinamo.cl\/pais\/Mujeres-migrantes-senalan-que-su-empleador-dificulta-proceso-de-inclusion-laboral-20221013-0024.html\">Mujeres migrantes se\u00f1alan que su empleador dificulta proceso de inclusi\u00f3n laboral. Se refiere Medardo Aguirre, director del Centro de Estudios Migratorios (CENEM).<\/a><\/p><p>\u00a0<\/p><p><strong>EL CIUDADANO.COM<\/strong><\/p><p><a href=\"https:\/\/www.elciudadano.com\/chile\/estudio-cerca-de-un-50-por-ciento-de-mujeres-migrantes-senalan-que-sus-empleadores-les-dificultan-el-proceso-de-inclusion-laboral\/10\/13\/\">Estudio: Cerca de un 50 por ciento de mujeres migrantes se\u00f1alan que sus empleadores les dificultan el proceso de inclusi\u00f3n laboral. Se refiere Medardo Aguirre, director del Centro de Estudios Migratorios (CENEM).<\/a><\/p><p><strong>\u00a0<\/strong><\/p><p><strong>ADPRENSA.CL<\/strong><\/p><p><a href=\"https:\/\/www.adprensa.cl\/cronica\/estudio-utalca-mujeres-migrantes-senalan-que-su-empleador-dificulta-proceso-de-inclusion-laboral\/\">Estudio UTalca: Mujeres migrantes se\u00f1alan que su empleador dificulta proceso de inclusi\u00f3n laboral. Se refiere Medardo Aguirre, director del Centro de Estudios Migratorios (CENEM).<\/a><\/p><p>\u00a0<\/p><p><strong>MEDIABANCO.COM<\/strong><\/p><p><a href=\"https:\/\/www.mediabanco.com\/estudio-utalca-cerca-de-un-50-de-mujeres-migrantes-senalan-que-su-empleador-dificulta-proceso-de-inclusion-laboral\/\">Estudio UTalca: Mujeres migrantes se\u00f1alan que su empleador dificulta proceso de inclusi\u00f3n laboral. Se refiere Medardo Aguirre, director del Centro de Estudios Migratorios (CENEM).<\/a><\/p><p>\u00a0<\/p><p><strong>EL MERCURIO DE ANTOFAGASTA<\/strong><\/p><p><a href=\"https:\/\/www.litoralpress.cl\/sitio\/Prensa_PaginaCompleta.cshtml?LPKey=TB54XT2JF7RGYHA27LDEOAS5ID3LTOJG2WUKQAF63XZ7OWCTMM3Q\">Regi\u00f3n de Antofagasta registra la segunda mayor cantidad de migrantes residentes en el pa\u00eds. Se refiere Medardo Aguirre, director del Centro de Estudios Migratorios (CENEM).<\/a><\/p><p>\u00a0<\/p><p><strong>RADIO GUAYAC\u00c1N<\/strong><\/p><p><a href=\"https:\/\/www.litoralpress.cl\/sitio\/RadioTV_Detalles.cshtml?LPKey=RDWWWXYHA3KDT2QCTRLH7DL2GUNZ33WNMP2HRHZXHBUF7OZTOLP5AV2BKEKUK7OT2RPJKZ4Q35POK\">Entrevista a Medardo Aguirre, director del Centro de Estudios Migratorios (CENEM).<\/a><\/p><p>\u00a0<\/p><p><strong>ELMAULEINFORMA.CL<\/strong><\/p><p><a href=\"https:\/\/elmauleinforma.cl\/estudio-utalca-mujeres-migrantes-senalan-que-su-empleador-dificulta-proceso-de-inclusion-laboral\/\">Estudio UTalca: Mujeres migrantes se\u00f1alan que su empleador dificulta proceso de inclusi\u00f3n laboral. Se refiere Medardo Aguirre, director del Centro de Estudios Migratorios (CENEM).<\/a><\/p><p>\u00a0<\/p><p><strong>BIOBIOCHILE.CL<\/strong><\/p><p><a href=\"https:\/\/www.biobiochile.cl\/noticias\/nacional\/chile\/2022\/10\/13\/cuales-son-las-mejores-universidades-de-chile-y-el-mundo-segun-ranking-times-higher-education.shtml\">Cu\u00e1les son las mejores universidades de Chile y el mundo seg\u00fan ranking Times Higher Education. Se menciona a la UTalca.<\/a><\/p><p>\u00a0<\/p><p><strong>LA ESTRELLA DE CONCEPCI\u00d3N<\/strong><\/p><p><a href=\"https:\/\/www.litoralpress.cl\/paginaconsultas\/Servicios_NClipSitio\/Get_Imagen_Nota.aspx?LPKey=ILY6MKMNJNQDLNEQ67BAEADLR7FYYXIS436AP4ZJ4KXWLHCRFQWI2QQ4UF5KTN47GZ7RGOGMYL4NI\">Dispositivo chileno da \u201clibertad completa\u201d a personas no videntes. Se refiere Silvana Herrera, acad\u00e9mica de la Escuela de Dise\u00f1o.<\/a><\/p><p>\u00a0<\/p><p><strong>LA ESTRELLA DE IQUIQUE<\/strong><\/p><p><a href=\"https:\/\/www.litoralpress.cl\/paginaconsultas\/Servicios_NClipSitio\/Get_Imagen_Nota.aspx?LPKey=MXGQGV3V5BZZ23IP3MNQAKOST4Y3QQBSGJAWMLQ5M7UCJLLZQVVLP4SQ6XIL5HJLTSQGTKB2OT5LS\">Dispositivo chileno da \u201clibertad completa\u201d a personas no videntes. Se refiere Silvana Herrera, acad\u00e9mica de la Escuela de Dise\u00f1o.<\/a><\/p><p>\u00a0<\/p><p><strong>SOYCHILE.CL<\/strong><\/p><p><a href=\"https:\/\/www.soychile.cl\/Santiago\/Tendencias\/2022\/10\/13\/780968\/dispositivo-chileno-libertad-no-videntes.html\">Dispositivo chileno da \u201clibertad completa\u201d a personas no videntes. Se refiere Silvana Herrera, acad\u00e9mica de la Escuela de Dise\u00f1o.<\/a><\/p><p>\u00a0<\/p><p><strong>DCONSTRUCCION.CL<\/strong><\/p><p><a href=\"http:\/\/www.dconstruccion.cl\/?p=39950\">\u00bfQu\u00e9 fall\u00f3? \u00bfExigencia alta?: An\u00e1lisis a las observaciones ambientales del retirado proyecto e\u00f3lico en Punta Arenas. Se refiere Cristi\u00e1n Garc\u00eda, acad\u00e9mico de la Facultad de Ingenier\u00eda.<\/a><\/p><p>\u00a0<\/p><p><strong>RADIO INICIA<\/strong><\/p><p><a href=\"https:\/\/www.litoralpress.cl\/sitio\/RadioTV_Detalles.cshtml?LPKey=ANZIIHVBXJLWAFYQJXDYG3C6A3X2OWEJKYPSYMHVDTYEKBRYYBAD6B3D6ZD3LNARNIKY5NWRTOYP6\">Entrevista a V\u00edctor Iturra, acad\u00e9mico de la Facultad de Econom\u00eda y Negocios (FEN).<\/a><\/p><p>\u00a0<\/p><p><strong>ELMAULEINFORMA.CL<\/strong><\/p><p><a href=\"https:\/\/www.litoralpress.cl\/sitio\/MediosOnline_Detalles.cshtml?LPKey=OYX4DEVR4KJ5M3TX6XZL535NDUGTZR7P2PY4FHMG2AX7MGI25LVR3MFCGALILV6V3K5W7LODQ22LS\">D\u00eda de la Mujer Rural congreg\u00f3 a m\u00e1s de un centenar de representantes de las mesas provinciales del Maule. Se menciona a la Vicerrector\u00eda de Innovaci\u00f3n.<\/a><\/p><p>\u00a0<\/p><p><strong>ATENTOS.CL<\/strong><\/p><p><a href=\"https:\/\/www.atentos.cl\/dia-de-la-mujer-rural-congrego-a-mas-de-un-centenar-de-representantes-de-las-mesas-provinciales-del-maule-que-distinguieron-a-cuatro-de-sus-pares\/\">D\u00eda de la Mujer Rural congreg\u00f3 a m\u00e1s de un centenar de representantes de las mesas provinciales del Maule. Se menciona a la Vicerrector\u00eda de Innovaci\u00f3n.<\/a><\/p><p>\u00a0<\/p><p><strong>REVISTA REDAGR\u00cdCOLA<\/strong><\/p><p><a href=\"https:\/\/www.litoralpress.cl\/paginaconsultas\/Servicios_NClipSitio\/Get_Imagen_Nota.aspx?LPKey=23JKZN3ITKLDTH4PVZNRHNKATNZ26UXCG6YMRDDFKAWM2353JPHDE6KDAWPJNZLUWNC4LVZJGO4JE\">Mulch reflectante en base a desechos, desarrollado por escolares de Talca, los llev\u00f3 a presentar esta innovaci\u00f3n en universidades de Boston. Se menciona a Explora Maule y al Centro de Cultivos de la UTalca.<\/a><\/p><p>\u00a0<\/p><p><strong>EL HERALDO<\/strong><\/p><p><a href=\"https:\/\/www.litoralpress.cl\/paginaconsultas\/Servicios_NClipSitio\/Get_Imagen_Nota.aspx?LPKey=RM3POUYTZV5VMQCCBNVKG63YCAJHVGWAWQD7ZUUVDL2XQ2DV6EYYLWJEVHPVVFRQV7BISX6Q4USA2\">Prefiero el Maule realiza alianza estrat\u00e9gica de colaboraci\u00f3n que beneficiar\u00e1 a alumnos emprendedores de la Universidad de Talca. Se refiere Javiera Montecinos, director de Apoyo a Organizaciones e Iniciativas Estudiantiles (DAOI).<\/a><\/p><p>\u00a0<\/p><p><strong>CANAL TVN RED MAULE<\/strong><\/p><p><a href=\"https:\/\/www.litoralpress.cl\/sitio\/RadioTV_Detalles.cshtml?LPKey=RETNKI5RW53XZLWP5A2VMPVXDZEMUFJ7K472NXLR7BYMGF4VBOY3IIRTRYYNVP2BVUNNWFBU5H4FG\">Se estrena la obra de teatro &#8220;Ramal&#8221; en el Centro de Extensi\u00f3n de la U de Talca.<\/a><\/p><p>\u00a0<\/p><p><strong>CANAL MEGA <\/strong><\/p><p><a href=\"https:\/\/www.litoralpress.cl\/sitio\/RadioTV_Detalles.cshtml?LPKey=JYRQBOZCECYBF57ZL3LDQI7DUR2TKANEOFEGKM3BP7RC4GOLLUNSF7MWQIW77JNXQLJVYML3ZRBC2\">Partidos pol\u00edticos contin\u00faan con las negociaciones para un acuerdo constitucional. Se refiere Mauricio Morales, director del Centro de An\u00e1lisis Pol\u00edtico (CAP).<\/a><\/p><p>\u00a0<\/p><p><strong>CANAL MEGA PLUS<\/strong><\/p><p><a href=\"https:\/\/www.litoralpress.cl\/sitio\/RadioTV_Detalles.cshtml?LPKey=TCLTTOQDDSEHUCI5NYNGUCDUAI65ZRIOCOWDWATCHCJB5STBSRALKWILLUQUE7IDURRR5FAZZOZPY\">Partidos pol\u00edticos contin\u00faan con las negociaciones para un acuerdo constitucional. Se refiere Mauricio Morales, director del Centro de An\u00e1lisis Pol\u00edtico (CAP).<\/a><\/p><p>\u00a0<\/p><p><strong>RADIO INFINITA<\/strong><\/p><p><a href=\"https:\/\/www.litoralpress.cl\/sitio\/RadioTV_Detalles.cshtml?LPKey=U3P33NQN2PHYWILZ5VQBVMLC5TSGPY5VQCETQ4KVWJLSN5X575DZJV3CWZKL63B3ERGKI4D25DXOK\">Comentario de Mauricio Morales, director del Centro de An\u00e1lisis Pol\u00edtico (CAP).<\/a><\/p><p>\u00a0<\/p><p><strong>RADIONUEVOMUNDO.CL<\/strong><\/p><p><a href=\"https:\/\/radionuevomundo.cl\/2022\/10\/13\/analista-mario-herrera-sobre-nc-2-0-existe-un-error-estrategico-por-parte-del-oficialismo-al-no-haber-invitado-a-los-partidos-que-quedaron-afuera\/\">Analista Mario Herrera sobre NC 2.0: \u201cExiste un error estrat\u00e9gico por parte del oficialismo al no haber invitado a los partidos que quedaron afuera\u201d. Se refiere acad\u00e9mico del Centro de An\u00e1lisis Pol\u00edtico (CAP).<\/a><\/p><p>\u00a0<\/p><p><strong>\u00a0<\/strong><strong>EL MERCURIO DE ANTOFAGASTA<\/strong><\/p><p><a href=\"https:\/\/www.litoralpress.cl\/sitio\/Prensa_PaginaCompleta.cshtml?LPKey=M6QW6BKOXD6HFGWRZA7OC4QFIPFYWL4OLESU7SUSIZJDXATAZULA\">Lily Garafulic, la antofagastina que deslumbr\u00f3 en las artes pl\u00e1sticas. Se menciona a la UTalca.<\/a><\/p><p>\u00a0<\/p>\t\t\t\t\t\t<\/div>\n\t\t\t\t<\/div>\n\t\t\t\t\t<\/div>\n\t\t<\/div>\n\t\t\t\t\t\t\t<\/div>\n\t\t<\/section>\n\t\t\t\t\t\t<\/div>\n\t\t\t\t\t<\/div>\n\t\t","protected":false},"excerpt":{"rendered":"<p>EL HERALDO Ingenier\u00eda UTalca es premiada por avances e innovaci\u00f3n en educaci\u00f3n. Se refiere Javier Mu\u00f1oz, decano de dicha Facultad. \u00a0 ELMOSTRADOR.CL Hacia un sistema \u00fanico de datos delictuales. Columna de opini\u00f3n de Diego Palomo, acad\u00e9mico de la Facultad de Ciencias Jur\u00eddicas y Sociales. \u00a0 LEMONDE.FR (FRANCIA) Le fleuve. Se refiere Patricio Gonz\u00e1lez, acad\u00e9mico del &hellip;<\/p>\n<p class=\"read-more\"> <a class=\"\" href=\"https:\/\/www.reportedeprensa.utalca.cl\/?p=5252\"> <span class=\"screen-reader-text\">14 de octubre de 2022<\/span> Read More &raquo;<\/a><\/p>\n","protected":false},"author":1,"featured_media":0,"comment_status":"closed","ping_status":"open","sticky":false,"template":"","format":"standard","meta":{"_monsterinsights_skip_tracking":false,"_monsterinsights_sitenote_active":false,"_monsterinsights_sitenote_note":"","_monsterinsights_sitenote_category":0},"categories":[26],"tags":[],"_links":{"self":[{"href":"https:\/\/www.reportedeprensa.utalca.cl\/index.php?rest_route=\/wp\/v2\/posts\/5252"}],"collection":[{"href":"https:\/\/www.reportedeprensa.utalca.cl\/index.php?rest_route=\/wp\/v2\/posts"}],"about":[{"href":"https:\/\/www.reportedeprensa.utalca.cl\/index.php?rest_route=\/wp\/v2\/types\/post"}],"author":[{"embeddable":true,"href":"https:\/\/www.reportedeprensa.utalca.cl\/index.php?rest_route=\/wp\/v2\/users\/1"}],"replies":[{"embeddable":true,"href":"https:\/\/www.reportedeprensa.utalca.cl\/index.php?rest_route=%2Fwp%2Fv2%2Fcomments&post=5252"}],"version-history":[{"count":7,"href":"https:\/\/www.reportedeprensa.utalca.cl\/index.php?rest_route=\/wp\/v2\/posts\/5252\/revisions"}],"predecessor-version":[{"id":5266,"href":"https:\/\/www.reportedeprensa.utalca.cl\/index.php?rest_route=\/wp\/v2\/posts\/5252\/revisions\/5266"}],"wp:attachment":[{"href":"https:\/\/www.reportedeprensa.utalca.cl\/index.php?rest_route=%2Fwp%2Fv2%2Fmedia&parent=5252"}],"wp:term":[{"taxonomy":"category","embeddable":true,"href":"https:\/\/www.reportedeprensa.utalca.cl\/index.php?rest_route=%2Fwp%2Fv2%2Fcategories&post=5252"},{"taxonomy":"post_tag","embeddable":true,"href":"https:\/\/www.reportedeprensa.utalca.cl\/index.php?rest_route=%2Fwp%2Fv2%2Ftags&post=5252"}],"curies":[{"name":"wp","href":"https:\/\/api.w.org\/{rel}","templated":true}]}}