{"id":5270,"date":"2022-10-17T08:41:16","date_gmt":"2022-10-17T11:41:16","guid":{"rendered":"https:\/\/www.reportedeprensa.utalca.cl\/?p=5270"},"modified":"2022-10-17T08:50:37","modified_gmt":"2022-10-17T11:50:37","slug":"17-de-octubre-de-2022","status":"publish","type":"post","link":"https:\/\/www.reportedeprensa.utalca.cl\/?p=5270","title":{"rendered":"17 de octubre de 2022"},"content":{"rendered":"\t\t<div data-elementor-type=\"wp-post\" data-elementor-id=\"5270\" class=\"elementor elementor-5270\" data-elementor-settings=\"[]\">\n\t\t\t\t\t\t\t<div class=\"elementor-section-wrap\">\n\t\t\t\t\t\t\t<section class=\"elementor-section elementor-top-section elementor-element elementor-element-44052ab7 elementor-section-boxed elementor-section-height-default elementor-section-height-default\" data-id=\"44052ab7\" data-element_type=\"section\">\n\t\t\t\t\t\t<div class=\"elementor-container elementor-column-gap-default\">\n\t\t\t\t\t<div class=\"elementor-column elementor-col-100 elementor-top-column elementor-element elementor-element-5b002d83\" data-id=\"5b002d83\" data-element_type=\"column\">\n\t\t\t<div class=\"elementor-widget-wrap elementor-element-populated\">\n\t\t\t\t\t\t\t\t<div class=\"elementor-element elementor-element-477998b8 elementor-widget elementor-widget-text-editor\" data-id=\"477998b8\" data-element_type=\"widget\" data-widget_type=\"text-editor.default\">\n\t\t\t\t<div class=\"elementor-widget-container\">\n\t\t\t\t\t\t\t\t<p><strong>EL LECTOR<\/strong><\/p><p><a href=\"https:\/\/www.litoralpress.cl\/paginaconsultas\/Servicios_NClipSitio\/Get_Imagen_Nota.aspx?LPKey=OKSUIIKXKYDD33AHKGPIQBPQHNXQUMKXLHFG2OBBFAFKJYDZPEP6KNSYC6WLTILZXZH4KM7P6O6AI\">UTalca capacitar\u00e1 a profesores de establecimientos. Se refieren Karla Bustos y Mauricio V\u00e9liz, acad\u00e9micos de la Facultad de Ciencias de la Educaci\u00f3n.<\/a><\/p><p>\u00a0<\/p><p><strong>ADPRENSA.CL<\/strong><\/p><p><a href=\"https:\/\/www.adprensa.cl\/cronica\/utalca-capacitara-a-profesores-de-establecimientos-publicos-en-el-idioma-ingles\/\">UTalca capacitar\u00e1 a profesores de establecimientos p\u00fablicos en el idioma ingl\u00e9s. Se refieren Karla Bustos y Mauricio V\u00e9liz, acad\u00e9micos de la Facultad de Ciencias de la Educaci\u00f3n.<\/a><\/p><p>\u00a0<\/p><p><strong>MEDIABANCO.COM<\/strong><\/p><p><a href=\"https:\/\/www.mediabanco.com\/utalca-capacitara-a-profesores-de-establecimientos-publicos-en-el-idioma-ingles\/\">UTalca capacitar\u00e1 a profesores de establecimientos p\u00fablicos en el idioma ingl\u00e9s. Se refieren Karla Bustos y Mauricio V\u00e9liz, acad\u00e9micos de la Facultad de Ciencias de la Educaci\u00f3n.<\/a><\/p><p>\u00a0<\/p><p><strong>ELDIARIOSANTIAGO.CL<\/strong><\/p><p><a href=\"https:\/\/eldiariosantiago.cl\/2022\/10\/14\/ingenieria-utalca-es-premiada-por-avances-e-innovacion-en-educacion\/\">Ingenier\u00eda UTalca es premiada por avances e innovaci\u00f3n en educaci\u00f3n. Se refiere Javier Mu\u00f1oz, decano de la Facultad de Ingenier\u00eda.<\/a><\/p><p>\u00a0<\/p><p><strong>EL LECTOR<\/strong><\/p><p><a href=\"https:\/\/www.litoralpress.cl\/paginaconsultas\/Servicios_NClipSitio\/Get_Imagen_Nota.aspx?LPKey=6JO5S2DK6ZXRM3HPXLSZMCR4PIAZJKHHGIWSHVJVXKEINSGP6O5DTHRO3LH4UZ2JMXOJ4KNDIF7WA\">Ingenier\u00edas de la Universidad de Talca mostraron sus instalaciones a estudiantes secundarios. Se refieren Javier Mu\u00f1oz, decano de la Facultad de Ingenier\u00eda y Daniel D\u00edaz, director de la Escuela de Ingenier\u00eda Civil Mecatr\u00f3nica.<\/a><\/p><p>\u00a0<\/p><p><strong>MEDIABANCO.COM<\/strong><\/p><p><a href=\"https:\/\/www.mediabanco.com\/ingenierias-de-la-universidad-de-talca-mostraron-sus-instalaciones-a-estudiantes-secundarios\/\">Ingenier\u00edas de la Universidad de Talca mostraron sus instalaciones a estudiantes secundarios. Se refieren Javier Mu\u00f1oz, decano de la Facultad de Ingenier\u00eda y Daniel D\u00edaz, director de la Escuela de Ingenier\u00eda Civil Mecatr\u00f3nica.<\/a><\/p><p>\u00a0<\/p><p><strong>DIARIOTALCA.CL<\/strong><\/p><p><a href=\"https:\/\/diariotalca.cl\/canal-campustv-de-utalca-celebra-noveno-aniversario-con-nuevos-contenidos\/\">Canal CampusTV de UTalca celebra noveno aniversario con nuevos contenidos. Se refiere Marcela Barros, directora de Comunicaciones Corporativas.<\/a><\/p><p>\u00a0<\/p><p><strong>MEDIABANCO.COM<\/strong><\/p><p><a href=\"https:\/\/www.mediabanco.com\/canal-campustv-celebra-aniversario-con-nuevos-contenidos-para-la-comunidad\/\">Canal CampusTV celebra aniversario con nuevos contenidos para la comunidad. Se refiere Marcela Barros, directora de Comunicaciones Corporativas.<\/a><\/p><p>\u00a0<\/p><p><strong>ELMAULEINFORMA.CL<\/strong><\/p><p><a href=\"https:\/\/elmauleinforma.cl\/canal-campustv-celebra-aniversario-con-nuevos-contenidos-para-la-comunidad\/\">Canal CampusTV celebra aniversario con nuevos contenidos para la comunidad. Se refiere Marcela Barros, directora de Comunicaciones Corporativas.<\/a><\/p><p>\u00a0<\/p><p><strong>CANAL TVN RED MAULE<\/strong><\/p><p><a href=\"https:\/\/www.litoralpress.cl\/sitio\/RadioTV_Detalles.cshtml?LPKey=6RKEZWEM5UZAGILSICDOA4U6AHE3DCLBYQD5PGZPMHY4OV7PYIW36GZO6TCRKTB6AHDH27V7RDW7U\">Repintado de fachadas en centro de Talca a una semana de conmemoraci\u00f3n del estallido social. Se refiere Blanca Z\u00fa\u00f1iga, directora de la Escuela de Arquitectura.<\/a><\/p><p>\u00a0<\/p><p><strong>LA ESTRELLA DE CHILO\u00c9<\/strong><\/p><p><a href=\"https:\/\/www.litoralpress.cl\/sitio\/Prensa_PaginaCompleta.cshtml?LPKey=MLYN7MGIAFEAI2PETAB5CHK2X7OXMMHR3KH7NU3WVD343UI5C62A\">Dispositivo chileno da \u201clibertad completa\u201d a personas no videntes. Se refiere Silvana Herrera, acad\u00e9mica de la Escuela de Dise\u00f1o.<\/a><\/p><p>\u00a0<\/p><p><strong>RADIO AMIGA<\/strong><\/p><p><a href=\"https:\/\/www.litoralpress.cl\/sitio\/RadioTV_Detalles.cshtml?LPKey=FBPOQK6GCTKCVJRSTE4B2L6HGDCVORAFVOOJAN2WEEHLPU4FC5BYQBGBWFAILFVDNRGRHCO3T447M\">El Gobierno anunci\u00f3 la expulsi\u00f3n de los migrantes que infrinjan la ley. Se refiere Fabiola Vergara, directora de la Escuela de Derecho, Campus Talca.<\/a><\/p><p>\u00a0<\/p><p><strong>G5NOTICIAS.CL<\/strong><\/p><p><a href=\"https:\/\/g5noticias.cl\/2022\/10\/14\/estudio-utalca-cerca-de-un-50-de-mujeres-migrantes-senalan-que-su-empleador-dificulta-proceso-de-inclusion-laboral\/\">Estudio UTalca: Cerca de un 50% de mujeres migrantes se\u00f1alan que su empleador dificulta proceso de inclusi\u00f3n laboral. Se refiere Medardo Aguirre, acad\u00e9mico de la Facultad de Econom\u00eda y Negocios (FEN).<\/a><\/p><p>\u00a0<\/p><p><strong>ELDESCONCIERTO.CL<\/strong><\/p><p><a href=\"https:\/\/www.eldesconcierto.cl\/economia\/2022\/10\/15\/ultima-alza-de-tasas-3-expertos-explican-su-impacto-en-los-bolsillos-de-los-chilenos.html\">\u00daltima alza de tasas: 3 expertos explican su impacto en los bolsillos de los chilenos. Se refiere Juan Romagosa, acad\u00e9mico de la Facultad de Econom\u00eda y Negocios (FEN).<\/a><\/p><p>\u00a0<\/p><p><strong>EL MERCURIO<\/strong><\/p><p><a href=\"https:\/\/www.litoralpress.cl\/paginaconsultas\/Servicios_NClipSitio\/Get_Imagen_Nota.aspx?LPKey=7AJ46HVXHMY5HWELWHXV5NDI6Y4MMAUXPEAWJHQ23TO4XP35QRJV3WBNSR636F4AWLBZHLWIGWN4E\">A tres a\u00f1os del \u201cestallido social\u201d: un cap\u00edtulo que sigue sin cerrarse. Se refiere Mauricio Morales, director del Centro de An\u00e1lisis Pol\u00edtico (CAP).<\/a><\/p><p>\u00a0<\/p><p><strong>LA TERCERA<\/strong><\/p><p><a href=\"https:\/\/www.litoralpress.cl\/sitio\/Prensa_PaginaCompleta.cshtml?LPKey=IBD74PHNL5WNQRH3V4CVETG2OXC3FHDEQCJNGS23SHOM3YS7UVXA\">Analistas coinciden con cr\u00edtica de Carlos Pe\u00f1a al rol del mundo intelectual frente al estallido. Se refiere Mauricio Morales, director del Centro de An\u00e1lisis Pol\u00edtico (CAP).<\/a><\/p><p>\u00a0<\/p><p><strong>CANAL TVN<\/strong><\/p><p><a href=\"https:\/\/www.litoralpress.cl\/sitio\/RadioTV_Detalles.cshtml?LPKey=KMXWUVIB2VPAH7W6SHSKN4EF55LDSBMHQDZPYOBCMI3CS3Y333QNZ3QVCF5IR6O63JOPNALJD2WYQ\">Presidente Boric endurece el tono por seguridad en Chile. Se refiere Mauricio Morales, director del Centro de An\u00e1lisis Pol\u00edtico (CAP).<\/a><\/p><p>\u00a0<\/p><p><strong>LATERCERA.COM<\/strong><\/p><p><a href=\"https:\/\/www.latercera.com\/politica\/noticia\/analistas-coinciden-con-critica-de-carlos-pena-al-rol-del-mundo-intelectual-frente-al-estallido\/7D3X76ZQXVHNNLI7FSIX2XFFHE\/\">Analistas coinciden con cr\u00edtica de Carlos Pe\u00f1a al rol del mundo intelectual frente al estallido. Se refiere Mauricio Morales, director del Centro de An\u00e1lisis Pol\u00edtico (CAP).<\/a><\/p><p>\u00a0<\/p><p><strong>DIARIOTALCA.CL<\/strong><\/p><p><a href=\"https:\/\/diariotalca.cl\/gabriel-rodriguez-lanzo-su-esperado-libro-pandemia-diario-de-vida-y-muerte\/\">Gabriel Rodr\u00edguez lanz\u00f3 su esperado libro \u00abPandemia: diario de vida y muerte\u00bb. Se menciona el Centro de Extensi\u00f3n de la UTalca.<\/a><\/p><p>\u00a0<\/p>\t\t\t\t\t\t<\/div>\n\t\t\t\t<\/div>\n\t\t\t\t\t<\/div>\n\t\t<\/div>\n\t\t\t\t\t\t\t<\/div>\n\t\t<\/section>\n\t\t\t\t\t\t<\/div>\n\t\t\t\t\t<\/div>\n\t\t","protected":false},"excerpt":{"rendered":"<p>EL LECTOR UTalca capacitar\u00e1 a profesores de establecimientos. Se refieren Karla Bustos y Mauricio V\u00e9liz, acad\u00e9micos de la Facultad de Ciencias de la Educaci\u00f3n. \u00a0 ADPRENSA.CL UTalca capacitar\u00e1 a profesores de establecimientos p\u00fablicos en el idioma ingl\u00e9s. Se refieren Karla Bustos y Mauricio V\u00e9liz, acad\u00e9micos de la Facultad de Ciencias de la Educaci\u00f3n. \u00a0 MEDIABANCO.COM &hellip;<\/p>\n<p class=\"read-more\"> <a class=\"\" href=\"https:\/\/www.reportedeprensa.utalca.cl\/?p=5270\"> <span class=\"screen-reader-text\">17 de octubre de 2022<\/span> Read More &raquo;<\/a><\/p>\n","protected":false},"author":1,"featured_media":0,"comment_status":"closed","ping_status":"open","sticky":false,"template":"","format":"standard","meta":{"_monsterinsights_skip_tracking":false,"_monsterinsights_sitenote_active":false,"_monsterinsights_sitenote_note":"","_monsterinsights_sitenote_category":0},"categories":[26],"tags":[],"_links":{"self":[{"href":"https:\/\/www.reportedeprensa.utalca.cl\/index.php?rest_route=\/wp\/v2\/posts\/5270"}],"collection":[{"href":"https:\/\/www.reportedeprensa.utalca.cl\/index.php?rest_route=\/wp\/v2\/posts"}],"about":[{"href":"https:\/\/www.reportedeprensa.utalca.cl\/index.php?rest_route=\/wp\/v2\/types\/post"}],"author":[{"embeddable":true,"href":"https:\/\/www.reportedeprensa.utalca.cl\/index.php?rest_route=\/wp\/v2\/users\/1"}],"replies":[{"embeddable":true,"href":"https:\/\/www.reportedeprensa.utalca.cl\/index.php?rest_route=%2Fwp%2Fv2%2Fcomments&post=5270"}],"version-history":[{"count":7,"href":"https:\/\/www.reportedeprensa.utalca.cl\/index.php?rest_route=\/wp\/v2\/posts\/5270\/revisions"}],"predecessor-version":[{"id":5287,"href":"https:\/\/www.reportedeprensa.utalca.cl\/index.php?rest_route=\/wp\/v2\/posts\/5270\/revisions\/5287"}],"wp:attachment":[{"href":"https:\/\/www.reportedeprensa.utalca.cl\/index.php?rest_route=%2Fwp%2Fv2%2Fmedia&parent=5270"}],"wp:term":[{"taxonomy":"category","embeddable":true,"href":"https:\/\/www.reportedeprensa.utalca.cl\/index.php?rest_route=%2Fwp%2Fv2%2Fcategories&post=5270"},{"taxonomy":"post_tag","embeddable":true,"href":"https:\/\/www.reportedeprensa.utalca.cl\/index.php?rest_route=%2Fwp%2Fv2%2Ftags&post=5270"}],"curies":[{"name":"wp","href":"https:\/\/api.w.org\/{rel}","templated":true}]}}