{"id":5288,"date":"2022-10-18T09:47:38","date_gmt":"2022-10-18T12:47:38","guid":{"rendered":"https:\/\/www.reportedeprensa.utalca.cl\/?p=5288"},"modified":"2022-10-18T10:00:16","modified_gmt":"2022-10-18T13:00:16","slug":"18-de-octubre-de-2022","status":"publish","type":"post","link":"https:\/\/www.reportedeprensa.utalca.cl\/?p=5288","title":{"rendered":"18 de octubre de 2022"},"content":{"rendered":"\t\t<div data-elementor-type=\"wp-post\" data-elementor-id=\"5288\" class=\"elementor elementor-5288\" data-elementor-settings=\"[]\">\n\t\t\t\t\t\t\t<div class=\"elementor-section-wrap\">\n\t\t\t\t\t\t\t<section class=\"elementor-section elementor-top-section elementor-element elementor-element-44052ab7 elementor-section-boxed elementor-section-height-default elementor-section-height-default\" data-id=\"44052ab7\" data-element_type=\"section\">\n\t\t\t\t\t\t<div class=\"elementor-container elementor-column-gap-default\">\n\t\t\t\t\t<div class=\"elementor-column elementor-col-100 elementor-top-column elementor-element elementor-element-5b002d83\" data-id=\"5b002d83\" data-element_type=\"column\">\n\t\t\t<div class=\"elementor-widget-wrap elementor-element-populated\">\n\t\t\t\t\t\t\t\t<div class=\"elementor-element elementor-element-477998b8 elementor-widget elementor-widget-text-editor\" data-id=\"477998b8\" data-element_type=\"widget\" data-widget_type=\"text-editor.default\">\n\t\t\t\t<div class=\"elementor-widget-container\">\n\t\t\t\t\t\t\t\t<p><strong>CANAL CONTIVISI\u00d3N<\/strong><\/p><p><a href=\"https:\/\/www.litoralpress.cl\/sitio\/RadioTV_Detalles.cshtml?LPKey=ZBY45T4UOV632JS5NLO3M5U2K64U5TFMHZPUEKAERQCUUWV2MM5MIIGXOJF5TR742TLFRJ7EQWLMW\">Campus Curic\u00f3 de la U. de Talca recibi\u00f3 a estudiantes de colegios de la Regi\u00f3n del Maule. Se refiere Daniel D\u00edaz, director de la Escuela de Ingenier\u00eda Civil Mecatr\u00f3nica.<\/a><\/p><p><strong>\u00a0<\/strong><\/p><p><strong>COOPERATIVA.CL<\/strong><\/p><p><a href=\"https:\/\/www.cooperativa.cl\/noticias\/sociedad\/medioambiente\/clima\/cambio-climatico-podria-incrementar-numero-de-termitas-en-el-sur-de\/2022-10-17\/170549.html\">Cambio clim\u00e1tico podr\u00eda incrementar n\u00famero de termitas en el sur de Chile. Se refiere Alex Fajardo, cient\u00edfico del Instituto de Investigaci\u00f3n Interdisciplinaria (I3).<\/a><\/p><p>\u00a0<\/p><p><strong>ELCIUDADANO.COM<\/strong><\/p><p><a href=\"https:\/\/www.elciudadano.com\/chile\/investigacion-internacional-advierte-que-el-cambio-climatico-podria-incrementar-numero-de-termitas-en-el-sur-de-chile\/10\/17\/\">Investigaci\u00f3n internacional advierte que el cambio clim\u00e1tico podr\u00eda incrementar n\u00famero de termitas en el sur de Chile. Se refiere Alex Fajardo, cient\u00edfico del Instituto de Investigaci\u00f3n Interdisciplinaria (I3).<\/a><\/p><p>\u00a0<\/p><p><strong>ADPRENSA.CL<\/strong><\/p><p><a href=\"https:\/\/www.adprensa.cl\/cronica\/cambio-climatico-podria-incrementar-numero-de-termitas-en-el-sur-de-chile\/\">Cambio clim\u00e1tico podr\u00eda incrementar n\u00famero de termitas en el sur de Chile. Se refiere Alex Fajardo, cient\u00edfico del Instituto de Investigaci\u00f3n Interdisciplinaria (I3).<\/a><\/p><p>\u00a0<\/p><p><strong>MEDIABANCO.COM<\/strong><\/p><p><a href=\"https:\/\/www.mediabanco.com\/cambio-climatico-podria-incrementar-numero-de-termitas-en-el-sur-de-chile\/\">Cambio clim\u00e1tico podr\u00eda incrementar n\u00famero de termitas en el sur de Chile. Se refiere Alex Fajardo, cient\u00edfico del Instituto de Investigaci\u00f3n Interdisciplinaria (I3).<\/a><\/p><p>\u00a0<\/p><p><strong>ELMAULEINFORMA.CL<\/strong><\/p><p><a href=\"https:\/\/elmauleinforma.cl\/cambio-climatico-podria-incrementar-numero-de-termitas-en-el-sur-de-chile\/\">Cambio clim\u00e1tico podr\u00eda incrementar n\u00famero de termitas en el sur de Chile. Se refiere Alex Fajardo, cient\u00edfico del Instituto de Investigaci\u00f3n Interdisciplinaria (I3).<\/a><\/p><p>\u00a0<\/p><p><strong>ELMOSTRADOR.CL<\/strong><\/p><p><a href=\"https:\/\/www.elmostrador.cl\/braga\/2022\/10\/17\/cerca-de-un-50-de-mujeres-migrantes-senalan-que-su-empleador-dificulta-proceso-de-inclusion-laboral-acorde-a-estudio-nacional\/\">Cerca de un 50% de mujeres migrantes se\u00f1alan que su empleador dificulta proceso de inclusi\u00f3n laboral acorde a estudio nacional. Se refiere Medardo Aguirre, acad\u00e9mico de la Facultad de Econom\u00eda y Negocios (FEN).<\/a><\/p><p>\u00a0<\/p><p><strong>ROMANTICA.CL<\/strong><\/p><p><a href=\"https:\/\/www.romantica.cl\/noticias\/2022\/10\/17\/estudio-cenem-el-50-de-mujeres-migrantes-senalan-que-empleadores-dificultan-la-inclusion-laboral.html\">Estudio CENEM: el 50% de mujeres migrantes se\u00f1alan que empleadores dificultan la inclusi\u00f3n laboral. Se refiere Medardo Aguirre, acad\u00e9mico de la Facultad de Econom\u00eda y Negocios (FEN).<\/a><\/p><p>\u00a0<\/p><p><strong>CANAL CNN<\/strong><\/p><p><a href=\"https:\/\/www.litoralpress.cl\/sitio\/RadioTV_Detalles.cshtml?LPKey=AWMBU7N6PSTYIUAOSL2EGQFYIOQSJ6QPMETGYYXVLZPSF4EHXMGDFI552FL75ANM2TGEP3CE6QO5U\">Aumentan los contagios por Covid-19 en el pa\u00eds. Se refiere Daniel Jim\u00e9nez, director de Salud de Estudiante.<\/a><\/p><p>\u00a0<\/p><p><strong>EMOL.COM<\/strong><\/p><p><a href=\"https:\/\/www.emol.com\/noticias\/Nacional\/2022\/10\/17\/1075818\/estres-producido-por-encerronas.html\">Del miedo a la vulnerabilidad: El shock y el estr\u00e9s que deja una encerrona en sus v\u00edctimas. Se refiere Nadia Ramos, director del Centro de Psicolog\u00eda Aplicada (CEPA).<\/a><\/p><p>\u00a0<\/p><p><strong>REVISTA EL CENTRO<\/strong><\/p><p><a href=\"https:\/\/www.litoralpress.cl\/sitio\/Prensa_Detalles.cshtml?LPKey=4TXN5ZOLNEUMTRIMCSKXDFLWEB5BY74K2TL43KHPZL5SMX4G4KLQ\">\u00bfQui\u00e9n debe ser el nuevo\/a Fiscal Nacional? Columna de opini\u00f3n de Diego Palomo, acad\u00e9mico de la Facultad de Ciencias Jur\u00eddicas y Sociales.<\/a><\/p><p>\u00a0<\/p><p><strong>CANAL TVN RED MAULE<\/strong><\/p><p><a href=\"https:\/\/www.litoralpress.cl\/sitio\/RadioTV_Detalles.cshtml?LPKey=PVUPOC4KR2TZKSCNQSQ3O3IFZ5VTQ7BBBEDVEDN4CWMUANUWW3JQKUOBZB7QXS3CALEK32TJ7D7SU\">Construcci\u00f3n concentra mayor n\u00famero de desocupados. Se refiere Rodrigo Saens, acad\u00e9mico de la Facultad de Econom\u00eda y Negocios (FEN).<\/a><\/p><p>\u00a0<\/p><p><strong>24HORAS.CL<\/strong><\/p><p><a href=\"https:\/\/www.litoralpress.cl\/sitio\/RadioTV_Detalles.cshtml?LPKey=XPRVE5QVA5YG4MQKQA4CG64FHFAJPWSIEWE5VXNTI57FVCBH44OKBXN726KTBUXBCQRYYCSPOI6EE\">Construcci\u00f3n concentra mayor n\u00famero de desocupados. Se refiere Rodrigo Saens, acad\u00e9mico de la Facultad de Econom\u00eda y Negocios (FEN).<\/a><\/p><p>\u00a0<\/p><p><strong>CANAL CHILEVISI\u00d3N<\/strong><\/p><p><a href=\"https:\/\/www.litoralpress.cl\/sitio\/RadioTV_Detalles.cshtml?LPKey=BOUGOJ3J4VOYDEWWWDMUXJR46XORWHJJNECVDGNZWZKQEOJRZNOX5FRKXHGRAJ3JIJDTKNQXS7ZSG\">Una baja de 6 puntos registr\u00f3 la aprobaci\u00f3n al Presidente Gabriel Boric llegando a un 27%, seg\u00fan la \u00faltima encuesta de Cadem. Se refiere Mauricio Morales, director del Centro de An\u00e1lisis Pol\u00edtico (CAP).<\/a><\/p><p>\u00a0<\/p><p><strong>RADIO INFINITA<\/strong><\/p><p><a href=\"https:\/\/www.litoralpress.cl\/sitio\/RadioTV_Detalles.cshtml?LPKey=AC3HRMMYVD7WMAPELUSNUU4WHDOMXU6LSUFXVO2R7EWN3RIHYBDPA7NQ7XPTFCGPERS6UCDRN62B2\">Comentario de Mauricio Morales, director del Centro de An\u00e1lisis Pol\u00edtico (CAP).<\/a><\/p><p>\u00a0<\/p><p><strong>RADIO AMIGA<\/strong><\/p><p><a href=\"https:\/\/www.litoralpress.cl\/sitio\/RadioTV_Detalles.cshtml?LPKey=CCZFANG4Q2C63W434RUTIDUPFXIQKWBA6HLHWGMVPDPEUKYRLW26LOTRTTEBXSNYL2JCG4LADFL7M\">Celebran d\u00eda internacional de la mujer rural en San Javier. Se menciona a la UTalca.<\/a><\/p><p>\u00a0<\/p><p><strong>LA PRENSA<\/strong><\/p><p><a href=\"https:\/\/www.litoralpress.cl\/paginaconsultas\/Servicios_NClipSitio\/Get_Imagen_Nota.aspx?LPKey=TW35CDSDSJUGHSIF2U2R4CHL7GA5QO4S7NEQKPPC2LGJEMX5UFVKRR7ZZUI5GO67OMZU4ZXAVMKKU\">Escritor presenta libro inspirado en la pandemia y los duros d\u00edas de confinamiento. Se menciona al Centro de Extensi\u00f3n de la UTalca.<\/a><\/p><p>\u00a0<\/p>\t\t\t\t\t\t<\/div>\n\t\t\t\t<\/div>\n\t\t\t\t\t<\/div>\n\t\t<\/div>\n\t\t\t\t\t\t\t<\/div>\n\t\t<\/section>\n\t\t\t\t\t\t<\/div>\n\t\t\t\t\t<\/div>\n\t\t","protected":false},"excerpt":{"rendered":"<p>CANAL CONTIVISI\u00d3N Campus Curic\u00f3 de la U. de Talca recibi\u00f3 a estudiantes de colegios de la Regi\u00f3n del Maule. Se refiere Daniel D\u00edaz, director de la Escuela de Ingenier\u00eda Civil Mecatr\u00f3nica. \u00a0 COOPERATIVA.CL Cambio clim\u00e1tico podr\u00eda incrementar n\u00famero de termitas en el sur de Chile. Se refiere Alex Fajardo, cient\u00edfico del Instituto de Investigaci\u00f3n Interdisciplinaria &hellip;<\/p>\n<p class=\"read-more\"> <a class=\"\" href=\"https:\/\/www.reportedeprensa.utalca.cl\/?p=5288\"> <span class=\"screen-reader-text\">18 de octubre de 2022<\/span> Read More &raquo;<\/a><\/p>\n","protected":false},"author":1,"featured_media":0,"comment_status":"closed","ping_status":"open","sticky":false,"template":"","format":"standard","meta":{"_monsterinsights_skip_tracking":false,"_monsterinsights_sitenote_active":false,"_monsterinsights_sitenote_note":"","_monsterinsights_sitenote_category":0},"categories":[26],"tags":[],"_links":{"self":[{"href":"https:\/\/www.reportedeprensa.utalca.cl\/index.php?rest_route=\/wp\/v2\/posts\/5288"}],"collection":[{"href":"https:\/\/www.reportedeprensa.utalca.cl\/index.php?rest_route=\/wp\/v2\/posts"}],"about":[{"href":"https:\/\/www.reportedeprensa.utalca.cl\/index.php?rest_route=\/wp\/v2\/types\/post"}],"author":[{"embeddable":true,"href":"https:\/\/www.reportedeprensa.utalca.cl\/index.php?rest_route=\/wp\/v2\/users\/1"}],"replies":[{"embeddable":true,"href":"https:\/\/www.reportedeprensa.utalca.cl\/index.php?rest_route=%2Fwp%2Fv2%2Fcomments&post=5288"}],"version-history":[{"count":7,"href":"https:\/\/www.reportedeprensa.utalca.cl\/index.php?rest_route=\/wp\/v2\/posts\/5288\/revisions"}],"predecessor-version":[{"id":5305,"href":"https:\/\/www.reportedeprensa.utalca.cl\/index.php?rest_route=\/wp\/v2\/posts\/5288\/revisions\/5305"}],"wp:attachment":[{"href":"https:\/\/www.reportedeprensa.utalca.cl\/index.php?rest_route=%2Fwp%2Fv2%2Fmedia&parent=5288"}],"wp:term":[{"taxonomy":"category","embeddable":true,"href":"https:\/\/www.reportedeprensa.utalca.cl\/index.php?rest_route=%2Fwp%2Fv2%2Fcategories&post=5288"},{"taxonomy":"post_tag","embeddable":true,"href":"https:\/\/www.reportedeprensa.utalca.cl\/index.php?rest_route=%2Fwp%2Fv2%2Ftags&post=5288"}],"curies":[{"name":"wp","href":"https:\/\/api.w.org\/{rel}","templated":true}]}}