{"id":5306,"date":"2022-10-19T09:02:32","date_gmt":"2022-10-19T12:02:32","guid":{"rendered":"https:\/\/www.reportedeprensa.utalca.cl\/?p=5306"},"modified":"2022-10-19T09:14:43","modified_gmt":"2022-10-19T12:14:43","slug":"19-de-octubre-de-2022","status":"publish","type":"post","link":"https:\/\/www.reportedeprensa.utalca.cl\/?p=5306","title":{"rendered":"19 de octubre de 2022"},"content":{"rendered":"\t\t<div data-elementor-type=\"wp-post\" data-elementor-id=\"5306\" class=\"elementor elementor-5306\" data-elementor-settings=\"[]\">\n\t\t\t\t\t\t\t<div class=\"elementor-section-wrap\">\n\t\t\t\t\t\t\t<section class=\"elementor-section elementor-top-section elementor-element elementor-element-2a4b4b83 elementor-section-boxed elementor-section-height-default elementor-section-height-default\" data-id=\"2a4b4b83\" data-element_type=\"section\">\n\t\t\t\t\t\t<div class=\"elementor-container elementor-column-gap-default\">\n\t\t\t\t\t<div class=\"elementor-column elementor-col-100 elementor-top-column elementor-element elementor-element-24a78540\" data-id=\"24a78540\" data-element_type=\"column\">\n\t\t\t<div class=\"elementor-widget-wrap elementor-element-populated\">\n\t\t\t\t\t\t\t\t<div class=\"elementor-element elementor-element-55b07e54 elementor-widget elementor-widget-text-editor\" data-id=\"55b07e54\" data-element_type=\"widget\" data-widget_type=\"text-editor.default\">\n\t\t\t\t<div class=\"elementor-widget-container\">\n\t\t\t\t\t\t\t\t<p><strong>CANAL CONTIVISI\u00d3N<\/strong><\/p><p><a href=\"https:\/\/www.litoralpress.cl\/sitio\/RadioTV_Detalles.cshtml?LPKey=5CFMEICYPPYKSCI22SNHUY4HM42MAHUJZWYAS6KXDGJJUW47CYU3ZMFSWZ6RRKY3OBW3BP255XJAQ\">Los problemas en el desarrollo del lenguaje de la primera infancia a causa de la pandemia. Se refieren Miguel V\u00e1squez, director de la Escuela de Fonoaudiolog\u00eda; Gloria Benavides, acad\u00e9mica de la carrera; y Catalina Briso, estudiante.<\/a><\/p><p>\u00a0<\/p><p><strong>MEDIABANCO.COM<\/strong><\/p><p><a href=\"https:\/\/www.mediabanco.com\/fonoaudiologos-aportan-a-disminuir-problemas-en-el-lenguaje-acrecentados-por-la-pandemia\/\">Fonoaudi\u00f3logos aportan a disminuir problemas en el lenguaje acrecentados por la pandemia. Se refieren Miguel V\u00e1squez, director de la Escuela de Fonoaudiolog\u00eda; Gloria Benavides, acad\u00e9mica de la carrera; y Catalina Briso, estudiante.<\/a><\/p><p>\u00a0<\/p><p><strong>RADIO VLN<\/strong><\/p><p><a href=\"https:\/\/www.litoralpress.cl\/sitio\/RadioTV_Detalles.cshtml?LPKey=EQNJAPMUWKLY2H3U6X7PU2GZQMJGX44R5MAD3DCHPSTQCBNYUCA3Y46YOYZVPRSLMZJAHH5ZCKOFU\">Entrevista a Diego Lagos, director de la Escuela de Ingenier\u00eda Civil Industrial.<\/a><\/p><p>\u00a0<\/p><p><strong>RADIO FUTURA<\/strong><\/p><p><a href=\"https:\/\/www.litoralpress.cl\/sitio\/RadioTV_Detalles.cshtml?LPKey=EJTN7D6ZOZ7NOVTPSZJYTKLOO7IVR7CE52ORPNTIU3JGI5SGEIA3C3PBF7JR5YTVDT5QO2IGJXSZO\">Entrevista a Fabio Dur\u00e1n, director de la Escuela de Ingenier\u00eda Civil en Bioinform\u00e1tica.<\/a><\/p><p>\u00a0<\/p><p><strong>EL MERCURIO<\/strong><\/p><p><a href=\"https:\/\/www.litoralpress.cl\/paginaconsultas\/Servicios_NClipSitio\/Get_Imagen_Nota.aspx?LPKey=7DLWGMLIRBO7MANC2RS33GC7LJAGMICNYQJPDYGT2LXNULIUOEWTIHADLS36AR27J64GGA22RCO36\">Las infidelidades pueden causar depresi\u00f3n e incluso episodios de estr\u00e9s postraum\u00e1tico. Se refiere Nadia Ramos, directora del Centro de Psicolog\u00eda Aplicada (CEPA).<\/a><\/p><p>\u00a0<\/p><p><strong>CANAL 13C<\/strong><\/p><p><a href=\"https:\/\/www.litoralpress.cl\/sitio\/RadioTV_Detalles.cshtml?LPKey=H3FXWVYOYR2S5TGV6DJEPAR73OZT6EIF5BI3NLYMBHRRSGOB2RPYJFQYPTR4UQ62O2B7RUTM3PWJQ\">Hablemos de Chile. Se refiere Patricio Gonz\u00e1lez, acad\u00e9mico del Centro de Investigaci\u00f3n y Transferencia en Riego y Agroclimatolog\u00eda.<\/a><\/p><p>\u00a0<\/p><p><strong>CANAL TVN RED MAULE<\/strong><\/p><p><a href=\"https:\/\/www.litoralpress.cl\/sitio\/RadioTV_Detalles.cshtml?LPKey=TLOSMTGXJTYESNNI5QL2PDCMKD7AEXXYAOGWUZBDI4HS36QXTNGXX64QYJ6UTFDRPGR77MAXFEESA\">D\u00e9ficit de lluvia del 40% complica la temporada de riego. Se refiere Patricio Gonz\u00e1lez, acad\u00e9mico del Centro de Investigaci\u00f3n y Transferencia en Riego y Agroclimatolog\u00eda.<\/a><\/p><p>\u00a0<\/p><p><strong>EL LECTOR<\/strong><\/p><p><a href=\"https:\/\/www.litoralpress.cl\/paginaconsultas\/Servicios_NClipSitio\/Get_Imagen_Nota.aspx?LPKey=MNWLV4KAQY27L4NTVJC5QAESVUPTF2DFD5THJQL34LOBI3F4GSHAL6QBYBXJ42UP4PD54UY7O3PFS\">Cambio clim\u00e1tico podr\u00eda incrementar n\u00famero de termitas en el sur de Chile. Se refiere Alex Fajardo, cient\u00edfico del Instituto de Investigaci\u00f3n Interdisciplinaria.<\/a><\/p><p>\u00a0<\/p><p><strong>CANAL TVN RED MAULE<\/strong><\/p><p><a href=\"https:\/\/www.litoralpress.cl\/sitio\/RadioTV_Detalles.cshtml?LPKey=67WWMPPVQNNVUV6RNGLGMLA4S4RERGAAGF5GYH5TYVDDXDF2FYNKQFY2LKEINGCFBMPM7NP3SSFFW\">Vacuna bivalente en El Maule. Se refiere Sergio Wehinger, director del Mag\u00edster en Ciencias Biom\u00e9dicas.<\/a><\/p><p>\u00a0<\/p><p><strong>DIARIOLAPORTADA.CL<\/strong><\/p><p><a href=\"https:\/\/www.diariolaportada.cl\/2022\/10\/18\/centro-interuniversitario-de-envejecimiento-saludable-organiza-jornada-con-adultos-mayores-de-antofagasta\/\">Centro Interuniversitario de Envejecimiento Saludable organiza jornada con adultos mayores de Antofagasta. Se refiere Iv\u00e1n Palomo, acad\u00e9mico de la Facultad de Ciencias de la Salud.<\/a><\/p><p>\u00a0<\/p><p><strong>CANAL MEGA PLUS<\/strong><\/p><p><a href=\"https:\/\/www.litoralpress.cl\/sitio\/RadioTV_Detalles.cshtml?LPKey=HMCUP6XYK6V4W6Q7GISEGT5OK7ABDTES7PAOURDTORD3MMKNUM76446ISIJC2HLAMRSMMQQITYGUG\">Entrevista a Mauricio Morales, director del Centro de An\u00e1lisis Pol\u00edtico (CAP).<\/a><\/p><p>\u00a0<\/p><p><strong>RADIO INFINITA<\/strong><\/p><p><a href=\"https:\/\/www.litoralpress.cl\/sitio\/RadioTV_Detalles.cshtml?LPKey=JHFT23AAWQLNDRVPX5GHEQ7MGCP2E6FIRHHQ6LU6ZWE7ZUYCLDKAH5ZZWNF22L6DI7WEB57FIJ3XA\">Comentario de Mauricio Morales, director del Centro de An\u00e1lisis Pol\u00edtico (CAP).<\/a><\/p><p>\u00a0<\/p>\t\t\t\t\t\t<\/div>\n\t\t\t\t<\/div>\n\t\t\t\t\t<\/div>\n\t\t<\/div>\n\t\t\t\t\t\t\t<\/div>\n\t\t<\/section>\n\t\t\t\t\t\t<\/div>\n\t\t\t\t\t<\/div>\n\t\t","protected":false},"excerpt":{"rendered":"<p>CANAL CONTIVISI\u00d3N Los problemas en el desarrollo del lenguaje de la primera infancia a causa de la pandemia. Se refieren Miguel V\u00e1squez, director de la Escuela de Fonoaudiolog\u00eda; Gloria Benavides, acad\u00e9mica de la carrera; y Catalina Briso, estudiante. \u00a0 MEDIABANCO.COM Fonoaudi\u00f3logos aportan a disminuir problemas en el lenguaje acrecentados por la pandemia. Se refieren Miguel &hellip;<\/p>\n<p class=\"read-more\"> <a class=\"\" href=\"https:\/\/www.reportedeprensa.utalca.cl\/?p=5306\"> <span class=\"screen-reader-text\">19 de octubre de 2022<\/span> Read More &raquo;<\/a><\/p>\n","protected":false},"author":1,"featured_media":0,"comment_status":"closed","ping_status":"open","sticky":false,"template":"","format":"standard","meta":{"_monsterinsights_skip_tracking":false,"_monsterinsights_sitenote_active":false,"_monsterinsights_sitenote_note":"","_monsterinsights_sitenote_category":0},"categories":[26],"tags":[],"_links":{"self":[{"href":"https:\/\/www.reportedeprensa.utalca.cl\/index.php?rest_route=\/wp\/v2\/posts\/5306"}],"collection":[{"href":"https:\/\/www.reportedeprensa.utalca.cl\/index.php?rest_route=\/wp\/v2\/posts"}],"about":[{"href":"https:\/\/www.reportedeprensa.utalca.cl\/index.php?rest_route=\/wp\/v2\/types\/post"}],"author":[{"embeddable":true,"href":"https:\/\/www.reportedeprensa.utalca.cl\/index.php?rest_route=\/wp\/v2\/users\/1"}],"replies":[{"embeddable":true,"href":"https:\/\/www.reportedeprensa.utalca.cl\/index.php?rest_route=%2Fwp%2Fv2%2Fcomments&post=5306"}],"version-history":[{"count":16,"href":"https:\/\/www.reportedeprensa.utalca.cl\/index.php?rest_route=\/wp\/v2\/posts\/5306\/revisions"}],"predecessor-version":[{"id":5332,"href":"https:\/\/www.reportedeprensa.utalca.cl\/index.php?rest_route=\/wp\/v2\/posts\/5306\/revisions\/5332"}],"wp:attachment":[{"href":"https:\/\/www.reportedeprensa.utalca.cl\/index.php?rest_route=%2Fwp%2Fv2%2Fmedia&parent=5306"}],"wp:term":[{"taxonomy":"category","embeddable":true,"href":"https:\/\/www.reportedeprensa.utalca.cl\/index.php?rest_route=%2Fwp%2Fv2%2Fcategories&post=5306"},{"taxonomy":"post_tag","embeddable":true,"href":"https:\/\/www.reportedeprensa.utalca.cl\/index.php?rest_route=%2Fwp%2Fv2%2Ftags&post=5306"}],"curies":[{"name":"wp","href":"https:\/\/api.w.org\/{rel}","templated":true}]}}