{"id":5334,"date":"2022-10-21T09:15:29","date_gmt":"2022-10-21T12:15:29","guid":{"rendered":"https:\/\/www.reportedeprensa.utalca.cl\/?p=5334"},"modified":"2022-10-21T09:24:43","modified_gmt":"2022-10-21T12:24:43","slug":"20-de-octubre-de-2022","status":"publish","type":"post","link":"https:\/\/www.reportedeprensa.utalca.cl\/?p=5334","title":{"rendered":"20 de octubre de 2022"},"content":{"rendered":"\t\t<div data-elementor-type=\"wp-post\" data-elementor-id=\"5334\" class=\"elementor elementor-5334\" data-elementor-settings=\"[]\">\n\t\t\t\t\t\t\t<div class=\"elementor-section-wrap\">\n\t\t\t\t\t\t\t<section class=\"elementor-section elementor-top-section elementor-element elementor-element-2a4b4b83 elementor-section-boxed elementor-section-height-default elementor-section-height-default\" data-id=\"2a4b4b83\" data-element_type=\"section\">\n\t\t\t\t\t\t<div class=\"elementor-container elementor-column-gap-default\">\n\t\t\t\t\t<div class=\"elementor-column elementor-col-100 elementor-top-column elementor-element elementor-element-24a78540\" data-id=\"24a78540\" data-element_type=\"column\">\n\t\t\t<div class=\"elementor-widget-wrap elementor-element-populated\">\n\t\t\t\t\t\t\t\t<div class=\"elementor-element elementor-element-55b07e54 elementor-widget elementor-widget-text-editor\" data-id=\"55b07e54\" data-element_type=\"widget\" data-widget_type=\"text-editor.default\">\n\t\t\t\t<div class=\"elementor-widget-container\">\n\t\t\t\t\t\t\t\t<p><strong>CANAL CONTIVISI\u00d3N<\/strong><\/p><p><a href=\"https:\/\/www.litoralpress.cl\/sitio\/RadioTV_Detalles.cshtml?LPKey=MOATBLS7K2IAWBEZCTNXCMFKPNCLGUW4I2EQILXBEBF3D2U3KQWE6I5MDFBHA3WPXP6GK34ALIO3W\">Concierto sinf\u00f3nico abri\u00f3 actividades por el aniversario 41 de la U. de Talca.<\/a><\/p><p>\u00a0<\/p><p><strong>MEDIABANCO.COM<\/strong><\/p><p><a href=\"https:\/\/www.mediabanco.com\/concierto-abre-las-celebraciones-de-un-nuevo-aniversario-de-la-universidad-de-talca\/\">Concierto abre las celebraciones de un nuevo aniversario de la Universidad de Talca.<\/a><\/p><p>\u00a0<\/p><p><strong>ELDIARIOSANTIAGO.CL<\/strong><\/p><p><a href=\"https:\/\/eldiariosantiago.cl\/2022\/10\/19\/fonoaudiologos-aportan-a-disminuir-problemas-en-el-lenguaje-acrecentados-por-la-pandemia\/\">Fonoaudi\u00f3logos aportan a disminuir problemas en el lenguaje acrecentados por la pandemia. Se refieren Miguel V\u00e1squez, director de la Escuela de Fonoaudiolog\u00eda; Gloria Benavides, acad\u00e9mica de la carrera; y Catalina Briso, estudiante.<\/a><\/p><p>\u00a0<\/p><p><strong>RADIO CONDELL<\/strong><\/p><p><a href=\"https:\/\/www.litoralpress.cl\/sitio\/RadioTV_Detalles.cshtml?LPKey=P4J2HII7GMGUUNWTCWR7A2KII6XWMRNPD6ENBKZRJXFOTD5LPYQ52DR7HYCNTHUZW5N73L2MZJ23O\">Entrevista a Leonardo Albornoz, acad\u00e9mico de la Escuela de Ingenier\u00eda Civil Mec\u00e1nica.<\/a><\/p><p>\u00a0<\/p><p><strong>LA PRENSA<\/strong><\/p><p><a href=\"https:\/\/www.litoralpress.cl\/paginaconsultas\/Servicios_NClipSitio\/Get_Imagen_Nota.aspx?LPKey=7A4OMWURJSI3633LYSPUJUNZONPWGJDPVO2WQMIPJFOMP2RTENHYHS7XSF5OOEZAAZPEJTLE62YOS\">CampusTV cumple 9 a\u00f1os de existencia. Se refiere Marcela Barros, directora de Comunicaciones Corporativas.<\/a><\/p><p>\u00a0<\/p><p><strong>ELMOSTRADOR.CL<\/strong><\/p><p><a href=\"https:\/\/www.elmostrador.cl\/agenda-pais\/2022\/10\/18\/cambio-climatico-podria-incrementar-numero-de-termitas-en-el-sur-de-chile\/\">Cambio clim\u00e1tico podr\u00eda incrementar n\u00famero de termitas en el sur de Chile. Se refiere Alex Fajardo, cient\u00edfico del Instituto de Investigaci\u00f3n Interdisciplinaria (I3).<\/a><\/p><p>\u00a0<\/p><p><strong>G5NOTICIAS.CL<\/strong><\/p><p><a href=\"https:\/\/g5noticias.cl\/2022\/10\/19\/cambio-climatico-podria-incrementar-numero-de-termitas-en-el-sur-de-chile\/\">Cambio clim\u00e1tico podr\u00eda incrementar n\u00famero de termitas en el sur de Chile. Se refiere Alex Fajardo, cient\u00edfico del Instituto de Investigaci\u00f3n Interdisciplinaria (I3).<\/a><\/p><p>\u00a0<\/p><p><strong>UESTATALES.CL<\/strong><\/p><p><a href=\"http:\/\/uestatales.cl\/cue\/?q=node\/9680\">Investigadores del CIES explican como repercute una salud bucal deficiente en el erotismo de las personas mayores. Se refieren Rodrigo Giacam\u00e1n, decano de la Facultad de Odontolog\u00eda y Soraya Le\u00f3n, directora del Mag\u00edster en Odontogeriatr\u00eda.<\/a><\/p><p>\u00a0<\/p><p><strong>ANTOFAGASTANOTICIAS.CL<\/strong><\/p><p><a href=\"https:\/\/www.antofagastanoticias.cl\/2022\/10\/19\/centro-interuniversitario-de-envejecimiento-saludable-organiza-jornada-con-adultos-mayores-de-antofagasta\/17063\">Centro Interuniversitario de Envejecimiento Saludable organiza jornada con adultos mayores de Antofagasta. Se refiere Iv\u00e1n Palomo, acad\u00e9mico de la Facultad de Ciencias de la Salud.<\/a><\/p><p>\u00a0<\/p><p><strong>EMOL.COM<\/strong><\/p><p><a href=\"https:\/\/www.emol.com\/noticias\/Economia\/2022\/10\/19\/1075943\/litio.html\">\u00bfAsociarse con Bolivia y Argentina?: Las dudas por idea de Ahumada ante las ventajas de Chile en industria del litio. Se refiere Francisco Rivas, director de Ingenier\u00eda Civil de Minas.<\/a><\/p><p>\u00a0<\/p><p><strong>NOSTALGICA.CL<\/strong><\/p><p><a href=\"https:\/\/www.nostalgica.cl\/asociarse-con-bolivia-y-argentina-las-dudas-por-idea-de-ahumada-ante-las-ventajas-de-chile-en-industria-del-litio\/\">\u00bfAsociarse con Bolivia y Argentina?: Las dudas por idea de Ahumada ante las ventajas de Chile en industria del litio. Se refiere Francisco Rivas, director de Ingenier\u00eda Civil de Minas.<\/a><\/p><p>\u00a0<\/p><p><strong>REDIMIN.CL<\/strong><\/p><p><a href=\"https:\/\/www.redimin.cl\/asociarse-con-bolivia-y-argentina-las-dudas-por-idea-de-ahumada-ante-las-ventajas-de-chile-en-industria-del-litio\/\">\u00bfAsociarse con Bolivia y Argentina?: Las dudas por idea de Ahumada ante las ventajas de Chile en industria del litio. Se refiere Francisco Rivas, director de Ingenier\u00eda Civil de Minas.<\/a><\/p><p>\u00a0<\/p><p><strong>CANAL TVN RED MAULE<\/strong><\/p><p><a href=\"https:\/\/www.litoralpress.cl\/sitio\/RadioTV_Detalles.cshtml?LPKey=ZVMA74AWUKBJV32UOQV5K27RW3WKHSESMORSPPEUX77RKML273JXV2VABHFNCJW5G6DOJ45BNAQZO\">Entrega de casas promete reducir d\u00e9ficit de viviendas. Se refiere Armando Dur\u00e1n, director de Ingenier\u00eda Civil en Obras Civiles.\u00a0<\/a><\/p><p>\u00a0<\/p><p><strong>RADIO INICIA<\/strong><\/p><p><a href=\"https:\/\/www.litoralpress.cl\/sitio\/RadioTV_Detalles.cshtml?LPKey=HWWG5DFDMN3HZRP6QESVNY4465GRRPENOHZ5ME3YRCX4MY5A2VIRQUVWF6GD5PCWN2KVP7SFUF7ZY\">Entrevista a Medardo Aguirre, acad\u00e9mico de la Facultad de Econom\u00eda y Negocios (FEN).<\/a><\/p><p>\u00a0<\/p><p><strong>CANAL TVN RED ARAUCAN\u00cdA<\/strong><\/p><p><a href=\"https:\/\/www.litoralpress.cl\/sitio\/RadioTV_Detalles.cshtml?LPKey=LXZ4JVCQCMS7VSRPBNRNTO2YSTQBESGXQXS6Q4WHZERJKFGUEBTKVVIQCDRDVLV4B2PMND3TWELQO\">Seminario sobre crisis h\u00eddrica en la regi\u00f3n. Se refiere Roberto Pizarro, acad\u00e9mico de la Escuela de Ingenier\u00eda Forestal.<\/a><\/p><p>\u00a0<\/p><p><strong>CANAL 24 HORAS<\/strong><\/p><p><a href=\"https:\/\/www.litoralpress.cl\/sitio\/RadioTV_Detalles.cshtml?LPKey=JKBP2IG4FP7BTS4JJUYIW5XLRY776V5NYHXSEVGK3I4ENTZ2H7MB7POWJGQ4YKEZW7L6IK7H3CQFA\">Entrevista a Mario Herrera, acad\u00e9mico del Centro de An\u00e1lisis Pol\u00edtico (CAP).<\/a><\/p><p>\u00a0<\/p><p><strong>RADIO INFINITA<\/strong><\/p><p><a href=\"https:\/\/www.litoralpress.cl\/sitio\/RadioTV_Detalles.cshtml?LPKey=ZSSP6EXMRJL7SFNDKW4RXHUERZYOXROZEIFDHCK24YLX6RVQTC3S6EW3TOC44X5FQ4YQCIHWJF7VC\">Comentario de Mauricio Morales, director del Centro de An\u00e1lisis Pol\u00edtica (CAP).<\/a><\/p><p>\u00a0<\/p><p><strong>MEGANOTICIAS.CL<\/strong><\/p><p><a href=\"https:\/\/www.meganoticias.cl\/nacional\/393332-analisis-mauricio-morales-discurso-boric-aniversario-estallido-social-18-10-2022.html\">&#8220;No vi una autocr\u00edtica&#8221;: Analista pol\u00edtico Mauricio Morales y discurso de Boric por el 18-O. Se refiere Mauricio Morales, director del Centro de An\u00e1lisis Pol\u00edtico (CAP).<\/a><\/p><p>\u00a0<\/p><p><strong>24HORAS.CL<\/strong><\/p><p><a href=\"https:\/\/www.24horas.cl\/programas\/manana-informativa\/academico-por-discurso-de-boric-en-18-octubre\">Acad\u00e9mico tras discurso de Boric en 18-O: &#8220;Su sector tiene un problema al diferenciar manifestaci\u00f3n de violencia&#8221;. Se refiere Mario Herrera, acad\u00e9mico del Centro de An\u00e1lisis Pol\u00edtico (CAP).<\/a><\/p><p>\u00a0<\/p><p><strong>EMOL.COM<\/strong><\/p><p><a href=\"https:\/\/www.emol.com\/noticias\/Nacional\/2022\/10\/19\/1076023\/expertos-y-tercer-aniversario-estallido.html\">Sin grandes manifestaciones y con focos delictuales: Expertos analizan los m\u00faltiples factores que marcaron el 18-O. Se refiere Mauricio Morales, director del Centro de An\u00e1lisis Pol\u00edtico (CAP).<\/a><\/p><p>\u00a0<\/p><p><strong>TVMAULE.CL<\/strong><\/p><p><a href=\"https:\/\/www.tvmaule.cl\/universitarios-emprendedores-conozcamos-la-belleza-de-la-bisuteria-y-la-innovacion-de-las-impresiones-3d\/\">Universitarios emprendedores: conozcamos la belleza de la bisuter\u00eda y la innovaci\u00f3n de las impresiones 3D. Se refieren Javiera Machuca y Antonio Garate, estudiantes.<\/a><\/p><p>\u00a0<\/p><p><strong>EL MERCURIO<\/strong><\/p><p><a href=\"https:\/\/www.litoralpress.cl\/paginaconsultas\/Servicios_NClipSitio\/Get_Imagen_Nota.aspx?LPKey=LYZIDVU3O2ZYITY3KIHFUT7NW6VXORLB7BAGERZ4Y4HCHIAG4S3OEYIHOKAPI6ZYXZEE4UVCDUQ6Q\">Work\/Caf\u00e9, el innovador concepto de oficina bancaria de Santander, cumple seis a\u00f1os. Se menciona a la UTalca.<\/a><\/p><p>\u00a0<\/p>\t\t\t\t\t\t<\/div>\n\t\t\t\t<\/div>\n\t\t\t\t\t<\/div>\n\t\t<\/div>\n\t\t\t\t\t\t\t<\/div>\n\t\t<\/section>\n\t\t\t\t\t\t<\/div>\n\t\t\t\t\t<\/div>\n\t\t","protected":false},"excerpt":{"rendered":"<p>CANAL CONTIVISI\u00d3N Concierto sinf\u00f3nico abri\u00f3 actividades por el aniversario 41 de la U. de Talca. \u00a0 MEDIABANCO.COM Concierto abre las celebraciones de un nuevo aniversario de la Universidad de Talca. \u00a0 ELDIARIOSANTIAGO.CL Fonoaudi\u00f3logos aportan a disminuir problemas en el lenguaje acrecentados por la pandemia. Se refieren Miguel V\u00e1squez, director de la Escuela de Fonoaudiolog\u00eda; Gloria &hellip;<\/p>\n<p class=\"read-more\"> <a class=\"\" href=\"https:\/\/www.reportedeprensa.utalca.cl\/?p=5334\"> <span class=\"screen-reader-text\">20 de octubre de 2022<\/span> Read More &raquo;<\/a><\/p>\n","protected":false},"author":1,"featured_media":0,"comment_status":"closed","ping_status":"open","sticky":false,"template":"","format":"standard","meta":{"_monsterinsights_skip_tracking":false,"_monsterinsights_sitenote_active":false,"_monsterinsights_sitenote_note":"","_monsterinsights_sitenote_category":0},"categories":[26],"tags":[],"_links":{"self":[{"href":"https:\/\/www.reportedeprensa.utalca.cl\/index.php?rest_route=\/wp\/v2\/posts\/5334"}],"collection":[{"href":"https:\/\/www.reportedeprensa.utalca.cl\/index.php?rest_route=\/wp\/v2\/posts"}],"about":[{"href":"https:\/\/www.reportedeprensa.utalca.cl\/index.php?rest_route=\/wp\/v2\/types\/post"}],"author":[{"embeddable":true,"href":"https:\/\/www.reportedeprensa.utalca.cl\/index.php?rest_route=\/wp\/v2\/users\/1"}],"replies":[{"embeddable":true,"href":"https:\/\/www.reportedeprensa.utalca.cl\/index.php?rest_route=%2Fwp%2Fv2%2Fcomments&post=5334"}],"version-history":[{"count":7,"href":"https:\/\/www.reportedeprensa.utalca.cl\/index.php?rest_route=\/wp\/v2\/posts\/5334\/revisions"}],"predecessor-version":[{"id":5351,"href":"https:\/\/www.reportedeprensa.utalca.cl\/index.php?rest_route=\/wp\/v2\/posts\/5334\/revisions\/5351"}],"wp:attachment":[{"href":"https:\/\/www.reportedeprensa.utalca.cl\/index.php?rest_route=%2Fwp%2Fv2%2Fmedia&parent=5334"}],"wp:term":[{"taxonomy":"category","embeddable":true,"href":"https:\/\/www.reportedeprensa.utalca.cl\/index.php?rest_route=%2Fwp%2Fv2%2Fcategories&post=5334"},{"taxonomy":"post_tag","embeddable":true,"href":"https:\/\/www.reportedeprensa.utalca.cl\/index.php?rest_route=%2Fwp%2Fv2%2Ftags&post=5334"}],"curies":[{"name":"wp","href":"https:\/\/api.w.org\/{rel}","templated":true}]}}