{"id":535,"date":"2021-03-26T08:59:51","date_gmt":"2021-03-26T11:59:51","guid":{"rendered":"https:\/\/www.reportedeprensa.utalca.cl\/?p=535"},"modified":"2021-03-26T08:59:52","modified_gmt":"2021-03-26T11:59:52","slug":"26-de-marzo-de-2021","status":"publish","type":"post","link":"https:\/\/www.reportedeprensa.utalca.cl\/?p=535","title":{"rendered":"26 de marzo de 2021"},"content":{"rendered":"\t\t<div data-elementor-type=\"wp-post\" data-elementor-id=\"535\" class=\"elementor elementor-535\" data-elementor-settings=\"[]\">\n\t\t\t\t\t\t\t<div class=\"elementor-section-wrap\">\n\t\t\t\t\t\t\t<section class=\"elementor-section elementor-top-section elementor-element elementor-element-a06ca45 elementor-section-boxed elementor-section-height-default elementor-section-height-default\" data-id=\"a06ca45\" data-element_type=\"section\">\n\t\t\t\t\t\t<div class=\"elementor-container elementor-column-gap-default\">\n\t\t\t\t\t<div class=\"elementor-column elementor-col-100 elementor-top-column elementor-element elementor-element-1486c35\" data-id=\"1486c35\" data-element_type=\"column\">\n\t\t\t<div class=\"elementor-widget-wrap elementor-element-populated\">\n\t\t\t\t\t\t\t\t<div class=\"elementor-element elementor-element-42b145e elementor-widget elementor-widget-text-editor\" data-id=\"42b145e\" data-element_type=\"widget\" data-widget_type=\"text-editor.default\">\n\t\t\t\t<div class=\"elementor-widget-container\">\n\t\t\t\t\t\t\t\t<p><b>DIALOGOSUR.CL<\/b><\/p><p><a style=\"font-style: inherit; font-weight: inherit; background-color: #ffffff; font-family: -apple-system, BlinkMacSystemFont,;\" href=\"https:\/\/dialogosur.cl\/investigacion-destaca-a-la-utalca-entre-las-universidades-que-mas-miden-su-propia-huella-de-carbono\/\" target=\"_blank\" rel=\"noopener\">Investigaci\u00f3n destaca a la UTalca entre las universidades que m\u00e1s miden su propia huella de carbono\u201d.<\/a><\/p>\t\t\t\t\t\t<\/div>\n\t\t\t\t<\/div>\n\t\t\t\t<div class=\"elementor-element elementor-element-3669f8f elementor-widget elementor-widget-text-editor\" data-id=\"3669f8f\" data-element_type=\"widget\" data-widget_type=\"text-editor.default\">\n\t\t\t\t<div class=\"elementor-widget-container\">\n\t\t\t\t\t\t\t\t<p><b>EL MERCURIO<\/b><\/p><p><a style=\"font-style: inherit; font-weight: inherit; background-color: #ffffff; font-family: -apple-system, BlinkMacSystemFont,;\" href=\"https:\/\/www.litoralpress.cl\/paginaconsultas\/Servicios_NClip\/Get_Imagen_Pagina.aspx?LPKey=6jw.Py0hy.N4e.N.C.G.X6.Bu97.N.O.X8.Fs.Vz.M.A1nv.V1cs8.Lvly8.%C3%96\" target=\"_blank\" rel=\"noopener\">Vacunaci\u00f3n para menores de 16 a\u00f1os podr\u00eda aprobarse en junio tras resultados cl\u00ednicos. Se refiere Marcelo Alarc\u00f3n, acad\u00e9mico del Departamento de Salud P\u00fablica de la UTalca.<\/a><\/p>\t\t\t\t\t\t<\/div>\n\t\t\t\t<\/div>\n\t\t\t\t<div class=\"elementor-element elementor-element-b640b69 elementor-widget elementor-widget-text-editor\" data-id=\"b640b69\" data-element_type=\"widget\" data-widget_type=\"text-editor.default\">\n\t\t\t\t<div class=\"elementor-widget-container\">\n\t\t\t\t\t\t\t\t<p><b>RADIO BIOB\u00cdO (Valpara\u00edso)<\/b><\/p><p><a style=\"font-style: inherit; font-weight: inherit; background-color: #ffffff; font-family: -apple-system, BlinkMacSystemFont,;\" href=\"https:\/\/www.litoralpress.cl\/Archivos\/t.Aj.Pg8x.Q.Kfol.N.U.M.G.Lx.Aqy.A.%c3%96.%c3%96.mp3\" target=\"_blank\" rel=\"noopener\">Entrevista a Isaac Ravetllat, director del Centro de Estudios sobre Derechos de la Infancia y Adolescencia (CEDIA).<\/a><\/p>\t\t\t\t\t\t<\/div>\n\t\t\t\t<\/div>\n\t\t\t\t<div class=\"elementor-element elementor-element-22a1a2d elementor-widget elementor-widget-text-editor\" data-id=\"22a1a2d\" data-element_type=\"widget\" data-widget_type=\"text-editor.default\">\n\t\t\t\t<div class=\"elementor-widget-container\">\n\t\t\t\t\t\t\t\t<p><b>CANAL CONTIVISI\u00d3N<\/b><\/p><p><a style=\"font-style: inherit; font-weight: inherit; background-color: #ffffff; font-family: -apple-system, BlinkMacSystemFont,;\" href=\"https:\/\/www.litoralpress.cl\/Archivos\/.R.N.Z.D.T.C8.Frcp4.Krsn.Y-x.U.Dg.%c3%96.%c3%96.mp4\" target=\"_blank\" rel=\"noopener\">Pesar en San Javier tras muerte de una menor de 11 a\u00f1os diagnosticada con PIMS. Se refiere Gonzalo Guti\u00e9rrez, acad\u00e9mico de la Escuela de Medicina de la UTalca.<\/a><\/p>\t\t\t\t\t\t<\/div>\n\t\t\t\t<\/div>\n\t\t\t\t<div class=\"elementor-element elementor-element-68bc918 elementor-widget elementor-widget-text-editor\" data-id=\"68bc918\" data-element_type=\"widget\" data-widget_type=\"text-editor.default\">\n\t\t\t\t<div class=\"elementor-widget-container\">\n\t\t\t\t\t\t\t\t<p><b>ENLINEAMAULE.CL<\/b><\/p><p><a style=\"font-style: inherit; font-weight: inherit; background-color: #ffffff; font-family: -apple-system, BlinkMacSystemFont,;\" href=\"https:\/\/enlineamaule.cl\/archivo\/42684\" target=\"_blank\" rel=\"noopener\">En el Maule se han identificado 4 casos con el s\u00edndrome inflamatorio multisist\u00e9mico pedi\u00e1trico. Se refiere Gonzalo Guti\u00e9rrez, acad\u00e9mico de la Escuela de Medicina de la UTalca.<\/a><\/p>\t\t\t\t\t\t<\/div>\n\t\t\t\t<\/div>\n\t\t\t\t<div class=\"elementor-element elementor-element-a31dc7c elementor-widget elementor-widget-text-editor\" data-id=\"a31dc7c\" data-element_type=\"widget\" data-widget_type=\"text-editor.default\">\n\t\t\t\t<div class=\"elementor-widget-container\">\n\t\t\t\t\t\t\t\t<p><b>LA PRENSA<\/b><\/p><p><a style=\"font-style: inherit; font-weight: inherit; background-color: #ffffff; font-family: -apple-system, BlinkMacSystemFont,;\" href=\"https:\/\/www.litoralpress.cl\/paginaconsultas\/Servicios_NClip\/Get_Imagen_Pagina.aspx?LPKey=5e.Vq6.Q7m.Y.%C3%9Cb.V.%C3%9C.Eo.P.C.U.D.W.I.T.J.Wl.H.G.V.C.%C3%9Cr.Zs.Pe5.G.P.G.D1e.E.%C3%96\" target=\"_blank\" rel=\"noopener\">Advierten que transporte p\u00fablico es importante fuente de contagio. Se refiere Erika Retamal, directora de Salud P\u00fablica de la UTalca.<\/a><\/p>\t\t\t\t\t\t<\/div>\n\t\t\t\t<\/div>\n\t\t\t\t<div class=\"elementor-element elementor-element-2a5d50b elementor-widget elementor-widget-text-editor\" data-id=\"2a5d50b\" data-element_type=\"widget\" data-widget_type=\"text-editor.default\">\n\t\t\t\t<div class=\"elementor-widget-container\">\n\t\t\t\t\t\t\t\t<p><b>EL LECTOR<\/b><\/p><p><a style=\"font-style: inherit; font-weight: inherit; background-color: #ffffff; font-family: -apple-system, BlinkMacSystemFont,;\" href=\"https:\/\/www.litoralpress.cl\/paginaconsultas\/Servicios_NClip\/Get_Imagen_Pagina.aspx?LPKey=.Frh.Ed2.%C3%9C.P.Mi.Ee8.C.Ta.Tp.T5n7.B5.Sr.Me.Eu.Tra.Z.T.D46.Autd.Q.%C3%96\" target=\"_blank\" rel=\"noopener\">Salubrista advirti\u00f3 que hay evidencia de que el transporte p\u00fablico \u201cs\u00ed es una importante fuente de contagio de COVID-19&#8243;. Se refiere Erika Retamal, directora de Salud P\u00fablica y Daniel Jim\u00e9nez, director de Salud del Estudiante de la UTalca.<\/a><\/p>\t\t\t\t\t\t<\/div>\n\t\t\t\t<\/div>\n\t\t\t\t<div class=\"elementor-element elementor-element-cf172a3 elementor-widget elementor-widget-text-editor\" data-id=\"cf172a3\" data-element_type=\"widget\" data-widget_type=\"text-editor.default\">\n\t\t\t\t<div class=\"elementor-widget-container\">\n\t\t\t\t\t\t\t\t<p><b>TV5.CL<\/b><\/p><p><a style=\"font-style: inherit; font-weight: inherit; background-color: #ffffff; font-family: -apple-system, BlinkMacSystemFont,;\" href=\"https:\/\/www.tv5.cl\/noticia\/inmigrantes-en-pandemia,-segun-estudio,-un-62-por-ciento--no-tiene-acceso-a-beneficios-estatales\/60596235dfb0277529c06faf\" target=\"_blank\" rel=\"noopener\">Inmigrantes en Pandemia: seg\u00fan estudio, un 62% no tiene acceso a beneficios estatales. Se refiere Medardo Aguirre, director del Centro Nacional de Estudios Migratorios (CENEM) de la UTalca.<\/a><\/p>\t\t\t\t\t\t<\/div>\n\t\t\t\t<\/div>\n\t\t\t\t<div class=\"elementor-element elementor-element-3064256 elementor-widget elementor-widget-text-editor\" data-id=\"3064256\" data-element_type=\"widget\" data-widget_type=\"text-editor.default\">\n\t\t\t\t<div class=\"elementor-widget-container\">\n\t\t\t\t\t\t\t\t<p><b>DIARIO VI REGI\u00d3N<\/b><\/p><p><a style=\"font-style: inherit; font-weight: inherit; background-color: #ffffff; font-family: -apple-system, BlinkMacSystemFont,;\" href=\"https:\/\/www.litoralpress.cl\/paginaconsultas\/Servicios_NClip\/Get_Imagen_Pagina.aspx?LPKey=6m.R75q3u.Zbl.A.Th.I56.E.R.Pwo0.Qsj.S3wbyl.P.V.Fv.A.W.O.Cau.Y.%C3%96\" target=\"_blank\" rel=\"noopener\">Programa Cieplan- UTalca se renueva e incorpora nuevos temas de estudio.<\/a><\/p>\t\t\t\t\t\t<\/div>\n\t\t\t\t<\/div>\n\t\t\t\t<div class=\"elementor-element elementor-element-f0eaba6 elementor-widget elementor-widget-text-editor\" data-id=\"f0eaba6\" data-element_type=\"widget\" data-widget_type=\"text-editor.default\">\n\t\t\t\t<div class=\"elementor-widget-container\">\n\t\t\t\t\t\t\t\t<p><b>CANAL MEGA<\/b><\/p><p><a style=\"font-style: inherit; font-weight: inherit; background-color: #ffffff; font-family: -apple-system, BlinkMacSystemFont,;\" href=\"https:\/\/www.litoralpress.cl\/Archivos\/.H42ui.Rk.P.Mck1phz.W.Ichdwg.%c3%96.%c3%96.mp4\" target=\"_blank\" rel=\"noopener\">Colmed invit\u00f3 a pol\u00edticos a analizar pr\u00f3ximas elecciones de abril por aumento de contagios. Se refiere Mauricio Morales, acad\u00e9mico del Centro de An\u00e1lisis Pol\u00edtico (CAP) de la UTalca.<\/a><\/p>\t\t\t\t\t\t<\/div>\n\t\t\t\t<\/div>\n\t\t\t\t<div class=\"elementor-element elementor-element-394ae99 elementor-widget elementor-widget-text-editor\" data-id=\"394ae99\" data-element_type=\"widget\" data-widget_type=\"text-editor.default\">\n\t\t\t\t<div class=\"elementor-widget-container\">\n\t\t\t\t\t\t\t\t<p><b>CANAL MEGA PLUS<\/b><\/p><p><a style=\"font-style: inherit; font-weight: inherit; background-color: #ffffff; font-family: -apple-system, BlinkMacSystemFont,;\" href=\"https:\/\/www.litoralpress.cl\/Archivos\/.Ota.Ko8.Xtq.Vys.U.M.Pa7ay.Zf.Q.%c3%96.%c3%96.mp4\" target=\"_blank\" rel=\"noopener\">Colmed invit\u00f3 a pol\u00edticos a analizar pr\u00f3ximas elecciones de abril por aumento de contagios. Se refiere Mauricio Morales, acad\u00e9mico del Centro de An\u00e1lisis Pol\u00edtico (CAP) de la UTalca.<\/a><\/p>\t\t\t\t\t\t<\/div>\n\t\t\t\t<\/div>\n\t\t\t\t<div class=\"elementor-element elementor-element-3d0d7f2 elementor-widget elementor-widget-text-editor\" data-id=\"3d0d7f2\" data-element_type=\"widget\" data-widget_type=\"text-editor.default\">\n\t\t\t\t<div class=\"elementor-widget-container\">\n\t\t\t\t\t\t\t\t<p><b>ADPRENSA.CL<\/b><\/p><p><a style=\"font-style: inherit; font-weight: inherit; background-color: #ffffff; font-family: -apple-system, BlinkMacSystemFont,;\" href=\"https:\/\/www.adprensa.cl\/cronica\/elecciones-en-dos-jornadas-como-se-resguardaran-los-votos\/\" target=\"_blank\" rel=\"noopener\">Elecciones en dos jornadas: \u00bfC\u00f3mo se resguardar\u00e1n los votos? Se refiere Mario Herrera, acad\u00e9mico del Centro de An\u00e1lisis Pol\u00edtico (CAP) de la UTalca.<\/a><\/p>\t\t\t\t\t\t<\/div>\n\t\t\t\t<\/div>\n\t\t\t\t<div class=\"elementor-element elementor-element-9c28730 elementor-widget elementor-widget-text-editor\" data-id=\"9c28730\" data-element_type=\"widget\" data-widget_type=\"text-editor.default\">\n\t\t\t\t<div class=\"elementor-widget-container\">\n\t\t\t\t\t\t\t\t<p><b>SEPTIMAPAGINANOTICIAS.CL<\/b><\/p><p><a style=\"font-style: inherit; font-weight: inherit; background-color: #ffffff; font-family: -apple-system, BlinkMacSystemFont,;\" href=\"https:\/\/www.septimapaginanoticias.cl\/post\/elecciones-en-dos-jornadas-como-se-resguardaran-los-votos\" target=\"_blank\" rel=\"noopener\">Elecciones en dos jornadas: \u00bfC\u00f3mo se resguardar\u00e1n los votos? Se refiere Mario Herrera, acad\u00e9mico del Centro de An\u00e1lisis Pol\u00edtico (CAP) de la UTalca.<\/a><\/p>\t\t\t\t\t\t<\/div>\n\t\t\t\t<\/div>\n\t\t\t\t<div class=\"elementor-element elementor-element-2a09f63 elementor-widget elementor-widget-text-editor\" data-id=\"2a09f63\" data-element_type=\"widget\" data-widget_type=\"text-editor.default\">\n\t\t\t\t<div class=\"elementor-widget-container\">\n\t\t\t\t\t\t\t\t<p><b>RADIOMAGALLANES.CL<\/b><\/p><p><a style=\"font-style: inherit; font-weight: inherit; background-color: #ffffff; font-family: -apple-system, BlinkMacSystemFont,;\" href=\"https:\/\/www.radiomagallanes.cl\/noticia.php?id_not=95306\" target=\"_blank\" rel=\"noopener\">Elecciones en dos jornadas: \u00bfC\u00f3mo se resguardar\u00e1n los votos? Se refiere Mario Herrera, acad\u00e9mico del Centro de An\u00e1lisis Pol\u00edtico (CAP) de la UTalca.<\/a><\/p>\t\t\t\t\t\t<\/div>\n\t\t\t\t<\/div>\n\t\t\t\t<div class=\"elementor-element elementor-element-b0a77c4 elementor-widget elementor-widget-text-editor\" data-id=\"b0a77c4\" data-element_type=\"widget\" data-widget_type=\"text-editor.default\">\n\t\t\t\t<div class=\"elementor-widget-container\">\n\t\t\t\t\t\t\t\t<p><b>RADIO DUNA<\/b><\/p><p><a style=\"font-style: inherit; font-weight: inherit; background-color: #ffffff; font-family: -apple-system, BlinkMacSystemFont,;\" href=\"https:\/\/www.litoralpress.cl\/Archivos\/s.W.F.Ajv2t1.D1v.I2g.Oc.Sx.Y.R.Q.%c3%96.%c3%96.mp3\" target=\"_blank\" rel=\"noopener\">Entrevista a arquitectos Francisca Pulido y Felipe Assadi. Se menciona a la Universidad de Talca.<\/a><\/p>\t\t\t\t\t\t<\/div>\n\t\t\t\t<\/div>\n\t\t\t\t<div class=\"elementor-element elementor-element-aadfc98 elementor-widget elementor-widget-text-editor\" data-id=\"aadfc98\" data-element_type=\"widget\" data-widget_type=\"text-editor.default\">\n\t\t\t\t<div class=\"elementor-widget-container\">\n\t\t\t\t\t\t\t\t<p><b>EL HERALDO<\/b><\/p><p><a style=\"font-style: inherit; font-weight: inherit; background-color: #ffffff; font-family: -apple-system, BlinkMacSystemFont,;\" href=\"https:\/\/www.litoralpress.cl\/paginaconsultas\/Servicios_NClip\/Get_Imagen_Pagina.aspx?LPKey=.Ns.Uk\/.Mlire6qiu.Oq.O0q.Fz.R.U.A.Nh\/2.U.Ud.Tawf21.F.E.D.Y.Co.%C3%96\" target=\"_blank\" rel=\"noopener\">FIA lanza nueva versi\u00f3n de concurso de innovaci\u00f3n escolar SaviaLab. Se menciona a la UTalca.<\/a><\/p>\t\t\t\t\t\t<\/div>\n\t\t\t\t<\/div>\n\t\t\t\t\t<\/div>\n\t\t<\/div>\n\t\t\t\t\t\t\t<\/div>\n\t\t<\/section>\n\t\t\t\t\t\t<\/div>\n\t\t\t\t\t<\/div>\n\t\t","protected":false},"excerpt":{"rendered":"<p>DIALOGOSUR.CL Investigaci\u00f3n destaca a la UTalca entre las universidades que m\u00e1s miden su propia huella de carbono\u201d. EL MERCURIO Vacunaci\u00f3n para menores de 16 a\u00f1os podr\u00eda aprobarse en junio tras resultados cl\u00ednicos. Se refiere Marcelo Alarc\u00f3n, acad\u00e9mico del Departamento de Salud P\u00fablica de la UTalca. RADIO BIOB\u00cdO (Valpara\u00edso) Entrevista a Isaac Ravetllat, director del Centro &hellip;<\/p>\n<p class=\"read-more\"> <a class=\"\" href=\"https:\/\/www.reportedeprensa.utalca.cl\/?p=535\"> <span class=\"screen-reader-text\">26 de marzo de 2021<\/span> Read More &raquo;<\/a><\/p>\n","protected":false},"author":1,"featured_media":0,"comment_status":"closed","ping_status":"open","sticky":false,"template":"elementor_theme","format":"standard","meta":{"_monsterinsights_skip_tracking":false,"_monsterinsights_sitenote_active":false,"_monsterinsights_sitenote_note":"","_monsterinsights_sitenote_category":0},"categories":[4],"tags":[],"_links":{"self":[{"href":"https:\/\/www.reportedeprensa.utalca.cl\/index.php?rest_route=\/wp\/v2\/posts\/535"}],"collection":[{"href":"https:\/\/www.reportedeprensa.utalca.cl\/index.php?rest_route=\/wp\/v2\/posts"}],"about":[{"href":"https:\/\/www.reportedeprensa.utalca.cl\/index.php?rest_route=\/wp\/v2\/types\/post"}],"author":[{"embeddable":true,"href":"https:\/\/www.reportedeprensa.utalca.cl\/index.php?rest_route=\/wp\/v2\/users\/1"}],"replies":[{"embeddable":true,"href":"https:\/\/www.reportedeprensa.utalca.cl\/index.php?rest_route=%2Fwp%2Fv2%2Fcomments&post=535"}],"version-history":[{"count":7,"href":"https:\/\/www.reportedeprensa.utalca.cl\/index.php?rest_route=\/wp\/v2\/posts\/535\/revisions"}],"predecessor-version":[{"id":545,"href":"https:\/\/www.reportedeprensa.utalca.cl\/index.php?rest_route=\/wp\/v2\/posts\/535\/revisions\/545"}],"wp:attachment":[{"href":"https:\/\/www.reportedeprensa.utalca.cl\/index.php?rest_route=%2Fwp%2Fv2%2Fmedia&parent=535"}],"wp:term":[{"taxonomy":"category","embeddable":true,"href":"https:\/\/www.reportedeprensa.utalca.cl\/index.php?rest_route=%2Fwp%2Fv2%2Fcategories&post=535"},{"taxonomy":"post_tag","embeddable":true,"href":"https:\/\/www.reportedeprensa.utalca.cl\/index.php?rest_route=%2Fwp%2Fv2%2Ftags&post=535"}],"curies":[{"name":"wp","href":"https:\/\/api.w.org\/{rel}","templated":true}]}}