{"id":5352,"date":"2022-10-24T09:25:50","date_gmt":"2022-10-24T12:25:50","guid":{"rendered":"https:\/\/www.reportedeprensa.utalca.cl\/?p=5352"},"modified":"2022-10-24T10:30:55","modified_gmt":"2022-10-24T13:30:55","slug":"24-de-octubre-de-2022","status":"publish","type":"post","link":"https:\/\/www.reportedeprensa.utalca.cl\/?p=5352","title":{"rendered":"24 de octubre de 2022"},"content":{"rendered":"\t\t<div data-elementor-type=\"wp-post\" data-elementor-id=\"5352\" class=\"elementor elementor-5352\" data-elementor-settings=\"[]\">\n\t\t\t\t\t\t\t<div class=\"elementor-section-wrap\">\n\t\t\t\t\t\t\t<section class=\"elementor-section elementor-top-section elementor-element elementor-element-2a4b4b83 elementor-section-boxed elementor-section-height-default elementor-section-height-default\" data-id=\"2a4b4b83\" data-element_type=\"section\">\n\t\t\t\t\t\t<div class=\"elementor-container elementor-column-gap-default\">\n\t\t\t\t\t<div class=\"elementor-column elementor-col-100 elementor-top-column elementor-element elementor-element-24a78540\" data-id=\"24a78540\" data-element_type=\"column\">\n\t\t\t<div class=\"elementor-widget-wrap elementor-element-populated\">\n\t\t\t\t\t\t\t\t<div class=\"elementor-element elementor-element-55b07e54 elementor-widget elementor-widget-text-editor\" data-id=\"55b07e54\" data-element_type=\"widget\" data-widget_type=\"text-editor.default\">\n\t\t\t\t<div class=\"elementor-widget-container\">\n\t\t\t\t\t\t\t\t<p><strong>EL LECTOR<\/strong><\/p><p><a href=\"https:\/\/www.litoralpress.cl\/paginaconsultas\/Servicios_NClipSitio\/Get_Imagen_Nota.aspx?LPKey=JIW7ZVLEVJC3XGN4B62YJLELIIXYD7ISH5AELI2QW22GJB4PPKJ75ZF7SPFIQVBBEVESBT7JSE4BO\">Congreso de Profesores de Alem\u00e1n analiz\u00f3 creciente demanda por manejar este idioma. Se refieren Josephin Hahn, representante del Servicio Alem\u00e1n de Intercambio Acad\u00e9mico (DAAD); Cristi\u00e1n Rojas, vicerrector Acad\u00e9mico; y Jochen Fritz director de la Escuela de Pedagog\u00edas en Alem\u00e1n.<\/a><\/p><p>\u00a0<\/p><p><strong>ADPRENSA.CL<\/strong><\/p><p><a href=\"https:\/\/www.adprensa.cl\/cronica\/congreso-de-profesores-de-aleman-analizo-creciente-demanda-por-manejar-este-idioma\/\">Congreso de Profesores de Alem\u00e1n analiz\u00f3 creciente demanda por manejar este idioma. Se refieren Josephin Hahn, representante del Servicio Alem\u00e1n de Intercambio Acad\u00e9mico (DAAD); Cristi\u00e1n Rojas, vicerrector Acad\u00e9mico; Jochen Fritz director de la Escuela de Pedagog\u00edas en Alem\u00e1n; Angelika Fraitzl, coordinadora acad\u00e9mica de la Escuela de Pedagog\u00edas en Alem\u00e1n; y los estudiantes Tom\u00e1s Novicelli y Margarita Arriagada.<\/a><\/p><p>\u00a0<\/p><p><strong>MEDIABANCO.COM<\/strong><\/p><p><a href=\"https:\/\/www.mediabanco.com\/congreso-de-profesores-de-aleman-analizo-creciente-demanda-por-manejar-este-idioma\/\">Congreso de Profesores de Alem\u00e1n analiz\u00f3 creciente demanda por manejar este idioma. Se refieren Josephin Hahn, representante del Servicio Alem\u00e1n de Intercambio Acad\u00e9mico (DAAD); Cristi\u00e1n Rojas, vicerrector Acad\u00e9mico; Jochen Fritz director de la Escuela de Pedagog\u00edas en Alem\u00e1n; Angelika Fraitzl, coordinadora acad\u00e9mica de la Escuela de Pedagog\u00edas en Alem\u00e1n; y los estudiantes Tom\u00e1s Novicelli y Margarita Arriagada.<\/a><\/p><p>\u00a0<\/p><p><strong>G5NOTICIAS.CL<\/strong><\/p><p><a href=\"https:\/\/g5noticias.cl\/2022\/10\/22\/congreso-de-profesores-de-aleman-analizo-creciente-demanda-por-manejar-este-idioma\/\">Congreso de Profesores de Alem\u00e1n analiz\u00f3 creciente demanda por manejar este idioma. Se refieren Josephin Hahn, representante del Servicio Alem\u00e1n de Intercambio Acad\u00e9mico (DAAD); Cristi\u00e1n Rojas, vicerrector Acad\u00e9mico; Jochen Fritz director de la Escuela de Pedagog\u00edas en Alem\u00e1n; Angelika Fraitzl, coordinadora acad\u00e9mica de la Escuela de Pedagog\u00edas en Alem\u00e1n; y los estudiantes Tom\u00e1s Novicelli y Margarita Arriagada.<\/a><\/p><p>\u00a0<\/p><p><strong>G5NOTICIAS.CL<\/strong><\/p><p><a href=\"https:\/\/g5noticias.cl\/2022\/10\/23\/fonoaudiologos-aportan-a-disminuir-problemas-en-el-lenguaje-acrecentados-por-la-pandemia\/\">Fonoaudi\u00f3logos aportan a disminuir problemas en el lenguaje acrecentados por la pandemia. Se refieren Miguel V\u00e1squez, director de la Escuela de Fonoaudiolog\u00eda; Gloria Benavides, acad\u00e9mica de la carrera; y Catalina Briso, estudiante.<\/a><\/p><p>\u00a0<\/p><p><strong>CANAL TVN RED MAULE<\/strong><\/p><p><a href=\"https:\/\/www.litoralpress.cl\/sitio\/RadioTV_Detalles.cshtml?LPKey=26NMD6BLQSECAD42XG5MQV335MTH3NKU5W43M4KIZBWWG7G4JHR2DHBGY5QP7YV37LIZYMCQ7SCZS\">Im\u00e1genes del Concierto Aniversario de la UTalca.<\/a><\/p><p>\u00a0<\/p><p><strong>RADIO FM+<\/strong><\/p><p><a href=\"https:\/\/www.litoralpress.cl\/sitio\/RadioTV_Detalles.cshtml?LPKey=XIBSOC46STSUT3W4TNPH3XGBCHSLLPCHG6QMMLZTABH2DMBFWL5XUAMLUH357B5CXKZQOEZAXVH7C\">Entrevista a Ruth Garrido, directora de la Escuela de Ingenier\u00eda Civil en Computaci\u00f3n.<\/a><\/p><p>\u00a0<\/p><p><strong>RADIO ANCOA<\/strong><\/p><p><a href=\"https:\/\/www.litoralpress.cl\/sitio\/RadioTV_Detalles.cshtml?LPKey=CU46U5JV4BWAZ6RZBUUSD7GNF72DNMMKWNW7CW5ZNSQX7BI5GHLMHQJ52FKH2FTWISUBSUL7QFLK4\">Entrevista a Linda Silva, jefa de la carrera de Pedagog\u00eda en Educaci\u00f3n Media en Biolog\u00eda y Qu\u00edmica, y Carla Rodr\u00edguez, presidenta del Centro de Estudiantes de esa misma carrera.<\/a><\/p><p>\u00a0<\/p><p><strong>DIARIO FINANCIERO<\/strong><\/p><p><a href=\"https:\/\/www.litoralpress.cl\/paginaconsultas\/Servicios_NClipSitio\/Get_Imagen_Nota.aspx?LPKey=IPAC7JYTNWJKDR6EVRZOJWLOBCFLR4LCBCTL2EUX376NHNRF4AV7TBIHBXX5H4NUDNPG33FTUAII6\">Las innovaciones para mejorar la calidad del vino que Grupo Partner pilotear\u00e1 en la pr\u00f3xima vendimia. Se menciona al Centro de la Vid y el Vino.<\/a><\/p><p>\u00a0<\/p><p><strong>EL LECTOR<\/strong><\/p><p><a href=\"https:\/\/www.litoralpress.cl\/paginaconsultas\/Servicios_NClipSitio\/Get_Imagen_Nota.aspx?LPKey=UA7BJEFM5RJT2QZ4PCROXO2MYFBI4YNL2TV56GIHR7257462NVNB6U5L4QIJPJRKGIHSOTIMCF5UE\">Investigadores explican como repercuten los problemas de salud bucal en las personas mayores. Se refieren Rodrigo Giacaman, decano de la Facultad de Odontolog\u00eda y Soraya Le\u00f3n, directora del Mag\u00edster en Odontogeriatr\u00eda.<\/a><\/p><p>\u00a0<\/p><p><strong>ADPRENSA.CL<\/strong><\/p><p><a href=\"https:\/\/www.adprensa.cl\/cronica\/investigadores-explican-como-repercuten-los-problemas-de-salud-bucal-en-las-personas-mayores\/\">Investigadores explican como repercuten los problemas de salud bucal en las personas mayores. Se refieren Rodrigo Giacaman, decano de la Facultad de Odontolog\u00eda y Soraya Le\u00f3n, directora del Mag\u00edster en Odontogeriatr\u00eda.<\/a><\/p><p>\u00a0<\/p><p><strong>MEDIABANCO.COM<\/strong><\/p><p><a href=\"https:\/\/www.mediabanco.com\/investigadores-explican-como-repercuten-los-problemas-de-salud-bucal-en-las-personas-mayores\/\">Investigadores explican como repercuten los problemas de salud bucal en las personas mayores. Se refieren Rodrigo Giacaman, decano de la Facultad de Odontolog\u00eda y Soraya Le\u00f3n, directora del Mag\u00edster en Odontogeriatr\u00eda.<\/a><\/p><p>\u00a0<\/p><p><strong>EL RANCAG\u00dbINO<\/strong><\/p><p><a href=\"https:\/\/www.litoralpress.cl\/paginaconsultas\/Servicios_NClipSitio\/Get_Imagen_Nota.aspx?LPKey=VKW7PSY5VFRVIJDBMYT3QAQUHI3Z3ZCZUBDAQWVSZF6CRZ635JBCOF7AEPO5467MDHBCTASMZZW5S\">Estudio detecta severos problemas en la calidad de vida de los adultos mayores. Se refiere Germ\u00e1n Loboso, acad\u00e9mico de la Facultad de Econom\u00eda y Negocios (FEN).<\/a><\/p><p>\u00a0<\/p><p><strong>ELRANCAG\u00dbINO.CL<\/strong><\/p><p><a href=\"https:\/\/www.elrancaguino.cl\/2022\/10\/21\/estudio-detecta-severos-problemas-en-la-calidad-de-vida-de-los-adultos-mayores\/\">Estudio detecta severos problemas en la calidad de vida de los adultos mayores. Se refiere Germ\u00e1n Loboso, acad\u00e9mico de la Facultad de Econom\u00eda y Negocios (FEN).<\/a><\/p><p>\u00a0<\/p><p><strong>CANAL TVR<\/strong><\/p><p><a href=\"https:\/\/www.litoralpress.cl\/sitio\/RadioTV_Detalles.cshtml?LPKey=WMNBZS6OCW6RZV5THBH34OIBBWLJSS6PTPRRNVTCASW2QDSRCNFWAYQCNBKQR7P2BRIGWIVGUDNGQ\">46 por ciento de las mujeres migrantes ha tenido problemas para encontrar trabajo. Se refiere Medardo Aguirre, acad\u00e9mico de la Facultad de Econom\u00eda y Negocios (FEN).<\/a><\/p><p>\u00a0<\/p><p><strong>ELDIARIODEMAULE.CL<\/strong><\/p><p><a href=\"https:\/\/eldiariodemaule.cl\/magister-en-ingenieria-mecanica-utalca-abre-postulaciones-2023\/\">Mag\u00edster en Ingenier\u00eda Mec\u00e1nica UTalca abre postulaciones 2023. Se refiere H\u00e9ctor Quinteros, director del Programa.<\/a><\/p><p>\u00a0<\/p><p><strong>RADIO INICIA<\/strong><\/p><p><a href=\"https:\/\/www.litoralpress.cl\/sitio\/RadioTV_Detalles.cshtml?LPKey=2XVR4THJSOMJEFA7NM22VAVZQZ3VK7WQLEILSRTSSBWSH64TRGTYOR3CTMYZVACGHBYN5GJ5IBGJS\">An\u00e1lisis del precio del d\u00f3lar. Se refiere Hern\u00e1n D\u00edaz, acad\u00e9mico de la Facultad de Econom\u00eda y Negocios (FEN).<\/a><\/p><p>\u00a0<\/p><p><strong>EMOL.COM<\/strong><\/p><p><a href=\"https:\/\/www.emol.com\/noticias\/Economia\/2022\/10\/23\/1076310\/razones-desfavorable-escenario-economico-chile.html\">Pandemia, incertidumbre pol\u00edtica y China: Las razones detr\u00e1s de las pobres proyecciones econ\u00f3micas para Chile. Se refiere Rodrigo Saens, acad\u00e9mico de la Facultad de Econom\u00eda y Negocios (FEN).<\/a><\/p><p>\u00a0<\/p><p><strong>ADPRENSA.CL<\/strong><\/p><p><a href=\"https:\/\/www.adprensa.cl\/actividades-academicas\/entregan-recomendaciones-financieras-para-enfrentar-el-escenario-economico\/\">Entregan recomendaciones financieras para enfrentar el escenario econ\u00f3mico. Se refiere Rodrigo Saens, acad\u00e9mico de la Facultad de Econom\u00eda y Negocios (FEN).<\/a><\/p><p>\u00a0<\/p><p><strong>MEDIABANCO.COM<\/strong><\/p><p><a href=\"https:\/\/www.mediabanco.com\/entregan-recomendaciones-financieras-para-enfrentar-el-escenario-economico\/\">Entregan recomendaciones financieras para enfrentar el escenario econ\u00f3mico. Se refiere Rodrigo Saens, acad\u00e9mico de la Facultad de Econom\u00eda y Negocios (FEN).<\/a><\/p><p>\u00a0<\/p><p><strong>LA PRENSA<\/strong><\/p><p><a href=\"https:\/\/www.litoralpress.cl\/paginaconsultas\/Servicios_NClipSitio\/Get_Imagen_Nota.aspx?LPKey=ELMJBOEGNNTR7GWKIF3BP32SJCDVQQ4BFBYZMELHU63XME6LOUSDQFGODOS7KZBK2NKAQSLXYNFK2\">Ante complejo escenario econ\u00f3mico llaman a ordenar finanzas y evitar endeudamiento. Se refiere Rodrigo Saens, acad\u00e9mico de la Facultad de Econom\u00eda y Negocios (FEN).<\/a><\/p><p>\u00a0<\/p><p><strong>EL HERALDO<\/strong><\/p><p><a href=\"https:\/\/www.litoralpress.cl\/paginaconsultas\/Servicios_NClipSitio\/Get_Imagen_Nota.aspx?LPKey=AJPMQF42AHEBI5KH6WQI7GN5SIFVHYMTFWWSHNJW46DIN4OE6YCEGAOYXR2E4D3HKTR2Q7XMQ7YFQ\">Entregan recomendaciones financieras para enfrentar el escenario econ\u00f3mico. Se refiere Rodrigo Saens, acad\u00e9mico de la Facultad de Econom\u00eda y Negocios (FEN).<\/a><\/p><p>\u00a0<\/p><p><strong>EL LECTOR<\/strong><\/p><p><a href=\"https:\/\/www.litoralpress.cl\/paginaconsultas\/Servicios_NClipSitio\/Get_Imagen_Nota.aspx?LPKey=FKHKA4J6X76OPMK6YS4D2ZB73VZJGCP3O43OSSHX3X3YNKXZ7NITE526YPBRTYTWRT76IRBTZGE6A\">Entregan recomendaciones financieras para enfrentar el escenario econ\u00f3mico. Se refiere Rodrigo Saens, acad\u00e9mico de la Facultad de Econom\u00eda y Negocios (FEN).<\/a><\/p><p>\u00a0<\/p><p><strong>REDIMIN.CL<\/strong><\/p><p><a href=\"https:\/\/www.redimin.cl\/pandemia-incertidumbre-politica-y-china-las-razones-detras-de-las-pobres-proyecciones-economicas-para-chile\/\">Pandemia, incertidumbre pol\u00edtica y China: Las razones detr\u00e1s de las pobres proyecciones econ\u00f3micas para Chile. Se refiere Rodrigo Saens, acad\u00e9mico de la Facultad de Econom\u00eda y Negocios (FEN).<\/a><\/p><p>\u00a0<\/p><p><strong>SEPTIMAPAGINANOTICIAS.CL<\/strong><\/p><p><a href=\"https:\/\/www.septimapaginanoticias.cl\/entregan-recomendaciones-financieras-para-enfrentar-el-escenario-economico\">Entregan recomendaciones financieras para enfrentar el escenario econ\u00f3mico. Se refiere Rodrigo Saens, acad\u00e9mico de la Facultad de Econom\u00eda y Negocios (FEN).<\/a><\/p><p>\u00a0<\/p><p><strong>G5NOTICIAS.CL<\/strong><\/p><p><a href=\"https:\/\/g5noticias.cl\/2022\/10\/22\/entregan-recomendaciones-financieras-para-enfrentar-el-escenario-economico\/\">Entregan recomendaciones financieras para enfrentar el escenario econ\u00f3mico. Se refiere Rodrigo Saens, acad\u00e9mico de la Facultad de Econom\u00eda y Negocios (FEN).<\/a><\/p><p>\u00a0<\/p><p><strong>EL MERCURIO<\/strong><\/p><p><a href=\"https:\/\/www.litoralpress.cl\/paginaconsultas\/Servicios_NClipSitio\/Get_Imagen_Nota.aspx?LPKey=6VQC62C6FMJDKQUX5AV2QHVLDHN2RFXDOA4NE7JNQSWVLFJVZYIHWLJIV3VQIIPKIEQ5HMBO3CFPI\">Analistas advierten los riesgos y desaf\u00edos del estilo de gesti\u00f3n presidencial de Gabriel Boric. Se refiere Mauricio Morales, director del Centro de An\u00e1lisis Pol\u00edtico (CAP).<\/a><\/p><p>\u00a0<\/p><p><strong>EL MERCURIO<\/strong><\/p><p><a href=\"https:\/\/www.litoralpress.cl\/paginaconsultas\/Servicios_NClipSitio\/Get_Imagen_Nota.aspx?LPKey=TY7QFIW7KWQEKG5QEEVZMU4IXMPZK5JOQTFESLKN3LBKTKLXPHV7OGDVKXZXM7FDC4O5Q4H27ZDXW\">PDG apuesta por camino propio en futuras elecciones, inquieta a partidos y es factor en mesa de la C\u00e1mara. Se refiere Mauricio Morales, director del Centro de An\u00e1lisis Pol\u00edtico.<\/a><\/p><p>\u00a0<\/p><p><strong>CANAL MEGA<\/strong><\/p><p><a href=\"https:\/\/www.litoralpress.cl\/sitio\/RadioTV_Detalles.cshtml?LPKey=FW7RDLVFITYHNOF32ZPNXOLQWHSABT7QQFCR3A4ZL5HTK6JJGMLTXVS2PWXPD7Q7HGFFG2EBEG2WY\">Entrevista a Mauricio Morales, director del Centro de An\u00e1lisis Pol\u00edtico (CAP).<\/a><\/p><p>\u00a0<\/p><p><strong>CANAL MEGA<\/strong><\/p><p><a href=\"https:\/\/www.litoralpress.cl\/sitio\/RadioTV_Detalles.cshtml?LPKey=EJF534XVOYWKLLLFADBFR6CJLKD2FDC6GUXNYDT4CIAFFDMCFOWGTKKU6OK5BVHZOTPHSHHPWPLLK\">Cae el respaldo al Presidente Gabriel Boric. Se refiere Mauricio Morales, director del Centro de An\u00e1lisis Pol\u00edtico.<\/a><\/p><p>\u00a0<\/p><p><strong>MEGANOTICIAS.CL<\/strong><\/p><p><a href=\"https:\/\/www.meganoticias.cl\/nacional\/393861-mauricio-morales-cadem-analisis-problema-gobierno-frente-amplio-23-10-2022.html\">&#8220;El problema del gobierno se llama Frente Amplio&#8221;: Mauricio Morales y resultado de nueva encuesta Cadem. Se refiere el director del Centro de An\u00e1lisis Pol\u00edtico (CAP).<\/a><\/p><p>\u00a0<\/p><p><strong>PJUD.CL<\/strong><\/p><p><a href=\"https:\/\/www.pjud.cl\/prensa-y-comunicaciones\/noticias-del-poder-judicial\/80714\">Corte de Apelaciones de Talca recibe visita de alumnos de Derecho. Se menciona a la UTalca.<\/a><\/p><p>\u00a0<\/p><p><strong>ADPRENSA.CL<\/strong><\/p><p><a href=\"https:\/\/www.adprensa.cl\/cronica\/escultora-sandra-santander-exhibe-sus-obras-en-centro-de-extension-utalca\/\">Escultora Sandra Santander exhibe sus obras en Centro de Extensi\u00f3n UTalca. Se refiere Marcela Albornoz, directora de Extensi\u00f3n Cultural-Art\u00edstica.<\/a><\/p><p>\u00a0<\/p><p><strong>MEDIABANCO.COM<\/strong><\/p><p><a href=\"https:\/\/www.mediabanco.com\/escultora-sandra-santander-exhibe-sus-obras-en-centro-de-extension-utalca\/\">Escultora Sandra Santander exhibe sus obras en Centro de Extensi\u00f3n UTalca. Se refiere Marcela Albornoz, directora de Extensi\u00f3n Cultural-Art\u00edstica.<\/a><\/p><p>\u00a0<\/p>\t\t\t\t\t\t<\/div>\n\t\t\t\t<\/div>\n\t\t\t\t\t<\/div>\n\t\t<\/div>\n\t\t\t\t\t\t\t<\/div>\n\t\t<\/section>\n\t\t\t\t\t\t<\/div>\n\t\t\t\t\t<\/div>\n\t\t","protected":false},"excerpt":{"rendered":"<p>EL LECTOR Congreso de Profesores de Alem\u00e1n analiz\u00f3 creciente demanda por manejar este idioma. Se refieren Josephin Hahn, representante del Servicio Alem\u00e1n de Intercambio Acad\u00e9mico (DAAD); Cristi\u00e1n Rojas, vicerrector Acad\u00e9mico; y Jochen Fritz director de la Escuela de Pedagog\u00edas en Alem\u00e1n. \u00a0 ADPRENSA.CL Congreso de Profesores de Alem\u00e1n analiz\u00f3 creciente demanda por manejar este idioma. &hellip;<\/p>\n<p class=\"read-more\"> <a class=\"\" href=\"https:\/\/www.reportedeprensa.utalca.cl\/?p=5352\"> <span class=\"screen-reader-text\">24 de octubre de 2022<\/span> Read More &raquo;<\/a><\/p>\n","protected":false},"author":1,"featured_media":0,"comment_status":"closed","ping_status":"open","sticky":false,"template":"","format":"standard","meta":{"_monsterinsights_skip_tracking":false,"_monsterinsights_sitenote_active":false,"_monsterinsights_sitenote_note":"","_monsterinsights_sitenote_category":0},"categories":[26],"tags":[],"_links":{"self":[{"href":"https:\/\/www.reportedeprensa.utalca.cl\/index.php?rest_route=\/wp\/v2\/posts\/5352"}],"collection":[{"href":"https:\/\/www.reportedeprensa.utalca.cl\/index.php?rest_route=\/wp\/v2\/posts"}],"about":[{"href":"https:\/\/www.reportedeprensa.utalca.cl\/index.php?rest_route=\/wp\/v2\/types\/post"}],"author":[{"embeddable":true,"href":"https:\/\/www.reportedeprensa.utalca.cl\/index.php?rest_route=\/wp\/v2\/users\/1"}],"replies":[{"embeddable":true,"href":"https:\/\/www.reportedeprensa.utalca.cl\/index.php?rest_route=%2Fwp%2Fv2%2Fcomments&post=5352"}],"version-history":[{"count":11,"href":"https:\/\/www.reportedeprensa.utalca.cl\/index.php?rest_route=\/wp\/v2\/posts\/5352\/revisions"}],"predecessor-version":[{"id":5377,"href":"https:\/\/www.reportedeprensa.utalca.cl\/index.php?rest_route=\/wp\/v2\/posts\/5352\/revisions\/5377"}],"wp:attachment":[{"href":"https:\/\/www.reportedeprensa.utalca.cl\/index.php?rest_route=%2Fwp%2Fv2%2Fmedia&parent=5352"}],"wp:term":[{"taxonomy":"category","embeddable":true,"href":"https:\/\/www.reportedeprensa.utalca.cl\/index.php?rest_route=%2Fwp%2Fv2%2Fcategories&post=5352"},{"taxonomy":"post_tag","embeddable":true,"href":"https:\/\/www.reportedeprensa.utalca.cl\/index.php?rest_route=%2Fwp%2Fv2%2Ftags&post=5352"}],"curies":[{"name":"wp","href":"https:\/\/api.w.org\/{rel}","templated":true}]}}