{"id":5385,"date":"2022-10-21T10:33:52","date_gmt":"2022-10-21T13:33:52","guid":{"rendered":"https:\/\/www.reportedeprensa.utalca.cl\/?p=5385"},"modified":"2022-10-25T10:53:16","modified_gmt":"2022-10-25T13:53:16","slug":"21-de-octubre-de-2022","status":"publish","type":"post","link":"https:\/\/www.reportedeprensa.utalca.cl\/?p=5385","title":{"rendered":"21 de octubre de 2022"},"content":{"rendered":"\t\t<div data-elementor-type=\"wp-post\" data-elementor-id=\"5385\" class=\"elementor elementor-5385\" data-elementor-settings=\"[]\">\n\t\t\t\t\t\t\t<div class=\"elementor-section-wrap\">\n\t\t\t\t\t\t\t<section class=\"elementor-section elementor-top-section elementor-element elementor-element-2a4b4b83 elementor-section-boxed elementor-section-height-default elementor-section-height-default\" data-id=\"2a4b4b83\" data-element_type=\"section\">\n\t\t\t\t\t\t<div class=\"elementor-container elementor-column-gap-default\">\n\t\t\t\t\t<div class=\"elementor-column elementor-col-100 elementor-top-column elementor-element elementor-element-24a78540\" data-id=\"24a78540\" data-element_type=\"column\">\n\t\t\t<div class=\"elementor-widget-wrap elementor-element-populated\">\n\t\t\t\t\t\t\t\t<div class=\"elementor-element elementor-element-55b07e54 elementor-widget elementor-widget-text-editor\" data-id=\"55b07e54\" data-element_type=\"widget\" data-widget_type=\"text-editor.default\">\n\t\t\t\t<div class=\"elementor-widget-container\">\n\t\t\t\t\t\t\t\t<p><strong>EL LECTOR<\/strong><\/p><p><a href=\"https:\/\/www.litoralpress.cl\/paginaconsultas\/Servicios_NClipSitio\/Get_Imagen_Nota.aspx?LPKey=6FUOTXYBF3DWKWVEEXUVRT2QM62PBVJLEZGJT4QWSO5SD6GVIROBVZRJ57DAC3LPTQHO5GSH2ZG24\">Concierto abre las celebraciones de un nuevo aniversario de la Universidad de Talca. Se refieren Carlos Torres, rector de la UTalca y Dorian Lamotte, director art\u00edstico de la Escuela de M\u00fasica.<\/a><\/p><p>\u00a0<\/p><p><strong>EL HERALDO<\/strong><\/p><p><a href=\"https:\/\/www.litoralpress.cl\/paginaconsultas\/Servicios_NClipSitio\/Get_Imagen_Nota.aspx?LPKey=MLA4L5T4WGX4RNSF5AEOBPISUO3KEZLQSQPQEBDZUFKXOKUZ7BHAZ3TIM27CRFDMA55RLR3CSAMDG\">Concierto abre las celebraciones de un nuevo aniversario de la Universidad de Talca. Se refieren Carlos Torres, rector de la UTalca y Dorian Lamotte, director art\u00edstico de la Escuela de M\u00fasica.<\/a><\/p><p>\u00a0<\/p><p><strong>DIARIOELHERALDO.CL<\/strong><\/p><p><a href=\"https:\/\/www.diarioelheraldo.cl\/noticia\/concierto-abre-las-celebraciones-de-un-nuevo-aniversario-de-la-universidad-de-talca\">Concierto abre las celebraciones de un nuevo aniversario de la Universidad de Talca. Se refieren Carlos Torres, rector de la UTalca y Dorian Lamotte, director art\u00edstico de la Escuela de M\u00fasica.<\/a><\/p><p>\u00a0<\/p><p><strong>RADIO BUENA NUEVA<\/strong><\/p><p><a href=\"https:\/\/www.litoralpress.cl\/sitio\/RadioTV_Detalles.cshtml?LPKey=C5LZUOCDNZAER6NLRGQDLNI5VJ3L7EE4BB2IE6QIFZUM2PAVEYBZIFZF5FMS6HMDNXTIAG43DDKU2\">Entrevista a Fabio Dur\u00e1n, director de la Escuela de Ingenier\u00eda Civil en Bioinform\u00e1tica.<\/a><\/p><p>\u00a0<\/p><p><strong>LATERCERA.COM<\/strong><\/p><p><a href=\"https:\/\/www.latercera.com\/piensa-digital\/noticia\/el-dispositivo-que-mejora-la-autonomia-de-las-personas-con-ceguera\/3MFHQXWJIJDKPENTV3FHXPVOW4\/\">El dispositivo que mejora la autonom\u00eda de las personas con ceguera. Se refiere Silvana Herrera, acad\u00e9mica de la Escuela de Dise\u00f1o.<\/a><\/p><p>\u00a0<\/p><p><strong>ELMOSTRADOR.CL<\/strong><\/p><p><a href=\"https:\/\/www.elmostrador.cl\/destacado\/2022\/10\/20\/prision-preventiva-despejando-algunos-mitos-sobre-su-funcionamiento\/\">Prisi\u00f3n preventiva: despejando algunos mitos sobre su funcionamiento. Columna de opini\u00f3n de Diego Palomo, acad\u00e9mico de la Facultad de Ciencias Jur\u00eddicas y Sociales.<\/a><\/p><p>\u00a0<\/p><p><strong>RADIO BIO-B\u00cdO<\/strong><\/p><p><a href=\"https:\/\/www.litoralpress.cl\/sitio\/RadioTV_Detalles.cshtml?LPKey=3SX3VCDLARCV4MKY2NUGRXS25NKBHKO7M2G7JDNVUQUDVFDJSWL4VL25VQR2BWG35DVFHNBAXCECW\">El ministro del Transporte se refiri\u00f3 a posible alza del transporte p\u00fablico. Se refiere Andr\u00e9s Riquelme, acad\u00e9mico de la Facultad de Econom\u00eda y Negocios (FEN).<\/a><\/p><p>\u00a0<\/p><p><strong>LA PRENSA<\/strong><\/p><p><a href=\"https:\/\/www.litoralpress.cl\/paginaconsultas\/Servicios_NClipSitio\/Get_Imagen_Nota.aspx?LPKey=D7LFTF4ZDCP32YNHW7ZKXK6MWKUNYF35XBAUNPSB2VNPW52W5B7V266LB2CDKP67O43VDYYXOPXQC\">Chile: Algo de pluralismo moral. Columna de opini\u00f3n de Jorge Navarrete, director del Mag\u00edster en Pol\u00edticas P\u00fablicas.<\/a><\/p><p>\u00a0<\/p><p><strong>DIARIOLAPRENSA.CL<\/strong><\/p><p><a href=\"https:\/\/new.diariolaprensa.cl\/index.php\/2022\/10\/21\/ante-complejo-escenario-economico-llaman-a-ordenar-finanzas-y-evitar-endeudamiento\/\">Ante complejo escenario econ\u00f3mico llaman a ordenar finanzas y evitar endeudamiento. Se refiere Rodrigo Saens, acad\u00e9mico de la Facultad de Econom\u00eda y Negocios (FEN).<\/a><\/p><p>\u00a0<\/p><p><strong>ELCENTRO.CL<\/strong><\/p><p><a href=\"https:\/\/elcentro.cl\/2022\/10\/20\/recomendaciones-financieras-para-enfrentar-el-escenario-economico\/\">Recomendaciones financieras para enfrentar el escenario econ\u00f3mico. Se refiere Rodrigo Saens, acad\u00e9mico de la Facultad de Econom\u00eda y Negocios (FEN).<\/a><\/p><p>\u00a0<\/p><p><strong>DIARIOELHERALDO.CL<\/strong><\/p><p><a href=\"https:\/\/www.diarioelheraldo.cl\/noticia\/entregan-recomendaciones-financieras-para-enfrentar-el-escenario-economico\">Entregan recomendaciones financieras para enfrentar el escenario econ\u00f3mico. Se refiere Rodrigo Saens, acad\u00e9mico de la Facultad de Econom\u00eda y Negocios (FEN).<\/a><\/p><p>\u00a0<\/p><p><strong>DIARIODELAEDUCACION.CL<\/strong><\/p><p><a href=\"https:\/\/diariodelaeducacion.cl\/Nacional\/ante-proyecciones-de-contraccion-de-la-economia-para-2023-expertos-recomiendan-organizar-finanzas-evitar-endeudarse-y-cuidar-recursos\/\">Ante proyecciones de contracci\u00f3n de la econom\u00eda para 2023: expertos recomiendan organizar finanzas, evitar endeudarse y cuidar recursos. Se refiere Rodrigo Saens, acad\u00e9mico de la Facultad de Econom\u00eda y Negocios (FEN).<\/a><\/p><p>\u00a0<\/p><p><strong>ELMAULEINFORMA.CL<\/strong><\/p><p><a href=\"https:\/\/elmauleinforma.cl\/recomendaciones-financieras-para-enfrentar-el-escenario-economico\/\">Recomendaciones financieras para enfrentar el escenario econ\u00f3mico. Se refiere Rodrigo Saens, acad\u00e9mico de la Facultad de Econom\u00eda y Negocios (FEN).<\/a><\/p><p>\u00a0<\/p><p><strong>LA TERCERA<\/strong><\/p><p><a href=\"https:\/\/www.litoralpress.cl\/paginaconsultas\/Servicios_NClipSitio\/Get_Imagen_Nota.aspx?LPKey=LNWBE5QGRPQSWK6PQ5ID6DQJZQPGBTQ2XTMAVJPPYGT2WR5OZILGF56WSPRK62ZU4L3RSNIBLUGBC\">Mucho laboratorio y poca sala de emergencias. Columna de opini\u00f3n de Mauricio Morales, director del Centro de An\u00e1lisis Pol\u00edtico (CAP).<\/a><\/p><p>\u00a0<\/p><p><strong>RADIO INFINITA<\/strong><\/p><p><a href=\"https:\/\/www.litoralpress.cl\/sitio\/RadioTV_Detalles.cshtml?LPKey=DZGX3Y7MQZO7CB3SRVYRTFQLOHW5ZY4DDCHBDWOXHVTRC3YSWC2XCEAQYL2UL6RT5QV47FHTQYIQG\">Comentario de pol\u00edtica de Mauricio Morales, director del Centro de An\u00e1lisis Pol\u00edtico (CAP).<\/a><\/p><p>\u00a0<\/p><p><strong>LATERCERA.COM<\/strong><\/p><p><a href=\"https:\/\/www.latercera.com\/opinion\/noticia\/columna-de-mauricio-morales-mucho-laboratorio-y-poca-sala-de-emergencias\/5VFREM7IR5BOHBKUBH6PGOXHEA\/\">Mucho laboratorio y poca sala de emergencias. Columna de opini\u00f3n de Mauricio Morales, director del Centro de An\u00e1lisis Pol\u00edtico (CAP).<\/a><\/p><p>\u00a0<\/p><p><strong>ATENTOS.CL<\/strong><\/p><p><a href=\"https:\/\/www.atentos.cl\/limite-a-la-reeleccion-de-alcaldes-en-el-maule-12-jefes-comunales-no-podran-repostularse-por-ley\/\">L\u00edmite a la reelecci\u00f3n de alcaldes en el Maule: 12 jefes comunales no podr\u00e1n repostularse por ley. Se refiere Mario Herrera, acad\u00e9mico del Centro de An\u00e1lisis Pol\u00edtico (CAP).<\/a><\/p><p>\u00a0<\/p><p><strong>DIARIOESTRATEGIA.CL<\/strong><\/p><p><a href=\"http:\/\/www.diarioestrategia.cl\/texto-diario\/mostrar\/3934753\/160-mil-estudiantes-sido-parte-curso-insercion-laboral-promueve-asociacion-fondos-mutuos\">M\u00e1s de 160 mil estudiantes han sido parte del curso de inserci\u00f3n laboral que promueve la Asociaci\u00f3n de Fondos Mutuos. Se menciona a la UTalca.<\/a><\/p><p>\u00a0<\/p><p><strong>ENLINEAMAULE.CL<\/strong><\/p><p><a href=\"https:\/\/enlineamaule.cl\/archivo\/49929\">Con el fin de potenciar la cultura se efectu\u00f3 \u201cConcierto Picnic\u201d en la biblioteca municipal de Talca. Se menciona a estudiantes de la Escuela de M\u00fasica.<\/a><\/p><p>\u00a0<\/p>\t\t\t\t\t\t<\/div>\n\t\t\t\t<\/div>\n\t\t\t\t\t<\/div>\n\t\t<\/div>\n\t\t\t\t\t\t\t<\/div>\n\t\t<\/section>\n\t\t\t\t\t\t<\/div>\n\t\t\t\t\t<\/div>\n\t\t","protected":false},"excerpt":{"rendered":"<p>EL LECTOR Concierto abre las celebraciones de un nuevo aniversario de la Universidad de Talca. Se refieren Carlos Torres, rector de la UTalca y Dorian Lamotte, director art\u00edstico de la Escuela de M\u00fasica. \u00a0 EL HERALDO Concierto abre las celebraciones de un nuevo aniversario de la Universidad de Talca. Se refieren Carlos Torres, rector de &hellip;<\/p>\n<p class=\"read-more\"> <a class=\"\" href=\"https:\/\/www.reportedeprensa.utalca.cl\/?p=5385\"> <span class=\"screen-reader-text\">21 de octubre de 2022<\/span> Read More &raquo;<\/a><\/p>\n","protected":false},"author":1,"featured_media":0,"comment_status":"closed","ping_status":"open","sticky":false,"template":"","format":"standard","meta":{"_monsterinsights_skip_tracking":false,"_monsterinsights_sitenote_active":false,"_monsterinsights_sitenote_note":"","_monsterinsights_sitenote_category":0},"categories":[26],"tags":[],"_links":{"self":[{"href":"https:\/\/www.reportedeprensa.utalca.cl\/index.php?rest_route=\/wp\/v2\/posts\/5385"}],"collection":[{"href":"https:\/\/www.reportedeprensa.utalca.cl\/index.php?rest_route=\/wp\/v2\/posts"}],"about":[{"href":"https:\/\/www.reportedeprensa.utalca.cl\/index.php?rest_route=\/wp\/v2\/types\/post"}],"author":[{"embeddable":true,"href":"https:\/\/www.reportedeprensa.utalca.cl\/index.php?rest_route=\/wp\/v2\/users\/1"}],"replies":[{"embeddable":true,"href":"https:\/\/www.reportedeprensa.utalca.cl\/index.php?rest_route=%2Fwp%2Fv2%2Fcomments&post=5385"}],"version-history":[{"count":4,"href":"https:\/\/www.reportedeprensa.utalca.cl\/index.php?rest_route=\/wp\/v2\/posts\/5385\/revisions"}],"predecessor-version":[{"id":5407,"href":"https:\/\/www.reportedeprensa.utalca.cl\/index.php?rest_route=\/wp\/v2\/posts\/5385\/revisions\/5407"}],"wp:attachment":[{"href":"https:\/\/www.reportedeprensa.utalca.cl\/index.php?rest_route=%2Fwp%2Fv2%2Fmedia&parent=5385"}],"wp:term":[{"taxonomy":"category","embeddable":true,"href":"https:\/\/www.reportedeprensa.utalca.cl\/index.php?rest_route=%2Fwp%2Fv2%2Fcategories&post=5385"},{"taxonomy":"post_tag","embeddable":true,"href":"https:\/\/www.reportedeprensa.utalca.cl\/index.php?rest_route=%2Fwp%2Fv2%2Ftags&post=5385"}],"curies":[{"name":"wp","href":"https:\/\/api.w.org\/{rel}","templated":true}]}}