{"id":5387,"date":"2022-10-25T10:08:12","date_gmt":"2022-10-25T13:08:12","guid":{"rendered":"https:\/\/www.reportedeprensa.utalca.cl\/?p=5387"},"modified":"2022-10-25T10:44:09","modified_gmt":"2022-10-25T13:44:09","slug":"25-de-octubre-de-2022","status":"publish","type":"post","link":"https:\/\/www.reportedeprensa.utalca.cl\/?p=5387","title":{"rendered":"25 de octubre de 2022"},"content":{"rendered":"\t\t<div data-elementor-type=\"wp-post\" data-elementor-id=\"5387\" class=\"elementor elementor-5387\" data-elementor-settings=\"[]\">\n\t\t\t\t\t\t\t<div class=\"elementor-section-wrap\">\n\t\t\t\t\t\t\t<section class=\"elementor-section elementor-top-section elementor-element elementor-element-2a4b4b83 elementor-section-boxed elementor-section-height-default elementor-section-height-default\" data-id=\"2a4b4b83\" data-element_type=\"section\">\n\t\t\t\t\t\t<div class=\"elementor-container elementor-column-gap-default\">\n\t\t\t\t\t<div class=\"elementor-column elementor-col-100 elementor-top-column elementor-element elementor-element-24a78540\" data-id=\"24a78540\" data-element_type=\"column\">\n\t\t\t<div class=\"elementor-widget-wrap elementor-element-populated\">\n\t\t\t\t\t\t\t\t<div class=\"elementor-element elementor-element-55b07e54 elementor-widget elementor-widget-text-editor\" data-id=\"55b07e54\" data-element_type=\"widget\" data-widget_type=\"text-editor.default\">\n\t\t\t\t<div class=\"elementor-widget-container\">\n\t\t\t\t\t\t\t\t<p><strong>MEDIABANCO.COM<\/strong><\/p><p><a href=\"https:\/\/www.mediabanco.com\/universidad-de-talca-contara-con-18-admisiones-especiales\/\">Universidad de Talca contar\u00e1 con 18 admisiones especiales. Se refiere Paola Morales, directora de Ciclo de Vida Estudiantil y Carlos Contreras, coordinador de la Unidad de Admisi\u00f3n.<\/a><\/p><p>\u00a0<\/p><p><strong>G5NOTICIAS.CL<\/strong><\/p><p><a href=\"https:\/\/g5noticias.cl\/2022\/10\/24\/universidad-de-talca-contara-con-18-admisiones-especiales\/\">Universidad de Talca contar\u00e1 con 18 admisiones especiales. Se refiere Paola Morales, directora de Ciclo de Vida Estudiantil y Carlos Contreras, coordinador de la Unidad de Admisi\u00f3n.<\/a><\/p><p>\u00a0<\/p><p><strong>ELDIARIOSANTIAGO.CL<\/strong><\/p><p><a href=\"https:\/\/eldiariosantiago.cl\/2022\/10\/24\/congreso-de-profesores-de-aleman-analizo-creciente-demanda-por-manejar-este-idioma\/\">Congreso de Profesores de Alem\u00e1n analiz\u00f3 creciente demanda por manejar este idioma. Se refieren Josephin Hahn, representante del Servicio Alem\u00e1n de Intercambio Acad\u00e9mico (DAAD); Cristi\u00e1n Rojas, vicerrector Acad\u00e9mico; Jochen Fritz director de la Escuela de Pedagog\u00edas en Alem\u00e1n; Angelika Fraitzl, coordinadora acad\u00e9mica de la Escuela de Pedagog\u00edas en Alem\u00e1n; y los estudiantes Tom\u00e1s Novicelli y Margarita Arriagada.<\/a><\/p><p>\u00a0<\/p><p><strong>MASQUENOTICIAS.CL<\/strong><\/p><p><a href=\"https:\/\/masquenoticias.cl\/2022\/10\/24\/investigadores-explican-como-repercuten-los-problemas-de-salud-bucal-en-las-personas-mayores\/\">Investigadores explican como repercuten los problemas de salud bucal en las personas mayores. Se refieren Rodrigo Giacaman, decano de Odontolog\u00eda y Soraya Le\u00f3n, directora del Mag\u00edster en Odontogeriatr\u00eda.<\/a><\/p><p>\u00a0<\/p><p><strong>ELMAULEINFORMA.CL<\/strong><\/p><p><a href=\"https:\/\/elmauleinforma.cl\/los-efectos-de-los-problemas-de-salud-bucal-en-los-adultos-mayores\/\">Los efectos de los problemas de salud bucal en los adultos mayores. Se refieren Rodrigo Giacaman, decano de Odontolog\u00eda y Soraya Le\u00f3n, directora del Mag\u00edster en Odontogeriatr\u00eda.<\/a><\/p><p>\u00a0<\/p><p><strong>DIARIOELHERALDO.CL<\/strong><\/p><p><a href=\"https:\/\/www.diarioelheraldo.cl\/noticia\/-el-dr-pedro-e-zamorano-perez-historiador-del-arte\">El Dr. Pedro E. Zamorano P\u00e9rez, historiador del arte. Columna de opini\u00f3n sobre el director del Instituto de Estudios Human\u00edsticos Juan Ignacio Molina.<\/a><\/p><p>\u00a0<\/p><p><strong>DF.CL<\/strong><\/p><p><a href=\"https:\/\/www.litoralpress.cl\/paginaconsultas\/Documentos\/Get_Imagen.aspx?lpkey=J4JKKYQXAHWCMOENYLIYMO72LCBLAUMFMAHSUQXCQKWZS5NI4EHNN54MOECIDBWDONVLVE5ZEHIZQ\">Las observaciones e inquietudes que dej\u00f3 entre los abogados el dictamen de la DT sobre el trabajo en aplicaciones. Se refiere Rodrigo Palomo, decano de la Facultad de Ciencias Jur\u00eddicas y Sociales.<\/a><\/p><p>\u00a0<\/p><p><strong>DF.CL<\/strong><\/p><p><a href=\"https:\/\/www.litoralpress.cl\/paginaconsultas\/Documentos\/Get_Imagen.aspx?lpkey=ON6LCEOT5K6HTPFGFLJ5JWWU7M3O4NZZ4U6Q4KR2YCQRIH46JSTXAVB5G4CECFKOBUMCH5PVTJVWE\">Las innovaciones para mejorar la calidad del vino que Grupo Partner pilotear\u00e1 en la pr\u00f3xima vendimia. Se menciona la Centro Tecnol\u00f3gico de la Vid y el Vino.<\/a><\/p><p>\u00a0<\/p><p><strong>CANAL T13<\/strong><\/p><p><a href=\"https:\/\/www.litoralpress.cl\/sitio\/RadioTV_Detalles.cshtml?LPKey=JKNWK6WY57XNNQX7SBWXQPXLGBWODJAUDZY4DPIRYVEKJYKKU7FKPAE65ZANF6CUGU74UKR5VA6C4\">Ciclo de Conversaciones Futuro Madera. Participaci\u00f3n en panel de Roberto Pizarro, acad\u00e9mico de la Escuela de Ingenier\u00eda Forestal.<\/a><\/p><p>\u00a0<\/p><p><strong>T13.CL<\/strong><\/p><p><a href=\"https:\/\/www.t13.cl\/noticia\/nacional\/ciclo-conversaciones-futuro-madera-desafios-del-cambio-climatico\">Ciclo de conversaciones Futuro Madera. Desaf\u00edos del cambio clim\u00e1tico. Se menciona a Roberto Pizarro, acad\u00e9mico de la Escuela de Ingenier\u00eda Forestal.<\/a><\/p><p>\u00a0<\/p><p><strong>RADIO INFINITA<\/strong><\/p><p><a href=\"https:\/\/www.litoralpress.cl\/sitio\/RadioTV_Detalles.cshtml?LPKey=TVO6FCQEUJUNZ5AXTF6GP7WBVG4PIDTIYWZB4ILAF7G3QWNACEBN5EDMUMZ7O27MIXLCKDH7KMFWE\">Comentario de Mauricio Morales, director del Centro de An\u00e1lisis Pol\u00edtico (CAP).<\/a><\/p><p>\u00a0<\/p><p><strong>ELMOSTRADOR.CL<\/strong><\/p><p><a href=\"https:\/\/www.elmostrador.cl\/noticias\/pais\/2022\/10\/24\/las-dos-caras-del-plan-migrantes-del-presidente-boric-expulsion-para-los-que-delinquen-y-regularizacion-extraordinaria-para-los-que-quieren-trabajar\/\">Las dos caras del plan &#8220;migrantes&#8221; del Presidente Boric. Se refiere Mauricio Morales, director del Centro de An\u00e1lisis Pol\u00edtico (CAP).<\/a><\/p><p>\u00a0<\/p><p><strong>IMPACTOREGIONAL.CL<\/strong><\/p><p><a href=\"http:\/\/www.impactoregional.cl\/?p=5163\">Comentarios de Rodrigo Saens, acad\u00e9mico de la Facultad de Econom\u00eda y Negocios (FEN) y Mario Herrera, acad\u00e9mico del Centro de An\u00e1lisis Pol\u00edtico (CAP).<\/a><\/p><p>\u00a0<\/p><p><strong>LAS \u00daLTIMAS NOTICIAS<\/strong><\/p><p><a href=\"https:\/\/www.litoralpress.cl\/paginaconsultas\/Servicios_NClipSitio\/Get_Imagen_Nota.aspx?LPKey=WPVPYKOAFTZSBUR7LHMFY5LPKY3MSCFB4RW3Y342OSPXAAD5TYFVHYDZP7OBGUFQP4M7NNGYMONXQ\">Curr\u00edculum vitae de los 17 candidatos al cargo de Fiscal Nacional. Se mencionan a Nayalet Mansilla y Carlos Palma, titulados de Derecho de la UTalca.<\/a><\/p><p>\u00a0<\/p><p><strong>LA PRENSA<\/strong><\/p><p><a href=\"https:\/\/www.litoralpress.cl\/paginaconsultas\/Servicios_NClipSitio\/Get_Imagen_Nota.aspx?LPKey=4VVRZY6CRVCDCSG7V4LWUE5DM5I7L4HF4XJ7L3XPYPA6QUPICK6MC6BFS3FAYX6CJRRXKKN7OLBZY\">Ya est\u00e1 abierta para el p\u00fablico maulino muestra de escultora Sandra Santander. Se refiere Marcela Albornoz, directora de Extensi\u00f3n Cultural-Art\u00edstica.<\/a><\/p><p>\u00a0<\/p><p><strong>DIARIO TALCA<\/strong><\/p><p><a href=\"https:\/\/www.litoralpress.cl\/paginaconsultas\/Servicios_NClipSitio\/Get_Imagen_Nota.aspx?LPKey=CCCAB4HUD2KUZLG6C6CFH5DMB2NXS6FX7YUCXGD4K4SSRZ7SM3CSD3Q363UFLR6SVUGINZX455EU6\">Gira Telet\u00f3n llega a Talca. Se menciona a la UTalca.<\/a><\/p><p>\u00a0<\/p>\t\t\t\t\t\t<\/div>\n\t\t\t\t<\/div>\n\t\t\t\t\t<\/div>\n\t\t<\/div>\n\t\t\t\t\t\t\t<\/div>\n\t\t<\/section>\n\t\t\t\t\t\t<\/div>\n\t\t\t\t\t<\/div>\n\t\t","protected":false},"excerpt":{"rendered":"<p>MEDIABANCO.COM Universidad de Talca contar\u00e1 con 18 admisiones especiales. Se refiere Paola Morales, directora de Ciclo de Vida Estudiantil y Carlos Contreras, coordinador de la Unidad de Admisi\u00f3n. \u00a0 G5NOTICIAS.CL Universidad de Talca contar\u00e1 con 18 admisiones especiales. Se refiere Paola Morales, directora de Ciclo de Vida Estudiantil y Carlos Contreras, coordinador de la Unidad &hellip;<\/p>\n<p class=\"read-more\"> <a class=\"\" href=\"https:\/\/www.reportedeprensa.utalca.cl\/?p=5387\"> <span class=\"screen-reader-text\">25 de octubre de 2022<\/span> Read More &raquo;<\/a><\/p>\n","protected":false},"author":1,"featured_media":0,"comment_status":"closed","ping_status":"open","sticky":false,"template":"","format":"standard","meta":{"_monsterinsights_skip_tracking":false,"_monsterinsights_sitenote_active":false,"_monsterinsights_sitenote_note":"","_monsterinsights_sitenote_category":0},"categories":[26],"tags":[],"_links":{"self":[{"href":"https:\/\/www.reportedeprensa.utalca.cl\/index.php?rest_route=\/wp\/v2\/posts\/5387"}],"collection":[{"href":"https:\/\/www.reportedeprensa.utalca.cl\/index.php?rest_route=\/wp\/v2\/posts"}],"about":[{"href":"https:\/\/www.reportedeprensa.utalca.cl\/index.php?rest_route=\/wp\/v2\/types\/post"}],"author":[{"embeddable":true,"href":"https:\/\/www.reportedeprensa.utalca.cl\/index.php?rest_route=\/wp\/v2\/users\/1"}],"replies":[{"embeddable":true,"href":"https:\/\/www.reportedeprensa.utalca.cl\/index.php?rest_route=%2Fwp%2Fv2%2Fcomments&post=5387"}],"version-history":[{"count":7,"href":"https:\/\/www.reportedeprensa.utalca.cl\/index.php?rest_route=\/wp\/v2\/posts\/5387\/revisions"}],"predecessor-version":[{"id":5404,"href":"https:\/\/www.reportedeprensa.utalca.cl\/index.php?rest_route=\/wp\/v2\/posts\/5387\/revisions\/5404"}],"wp:attachment":[{"href":"https:\/\/www.reportedeprensa.utalca.cl\/index.php?rest_route=%2Fwp%2Fv2%2Fmedia&parent=5387"}],"wp:term":[{"taxonomy":"category","embeddable":true,"href":"https:\/\/www.reportedeprensa.utalca.cl\/index.php?rest_route=%2Fwp%2Fv2%2Fcategories&post=5387"},{"taxonomy":"post_tag","embeddable":true,"href":"https:\/\/www.reportedeprensa.utalca.cl\/index.php?rest_route=%2Fwp%2Fv2%2Ftags&post=5387"}],"curies":[{"name":"wp","href":"https:\/\/api.w.org\/{rel}","templated":true}]}}