{"id":5408,"date":"2022-10-26T08:25:24","date_gmt":"2022-10-26T11:25:24","guid":{"rendered":"https:\/\/www.reportedeprensa.utalca.cl\/?p=5408"},"modified":"2022-11-01T22:08:15","modified_gmt":"2022-11-02T01:08:15","slug":"26-de-octubre-de-2022","status":"publish","type":"post","link":"https:\/\/www.reportedeprensa.utalca.cl\/?p=5408","title":{"rendered":"26 de octubre de 2022"},"content":{"rendered":"\t\t<div data-elementor-type=\"wp-post\" data-elementor-id=\"5408\" class=\"elementor elementor-5408\" data-elementor-settings=\"[]\">\n\t\t\t\t\t\t\t<div class=\"elementor-section-wrap\">\n\t\t\t\t\t\t\t<section class=\"elementor-section elementor-top-section elementor-element elementor-element-2a4b4b83 elementor-section-boxed elementor-section-height-default elementor-section-height-default\" data-id=\"2a4b4b83\" data-element_type=\"section\">\n\t\t\t\t\t\t<div class=\"elementor-container elementor-column-gap-default\">\n\t\t\t\t\t<div class=\"elementor-column elementor-col-100 elementor-top-column elementor-element elementor-element-24a78540\" data-id=\"24a78540\" data-element_type=\"column\">\n\t\t\t<div class=\"elementor-widget-wrap elementor-element-populated\">\n\t\t\t\t\t\t\t\t<div class=\"elementor-element elementor-element-55b07e54 elementor-widget elementor-widget-text-editor\" data-id=\"55b07e54\" data-element_type=\"widget\" data-widget_type=\"text-editor.default\">\n\t\t\t\t<div class=\"elementor-widget-container\">\n\t\t\t\t\t\t\t\t<p><strong>EL LECTOR<\/strong><\/p><p><a href=\"https:\/\/www.litoralpress.cl\/paginaconsultas\/Servicios_NClipSitio\/Get_Imagen_Nota.aspx?LPKey=GC5UULCZRASDR3HS4GNF34OPTLDJ3CQGVY2DUN2YCP24PXTTGJ2WXNN7EFIMEDPWXYK6RILSDYVJO\">Universidad de Talca contar\u00e1 con 18 admisiones especiales. Se refiere Paola Morales, directora de Ciclo de Vida Estudiantil.<\/a><\/p><p><strong>\u00a0<\/strong><\/p><p><strong>LA PRENSA<\/strong><\/p><p><a href=\"https:\/\/www.litoralpress.cl\/paginaconsultas\/Servicios_NClipSitio\/Get_Imagen_Nota.aspx?LPKey=KOGXX3C6ZQNNAA6EAEOCLC2WS66AJNU64CAEUPMYNFMRAYRO66XMS3T6AJIC7NWYSL5FWXAWEDPIE\">Analizan creciente demanda por manejar idioma alem\u00e1n.Se refieren Josephin Hahn, representante del Servicio Alem\u00e1n de Intercambio Acad\u00e9mico (DAAD); Cristi\u00e1n Rojas, vicerrector Acad\u00e9mico; Jochen Fritz director de la Escuela de Pedagog\u00edas en Alem\u00e1n; Angelika Fraitzl, coordinadora acad\u00e9mica de la Escuela de Pedagog\u00edas en Alem\u00e1n; y la estudiante Margarita Arriagada.<\/a><\/p><p>\u00a0<\/p><p><strong>RADIO AMIGA<\/strong><\/p><p><a href=\"https:\/\/www.litoralpress.cl\/sitio\/RadioTV_Detalles.cshtml?LPKey=J75AK42KKHSRQAMYAGGZFSRNI5B2XJAKQR4FYCEFHRALCXQQ6IORC6ZJI5NLEAJRECCYRTBWALKMG\">Profesores de liceos municipales de tres regiones ser\u00e1n capacitados en el uso del idioma ingl\u00e9s. Se refiere Karla Bustos, acad\u00e9mica de la Facultad de Ciencias de la Educaci\u00f3n.<\/a><\/p><p>\u00a0<\/p><p><strong>RADIO COOPERATIVA<\/strong><\/p><p><a href=\"https:\/\/www.litoralpress.cl\/sitio\/RadioTV_Detalles.cshtml?LPKey=F6GS6UWYSUHAARHWBQK24Z3EFLRPJRA6LJZHUQK45EHXRDWW5MPAO5LHDGIYPSBE4E3AHF5DYEIKK\">Contagios de Covid-19 aumentaron casi un 50% en las \u00faltimas dos semanas. Se refiere \u00c9rika Retamal, directora del Departamento de Salud P\u00fablica.<\/a><\/p><p>\u00a0<\/p><p><strong>ADPRENSA.CL<\/strong><\/p><p><a href=\"https:\/\/www.adprensa.cl\/cronica\/llaman-a-moderar-ingesta-de-dulces-durante-la-celebracion-de-halloween\/\">Llaman a moderar ingesta de dulces durante la celebraci\u00f3n de Halloween. Se refiere Estefany Ram\u00edrez, acad\u00e9mica de la Escuela de Nutrici\u00f3n y Diet\u00e9tica.<\/a><\/p><p>\u00a0<\/p><p><strong>MEDIABANCO.COM<\/strong><\/p><p><a href=\"https:\/\/www.mediabanco.com\/llaman-a-moderar-ingesta-de-dulces-durante-la-celebracion-de-halloween\/\">Llaman a moderar ingesta de dulces durante la celebraci\u00f3n de Halloween. Se refiere Estefany Ram\u00edrez, acad\u00e9mica de la Escuela de Nutrici\u00f3n y Diet\u00e9tica.<\/a><\/p><p>\u00a0<\/p><p><strong>EL HERALDO<\/strong><\/p><p><a href=\"https:\/\/www.litoralpress.cl\/paginaconsultas\/Servicios_NClipSitio\/Get_Imagen_Nota.aspx?LPKey=J35J4GEGGOEFSADPZNX2JRJII3HU5NGLYF62PTXWIXNXDL6ZUJUZ3MOPAEIPS3RXT65QFXM6MV4ME\">El Dr. Pedro E. Zamorano P\u00e9rez, historiador del arte. Columna de opini\u00f3n sobre el director del Instituto de Estudios Human\u00edsticos Juan Ignacio Molina.<\/a><\/p><p>\u00a0<\/p><p><strong>EL TIP\u00d3GRAFO<\/strong><\/p><p><a href=\"https:\/\/www.litoralpress.cl\/sitio\/Prensa_PaginaCompleta.cshtml?LPKey=6M72LODO4UMP3ZYLBVRED7T6Y34UZNGU5VEIKKB4N6JRGBL7CWHQ\">Nematodo de la Frutilla: La plaga lleg\u00f3 para quedarse. Se refiere Mauricio Lolas, acad\u00e9mico de la Facultad de Ciencias Agrarias.<\/a><\/p><p>\u00a0<\/p><p><strong>EL TIP\u00d3GRAFO<\/strong><\/p><p><a href=\"https:\/\/www.litoralpress.cl\/paginaconsultas\/Servicios_NClipSitio\/Get_Imagen_Nota.aspx?LPKey=KOORQHGNPLHNEEJZ5564PTJKTQAW74DPOFTHSAZFZ76DPT6J6B7ITOZKUUSJWSKB64BX5VTTVUXDC\">El incierto futuro de los productores de frutilla. Se menciona a la UTalca.<\/a><\/p><p>\u00a0<\/p><p><strong>ELTIPOGRAFO.CL<\/strong><\/p><p><a href=\"https:\/\/eltipografo.cl\/2022\/10\/el-incierto-futuro-de-los-productores-de-frutilla\">El incierto futuro de los productores de frutilla. Se menciona a la UTalca.<\/a><\/p><p>\u00a0<\/p><p><strong>CANAL TVN RED MAULE<\/strong><\/p><p><a href=\"https:\/\/www.litoralpress.cl\/sitio\/RadioTV_Detalles.cshtml?LPKey=XALIYQAQLIM4CIBPBMBJ6N6SQX4R3IJ7MZ7JN5C36BUQ352H44ZCL6RITRNHJTCXOPTUDPO2DFYOC\">Talca: Auto a exceso de velocidad termin\u00f3 en el patio de una vivienda. Se refiere Emilio Moyano, acad\u00e9mico de la Facultad de Psicolog\u00eda.<\/a><\/p><p><strong>\u00a0<\/strong><\/p><p><strong>LA SEGUNDA<\/strong><\/p><p><a href=\"https:\/\/www.litoralpress.cl\/sitio\/Prensa_PaginaCompleta.cshtml?LPKey=XEHN65OWZGC5UO62OWGUAPMF555UGQJ3CLD3R4KZ63HHBWNTP34Q\">Prolongar la inflaci\u00f3n, el riesgo de que el sector p\u00fablico pida reajuste con piso en el IPC. Se refiere Arcadio Cerda, acad\u00e9mico de la Facultad de Econom\u00eda y Negocios (FEN).<\/a><\/p><p>\u00a0<\/p><p><strong>RADIO LAUTARO<\/strong><\/p><p><a href=\"https:\/\/www.litoralpress.cl\/sitio\/RadioTV_Detalles.cshtml?LPKey=3LQXHGM24SPZDRURRLREJ6QQDWCHJQKZDHJVW4BWBWL32H43N4S7ZZPG4S22CC3WDRRKOUQV7SGIC\">Entrevista a Arcadio Cerda, acad\u00e9mico de la Facultad de Econom\u00eda y Negocios (FEN).<\/a><\/p><p>\u00a0<\/p><p><strong>RADIO GUAYAC\u00c1N<\/strong><\/p><p><a href=\"https:\/\/www.litoralpress.cl\/sitio\/RadioTV_Detalles.cshtml?LPKey=WBQEQSLQF4Y4IDRMWYCREFLWMQ5W5FCW7N4KBV6LSQU7JU2NFHUIZ4KGRMM4AO5NOUSIWC3F6PTKO\">Entrevista a Fabiola Vergara, directora de la Escuela de Derecho, Campus Talca.<\/a><\/p><p>\u00a0<\/p><p><strong>LA PRENSA<\/strong><\/p><p><a href=\"https:\/\/www.litoralpress.cl\/paginaconsultas\/Servicios_NClipSitio\/Get_Imagen_Nota.aspx?LPKey=TG64WEKBPH6KYRGFKDHIGPOOERNFCSWQBKUJOLN6IHPR7HN36NGOO3N7Q75TPOGL3GZH4KYHFF6H6\">Invitan a primera Expo Arte &amp; Ciencia. Se refiere C\u00e9sar Retamal, acad\u00e9mico de la Facultad de Ingenier\u00eda.<\/a><\/p><p>\u00a0<\/p><p><strong>TVMAULE.CL<\/strong><\/p><p><a href=\"https:\/\/www.tvmaule.cl\/primera-expo-arte-ciencia-2022-en-la-plaza-de-armas-de-curico\/\">Primera Expo Arte &amp; Ciencia 2022 en la plaza de Armas de Curic\u00f3. Se refiere C\u00e9sar Retamal, acad\u00e9mico de la Facultad de Ingenier\u00eda.<\/a><\/p><p>\u00a0<\/p><p><strong>MUSICAYNOTICIAS.CL<\/strong><\/p><p><a href=\"https:\/\/www.musicaynoticias.cl\/curico\/primera-expo-arte-ciencia-2022-en-la-plaza-de-armas-de-curico\">Primera Expo Arte &amp; Ciencia 2022 en la plaza de Armas de Curic\u00f3. Se refiere C\u00e9sar Retamal, acad\u00e9mico de la Facultad de Ingenier\u00eda.<\/a><\/p><p>\u00a0<\/p><p><strong>EL MERCURIO<\/strong><\/p><p><a href=\"https:\/\/www.litoralpress.cl\/paginaconsultas\/Servicios_NClipSitio\/Get_Imagen_Nota.aspx?LPKey=HFCM744JVJLG3QHGSFJUHLWKMXNLZBJROXW55MHPBPP7EN52PTZYEI4SLLUYOVM4XER56PSZQOTCO\">El boom de las apps chilenas que apuestan por acercar las ciencias. Se menciona a UPPA de Explora Maule.<\/a><\/p><p>\u00a0<\/p><p><strong>REVISTA ELECTRO INDUSTRIA<\/strong><\/p><p><a href=\"https:\/\/www.litoralpress.cl\/paginaconsultas\/Servicios_NClipSitio\/Get_Imagen_Nota.aspx?LPKey=U522HFI572N2YNP25DRG4AD2ZK7CAVUP35LBXI7NMBITUOTVZ6HJ4MFDDYPDHF2UQ55LQS6N2IDZ6\">Mesa Capital Humano visita Universidad de Talca y Vi\u00f1a San Pedro. Se menciona a la Facultad de Ingenier\u00eda.<\/a><\/p><p>\u00a0<\/p><p><strong>PUBLIMETRO<\/strong><\/p><p><a href=\"https:\/\/www.litoralpress.cl\/paginaconsultas\/Servicios_NClipSitio\/Get_Imagen_Nota.aspx?LPKey=MF7XWIZA3QJZA2I6PIDATVGUEZP5LTXCGYVLEMDBBID2FJLX2LDL3POAUCCXXP3EMVVMA63ALTZWY\">Se complica cada vez m\u00e1s la opci\u00f3n de que Cariola presida la C\u00e1mara. Se refiere Mauricio Morales, director del Centro de An\u00e1lisis Pol\u00edtico (CAP).<\/a><\/p><p>\u00a0<\/p><p><strong>RADIO INFINITA<\/strong><\/p><p><a href=\"https:\/\/www.litoralpress.cl\/sitio\/RadioTV_Detalles.cshtml?LPKey=CCJI6JMRJUUCQ6JXQQTF2YNJUCVCYRZ374FGPRQVLHBM6MOEQ7RILW72FKCHZWZXENTMOYAZ4LNZE\">Comentario de Mauricio Morales, director del Centro de An\u00e1lisis Pol\u00edtico (CAP).<\/a><\/p><p>\u00a0<\/p><p><strong>THECLINIC.CL<\/strong><\/p><p><a href=\"https:\/\/www.theclinic.cl\/2022\/10\/25\/mauricio-morales-socialismo-democratico-desistir-participacion-en-el-gobierno-ataques-del-fa\/\">\u201cSocialismo Democr\u00e1tico debiese desistir de su participaci\u00f3n en el gobierno si los ataques del FA se siguen agudizando\u201d. Se refiere Mauricio Morales, director del Centro de An\u00e1lisis Pol\u00edtico (CAP).<\/a><\/p>\t\t\t\t\t\t<\/div>\n\t\t\t\t<\/div>\n\t\t\t\t\t<\/div>\n\t\t<\/div>\n\t\t\t\t\t\t\t<\/div>\n\t\t<\/section>\n\t\t\t\t\t\t<\/div>\n\t\t\t\t\t<\/div>\n\t\t","protected":false},"excerpt":{"rendered":"<p>EL LECTOR Universidad de Talca contar\u00e1 con 18 admisiones especiales. Se refiere Paola Morales, directora de Ciclo de Vida Estudiantil. \u00a0 LA PRENSA Analizan creciente demanda por manejar idioma alem\u00e1n.Se refieren Josephin Hahn, representante del Servicio Alem\u00e1n de Intercambio Acad\u00e9mico (DAAD); Cristi\u00e1n Rojas, vicerrector Acad\u00e9mico; Jochen Fritz director de la Escuela de Pedagog\u00edas en Alem\u00e1n; &hellip;<\/p>\n<p class=\"read-more\"> <a class=\"\" href=\"https:\/\/www.reportedeprensa.utalca.cl\/?p=5408\"> <span class=\"screen-reader-text\">26 de octubre de 2022<\/span> Read More &raquo;<\/a><\/p>\n","protected":false},"author":1,"featured_media":0,"comment_status":"closed","ping_status":"open","sticky":false,"template":"","format":"standard","meta":{"_monsterinsights_skip_tracking":false,"_monsterinsights_sitenote_active":false,"_monsterinsights_sitenote_note":"","_monsterinsights_sitenote_category":0},"categories":[26],"tags":[],"_links":{"self":[{"href":"https:\/\/www.reportedeprensa.utalca.cl\/index.php?rest_route=\/wp\/v2\/posts\/5408"}],"collection":[{"href":"https:\/\/www.reportedeprensa.utalca.cl\/index.php?rest_route=\/wp\/v2\/posts"}],"about":[{"href":"https:\/\/www.reportedeprensa.utalca.cl\/index.php?rest_route=\/wp\/v2\/types\/post"}],"author":[{"embeddable":true,"href":"https:\/\/www.reportedeprensa.utalca.cl\/index.php?rest_route=\/wp\/v2\/users\/1"}],"replies":[{"embeddable":true,"href":"https:\/\/www.reportedeprensa.utalca.cl\/index.php?rest_route=%2Fwp%2Fv2%2Fcomments&post=5408"}],"version-history":[{"count":13,"href":"https:\/\/www.reportedeprensa.utalca.cl\/index.php?rest_route=\/wp\/v2\/posts\/5408\/revisions"}],"predecessor-version":[{"id":5465,"href":"https:\/\/www.reportedeprensa.utalca.cl\/index.php?rest_route=\/wp\/v2\/posts\/5408\/revisions\/5465"}],"wp:attachment":[{"href":"https:\/\/www.reportedeprensa.utalca.cl\/index.php?rest_route=%2Fwp%2Fv2%2Fmedia&parent=5408"}],"wp:term":[{"taxonomy":"category","embeddable":true,"href":"https:\/\/www.reportedeprensa.utalca.cl\/index.php?rest_route=%2Fwp%2Fv2%2Fcategories&post=5408"},{"taxonomy":"post_tag","embeddable":true,"href":"https:\/\/www.reportedeprensa.utalca.cl\/index.php?rest_route=%2Fwp%2Fv2%2Ftags&post=5408"}],"curies":[{"name":"wp","href":"https:\/\/api.w.org\/{rel}","templated":true}]}}