{"id":5432,"date":"2022-10-27T08:58:10","date_gmt":"2022-10-27T11:58:10","guid":{"rendered":"https:\/\/www.reportedeprensa.utalca.cl\/?p=5432"},"modified":"2022-10-27T09:02:11","modified_gmt":"2022-10-27T12:02:11","slug":"27-de-octubre-de-2022","status":"publish","type":"post","link":"https:\/\/www.reportedeprensa.utalca.cl\/?p=5432","title":{"rendered":"27 de octubre de 2022"},"content":{"rendered":"\t\t<div data-elementor-type=\"wp-post\" data-elementor-id=\"5432\" class=\"elementor elementor-5432\" data-elementor-settings=\"[]\">\n\t\t\t\t\t\t\t<div class=\"elementor-section-wrap\">\n\t\t\t\t\t\t\t<section class=\"elementor-section elementor-top-section elementor-element elementor-element-2a4b4b83 elementor-section-boxed elementor-section-height-default elementor-section-height-default\" data-id=\"2a4b4b83\" data-element_type=\"section\">\n\t\t\t\t\t\t<div class=\"elementor-container elementor-column-gap-default\">\n\t\t\t\t\t<div class=\"elementor-column elementor-col-100 elementor-top-column elementor-element elementor-element-24a78540\" data-id=\"24a78540\" data-element_type=\"column\">\n\t\t\t<div class=\"elementor-widget-wrap elementor-element-populated\">\n\t\t\t\t\t\t\t\t<div class=\"elementor-element elementor-element-55b07e54 elementor-widget elementor-widget-text-editor\" data-id=\"55b07e54\" data-element_type=\"widget\" data-widget_type=\"text-editor.default\">\n\t\t\t\t<div class=\"elementor-widget-container\">\n\t\t\t\t\t\t\t\t<p class=\"x_MsoNormal\"><strong>CANAL CONTIVISI\u00d3N\u00a0<\/strong><\/p><p class=\"x_MsoNormal\"><a href=\"https:\/\/www.litoralpress.cl\/sitio\/RadioTV_Detalles.cshtml?LPKey=ZJD3QI6QHTZ4GKV37A47ZCUNPKRCCFUW2JNWKLJPEJ4BDMYKBH4WBJKOK7VEE2KYQSVKEVY42XBLA\">U. de Talca para su pr\u00f3ximo a\u00f1o 2023 ha dispuesto de 18 admisiones especiales. Se refieren Paola Morales, directora de Ciclo de Vida Estudiantil y Carlos Contreras, coordinador de la Unidad de Admisi\u00f3n.<span class=\"x_ContentPasted0\">\u00a0\u00a0<\/span>\u00a0<\/a><\/p><p class=\"x_MsoNormal\">\u00a0<\/p><p class=\"x_MsoNormal\"><strong>RADIO COOPERATIVA\u00a0<\/strong><\/p><p class=\"x_MsoNormal\"><a href=\"https:\/\/www.litoralpress.cl\/sitio\/RadioTV_Detalles.cshtml?LPKey=3NI5BPERUOGUP745XMMMGBWIXYW4VF5H44SGWF3BCTLYKZ65ZNCA2YKLWMKYABE7TQIV63PUNAAX4\">Covid-19: Comienza la vacunaci\u00f3n bivalente para mayores de 80 a\u00f1os. Se refiere \u00c9rika Retamal, directora del Departamento de Salud P\u00fablica.\u00a0<\/a><\/p><p class=\"x_MsoNormal\">\u00a0<\/p><p class=\"x_MsoNormal\"><strong>THECLINIC.CL\u00a0<\/strong><\/p><p class=\"x_MsoNormal\"><a href=\"https:\/\/www.theclinic.cl\/2022\/10\/26\/positividad-de-contagios-covid-expertas-recomiendan-obligatoriedad-de-mascarillas-en-transporte-publico\/\">Aumenta positividad en contagios de Covid-19: Expertas recomiendan volver a obligatoriedad de mascarillas en transporte p\u00fablico. Se refiere \u00c9rika Retamal, directora del Departamento de Salud P\u00fablica.\u00a0<\/a><\/p><p class=\"x_MsoNormal\" aria-hidden=\"true\">\u00a0<\/p><p class=\"x_MsoNormal\"><strong>EL LECTOR\u00a0<\/strong><\/p><p class=\"x_MsoNormal\"><a href=\"https:\/\/www.litoralpress.cl\/paginaconsultas\/Servicios_NClipSitio\/Get_Imagen_Nota.aspx?LPKey=EN5KJA5DTFXYP3MRYHJVUPPSBGEV5ZZVTOBJTK5H7L6FHPEMIDCDE3U5YQEKKVTY2DCFBCZUEVDYA\">Llaman a moderar ingesta de dulces la durante la celebraci\u00f3n de Halloween. Se refiere Estefany Ram\u00edrez, acad\u00e9mica de la Escuela de Nutrici\u00f3n y Diet\u00e9tica. \u00a0<\/a><\/p><p class=\"x_MsoNormal\" aria-hidden=\"true\">\u00a0<\/p><p class=\"x_MsoNormal x_ContentPasted0\"><strong>LA PRENSA\u00a0<\/strong><\/p><p class=\"x_MsoNormal x_ContentPasted0\"><a href=\"https:\/\/www.litoralpress.cl\/paginaconsultas\/Servicios_NClipSitio\/Get_Imagen_Nota.aspx?LPKey=OLFHTVKXGJLTFTCFDCJLAKX6DFSSLY6GQSZAEKYJUVFZVBAIZ42PBSFZYTO5ZZYNHHPNHEVN55M3Y\">Llaman a moderar ingesta de dulces en Halloween. Se refiere Estefany Ram\u00edrez, acad\u00e9mica de la Escuela de Nutrici\u00f3n y Diet\u00e9tica.\u00a0<\/a><\/p><p class=\"x_MsoNormal\" aria-hidden=\"true\">\u00a0<\/p><p class=\"x_MsoNormal x_ContentPasted0\"><strong>MEDIABANCO.COM\u00a0<\/strong><\/p><p class=\"x_MsoNormal x_ContentPasted0\"><a href=\"https:\/\/www.mediabanco.com\/cancer-de-mamas-se-acerca-a-ser-primera-causa-de-muerte-en-algunas-regiones-del-pais\/\">C\u00e1ncer de mamas se acerca a ser primera causa de muerte en algunas regiones del pa\u00eds. Se refiere Pilar Garc\u00eda, acad\u00e9mica de la Escuela de Obstetricia y Puericultura.\u00a0<\/a><\/p><p class=\"x_MsoNormal\" aria-hidden=\"true\">\u00a0<\/p><p class=\"x_MsoNormal\"><strong>LAVOZENLINEA.CL\u00a0<\/strong><\/p><p class=\"x_MsoNormal\"><a href=\"https:\/\/lavozenlinea.cl\/2022\/10\/cancer-de-mamas-se-acerca-a-ser-primera-causa-de-muerte-en-algunas-regiones-del-pais\/\">C\u00e1ncer de mamas se acerca a ser primera causa de muerte en algunas regiones del pa\u00eds. Se refiere Pilar Garc\u00eda, acad\u00e9mica de la Escuela de Obstetricia y Puericultura.\u00a0<\/a><\/p><p class=\"x_MsoNormal\" aria-hidden=\"true\">\u00a0<\/p><p class=\"x_MsoNormal x_ContentPasted0\"><strong>ELDIARIOSANTIAGO.CL\u00a0<\/strong><\/p><p class=\"x_MsoNormal x_ContentPasted0\"><a href=\"https:\/\/eldiariosantiago.cl\/2022\/10\/26\/cancer-de-mamas-se-acerca-a-ser-primera-causa-de-muerte-en-algunas-regiones-del-pais\/\">C\u00e1ncer de mamas se acerca a ser primera causa de muerte en algunas regiones del pa\u00eds. Se refiere Pilar Garc\u00eda, acad\u00e9mica de la Escuela de Obstetricia y Puericultura.\u00a0<\/a><\/p><p class=\"x_MsoNormal\" aria-hidden=\"true\">\u00a0<\/p><p class=\"x_MsoNormal x_ContentPasted0\"><strong>ELDIARIODELAARAUCANIA.CL\u00a0<\/strong><\/p><p class=\"x_MsoNormal x_ContentPasted0\"><a href=\"https:\/\/eldiariodelaaraucania.cl\/2022\/10\/26\/cancer-de-mamas-se-acerca-a-ser-primera-causa-de-muerte-en-algunas-regiones-del-pais\/\">C\u00e1ncer de mamas se acerca a ser primera causa de muerte en algunas regiones del pa\u00eds. Se refiere Pilar Garc\u00eda, acad\u00e9mica de la Escuela de Obstetricia y Puericultura.\u00a0<\/a><\/p><p class=\"x_MsoNormal\" aria-hidden=\"true\">\u00a0<\/p><p class=\"x_MsoNormal x_ContentPasted0\"><strong>ELDIARIODELACOSTA.CL\u00a0<\/strong><\/p><p class=\"x_MsoNormal\"><a href=\"https:\/\/eldiariodelacosta.cl\/2022\/10\/26\/cancer-de-mamas-se-acerca-a-ser-primera-causa-de-muerte-en-algunas-regiones-del-pais\/\">C\u00e1ncer de mamas se acerca a ser primera causa de muerte en algunas regiones del pa\u00eds. Se refiere Pilar Garc\u00eda, acad\u00e9mica de la Escuela de Obstetricia y Puericultura. \u00a0<\/a><\/p><p class=\"x_MsoNormal\" aria-hidden=\"true\">\u00a0<\/p><p class=\"x_MsoNormal\"><strong>ADPRENSA.CL\u00a0<\/strong><\/p><p class=\"x_MsoNormal\"><a href=\"https:\/\/www.adprensa.cl\/cronica\/destacan-rol-de-universidades-estatales-en-investigacion-sobre-crisis-hidrica\/\">Destacan rol de universidades estatales en investigaci\u00f3n sobre crisis h\u00eddrica. Se refiere Roberto Pizarro, acad\u00e9mico de la Escuela de Ingenier\u00eda Forestal.\u00a0<\/a><\/p><p class=\"x_MsoNormal\" aria-hidden=\"true\">\u00a0<\/p><p class=\"x_MsoNormal x_ContentPasted0\"><strong>MEDIABANCO.COM\u00a0<\/strong><\/p><p class=\"x_MsoNormal x_ContentPasted0\"><a href=\"https:\/\/www.mediabanco.com\/destacan-rol-de-universidades-estatales-en-investigacion-sobre-crisis-hidrica\/\">Destacan rol de universidades estatales en investigaci\u00f3n sobre crisis h\u00eddrica. Se refiere Roberto Pizarro, acad\u00e9mico de la Escuela de Ingenier\u00eda Forestal.\u00a0<\/a><\/p><p class=\"x_MsoNormal\" aria-hidden=\"true\">\u00a0<\/p><p class=\"x_MsoNormal x_ContentPasted0\"><strong>G5NOTICIAS.CL\u00a0<\/strong><\/p><p class=\"x_MsoNormal x_ContentPasted0\"><a href=\"https:\/\/g5noticias.cl\/2022\/10\/26\/destacan-rol-de-universidades-estatales-en-investigacion-sobre-crisis-hidrica\/\">Destacan rol de universidades estatales en investigaci\u00f3n sobre crisis h\u00eddrica. Se refiere Roberto Pizarro, acad\u00e9mico de la Escuela de Ingenier\u00eda Forestal. \u00a0<\/a><\/p><p class=\"x_MsoNormal\" aria-hidden=\"true\">\u00a0<\/p><p class=\"x_MsoNormal\"><strong>RADIO INFINITA\u00a0<\/strong><\/p><p class=\"x_MsoNormal\"><a href=\"https:\/\/www.litoralpress.cl\/sitio\/RadioTV_Detalles.cshtml?LPKey=SNJVCZUZXTA64VMPULHTGEENDP2DSKLNEZ3XMWPSIB3N4O2IJGQOHHIEUQTUC2NSI3CKGBF5LU4AO\">Comentario de Mauricio Morales, director del Centro de An\u00e1lisis Pol\u00edtico (CAP).\u00a0<\/a><\/p><p class=\"x_MsoNormal\">\u00a0<\/p><p class=\"x_MsoNormal\"><strong>EL LECTOR\u00a0<\/strong><\/p><p class=\"x_MsoNormal\"><a href=\"https:\/\/www.litoralpress.cl\/paginaconsultas\/Servicios_NClipSitio\/Get_Imagen_Nota.aspx?LPKey=GIJ7WQ2IS4RGRGSIBCMSU4MO6Q2WRWWTCHYFS4FLTY2SVI67AVI6V5NRRXW2A2OTLGPPYO3EVMN2U\">INJUV realiz\u00f3 voluntariado de salud enfocado en comunidades rurales con j\u00f3venes de medicina, odontolog\u00eda y kinesiolog\u00eda. Se menciona a Benjam\u00edn Tello, estudiante de Odontolog\u00eda.\u00a0<\/a><\/p><p class=\"x_MsoNormal\" aria-hidden=\"true\">\u00a0<\/p><p class=\"x_MsoNormal x_ContentPasted0\"><strong>ELMAULEINFORMA.CL\u00a0<\/strong><\/p><p class=\"x_MsoNormal x_ContentPasted0\"><a href=\"https:\/\/elmauleinforma.cl\/njuv-realizo-voluntariado-de-salud-enfocado-en-comunidades-rurales-con-jovenes-de-medicina-odontologia-y-kinesiologia\/\">INJUV realiz\u00f3 voluntariado de salud enfocado en comunidades rurales con j\u00f3venes de medicina, odontolog\u00eda y kinesiolog\u00eda. Se menciona a Benjam\u00edn Tello, estudiante de Odontolog\u00eda.\u00a0<\/a><\/p><p class=\"x_MsoNormal\" aria-hidden=\"true\">\u00a0<\/p><p class=\"x_MsoNormal\"><strong>ELMAULEINFORMA.CL\u00a0<\/strong><\/p><p class=\"x_MsoNormal\"><a href=\"https:\/\/elmauleinforma.cl\/artista-visual-virginia-alvarez-inaugura-exposicion-desde-el-anonimato-en-curico\/\">Artista visual Virginia \u00c1lvarez inaugura exposici\u00f3n \u201cDesde el anonimato\u201d en Curic\u00f3. Se menciona el Centro de Extensi\u00f3n Curic\u00f3.\u00a0<\/a><\/p><p class=\"x_MsoNormal\">\u00a0<\/p><p class=\"x_MsoNormal\"><strong>TVMAULE.CL\u00a0<\/strong><\/p><p class=\"x_MsoNormal\"><a href=\"https:\/\/www.tvmaule.cl\/universitarios-emprendedores-conozcamos-los-accesorios-para-mascotas-y-el-arte-del-tejido-a-crochet\/\">Universitarios emprendedores: conozcamos los accesorios para mascotas y el arte del tejido a crochet. Se mencionan a Esteban Albornoz, estudiante de Ingenier\u00eda Comercial y Myriam Monsalve, estudiante de la carrera de Ingenier\u00eda Civil en Obras Civiles. \u00a0<\/a><\/p><p class=\"x_MsoNormal\">\u00a0<\/p>\t\t\t\t\t\t<\/div>\n\t\t\t\t<\/div>\n\t\t\t\t\t<\/div>\n\t\t<\/div>\n\t\t\t\t\t\t\t<\/div>\n\t\t<\/section>\n\t\t\t\t\t\t<\/div>\n\t\t\t\t\t<\/div>\n\t\t","protected":false},"excerpt":{"rendered":"<p>CANAL CONTIVISI\u00d3N\u00a0 U. de Talca para su pr\u00f3ximo a\u00f1o 2023 ha dispuesto de 18 admisiones especiales. Se refieren Paola Morales, directora de Ciclo de Vida Estudiantil y Carlos Contreras, coordinador de la Unidad de Admisi\u00f3n.\u00a0\u00a0\u00a0 \u00a0 RADIO COOPERATIVA\u00a0 Covid-19: Comienza la vacunaci\u00f3n bivalente para mayores de 80 a\u00f1os. Se refiere \u00c9rika Retamal, directora del Departamento &hellip;<\/p>\n<p class=\"read-more\"> <a class=\"\" href=\"https:\/\/www.reportedeprensa.utalca.cl\/?p=5432\"> <span class=\"screen-reader-text\">27 de octubre de 2022<\/span> Read More &raquo;<\/a><\/p>\n","protected":false},"author":1,"featured_media":0,"comment_status":"closed","ping_status":"open","sticky":false,"template":"","format":"standard","meta":{"_monsterinsights_skip_tracking":false,"_monsterinsights_sitenote_active":false,"_monsterinsights_sitenote_note":"","_monsterinsights_sitenote_category":0},"categories":[26],"tags":[],"_links":{"self":[{"href":"https:\/\/www.reportedeprensa.utalca.cl\/index.php?rest_route=\/wp\/v2\/posts\/5432"}],"collection":[{"href":"https:\/\/www.reportedeprensa.utalca.cl\/index.php?rest_route=\/wp\/v2\/posts"}],"about":[{"href":"https:\/\/www.reportedeprensa.utalca.cl\/index.php?rest_route=\/wp\/v2\/types\/post"}],"author":[{"embeddable":true,"href":"https:\/\/www.reportedeprensa.utalca.cl\/index.php?rest_route=\/wp\/v2\/users\/1"}],"replies":[{"embeddable":true,"href":"https:\/\/www.reportedeprensa.utalca.cl\/index.php?rest_route=%2Fwp%2Fv2%2Fcomments&post=5432"}],"version-history":[{"count":4,"href":"https:\/\/www.reportedeprensa.utalca.cl\/index.php?rest_route=\/wp\/v2\/posts\/5432\/revisions"}],"predecessor-version":[{"id":5436,"href":"https:\/\/www.reportedeprensa.utalca.cl\/index.php?rest_route=\/wp\/v2\/posts\/5432\/revisions\/5436"}],"wp:attachment":[{"href":"https:\/\/www.reportedeprensa.utalca.cl\/index.php?rest_route=%2Fwp%2Fv2%2Fmedia&parent=5432"}],"wp:term":[{"taxonomy":"category","embeddable":true,"href":"https:\/\/www.reportedeprensa.utalca.cl\/index.php?rest_route=%2Fwp%2Fv2%2Fcategories&post=5432"},{"taxonomy":"post_tag","embeddable":true,"href":"https:\/\/www.reportedeprensa.utalca.cl\/index.php?rest_route=%2Fwp%2Fv2%2Ftags&post=5432"}],"curies":[{"name":"wp","href":"https:\/\/api.w.org\/{rel}","templated":true}]}}