{"id":5445,"date":"2022-10-28T10:35:14","date_gmt":"2022-10-28T13:35:14","guid":{"rendered":"https:\/\/www.reportedeprensa.utalca.cl\/?p=5445"},"modified":"2022-10-28T10:43:31","modified_gmt":"2022-10-28T13:43:31","slug":"28-de-octubre-de-2022","status":"publish","type":"post","link":"https:\/\/www.reportedeprensa.utalca.cl\/?p=5445","title":{"rendered":"28 de octubre de 2022"},"content":{"rendered":"\t\t<div data-elementor-type=\"wp-post\" data-elementor-id=\"5445\" class=\"elementor elementor-5445\" data-elementor-settings=\"[]\">\n\t\t\t\t\t\t\t<div class=\"elementor-section-wrap\">\n\t\t\t\t\t\t\t<section class=\"elementor-section elementor-top-section elementor-element elementor-element-2a4b4b83 elementor-section-boxed elementor-section-height-default elementor-section-height-default\" data-id=\"2a4b4b83\" data-element_type=\"section\">\n\t\t\t\t\t\t<div class=\"elementor-container elementor-column-gap-default\">\n\t\t\t\t\t<div class=\"elementor-column elementor-col-100 elementor-top-column elementor-element elementor-element-24a78540\" data-id=\"24a78540\" data-element_type=\"column\">\n\t\t\t<div class=\"elementor-widget-wrap elementor-element-populated\">\n\t\t\t\t\t\t\t\t<div class=\"elementor-element elementor-element-55b07e54 elementor-widget elementor-widget-text-editor\" data-id=\"55b07e54\" data-element_type=\"widget\" data-widget_type=\"text-editor.default\">\n\t\t\t\t<div class=\"elementor-widget-container\">\n\t\t\t\t\t\t\t\t<p><strong>LA PRENSA<\/strong><\/p><p><a href=\"https:\/\/www.litoralpress.cl\/paginaconsultas\/Servicios_NClipSitio\/Get_Imagen_Nota.aspx?LPKey=F4EDH72ETMCCZTWXEQK2FM7AZVY3H5ZZLFVLU4RCMJU3I7CPC33CJRWWYLIB6II7DWZ3RTSYDXGSK\">Rector UTalca, Carlos Torres: \u201cComo Universidad estamos llamados a ser un agente transformador\u201d.<\/a><\/p><p>\u00a0<\/p><p><strong>ADPRENSA.CL<\/strong><\/p><p><a href=\"https:\/\/www.adprensa.cl\/cronica\/universidad-de-talca-celebra-sus-41-anos-de-vida-junto-a-su-comunidad\/\">Universidad de Talca celebra sus 41 a\u00f1os de vida junto a su comunidad.<\/a><\/p><p>\u00a0<\/p><p><strong>MEDIABANCO.COM<\/strong><\/p><p><a href=\"https:\/\/www.mediabanco.com\/universidad-de-talca-celebra-sus-41-anos-de-vida-junto-a-su-comunidad\/\">Universidad de Talca celebra sus 41 a\u00f1os de vida junto a su comunidad.<\/a><\/p><p>\u00a0<\/p><p><strong>TVMAULE.CL<\/strong><\/p><p><a href=\"https:\/\/www.tvmaule.cl\/universidad-de-talca-celebra-su-41-aniversario-junto-a-la-comunidad\/\">Universidad de Talca celebra sus 41 a\u00f1os de vida junto a su comunidad.<\/a><\/p><p>\u00a0<\/p><p><strong>LA PRENSA<\/strong><\/p><p><a href=\"https:\/\/www.litoralpress.cl\/paginaconsultas\/Servicios_NClipSitio\/Get_Imagen_Nota.aspx?LPKey=A4PGXAYSXHFJHF74SB3QMF5OQPJTG2ASJ264C36JXY6IDQMJ4THEMJMV4JKCTNCSWNSC5T35NWZB2\">Universidad de Talca logra hist\u00f3rica adjudicaci\u00f3n de proyectos cient\u00edficos. Se refiere Cristi\u00e1n Rojas, vicerrector Acad\u00e9mico.<\/a><\/p><p>\u00a0<\/p><p><strong>ADPRENSA.CL<\/strong><\/p><p><a href=\"https:\/\/www.adprensa.cl\/cronica\/cruch-realiza-propuestas-a-la-ley-de-presupuesto-2023-para-garantizar-la-sustentabilidad-de-las-universidades\/\">CRUCH realiza propuestas a la Ley de Presupuesto 2023 para garantizar la sustentabilidad de las universidades. Se refiere Carlos Torres, rector de la UTalca.<\/a><\/p><p>\u00a0<\/p><p><strong>EL MERCURIO<\/strong><\/p><p><a href=\"https:\/\/www.litoralpress.cl\/paginaconsultas\/Servicios_NClipSitio\/Get_Imagen_Nota.aspx?LPKey=ETR4TYGX5GITBAAI6OKSADNUW3KH36NEL4SIVLZMCJXXVH5P6PBW6E2RDTF247H2C4IAV4PCVM3KS\">Expertos dan ideas para perderle el miedo al az\u00facar en Halloween. Se refiere Estefany Ram\u00edrez, acad\u00e9mica de la Escuela de Nutrici\u00f3n y Diet\u00e9tica.<\/a><\/p><p>\u00a0<\/p><p><strong>DIARIOESTRATEGIA.CL<\/strong><\/p><p><a href=\"https:\/\/www.diarioestrategia.cl\/texto-diario\/mostrar\/4050074\/grupo-partner-anuncia-lanzamiento-tecnologias-utilizan-ia-optimizar-proceso-productivo-vinos-destilados\">Grupo Partner anuncia el lanzamiento de tecnolog\u00edas que utilizan IA para optimizar el proceso productivo de vinos y destilados. Se menciona al Centro Tecnol\u00f3gico de la Vid y el Vino.<\/a><\/p><p>\u00a0<\/p><p><strong>ELCIUDADANO.COM<\/strong><\/p><p><a href=\"https:\/\/www.elciudadano.com\/chile\/debaten-rol-de-las-universidades-en-la-investigacion-para-enfrentar-la-escasez-hidrica\/10\/26\/\">Debaten rol de las universidades en la investigaci\u00f3n para enfrentar la escasez h\u00eddrica. Se refiere Roberto Pizarro, acad\u00e9mico de la Escuela de Ingenier\u00eda Forestal.<\/a><\/p><p>\u00a0<\/p><p><strong>MEDIABANCO.COM<\/strong><\/p><p><a href=\"https:\/\/www.mediabanco.com\/destacan-rol-de-universidades-estatales-en-investigacion-sobre-crisis-hidrica\/\">Destacan rol de universidades estatales en investigaci\u00f3n sobre crisis h\u00eddrica. Se refiere Roberto Pizarro, acad\u00e9mico de la Escuela de Ingenier\u00eda Forestal.<\/a><\/p><p>\u00a0<\/p><p><strong>ELDIARIOSANTIAGO.CL<\/strong><\/p><p><a href=\"https:\/\/eldiariosantiago.cl\/2022\/10\/27\/destacan-rol-de-universidades-estatales-en-investigacion-sobre-crisis-hidrica\/\">Destacan rol de universidades estatales en investigaci\u00f3n sobre crisis h\u00eddrica. Se refiere Roberto Pizarro, acad\u00e9mico de la Escuela de Ingenier\u00eda Forestal.<\/a><\/p><p>\u00a0<\/p><p><strong>THECLINIC.CL<\/strong><\/p><p><a href=\"https:\/\/www.theclinic.cl\/2022\/10\/27\/decision-dificil-dolorosa-cuatro-factores-renuncia-rincon-walker-dc\/\">\u201cUna decisi\u00f3n dif\u00edcil y dolorosa\u201d: cuatro factores que explican la renuncia de Rinc\u00f3n y Walker a la DC. Se refiere Mauricio Morales, director del Centro de An\u00e1lisis Pol\u00edtico (CAP).<\/a><\/p><p>\u00a0<\/p>\t\t\t\t\t\t<\/div>\n\t\t\t\t<\/div>\n\t\t\t\t\t<\/div>\n\t\t<\/div>\n\t\t\t\t\t\t\t<\/div>\n\t\t<\/section>\n\t\t\t\t\t\t<\/div>\n\t\t\t\t\t<\/div>\n\t\t","protected":false},"excerpt":{"rendered":"<p>LA PRENSA Rector UTalca, Carlos Torres: \u201cComo Universidad estamos llamados a ser un agente transformador\u201d. \u00a0 ADPRENSA.CL Universidad de Talca celebra sus 41 a\u00f1os de vida junto a su comunidad. \u00a0 MEDIABANCO.COM Universidad de Talca celebra sus 41 a\u00f1os de vida junto a su comunidad. \u00a0 TVMAULE.CL Universidad de Talca celebra sus 41 a\u00f1os de &hellip;<\/p>\n<p class=\"read-more\"> <a class=\"\" href=\"https:\/\/www.reportedeprensa.utalca.cl\/?p=5445\"> <span class=\"screen-reader-text\">28 de octubre de 2022<\/span> Read More &raquo;<\/a><\/p>\n","protected":false},"author":1,"featured_media":0,"comment_status":"closed","ping_status":"open","sticky":false,"template":"","format":"standard","meta":{"_monsterinsights_skip_tracking":false,"_monsterinsights_sitenote_active":false,"_monsterinsights_sitenote_note":"","_monsterinsights_sitenote_category":0},"categories":[26],"tags":[],"_links":{"self":[{"href":"https:\/\/www.reportedeprensa.utalca.cl\/index.php?rest_route=\/wp\/v2\/posts\/5445"}],"collection":[{"href":"https:\/\/www.reportedeprensa.utalca.cl\/index.php?rest_route=\/wp\/v2\/posts"}],"about":[{"href":"https:\/\/www.reportedeprensa.utalca.cl\/index.php?rest_route=\/wp\/v2\/types\/post"}],"author":[{"embeddable":true,"href":"https:\/\/www.reportedeprensa.utalca.cl\/index.php?rest_route=\/wp\/v2\/users\/1"}],"replies":[{"embeddable":true,"href":"https:\/\/www.reportedeprensa.utalca.cl\/index.php?rest_route=%2Fwp%2Fv2%2Fcomments&post=5445"}],"version-history":[{"count":7,"href":"https:\/\/www.reportedeprensa.utalca.cl\/index.php?rest_route=\/wp\/v2\/posts\/5445\/revisions"}],"predecessor-version":[{"id":5462,"href":"https:\/\/www.reportedeprensa.utalca.cl\/index.php?rest_route=\/wp\/v2\/posts\/5445\/revisions\/5462"}],"wp:attachment":[{"href":"https:\/\/www.reportedeprensa.utalca.cl\/index.php?rest_route=%2Fwp%2Fv2%2Fmedia&parent=5445"}],"wp:term":[{"taxonomy":"category","embeddable":true,"href":"https:\/\/www.reportedeprensa.utalca.cl\/index.php?rest_route=%2Fwp%2Fv2%2Fcategories&post=5445"},{"taxonomy":"post_tag","embeddable":true,"href":"https:\/\/www.reportedeprensa.utalca.cl\/index.php?rest_route=%2Fwp%2Fv2%2Ftags&post=5445"}],"curies":[{"name":"wp","href":"https:\/\/api.w.org\/{rel}","templated":true}]}}