{"id":5466,"date":"2022-11-02T10:04:15","date_gmt":"2022-11-02T13:04:15","guid":{"rendered":"https:\/\/www.reportedeprensa.utalca.cl\/?p=5466"},"modified":"2022-11-02T12:07:32","modified_gmt":"2022-11-02T15:07:32","slug":"02-de-noviembre-de-2022","status":"publish","type":"post","link":"https:\/\/www.reportedeprensa.utalca.cl\/?p=5466","title":{"rendered":"02 de noviembre de 2022"},"content":{"rendered":"\t\t<div data-elementor-type=\"wp-post\" data-elementor-id=\"5466\" class=\"elementor elementor-5466\" data-elementor-settings=\"[]\">\n\t\t\t\t\t\t\t<div class=\"elementor-section-wrap\">\n\t\t\t\t\t\t\t<section class=\"elementor-section elementor-top-section elementor-element elementor-element-2a4b4b83 elementor-section-boxed elementor-section-height-default elementor-section-height-default\" data-id=\"2a4b4b83\" data-element_type=\"section\">\n\t\t\t\t\t\t<div class=\"elementor-container elementor-column-gap-default\">\n\t\t\t\t\t<div class=\"elementor-column elementor-col-100 elementor-top-column elementor-element elementor-element-24a78540\" data-id=\"24a78540\" data-element_type=\"column\">\n\t\t\t<div class=\"elementor-widget-wrap elementor-element-populated\">\n\t\t\t\t\t\t\t\t<div class=\"elementor-element elementor-element-55b07e54 elementor-widget elementor-widget-text-editor\" data-id=\"55b07e54\" data-element_type=\"widget\" data-widget_type=\"text-editor.default\">\n\t\t\t\t<div class=\"elementor-widget-container\">\n\t\t\t\t\t\t\t\t<p><strong>CANAL CONTIVISI\u00d3N<\/strong><\/p><p><a href=\"https:\/\/www.litoralpress.cl\/sitio\/RadioTV_Detalles.cshtml?LPKey=NXIPCIQ2ZVLKMM4TOY42DZIVZZGP2BHVYEB2ND2OJCORNGAIB2OWEVQBP35OUGQMJFYCRWRFF5AJ4\">La Universidad de Talca celebr\u00f3 41 a\u00f1os de existencia y destac\u00f3 a la psic\u00f3loga Elizabeth Lira.<\/a><\/p><p>\u00a0<\/p><p><strong>DIARIOLAPRENSA.CL<\/strong><\/p><p><a href=\"https:\/\/new.diariolaprensa.cl\/index.php\/2022\/10\/28\/como-universidad-publica-estamos-llamados-a-ser-agente-transformador\/\">Rector UTalca: \u201cComo universidad p\u00fablica estamos llamados a ser agente transformador\u201d.<\/a><\/p><p>\u00a0<\/p><p><strong>ELMAULEINFORMA.CL<\/strong><\/p><p><a href=\"https:\/\/elmauleinforma.cl\/universidad-de-talca-celebro-sus-41-anos-de-vida-junto-a-su-comunidad\/\">Universidad de Talca celebr\u00f3 sus 41 a\u00f1os de vida junto a su comunidad.<\/a><\/p><p>\u00a0<\/p><p><strong>MEDIABANCO.COM<\/strong><\/p><p><a href=\"https:\/\/www.mediabanco.com\/universidad-de-talca-logra-historica-adjudicacion-de-proyectos-anillo\/\">Universidad de Talca logra hist\u00f3rica adjudicaci\u00f3n de proyectos Anillo.<\/a><\/p><p>\u00a0<\/p><p><strong>ELCENTRO.CL<\/strong><\/p><p><a href=\"https:\/\/elcentro.cl\/2022\/10\/28\/universidad-de-talca-logra-historica-adjudicacion-de-proyectos-anillo\/\">Universidad de Talca logra hist\u00f3rica adjudicaci\u00f3n de proyectos Anillo.<\/a><\/p><p>\u00a0<\/p><p><strong>EL MERCURIO<\/strong><\/p><p><a href=\"https:\/\/www.litoralpress.cl\/paginaconsultas\/Servicios_NClipSitio\/Get_Imagen_Nota.aspx?LPKey=3W6ULNH2BR6O3IRFUQFHTEVU5PEMKXAWOBEDUOFSH342YCDL6QQQZWQO4OQPYEZCZKW74HNTEH36E\">Integrar conocimientos de diferentes disciplinas es clave para crear ideas nuevas. Se refiere Javier Mu\u00f1oz, decano de la Facultad de Ingenier\u00eda.<\/a><\/p><p><strong>\u00a0<\/strong><\/p><p><strong>LA PRENSA<\/strong><\/p><p><a href=\"https:\/\/www.litoralpress.cl\/paginaconsultas\/Servicios_NClipSitio\/Get_Imagen_Nota.aspx?LPKey=VFDUT3ZKM2DXCFJSDNCY6IDZG5DLSULYJHEAKTETXENRCQAKJCT5RRGMJ2ON6KPWEHYEJPRCNE4JG\">Movilidad internacional en la UTalca: la puerta a un mundo de oportunidades. Se refieren Lisbeth Y\u00e1\u00f1ez, directora (s) de Relaciones Internacionales, \u00c1ngela Campos y Javiera P\u00e9rez, estudiantes.<\/a><\/p><p>\u00a0<\/p><p><strong>ADPRENSA.CL<\/strong><\/p><p><a href=\"https:\/\/www.adprensa.cl\/cronica\/movilidad-internacional-en-la-utalca-la-puerta-a-un-mundo-de-oportunidades\/\">Movilidad internacional en la UTalca:\u00a0 la puerta a un mundo de oportunidades. Se refieren Lisbeth Y\u00e1\u00f1ez, directora (s) de Relaciones Internacionales, \u00c1ngela Campos y Javiera P\u00e9rez, estudiantes.<\/a><\/p><p>\u00a0<\/p><p><strong>MEDIABANCO.COM<\/strong><\/p><p><a href=\"https:\/\/www.mediabanco.com\/movilidad-internacional-en-la-utalca-la-puerta-a-un-mundo-de-oportunidades\/\">Movilidad internacional en la UTalca:\u00a0 la puerta a un mundo de oportunidades. Se refieren Lisbeth Y\u00e1\u00f1ez, directora (s) de Relaciones Internacionales, \u00c1ngela Campos y Javiera P\u00e9rez, estudiantes.<\/a><\/p><p>\u00a0<\/p><p><strong>DIARIOTALCA.CL<\/strong><\/p><p><a href=\"https:\/\/diariotalca.cl\/destacan-opciones-de-movilidad-internacional-de-estudiantes-en-utalca\/\">Destacan opciones de movilidad internacional para estudiantes de UTalca. Se refieren Lisbeth Y\u00e1\u00f1ez, directora (s) de Relaciones Internacionales, \u00c1ngela Campos y Javiera P\u00e9rez, estudiantes.<\/a><\/p><p>\u00a0<\/p><p><strong>EL MERCURIO<\/strong><\/p><p><a href=\"https:\/\/www.litoralpress.cl\/paginaconsultas\/Servicios_NClipSitio\/Get_Imagen_Nota.aspx?LPKey=F4XVCXJX2EN4IEIZNLHCLV7JK3CTY6G2WF77EU464ALQUO6ETTHQXM5TGKZGBRG7UQ4AHHYBEKFG4\">Contagios aumentan un 57% las \u00faltimas dos semanas y expertos piden seguir usando mascarilla. Se refiere \u00c9rika Retamal, directora del Departamento de Salud P\u00fablica.<\/a><\/p><p>\u00a0<\/p><p><strong>LA PRENSA<\/strong><\/p><p><a href=\"https:\/\/www.litoralpress.cl\/sitio\/Prensa_PaginaCompleta.cshtml?LPKey=E3NMZSF3EFE54KN7MTHYX25DUQNWOKLOZUJRRRURGRWWJD6CKOWA\">El rol de las mujeres en el \u00e1rea de la salud. Se refiere \u00c9rika Retamal, directora del Departamento de Salud P\u00fablica.<\/a><\/p><p>\u00a0<\/p><p><strong>CANAL TVN RED MAULE<\/strong><\/p><p><a href=\"https:\/\/www.litoralpress.cl\/sitio\/RadioTV_Detalles.cshtml?LPKey=LSWPHKTMALF76S7UN6EXEI46NEDEGHAIKWKW7M7ZXVFWO46UMSVTB2V5DAEXJYDVG2RDW3CLSPDUO\">Fue lanzada una iniciativa entre el Servicio de Salud y la Universidad de Talca que busca acortar la lista de espera para atenci\u00f3n dental. Se refiere Rodrigo Giacaman, decano de la Facultad de Odontolog\u00eda.<\/a><\/p><p>\u00a0<\/p><p><strong>EL LECTOR<\/strong><\/p><p><a href=\"https:\/\/www.litoralpress.cl\/paginaconsultas\/Servicios_NClipSitio\/Get_Imagen_Nota.aspx?LPKey=OV2Y6ATTQHSP4266FE2FWN2BCFQU4KYLLAEEC7HCQ64D4UBIDIFU2DX2D75U7SSU43SRMDGXRQZVC\">SSMaule gestiona exitoso operativo dental para bajar lista de espera. Se refiere Rodrigo Giacaman, decano de la Facultad de Odontolog\u00eda.<\/a><\/p><p>\u00a0<\/p><p><strong>LA PRENSA<\/strong><\/p><p><a href=\"https:\/\/www.litoralpress.cl\/paginaconsultas\/Servicios_NClipSitio\/Get_Imagen_Nota.aspx?LPKey=PWUIHO6ITBAQ35PCDRSVJ3FHORX4JX6GBAAYZCA5LMYL3BIGYHV4LBRLBENODSXZC3DMZJOJS5MJA\">SSM realiz\u00f3 operativo dental para bajar las listas de espera. Se menciona a la Facultad de Odontolog\u00eda.<\/a><\/p><p>\u00a0<\/p><p><strong>ELMAULEINFORMA.CL<\/strong><\/p><p><a href=\"https:\/\/elmauleinforma.cl\/ssmaule-gestiona-exitoso-operativo-dental-para-bajar-lista-de-espera\/\">SSMaule gestiona exitoso operativo dental para bajar lista de espera. Se refiere Rodrigo Giacaman, decano de la Facultad de Odontolog\u00eda.<\/a><\/p><p>\u00a0<\/p><p><strong>DIARIOSENRED.COM<\/strong><\/p><p><a href=\"https:\/\/diariosenred.com\/regional\/ssmaule-gestiona-exitoso-operativo-dental-para-bajar-lista-de-espera\">SSMaule gestiona exitoso operativo dental para bajar lista de espera. Se menciona a la Facultad de Odontolog\u00eda.<\/a><\/p><p>\u00a0<\/p><p><strong>REDMAULE.COM<\/strong><\/p><p><a href=\"https:\/\/www.redmaule.com\/regional\/ssmaule-gestiona-exitoso-operativo-dental-para-bajar-lista-de-espera\">SSMaule gestiona exitoso operativo dental para bajar lista de espera. Se menciona a la Facultad de Odontolog\u00eda.<\/a><\/p><p>\u00a0<\/p><p><strong>MEDIABANCO.COM<\/strong><\/p><p><a href=\"https:\/\/www.mediabanco.com\/facultad-de-ciencias-de-la-educacion-utalca-celebro-sus-14-anos-de-vida\/\">Facultad de Ciencias de la Educaci\u00f3n UTalca celebr\u00f3 sus 14 a\u00f1os de vida. Se refieren Carolina Iturra, decana de la Facultad de Ciencias de la Educaci\u00f3n; Mauricio V\u00e9liz, director de la Escuela de Pedagog\u00edas en Ingl\u00e9s; Adri\u00e1n Naranjo, Mariana Saens y Jorge Torres estudiantes.<\/a><\/p><p>\u00a0<\/p><p><strong>ADPRENSA.CL<\/strong><\/p><p><a href=\"https:\/\/www.adprensa.cl\/cronica\/utalca-realiza-talleres-de-lectoescritura-para-que-adultos-mayores-se-comuniquen-por-whatsapp\/\">UTalca realiza talleres de lectoescritura para que adultos mayores se comuniquen por WhatsApp. Se refiere Marianella Flores, jefa de la carrera de Pedagog\u00eda en Educaci\u00f3n General B\u00e1sica menci\u00f3n Ingl\u00e9s.<\/a><\/p><p>\u00a0<\/p><p><strong>MEDIABANCO.COM<\/strong><\/p><p><a href=\"https:\/\/www.mediabanco.com\/utalca-realiza-talleres-de-lectoescritura-para-que-adultos-mayores-se-comuniquen-por-whatsapp\/\">UTalca realiza talleres de lectoescritura para que adultos mayores se comuniquen por WhatsApp. Se refiere Marianella Flores, jefa de la carrera de Pedagog\u00eda en Educaci\u00f3n General B\u00e1sica menci\u00f3n Ingl\u00e9s.<\/a><\/p><p>\u00a0<\/p><p><strong>RADIO COOPERATIVA<\/strong><\/p><p><a href=\"https:\/\/www.litoralpress.cl\/sitio\/RadioTV_Detalles.cshtml?LPKey=AQHGXPELWNWG7IIPAPXLH5I7655YHEURKN3CI4ISHG237IBDGABD4CWCC5DWVJKA3TTEE7W3HEDSO\">Incendios forestales en aumento: ya van 15 siniestros a lo largo de Chile. Se refiere Patricio Gonz\u00e1lez, acad\u00e9mico del Centro de Investigaci\u00f3n y Transferencia en Riego y Agroclimatolog\u00eda.<\/a><\/p><p>\u00a0<\/p><p><strong>COOPERATIVA.CL<\/strong><\/p><p><a href=\"https:\/\/www.cooperativa.cl\/noticias\/pais\/desastres-naturales\/incendios-forestales\/autoridades-en-alerta-por-incremento-de-incendios-forestales-en-el-pais\/2022-11-01\/134730.html\">Autoridades en alerta por incremento de incendios forestales en el pa\u00eds. Se refiere Patricio Gonz\u00e1lez, acad\u00e9mico del Centro de Investigaci\u00f3n y Transferencia en Riego y Agroclimatolog\u00eda.<\/a><\/p><p>\u00a0<\/p><p><strong>COOPERATIVA.CL<\/strong><\/p><p><a href=\"https:\/\/www.cooperativa.cl\/noticias\/pais\/poblacion\/adulto-mayor\/piensa-en-grandes-el-trabajo-del-centro-interuniversitario-de\/2022-10-30\/123250.html\">Piensa en Grandes: El trabajo del Centro Interuniversitario de Envejecimiento Saludable. Entrevista a Iv\u00e1n Palomo, acad\u00e9mico de la Facultad de Ciencias de la Salud.<\/a><\/p><p>\u00a0<\/p><p><strong>EL C\u00d3NDOR<\/strong><\/p><p><a href=\"https:\/\/www.litoralpress.cl\/paginaconsultas\/Servicios_NClipSitio\/Get_Imagen_Nota.aspx?LPKey=3OLAXUVDSUVCGRVEORBUATTB2CAUQ3RKHQA6DR2B6YXAZGYMIZGIQORVVMFXWOEH4ILBKLTNN5T5A\">Entregan consejos para sobreponerse a la partida de un ser querido. Se refiere Nadia Ramos, directora del Centro de Psicolog\u00eda Aplicada (CEPA).<\/a><\/p><p>\u00a0<\/p><p><strong>MEDIABANCO.COM<\/strong><\/p><p><a href=\"https:\/\/www.mediabanco.com\/entregan-consejos-para-sobreponerse-a-la-partida-de-un-ser-querido\/\">Entregan consejos para sobreponerse a la partida de un ser querido. Se refiere Nadia Ramos, directora del Centro de Psicolog\u00eda Aplicada (CEPA).<\/a><\/p><p>\u00a0<\/p><p><strong>G5NOTICIAS.CL<\/strong><\/p><p><a href=\"https:\/\/g5noticias.cl\/2022\/11\/01\/entregan-consejos-para-sobreponerse-a-la-partida-de-un-ser-querido\/\">Entregan consejos para sobreponerse a la partida de un ser querido. Se refiere Nadia Ramos, directora del Centro de Psicolog\u00eda Aplicada (CEPA).<\/a><\/p><p>\u00a0<\/p><p><strong>EMOL.COM<\/strong><\/p><p><a href=\"https:\/\/www.emol.com\/noticias\/Economia\/2022\/10\/30\/1076931\/litio.html\">Controversia por explotaci\u00f3n de litio en Maricunga: Codelco podr\u00eda ser el \u00fanico con permiso para producir en el salar. Se refiere Francisco Rivas, director de la Escuela de Ingenier\u00eda Civil de Minas.<\/a><\/p><p><strong>\u00a0<\/strong><\/p><p><strong>REDIMIN.CL<\/strong><\/p><p><a href=\"https:\/\/www.redimin.cl\/controversia-por-explotacion-de-litio-en-maricunga-codelco-podria-ser-el-unico-con-permiso-para-producir-en-el-salar\/\">Controversia por explotaci\u00f3n de litio en Maricunga: Codelco podr\u00eda ser el \u00fanico con permiso para producir en el salar. Se refiere Francisco Rivas, director de la Escuela de Ingenier\u00eda Civil de Minas.<\/a><\/p><p>\u00a0<\/p><p><strong>NOSTALGICA.CL<\/strong><\/p><p><a href=\"https:\/\/www.nostalgica.cl\/controversia-por-explotacion-de-litio-en-maricunga-codelco-podria-ser-el-unico-con-permiso-para-producir-en-el-salar\/\">Controversia por explotaci\u00f3n de litio en Maricunga: Codelco podr\u00eda ser el \u00fanico con permiso para producir en el salar. Se refiere Francisco Rivas, director de la Escuela de Ingenier\u00eda Civil de Minas.<\/a><\/p><p>\u00a0<\/p><p><strong>LA PRENSA<\/strong><\/p><p><a href=\"https:\/\/www.litoralpress.cl\/paginaconsultas\/Servicios_NClipSitio\/Get_Imagen_Nota.aspx?LPKey=JFBM466S7AFJ5DHGO6OUYRARGY3GGFPZWCBRD7HFBSN24GJZIZEMLLZMPBFB44KGM5T72HFEQ3MIK\">Preocupaci\u00f3n por aumento de c\u00e1ncer mamario. Se refiere Pilar Garc\u00eda, acad\u00e9mica de la Escuela de Obstetricia y Puericultura.<\/a><\/p><p>\u00a0<\/p><p><strong>G5NOTICIAS.CL<\/strong><\/p><p><a href=\"https:\/\/g5noticias.cl\/2022\/10\/28\/cancer-de-mamas-se-acerca-a-ser-primera-causa-de-muerte-en-algunas-regiones-del-pais\/\">C\u00e1ncer de mamas se acerca a ser primera causa de muerte en algunas regiones del pa\u00eds. Se refiere Pilar Garc\u00eda, acad\u00e9mica de la Escuela de Obstetricia y Puericultura.<\/a><\/p><p>\u00a0<\/p><p><strong>CANAL CONTIVISI\u00d3N<\/strong><\/p><p><a href=\"https:\/\/www.litoralpress.cl\/sitio\/RadioTV_Detalles.cshtml?LPKey=RTJ6TJGC2AZZDOKY6MBBK6CLZZKYOJ2CKQN36TF5EJYD5W5V5DHQOIGGUGPDPOCOGE2GEQA2GDVRS\">Llaman a entregar caramelos saludables por Halloween a los menores. Se refiere Estefany Ram\u00edrez, acad\u00e9mica de la Escuela de Nutrici\u00f3n y Diet\u00e9tica.<\/a><\/p><p>\u00a0<\/p><p><strong>EL C\u00d3NDOR<\/strong><\/p><p><a href=\"https:\/\/www.litoralpress.cl\/paginaconsultas\/Servicios_NClipSitio\/Get_Imagen_Nota.aspx?LPKey=3CJ7TA2FQFZRLLMC6MS6JM544YQ57Z5BML2VGEE76BZ2CTM5EVDYRIDTAZPJEP2GLZFGNFY2QLT26\">Llaman a moderar ingesta de dulces durante la celebraci\u00f3n de Halloween. Se refiere Estefany Ram\u00edrez, acad\u00e9mica de la Escuela de Nutrici\u00f3n y Diet\u00e9tica.<\/a><\/p><p>\u00a0<\/p><p><strong>ELDIARIOSANTIAGO.CL<\/strong><\/p><p><a href=\"https:\/\/eldiariosantiago.cl\/2022\/10\/27\/llaman-a-moderar-ingesta-de-dulces-durante-la-celebracion-de-halloween\/\">Llaman a moderar ingesta de dulces durante la celebraci\u00f3n de Halloween. Se refiere Estefany Ram\u00edrez, acad\u00e9mica de la Escuela de Nutrici\u00f3n y Diet\u00e9tica.<\/a><\/p><p>\u00a0<\/p><p><strong>G5NOTICIAS.CL<\/strong><\/p><p><a href=\"https:\/\/g5noticias.cl\/2022\/10\/30\/llaman-a-moderar-ingesta-de-dulces-durante-la-celebracion-de-halloween\/\">Llaman a moderar ingesta de dulces durante la celebraci\u00f3n de Halloween. Se refiere Estefany Ram\u00edrez, acad\u00e9mica de la Escuela de Nutrici\u00f3n y Diet\u00e9tica.<\/a><\/p><p>\u00a0<\/p><p><strong>REDAGRICOLA.COM<\/strong><\/p><p><a href=\"https:\/\/www.redagricola.com\/cl\/mecanizacion-e-inteligencia-artificial-llegaron-a-los-procesos-productivos-de-vinos-y-destilados-chilenos\/\">Mecanizaci\u00f3n e inteligencia artificial llegaron a los procesos productivos de vinos y destilados chilenos. Se menciona al Centro Tecnol\u00f3gico de la Vid y del Vino.<\/a><\/p><p>\u00a0<\/p><p><strong>LA PRENSA<\/strong><\/p><p><a href=\"https:\/\/www.litoralpress.cl\/paginaconsultas\/Servicios_NClipSitio\/Get_Imagen_Nota.aspx?LPKey=PHLB2OTKSCBPADUE5ZNT3ZLT6SXVI7DSG7DCSMG2MJ7TCJ3SGS4MUFU5NXNXVAIPSCQSB6FNXXNG4\">Con gran \u00e9xito se desarrollan jornadas de rob\u00f3tica. Se refiere Karin Saavedra, directora general de Vinculaci\u00f3n con el Medio.<\/a><\/p><p>\u00a0<\/p><p><strong>EL HERALDO<\/strong><\/p><p><a href=\"https:\/\/www.litoralpress.cl\/paginaconsultas\/Servicios_NClipSitio\/Get_Imagen_Nota.aspx?LPKey=QOFDCQEKL3AAFPFWCHNQJDMUN6S2EX6IFAEBUPOEXJZJDJWS3B6FXD2RFOB4MEM3AEKSND6DS3E7A\">Escolares aprendieron de rob\u00f3tica en la Universidad de Talca. Se refieren Karin Saavedra, directora general de Vinculaci\u00f3n con el Medio, Alejandro Mu\u00f1oz y Hugo Castro, estudiantes de Ingenier\u00eda.<\/a><\/p><p>\u00a0<\/p><p><strong>MEDIABANCO.COM<\/strong><\/p><p><a href=\"https:\/\/www.mediabanco.com\/escolares-aprendieron-de-robotica-en-la-universidad-de-talca\/\">Escolares aprendieron de rob\u00f3tica en la Universidad de Talca. Se refieren Karin Saavedra, directora general de Vinculaci\u00f3n con el Medio, Alejandro Mu\u00f1oz y Hugo Castro, estudiantes de Ingenier\u00eda.<\/a><\/p><p>\u00a0<\/p><p><strong>DIARIOELHERALDO.CL<\/strong><\/p><p><a href=\"https:\/\/www.diarioelheraldo.cl\/noticia\/escolares-aprendieron-de-robotica-en-la-universidad-de-talca\">Escolares aprendieron de rob\u00f3tica en la Universidad de Talca. Se refieren Karin Saavedra, directora general de Vinculaci\u00f3n con el Medio, Alejandro Mu\u00f1oz y Hugo Castro, estudiantes de Ingenier\u00eda.<\/a><\/p><p>\u00a0<\/p><p><strong>CANAL TVN RED MAULE<\/strong><\/p><p><a href=\"https:\/\/www.litoralpress.cl\/sitio\/RadioTV_Detalles.cshtml?LPKey=COMJHQW7HK6NX3WXOIKMQ4WUKDKM7VWIQL4DVDIHAST2TRECBS3D5UPOOQLAO3A65QXWNFDAFYV2Q\">Tras choques reiterados: Conaset intervendr\u00e1 en Paso Bajo Nivel. Se refieren Jorge Bravo, acad\u00e9mico de la Facultad de Ingenier\u00eda y Ruperto Pinochet, acad\u00e9mico de la Facultad de Ciencias Jur\u00eddicas y Sociales. \u00a0<\/a><\/p><p>\u00a0<\/p><p><strong>EMOL.COM<\/strong><\/p><p><a href=\"https:\/\/www.emol.com\/noticias\/Economia\/2022\/10\/31\/1076839\/cobre-cae-us4-lalibraimpactofisco.html\">\u00bfGolpe al Fisco?: Los factores que presionan al cobre ante el riesgo de que pierda el umbral de los US$4 la libra. Se refiere Rodrigo Saens, acad\u00e9mico de la Facultad de Econom\u00eda y Negocios (FEN).<\/a><\/p><p>\u00a0<\/p><p><strong>NOSTALGICA.CL<\/strong><\/p><p><a href=\"https:\/\/www.nostalgica.cl\/golpe-al-fisco-los-factores-que-presionan-al-cobre-ante-el-riesgo-de-que-pierda-el-umbral-de-los-us4-la-libra\/\">\u00bfGolpe al Fisco?: Los factores que presionan al cobre ante el riesgo de que pierda el umbral de los US$4 la libra. Se refiere Rodrigo Saens, acad\u00e9mico de la Facultad de Econom\u00eda y Negocios (FEN).<\/a><\/p><p>\u00a0<\/p><p><strong>IMPACTO REGIONAL<\/strong><\/p><p><a href=\"http:\/\/www.impactoregional.cl\/?p=5177\">Comentario de Hern\u00e1n D\u00edaz, acad\u00e9mico de la Facultad de Econom\u00eda y Negocios (FEN).<\/a><\/p><p>\u00a0<\/p><p><strong>ELDESCONCIERTO.CL<\/strong><\/p><p><a href=\"https:\/\/www.eldesconcierto.cl\/nacional\/2022\/10\/31\/por-que-bajar-impuestos-desplomo-el-gobierno-de-liz-truss-en-reino-unido.html\">Por qu\u00e9 bajar impuestos desplom\u00f3 el gobierno de Liz Truss en Reino Unido. Se refiere Alejandra M\u00e1rquez, acad\u00e9mica del Centro de An\u00e1lisis Pol\u00edtico (CAP).<\/a><\/p><p>\u00a0<\/p><p><strong>EL MERCURIO<\/strong><\/p><p><a href=\"https:\/\/www.litoralpress.cl\/paginaconsultas\/Servicios_NClipSitio\/Get_Imagen_Nota.aspx?LPKey=E7QQWJPX5HRL6TISASMLIHFR7Z65E3QZ3S77MS2LB2DVGJAL62ZYSMLIN6YVS4C5TXT74Z422AXBG\">Preocupa baja participaci\u00f3n en elecciones internas de los partidos. Se refiere Mauricio Morales, director del Centro de An\u00e1lisis Pol\u00edtico (CAP).<\/a><\/p><p>\u00a0<\/p><p><strong>CANAL MEGA<\/strong><\/p><p><a href=\"https:\/\/www.litoralpress.cl\/sitio\/RadioTV_Detalles.cshtml?LPKey=P7KQJHLOLG5CXJY5SSW23JBYMBC3TDLWM5UBKJS5JL5JX75FPHGXYM4RF7EPYOBMK6Q4JLBDRW5MK\">68 por ciento alcanza la desaprobaci\u00f3n hacia el Presidente Boric seg\u00fan la \u00faltima encuesta Cadem. Se refiere Mauricio Morales, director del Centro de An\u00e1lisis Pol\u00edtico (CAP).<\/a><\/p><p>\u00a0<\/p><p><strong>CANAL MEGA<\/strong><\/p><p><a href=\"https:\/\/www.litoralpress.cl\/sitio\/RadioTV_Detalles.cshtml?LPKey=6HDLU3MSZ5K5WMTZ5TEELFGVMHP544TAXVJKHNTX5IFJRM6IY75P23JQBD5GWFUA64UZBGVQ5GNIE\">Percepci\u00f3n de pesimismo sobre el futuro del pa\u00eds lleg\u00f3 a su nivel m\u00e1s alto desde 2015 seg\u00fan la encuesta Cadem. Se refiere Mauricio Morales, director del Centro de An\u00e1lisis Pol\u00edtico (CAP).<\/a><\/p><p>\u00a0<\/p><p><strong>CANAL CNN CHILE<\/strong><\/p><p><a href=\"https:\/\/www.litoralpress.cl\/sitio\/RadioTV_Detalles.cshtml?LPKey=TDXMMZKAFTY6XM6SRVPX5BSPGVDMGAMK5N6DQG6JUN2NMPPB2TDSEUEANIHIEZS4GXACPEQSPRFXY\">Encuestas Cadem y Pulso Ciudadano revelaron alza en la desaprobaci\u00f3n de Boric. Se refiere Mauricio Morales, director del Centro de An\u00e1lisis Pol\u00edtico (CAP).<\/a><\/p><p>\u00a0<\/p><p><strong>RADIO INFINITA<\/strong><\/p><p><a href=\"https:\/\/www.litoralpress.cl\/sitio\/RadioTV_Detalles.cshtml?LPKey=VIHLQA5X7QPXTWLJM2GJZVFIZYZZJQ4VLOE534ZJTNO22OR5HITYPNZNKY5GBVBGTS2BTUHB2ILB2\">Comentario de Mauricio Morales, director del Centro de An\u00e1lisis Pol\u00edtico (CAP).<\/a><\/p><p>\u00a0<\/p><p><strong>MEGANOTICIAS.CL<\/strong><\/p><p><a href=\"https:\/\/www.meganoticias.cl\/nacional\/394626-mauricio-morales-cadem-analisis-presidente-boric-decisiones-ministros-30-10-2022.html\">Mauricio Morales y encuesta Cadem de este domingo: &#8220;El Presidente deber\u00e1 tomar algunas decisiones para salir del foso&#8221;. Se refiere el director del Centro de An\u00e1lisis Pol\u00edtico (CAP).<\/a><\/p><p>\u00a0<\/p><p><strong>ELMOSTRADOR.CL<\/strong><\/p><p><a href=\"https:\/\/www.elmostrador.cl\/destacado\/2022\/11\/01\/la-mano-dura-de-carolina-toha-querellas-presentadas-por-ministra-de-interior-superan-ampliamente-a-las-de-izkia-siches-en-igual-periodo\/\">La mano dura de Carolina Toh\u00e1: querellas presentadas por ministra de Interior superan ampliamente a las de Izkia Siches en igual per\u00edodo. Se refiere Mauricio Morales, director del Centro de An\u00e1lisis Pol\u00edtico (CAP).<\/a><\/p><p>\u00a0<\/p><p><strong>EL MERCURIO DE VALPARA\u00cdSO<\/strong><\/p><p><a href=\"https:\/\/www.litoralpress.cl\/paginaconsultas\/Servicios_NClipSitio\/Get_Imagen_Nota.aspx?LPKey=F6ZV6UMBFVUA4PLTG5QQRDPDFB2PJAXLDSJDCDP4UFFK3G5AXKTEW4CIYQLMZVYFZOYDDEZ4VRHUS\">Analistas advierten complejo panorama para el oficialismo.\u00a0 Se refiere Mauricio Morales, director del Centro de An\u00e1lisis Pol\u00edtico (CAP).<\/a><\/p><p>\u00a0<\/p><p><strong>CANAL TVN RED MAULE<\/strong><\/p><p><a href=\"https:\/\/www.litoralpress.cl\/sitio\/RadioTV_Detalles.cshtml?LPKey=DKRWO7K4LUFQKP6GJ7K6WD7JUBNOODXAZEBQWHYB46MMWGH7JO6RXXIQX5XVEDCL5A6P3COZYU5FS\">Cientos de talquinos participan en campa\u00f1a de reciclaje. Se refiere Ana Galli, estudiante que participa en Programa UTalca Sustentable.<\/a><\/p><p>\u00a0<\/p><p><strong>LA PRENSA<\/strong><\/p><p><a href=\"https:\/\/www.litoralpress.cl\/paginaconsultas\/Servicios_NClipSitio\/Get_Imagen_Nota.aspx?LPKey=ILYTUU2BKCSVNNQIRWJW64ILZDRZ453TCJQWGZI7XOAOSXWGP5Z526CIVTF23D3L6BHELTSAQQSNK\">Exposici\u00f3n busca realizar rescate patrimonial de antiguas manualidades hechas por mujeres. Se menciona el Centro de Extensi\u00f3n Curic\u00f3.<\/a><\/p><p>\u00a0<\/p><p><strong>DIARIOLAPRENSA.CL<\/strong><\/p><p><a href=\"https:\/\/new.diariolaprensa.cl\/index.php\/2022\/10\/31\/exposicion-busca-realizar-rescate-patrimonial-de-antiguas-manualidades-hechas-por-mujeres\/\">Exposici\u00f3n busca realizar rescate patrimonial de antiguas manualidades hechas por mujeres. Se menciona el Centro de Extensi\u00f3n Curic\u00f3.<\/a><\/p><p>\u00a0<\/p>\t\t\t\t\t\t<\/div>\n\t\t\t\t<\/div>\n\t\t\t\t\t<\/div>\n\t\t<\/div>\n\t\t\t\t\t\t\t<\/div>\n\t\t<\/section>\n\t\t\t\t\t\t<\/div>\n\t\t\t\t\t<\/div>\n\t\t","protected":false},"excerpt":{"rendered":"<p>CANAL CONTIVISI\u00d3N La Universidad de Talca celebr\u00f3 41 a\u00f1os de existencia y destac\u00f3 a la psic\u00f3loga Elizabeth Lira. \u00a0 DIARIOLAPRENSA.CL Rector UTalca: \u201cComo universidad p\u00fablica estamos llamados a ser agente transformador\u201d. \u00a0 ELMAULEINFORMA.CL Universidad de Talca celebr\u00f3 sus 41 a\u00f1os de vida junto a su comunidad. \u00a0 MEDIABANCO.COM Universidad de Talca logra hist\u00f3rica adjudicaci\u00f3n de &hellip;<\/p>\n<p class=\"read-more\"> <a class=\"\" href=\"https:\/\/www.reportedeprensa.utalca.cl\/?p=5466\"> <span class=\"screen-reader-text\">02 de noviembre de 2022<\/span> Read More &raquo;<\/a><\/p>\n","protected":false},"author":1,"featured_media":0,"comment_status":"closed","ping_status":"open","sticky":false,"template":"","format":"standard","meta":{"_monsterinsights_skip_tracking":false,"_monsterinsights_sitenote_active":false,"_monsterinsights_sitenote_note":"","_monsterinsights_sitenote_category":0},"categories":[27],"tags":[],"_links":{"self":[{"href":"https:\/\/www.reportedeprensa.utalca.cl\/index.php?rest_route=\/wp\/v2\/posts\/5466"}],"collection":[{"href":"https:\/\/www.reportedeprensa.utalca.cl\/index.php?rest_route=\/wp\/v2\/posts"}],"about":[{"href":"https:\/\/www.reportedeprensa.utalca.cl\/index.php?rest_route=\/wp\/v2\/types\/post"}],"author":[{"embeddable":true,"href":"https:\/\/www.reportedeprensa.utalca.cl\/index.php?rest_route=\/wp\/v2\/users\/1"}],"replies":[{"embeddable":true,"href":"https:\/\/www.reportedeprensa.utalca.cl\/index.php?rest_route=%2Fwp%2Fv2%2Fcomments&post=5466"}],"version-history":[{"count":10,"href":"https:\/\/www.reportedeprensa.utalca.cl\/index.php?rest_route=\/wp\/v2\/posts\/5466\/revisions"}],"predecessor-version":[{"id":5486,"href":"https:\/\/www.reportedeprensa.utalca.cl\/index.php?rest_route=\/wp\/v2\/posts\/5466\/revisions\/5486"}],"wp:attachment":[{"href":"https:\/\/www.reportedeprensa.utalca.cl\/index.php?rest_route=%2Fwp%2Fv2%2Fmedia&parent=5466"}],"wp:term":[{"taxonomy":"category","embeddable":true,"href":"https:\/\/www.reportedeprensa.utalca.cl\/index.php?rest_route=%2Fwp%2Fv2%2Fcategories&post=5466"},{"taxonomy":"post_tag","embeddable":true,"href":"https:\/\/www.reportedeprensa.utalca.cl\/index.php?rest_route=%2Fwp%2Fv2%2Ftags&post=5466"}],"curies":[{"name":"wp","href":"https:\/\/api.w.org\/{rel}","templated":true}]}}