{"id":5487,"date":"2022-11-03T13:05:39","date_gmt":"2022-11-03T16:05:39","guid":{"rendered":"https:\/\/www.reportedeprensa.utalca.cl\/?p=5487"},"modified":"2022-11-03T13:32:11","modified_gmt":"2022-11-03T16:32:11","slug":"03-de-noviembre-de-2022","status":"publish","type":"post","link":"https:\/\/www.reportedeprensa.utalca.cl\/?p=5487","title":{"rendered":"03 de noviembre de 2022"},"content":{"rendered":"\t\t<div data-elementor-type=\"wp-post\" data-elementor-id=\"5487\" class=\"elementor elementor-5487\" data-elementor-settings=\"[]\">\n\t\t\t\t\t\t\t<div class=\"elementor-section-wrap\">\n\t\t\t\t\t\t\t<section class=\"elementor-section elementor-top-section elementor-element elementor-element-2a4b4b83 elementor-section-boxed elementor-section-height-default elementor-section-height-default\" data-id=\"2a4b4b83\" data-element_type=\"section\">\n\t\t\t\t\t\t<div class=\"elementor-container elementor-column-gap-default\">\n\t\t\t\t\t<div class=\"elementor-column elementor-col-100 elementor-top-column elementor-element elementor-element-24a78540\" data-id=\"24a78540\" data-element_type=\"column\">\n\t\t\t<div class=\"elementor-widget-wrap elementor-element-populated\">\n\t\t\t\t\t\t\t\t<div class=\"elementor-element elementor-element-55b07e54 elementor-widget elementor-widget-text-editor\" data-id=\"55b07e54\" data-element_type=\"widget\" data-widget_type=\"text-editor.default\">\n\t\t\t\t<div class=\"elementor-widget-container\">\n\t\t\t\t\t\t\t\t<p><strong>G5NOTICIAS.CL<\/strong><\/p><p><a href=\"https:\/\/g5noticias.cl\/2022\/11\/01\/universidad-de-talca-logra-historica-adjudicacion-de-proyectos-anillo\/\">Universidad de Talca logra hist\u00f3rica adjudicaci\u00f3n de proyectos Anillo.<\/a><\/p><p>\u00a0<\/p><p><strong>LA PRENSA<\/strong><\/p><p><a href=\"https:\/\/www.litoralpress.cl\/paginaconsultas\/Servicios_NClipSitio\/Get_Imagen_Nota.aspx?LPKey=74XN6TQTLFWKYHAGLVUGYYT3KOQD3B5C3PX34VQN5II2EBYTPE6UUWEW2FD2IL5KS7KS2KEHXVOWA\">Realizan talleres para que adultos mayores se comuniquen por WhatsApp. Se refiere Marianella Flores, jefa de la carrera de Pedagog\u00eda en Educaci\u00f3n B\u00e1sica menci\u00f3n Ingl\u00e9s.<\/a><\/p><p>\u00a0<\/p><p><strong>ELDIARIOSANTIAGO.CL<\/strong><\/p><p><a href=\"https:\/\/eldiariosantiago.cl\/2022\/11\/02\/utalca-realiza-talleres-de-lectoescritura-para-que-adultos-mayores-se-comuniquen-por-whatsapp\/\">UTalca realiza talleres de lectoescritura para que adultos mayores se comuniquen por WhatsApp. Se refiere Marianella Flores, jefa de la carrera de Pedagog\u00eda en Educaci\u00f3n B\u00e1sica menci\u00f3n Ingl\u00e9s.<\/a><\/p><p>\u00a0<\/p><p><strong>RADIO COOPERATIVA<\/strong><\/p><p><a href=\"https:\/\/www.litoralpress.cl\/sitio\/RadioTV_Detalles.cshtml?LPKey=E4E53MKFII4PHQ6YHTKX4GPJKKCX3BJ7HAHACWPUF7FT5B6I5O4246NEBDPMLRGKFFZ7APHZ4RJRO\">Entrevista a Iv\u00e1n Palomo, acad\u00e9mico de la Facultad de Ciencias de la Salud.<\/a><\/p><p>\u00a0<\/p><p><strong>ENLINEAMAULE.CL<\/strong><\/p><p><a href=\"https:\/\/enlineamaule.cl\/archivo\/50006\">El Servicio de Salud del Maule gestion\u00f3 exitoso operativo dental para bajar lista de espera.\u00a0 Se refiere Rodrigo Giacaman, decano de la Facultad de Odontolog\u00eda.<\/a><\/p><p>\u00a0<\/p><p><strong>ELMOSTRADOR.CL<\/strong><\/p><p><a href=\"https:\/\/www.elmostrador.cl\/cultura\/2022\/11\/02\/termitas-en-accion-importantes-descomponedores-de-madera-que-aumentarian-su-distribucion-e-impacto-debido-al-cambio-climatico\/\">Termitas en acci\u00f3n: importantes descomponedores de madera que aumentar\u00edan su distribuci\u00f3n e impacto debido al cambio clim\u00e1tico. Se refiere Alex Fajardo, investigador del Instituto de Ecolog\u00eda y Biodiversidad.<\/a><\/p><p>\u00a0<\/p><p><strong>BIOBIOCHILE.CL<\/strong><\/p><p><a href=\"https:\/\/www.biobiochile.cl\/noticias\/economia\/actualidad-economica\/2022\/11\/02\/analisis-detecto-la-quiebra-de-244-empresas-del-rubro-de-la-construccion-en-3-semestres.shtml\">An\u00e1lisis detect\u00f3 la quiebra de 244 empresas del rubro de la construcci\u00f3n en 3 semestres. Se refiere Armando Dur\u00e1n, director de la Escuela de Ingenier\u00eda Civil en Obras Civiles.<\/a><\/p><p>\u00a0<\/p><p><strong>MEGANOTICIAS.CL<\/strong><\/p><p><a href=\"https:\/\/www.meganoticias.cl\/nacional\/394802-empresas-constructoras-en-quiebra-chile-estudio-que-efectos-consecuencias-02-11-2022.html\">Quiebra de constructoras aumenta un 100% en un a\u00f1o: Estos son los efectos que genera. Se refiere Armando Dur\u00e1n, director de la Escuela de Ingenier\u00eda Civil en Obras Civiles.<\/a><\/p><p>\u00a0<\/p><p><strong>ELCIUDADANO.COM<\/strong><\/p><p><a href=\"https:\/\/www.elciudadano.com\/chile\/estudio-u-de-talca-casi-250-empresas-constructoras-se-fueron-a-la-quiebra-en-los-ultimos-tres-semestres\/11\/02\/\">Estudio U. de Talca: Casi 250 empresas constructoras se fueron a la quiebra en los \u00faltimos tres semestres. Se refiere Armando Dur\u00e1n, director de la Escuela de Ingenier\u00eda Civil en Obras Civiles.<\/a><\/p><p>\u00a0<\/p><p><strong>MEDIABANCO.COM<\/strong><\/p><p><a href=\"https:\/\/www.mediabanco.com\/investigacion-detecto-quiebra-de-casi-250-constructoras-en-ultimos-semestres\/\">Investigaci\u00f3n detect\u00f3 quiebra de casi 250 constructoras en \u00faltimos semestres. Se refiere Armando Dur\u00e1n, director de la Escuela de Ingenier\u00eda Civil en Obras Civiles.<\/a><\/p><p>\u00a0<\/p><p><strong>LA PRENSA<\/strong><\/p><p><a href=\"https:\/\/www.litoralpress.cl\/paginaconsultas\/Servicios_NClipSitio\/Get_Imagen_Nota.aspx?LPKey=7WM55PF3QQERRG2RP4BJ65PQOLBUBCWIN5HQDDWE2AXNTEP4EPYMHCVIFHP47TZP7LIHVCHDDGMHS\">Acad\u00e9mico UTalca: \u201cSe est\u00e1 produciendo una tormenta perfecta en ca\u00edda de grandes empresas constructoras\u201d. Se refiere Armando Dur\u00e1n, director de la Escuela de Ingenier\u00eda Civil en Obras Civiles.<\/a><\/p><p>\u00a0<\/p><p><strong>ELINFORMADORCHILE.CL<\/strong><\/p><p><a href=\"https:\/\/www.elinformadorchile.cl\/2022\/11\/02\/estudio-detecto-la-quiebra-de-244-empresas-del-rubro-de-la-construccion-en-3-semestres\/\">Estudio detect\u00f3 la quiebra de 244 empresas del rubro de la construcci\u00f3n en 3 semestres. Se refiere Armando Dur\u00e1n, director de la Escuela de Ingenier\u00eda Civil en Obras Civiles.<\/a><\/p><p>\u00a0<\/p><p><strong>ATENTOS.CL<\/strong><\/p><p><a href=\"https:\/\/www.atentos.cl\/investigacion-detecto-quiebra-de-casi-250-constructoras-en-los-ultimos-meses\/\">Investigaci\u00f3n detect\u00f3 quiebra de casi 250 constructoras en \u00faltimos semestres. Se refiere Armando Dur\u00e1n, director de la Escuela de Ingenier\u00eda Civil en Obras Civiles.<\/a><\/p><p>\u00a0<\/p><p><strong>DIARIOELHERALDO.CL<\/strong><\/p><p><a href=\"https:\/\/www.diarioelheraldo.cl\/noticia\/investigacion-detecto-quiebra-de-casi-250-constructoras-en-ultimos-semestres\">Investigaci\u00f3n detect\u00f3 quiebra de casi 250 constructoras en \u00faltimos semestres. Se refiere Armando Dur\u00e1n, director de la Escuela de Ingenier\u00eda Civil en Obras Civiles.<\/a><\/p><p>\u00a0<\/p><p><strong>ELMAULEINFORMA.CL<\/strong><\/p><p><a href=\"https:\/\/elmauleinforma.cl\/investigacion-detecto-quiebra-de-casi-250-constructoras-en-ultimos-semestres\/\">Investigaci\u00f3n detect\u00f3 quiebra de casi 250 constructoras en \u00faltimos semestres. Se refiere Armando Dur\u00e1n, director de la Escuela de Ingenier\u00eda Civil en Obras Civiles.<\/a><\/p><p>\u00a0<\/p><p><strong>G5NOTICIAS.CL<\/strong><\/p><p><a href=\"https:\/\/g5noticias.cl\/2022\/11\/02\/investigacion-detecto-quiebra-de-casi-250-constructoras-en-ultimos-semestres\/\">Investigaci\u00f3n detect\u00f3 quiebra de casi 250 constructoras en \u00faltimos semestres. Se refiere Armando Dur\u00e1n, director de la Escuela de Ingenier\u00eda Civil en Obras Civiles.<\/a><\/p><p>\u00a0<\/p><p><strong>CANAL TVN<\/strong><\/p><p><a href=\"https:\/\/www.litoralpress.cl\/sitio\/RadioTV_Detalles.cshtml?LPKey=5TBGY2LXWHZFWFB5E23KSHT6E3QKW6B4JWEYRANPW722S64WLVMUVJTEIYFLT2BQXO7Q4XCF5UWLU\">\u00bfSe adelant\u00f3 la temporada de incendios forestales? Se refiere Patricio Gonz\u00e1lez, acad\u00e9mico del Centro de Investigaci\u00f3n y Transferencia en Riego y Agroclimatolog\u00eda (CITRA).<\/a><\/p><p>\u00a0<\/p><p><strong>CANAL 24 HORAS<\/strong><\/p><p><a href=\"https:\/\/www.litoralpress.cl\/sitio\/RadioTV_Detalles.cshtml?LPKey=TSAQP5FTWD5BQ3GFUWG6VEV3EDDPEYD36NW2IYFPSRNOOG54I2AZFZREK67GOZ5FCXPXVPEZ77GQM\">\u00bfSe adelant\u00f3 la temporada de incendios forestales? Se refiere Patricio Gonz\u00e1lez, acad\u00e9mico del Centro de Investigaci\u00f3n y Transferencia en Riego y Agroclimatolog\u00eda (CITRA).<\/a><\/p><p>\u00a0<\/p><p><strong>RADIO COOPERATIVA<\/strong><\/p><p><a href=\"https:\/\/www.litoralpress.cl\/sitio\/RadioTV_Detalles.cshtml?LPKey=IRJIACNG2PIHFMVE5OJMZ73RRGRY3GR5ZSOD4PUDBCHAKI3FQCJLYV5FZETKQTOFXB2XMJ6TO2YGK\">Ocho incendios forestales activos en Chile. Se refiere Patricio Gonz\u00e1lez, acad\u00e9mico del Centro de Investigaci\u00f3n y Transferencia en Riego y Agroclimatolog\u00eda (CITRA).<\/a><\/p><p>\u00a0<\/p><p><strong>COOPERATIVA.CL<\/strong><\/p><p><a href=\"https:\/\/www.cooperativa.cl\/noticias\/pais\/desastres-naturales\/incendios-forestales\/autoridades-en-alerta-por-incremento-de-incendios-forestales-en-el-pais\/2022-11-01\/134730.html?region=656\">Autoridades en alerta por incremento de incendios forestales en el pa\u00eds. Se refiere Patricio Gonz\u00e1lez, acad\u00e9mico del Centro de Investigaci\u00f3n y Transferencia en Riego y Agroclimatolog\u00eda (CITRA).<\/a><\/p><p>\u00a0<\/p><p><strong>THECLINIC.CL<\/strong><\/p><p><a href=\"https:\/\/www.theclinic.cl\/2022\/11\/02\/la-mas-alta-en-100-anos-talca-registro-record-de-temperatura-durante-el-mes-de-noviembre\/\">La m\u00e1s alta en 100 a\u00f1os: Talca registr\u00f3 r\u00e9cord de temperatura durante el mes de noviembre. Se refiere Patricio Gonz\u00e1lez, acad\u00e9mico del Centro de Investigaci\u00f3n y Transferencia en Riego y Agroclimatolog\u00eda (CITRA).<\/a><\/p><p>\u00a0<\/p><p><strong>\u00a0<\/strong><strong>EL HERALDO<\/strong><\/p><p><a href=\"https:\/\/www.litoralpress.cl\/paginaconsultas\/Servicios_NClipSitio\/Get_Imagen_Nota.aspx?LPKey=IUJBS5U3RUJKMHPOGFX67MUV6GDKRMYXFURU76OURNABMGKGNTXSKKEUI64YS45QQRIQOPHYCETSW\">Autoridades en alerta por incremento de incendios forestales en el pa\u00eds. Se refiere Patricio Gonz\u00e1lez, acad\u00e9mico del Centro de Investigaci\u00f3n y Transferencia en Riego y Agroclimatolog\u00eda (CITRA).<\/a><\/p><p>\u00a0<\/p><p><strong>EL MERCURIO DE VALPARA\u00cdSO<\/strong><\/p><p><a href=\"https:\/\/www.litoralpress.cl\/paginaconsultas\/Servicios_NClipSitio\/Get_Imagen_Nota.aspx?LPKey=YV3HYEJE5XDAZSPR2ZDVL4DEHLIPFJ4S4WV4CUZD2TPHAOJ4FQ65OQBQYG6567YVF2ZJU3UAEDPIS\">De Coquimbo a Maule: investigar\u00e1n origen de incendios que ya han destruido 30 casas. Se refiere Patricio Gonz\u00e1lez, acad\u00e9mico del Centro de Investigaci\u00f3n y Transferencia en Riego y Agroclimatolog\u00eda (CITRA).<\/a><\/p><p>\u00a0<\/p><p><strong>CR\u00d3NICA DE CHILL\u00c1N <\/strong><\/p><p><a href=\"https:\/\/www.litoralpress.cl\/paginaconsultas\/Servicios_NClipSitio\/Get_Imagen_Nota.aspx?LPKey=XPUKVBPPENFNYWYQRIVAFMRA7XPDCCRRMJ5WFCYMJCIALJ6YCHDUWVB4VQJDZXMBWT5Z7VWGITFLM\">Emergencia: m\u00e1s de 30 casas destruidas dejan incendios entre Coquimbo y Maule. Se refiere Patricio Gonz\u00e1lez, acad\u00e9mico del Centro de Investigaci\u00f3n y Transferencia en Riego y Agroclimatolog\u00eda (CITRA).<\/a><\/p><p>\u00a0<\/p><p><strong>ELMOSTRADOR.CL<\/strong><\/p><p><a href=\"https:\/\/www.elmostrador.cl\/noticias\/opinion\/columnas\/2022\/10\/31\/vigilante-y-propositivo-el-rol-que-deberia-asumir-el-estado-para-el-exito-de-los-nuevos-proyectos-electricos\/\">Vigilante y propositivo: el rol que deber\u00eda asumir el Estado para el \u00e9xito de los nuevos proyectos el\u00e9ctricos. Columna de opini\u00f3n de Cristi\u00e1n Garc\u00eda, acad\u00e9mico de la Facultad de Ingenier\u00eda.<\/a><\/p><p>\u00a0<\/p><p><strong>EL TIP\u00d3GRAFO<\/strong><\/p><p><a href=\"https:\/\/www.litoralpress.cl\/paginaconsultas\/Servicios_NClipSitio\/Get_Imagen_Nota.aspx?LPKey=HAH7QAXKH54SSPR5TMZ3H32FOQP7QN3M5Z5XTEYGGEZEFYUIX7SGIFDVASOJGB4J3DZU4GWDHQKL6\">TPP-11: Ganadores y perdedores en el sector agropecuario. Se refiere Jos\u00e9 D\u00edaz, acad\u00e9mico de la Facultad de Ciencias Agrarias.<\/a><\/p><p>\u00a0<\/p><p><strong>ELTIPOGRAFO.CL<\/strong><\/p><p><a href=\"https:\/\/eltipografo.cl\/2022\/11\/tpp-11-ganadores-y-perdedores-en-el-sector-agropecuario\">TPP-11: Ganadores y perdedores en el sector agropecuario. Se refiere Jos\u00e9 D\u00edaz, acad\u00e9mico de la Facultad de Ciencias Agrarias.<\/a><\/p><p>\u00a0<\/p><p><strong>RADIO GUAYAC\u00c1N<\/strong><\/p><p><a href=\"https:\/\/www.litoralpress.cl\/sitio\/RadioTV_Detalles.cshtml?LPKey=PB5OFTKNO2HWOEFMOG3ZUYU2ZEWQICZIQKRA6F5LRYNKSJKODTORDVJ5SRUWCFNZSGF74OUJZBEBA\">Entrevista a Lina Uribe, acad\u00e9mica de la Facultad de Ingenier\u00eda.<\/a><\/p><p>\u00a0<\/p><p><strong>NOVACIENCIA.ES<\/strong><\/p><p><a href=\"https:\/\/novaciencia.es\/cancer-de-mama-chile-causa-de-muerte\/\">El c\u00e1ncer de mama es ya la principal causa de muerte de mujeres en algunas regiones de Chile. Se refiere Pilar Garc\u00eda, acad\u00e9mica de la Escuela de Obstetricia y Puericultura.<\/a><\/p><p>\u00a0<\/p><p><strong>CANAL 24 HORAS<\/strong><\/p><p><a href=\"https:\/\/www.litoralpress.cl\/sitio\/RadioTV_Detalles.cshtml?LPKey=M4KW6GIQVY2B2R524P3LUTSXLWNIAUOGKVPEFAKEAQJR3UBFOERNT5GPO6LYOIW2TFFAT627EZBAO\">Promueven reciclaje para reducir impacto de la basura. Se refiere Ana Galli, estudiante y participante del Programa UTalca Sustentable.<\/a><\/p><p>\u00a0<\/p><p><strong>CANAL MEGA PLUS<\/strong><\/p><p><a href=\"https:\/\/www.litoralpress.cl\/sitio\/RadioTV_Detalles.cshtml?LPKey=3LPHP4P6TSAHZAVUJ4JMYPFDQY4QEJACJXL7TMCTLCGGBY5VHTFGCMP3KKNA74CITZPOZTOVMFGTU\">Entrevista a Mauricio Morales, director del Centro de An\u00e1lisis Pol\u00edtico (CAP).<\/a><\/p><p>\u00a0<\/p><p><strong>RADIO INFINITA<\/strong><\/p><p><a href=\"https:\/\/www.litoralpress.cl\/sitio\/RadioTV_Detalles.cshtml?LPKey=SLYDQFTHRB2WKOBVDHZPKXSQPXK7IB2CFO3OMUVOGK275B6LSHNTWCUZCGLT4BP4NC2D6AOD4XU44\">Comentario de Mauricio Morales, director del Centro de An\u00e1lisis Pol\u00edtico (CAP).<\/a><\/p><p>\u00a0<\/p><p><strong>DIARIOENRED.COM<\/strong><\/p><p><a href=\"https:\/\/diariosenred.com\/regional\/odontoton-facultad-de-odontologia-de-la-utalca-realizara-higienes\">Odontot\u00f3n: Facultad de Odontolog\u00eda de la UTalca realizar\u00e1 higienes bucales por $5.000.<\/a><\/p><p>\u00a0<\/p><p><strong>REDMAULE.COM<\/strong><\/p><p><a href=\"https:\/\/www.redmaule.com\/regional\/odontoton-facultad-de-odontologia-de-la-utalca-realizara-higienes\">Odontot\u00f3n: Facultad de Odontolog\u00eda de la UTalca realizar\u00e1 higienes bucales por $5.000.<\/a><\/p><p>\u00a0<\/p>\t\t\t\t\t\t<\/div>\n\t\t\t\t<\/div>\n\t\t\t\t\t<\/div>\n\t\t<\/div>\n\t\t\t\t\t\t\t<\/div>\n\t\t<\/section>\n\t\t\t\t\t\t<\/div>\n\t\t\t\t\t<\/div>\n\t\t","protected":false},"excerpt":{"rendered":"<p>G5NOTICIAS.CL Universidad de Talca logra hist\u00f3rica adjudicaci\u00f3n de proyectos Anillo. \u00a0 LA PRENSA Realizan talleres para que adultos mayores se comuniquen por WhatsApp. Se refiere Marianella Flores, jefa de la carrera de Pedagog\u00eda en Educaci\u00f3n B\u00e1sica menci\u00f3n Ingl\u00e9s. \u00a0 ELDIARIOSANTIAGO.CL UTalca realiza talleres de lectoescritura para que adultos mayores se comuniquen por WhatsApp. Se refiere &hellip;<\/p>\n<p class=\"read-more\"> <a class=\"\" href=\"https:\/\/www.reportedeprensa.utalca.cl\/?p=5487\"> <span class=\"screen-reader-text\">03 de noviembre de 2022<\/span> Read More &raquo;<\/a><\/p>\n","protected":false},"author":1,"featured_media":0,"comment_status":"closed","ping_status":"open","sticky":false,"template":"","format":"standard","meta":{"_monsterinsights_skip_tracking":false,"_monsterinsights_sitenote_active":false,"_monsterinsights_sitenote_note":"","_monsterinsights_sitenote_category":0},"categories":[27],"tags":[],"_links":{"self":[{"href":"https:\/\/www.reportedeprensa.utalca.cl\/index.php?rest_route=\/wp\/v2\/posts\/5487"}],"collection":[{"href":"https:\/\/www.reportedeprensa.utalca.cl\/index.php?rest_route=\/wp\/v2\/posts"}],"about":[{"href":"https:\/\/www.reportedeprensa.utalca.cl\/index.php?rest_route=\/wp\/v2\/types\/post"}],"author":[{"embeddable":true,"href":"https:\/\/www.reportedeprensa.utalca.cl\/index.php?rest_route=\/wp\/v2\/users\/1"}],"replies":[{"embeddable":true,"href":"https:\/\/www.reportedeprensa.utalca.cl\/index.php?rest_route=%2Fwp%2Fv2%2Fcomments&post=5487"}],"version-history":[{"count":10,"href":"https:\/\/www.reportedeprensa.utalca.cl\/index.php?rest_route=\/wp\/v2\/posts\/5487\/revisions"}],"predecessor-version":[{"id":5507,"href":"https:\/\/www.reportedeprensa.utalca.cl\/index.php?rest_route=\/wp\/v2\/posts\/5487\/revisions\/5507"}],"wp:attachment":[{"href":"https:\/\/www.reportedeprensa.utalca.cl\/index.php?rest_route=%2Fwp%2Fv2%2Fmedia&parent=5487"}],"wp:term":[{"taxonomy":"category","embeddable":true,"href":"https:\/\/www.reportedeprensa.utalca.cl\/index.php?rest_route=%2Fwp%2Fv2%2Fcategories&post=5487"},{"taxonomy":"post_tag","embeddable":true,"href":"https:\/\/www.reportedeprensa.utalca.cl\/index.php?rest_route=%2Fwp%2Fv2%2Ftags&post=5487"}],"curies":[{"name":"wp","href":"https:\/\/api.w.org\/{rel}","templated":true}]}}