{"id":5508,"date":"2022-11-04T08:58:04","date_gmt":"2022-11-04T11:58:04","guid":{"rendered":"https:\/\/www.reportedeprensa.utalca.cl\/?p=5508"},"modified":"2022-11-04T09:14:52","modified_gmt":"2022-11-04T12:14:52","slug":"04-de-noviembre-de-2022","status":"publish","type":"post","link":"https:\/\/www.reportedeprensa.utalca.cl\/?p=5508","title":{"rendered":"04 de noviembre de 2022"},"content":{"rendered":"\t\t<div data-elementor-type=\"wp-post\" data-elementor-id=\"5508\" class=\"elementor elementor-5508\" data-elementor-settings=\"[]\">\n\t\t\t\t\t\t\t<div class=\"elementor-section-wrap\">\n\t\t\t\t\t\t\t<section class=\"elementor-section elementor-top-section elementor-element elementor-element-2a4b4b83 elementor-section-boxed elementor-section-height-default elementor-section-height-default\" data-id=\"2a4b4b83\" data-element_type=\"section\">\n\t\t\t\t\t\t<div class=\"elementor-container elementor-column-gap-default\">\n\t\t\t\t\t<div class=\"elementor-column elementor-col-100 elementor-top-column elementor-element elementor-element-24a78540\" data-id=\"24a78540\" data-element_type=\"column\">\n\t\t\t<div class=\"elementor-widget-wrap elementor-element-populated\">\n\t\t\t\t\t\t\t\t<div class=\"elementor-element elementor-element-55b07e54 elementor-widget elementor-widget-text-editor\" data-id=\"55b07e54\" data-element_type=\"widget\" data-widget_type=\"text-editor.default\">\n\t\t\t\t<div class=\"elementor-widget-container\">\n\t\t\t\t\t\t\t\t<p><strong>EL LECTOR<\/strong><\/p><p><a href=\"https:\/\/www.litoralpress.cl\/paginaconsultas\/Servicios_NClipSitio\/Get_Imagen_Nota.aspx?LPKey=QYUNCEEE7HHLI2Z2ASA2O7CSICAJ4UBY24D7MFJTEITDCP7RCZHRJKHLBBL6XDYCKHRFDQCX5XOWA\">Facultad de Ciencias de la Educaci\u00f3n UTalca celebr\u00f3 sus 14 a\u00f1os de vida. Se refieren Carolina Iturra, decana de la Facultad de Ciencias de la Educaci\u00f3n; Mauricio V\u00e9liz, director de la Escuela de Pedagog\u00edas en Ingl\u00e9s; y los estudiantes Adri\u00e1n Naranjo, Mariana Saens y Jorge Torres.<\/a><\/p><p>\u00a0<\/p><p><strong>G5NOTICIAS.CL<\/strong><\/p><p><a href=\"https:\/\/g5noticias.cl\/2022\/11\/03\/utalca-realiza-talleres-de-lectoescritura-para-que-adultos-mayores-se-comuniquen-por-whatsapp\/\">UTalca realiza talleres de lectoescritura para que adultos mayores se comuniquen por WhatsApp. Se refiere Marianella Flores, jefa de la carrera de Pedagog\u00eda en Educaci\u00f3n General B\u00e1sica menci\u00f3n Ingl\u00e9s.<\/a><\/p><p>\u00a0<\/p><p><strong>CANAL CONTIVISI\u00d3N<\/strong><\/p><p><a href=\"https:\/\/www.litoralpress.cl\/sitio\/RadioTV_Detalles.cshtml?LPKey=XKMUDKAANJTBNKC4VMM2FS4GIGL5ELSWI5SJGEUOSNYKJ22675FTM3OJLESTCMPCCF6CCIRADOW3O\">Cerca de 80 pacientes recibieron atenci\u00f3n dental a trav\u00e9s de operativo realizado en el Hospital de Talca. Se refiere Rodrigo Giacaman, decano de la Facultad de Odontolog\u00eda.<\/a><\/p><p>\u00a0<\/p><p><strong>REDMAULE.COM<\/strong><\/p><p><a href=\"https:\/\/www.redmaule.com\/regional\/operativos-y-programa-especial-acorta-lista-de-espera-dental-del\">Operativos y programa especial acorta lista de espera dental del Hospital Regional de Talca. Se menciona a la UTalca.<\/a><\/p><p>\u00a0<\/p><p><strong>EL MERCURIO<\/strong><\/p><p><a href=\"https:\/\/www.litoralpress.cl\/paginaconsultas\/Servicios_NClipSitio\/Get_Imagen_Nota.aspx?LPKey=FG4OWTBVRPCDU24FTXXT7WZV5HQ7LKMBIZ2A6W6LXGEX3YFHTZACOVWN45S6HDMJ2WTMDX2MBQZUW\">Universidades chilenas se unen para proteger la salud mental de sus estudiantes. Se menciona a la UTalca.<\/a><\/p><p>\u00a0<\/p><p><strong>CANAL TVN<\/strong><\/p><p><a href=\"https:\/\/www.litoralpress.cl\/sitio\/RadioTV_Detalles.cshtml?LPKey=6SM7VH7Z6WCYCCNNCUDSXX6ZNSGF74RLHKUSCUQGY7QF2O5FXYJOCKMXXXRQJHWJTDDO4PYHWOH46\">\u00bfSe adelant\u00f3 la temporada de incendios forestales? Se refiere Patricio Gonz\u00e1lez, acad\u00e9mico del Centro de Investigaci\u00f3n y Transferencia en Riego y Agroclimatolog\u00eda (CITRA).<\/a><\/p><p>\u00a0<\/p><p><strong>RADIO COOPERATIVA<\/strong><\/p><p><a href=\"https:\/\/www.litoralpress.cl\/sitio\/RadioTV_Detalles.cshtml?LPKey=R5DIQ6ZN2F4JDWUCJ743TFWW2ANNF6475NTAZHKW7GOSFLQATIDMBOWBD2QFTW33CGEUJTK7TAVFE\">Sigue el combate de incendios forestales en Molina y Longav\u00ed, regi\u00f3n del Maule. Se refiere Patricio Gonz\u00e1lez, acad\u00e9mico del Centro de Investigaci\u00f3n y Transferencia en Riego y Agroclimatolog\u00eda (CITRA).<\/a><\/p><p>\u00a0<\/p><p><strong>24HORAS.CL<\/strong><\/p><p><a href=\"https:\/\/www.24horas.cl\/actualidad\/nacional\/experto-proyecta-mas-de-40-para-el-verano-en-zona-central-y-escenario\">Experto proyecta m\u00e1s de 40\u00b0 para el verano en Chile y &#8220;escenario propicio para incendios eruptivos&#8221;. Se refiere Patricio Gonz\u00e1lez, acad\u00e9mico del Centro de Investigaci\u00f3n y Transferencia en Riego y Agroclimatolog\u00eda (CITRA).<\/a><\/p><p>\u00a0<\/p><p><strong>T13.CL<\/strong><\/p><p><a href=\"https:\/\/www.t13.cl\/noticia\/nacional\/pronostican-temperaturas-podrian-superar-40c-zona-central-verano-03-11-2022\">Pronostican que temperaturas podr\u00edan superar los 40\u00b0C en la zona central durante el verano. Se refiere Patricio Gonz\u00e1lez, acad\u00e9mico del Centro de Investigaci\u00f3n y Transferencia en Riego y Agroclimatolog\u00eda (CITRA).<\/a><\/p><p>\u00a0<\/p><p><strong>MEGANOTICIAS.CL<\/strong><\/p><p><a href=\"https:\/\/www.meganoticias.cl\/nacional\/394948-calor-verano-2023-santiago-altas-temperaturas-zona-centro-40-grados-ola-de-calor-03-11-2022.html\">Un verano con m\u00e1s de 40 grados: El pron\u00f3stico de experto para la zona central del pa\u00eds. Se refiere Patricio Gonz\u00e1lez, acad\u00e9mico del Centro de Investigaci\u00f3n y Transferencia en Riego y Agroclimatolog\u00eda (CITRA).<\/a><\/p><p>\u00a0<\/p><p><strong>COOPERATIVA.CL<\/strong><\/p><p><a href=\"https:\/\/www.cooperativa.cl\/noticias\/pais\/tiempo\/con-temperaturas-de-hasta-40-expertos-adelantan-intensas-olas-de-calor\/2022-11-03\/103338.html\">Con temperaturas de hasta 40\u00b0: Expertos adelantan intensas olas de calor para la zona central. Se refiere Patricio Gonz\u00e1lez, acad\u00e9mico del Centro de Investigaci\u00f3n y Transferencia en Riego y Agroclimatolog\u00eda (CITRA).<\/a><\/p><p>\u00a0<\/p><p><strong>ADNRADIO.CL<\/strong><\/p><p><a href=\"https:\/\/www.adnradio.cl\/nacional\/2022\/11\/03\/temperaturas-podrian-superar-los-40-en-la-zona-central-afirma-experto.html\">Temperaturas podr\u00edan superar los 40\u00b0 en la zona central, afirma experto. Se refiere Patricio Gonz\u00e1lez, acad\u00e9mico del Centro de Investigaci\u00f3n y Transferencia en Riego y Agroclimatolog\u00eda (CITRA).<\/a><\/p><p>\u00a0<\/p><p><strong>THECLINIC.CL<\/strong><\/p><p><a href=\"https:\/\/www.theclinic.cl\/2022\/11\/03\/alcanza-agua-combate-incendios-forestales-expertos-responden-factores-clave-ola-de-calor\/\">\u00bfTenemos suficiente agua para combatir incendios forestales?: Expertos analizan factores clave para nueva temporada de olas de calor. Se refiere Patricio Gonz\u00e1lez, acad\u00e9mico del Centro de Investigaci\u00f3n y Transferencia en Riego y Agroclimatolog\u00eda (CITRA).<\/a><\/p><p>\u00a0<\/p><p><strong>CANAL CONTIVISI\u00d3N<\/strong><\/p><p><a href=\"https:\/\/www.litoralpress.cl\/sitio\/RadioTV_Detalles.cshtml?LPKey=VSKX5PQODYWKY7F73G7M47BPSUFPMZTIZK5P4REL7RP5SPSSINE5MROS5PDQXYBZQI2EQ3YZUAJSY\">Violento incendio forestal afecta a la Regi\u00f3n del Maule. Se refiere Patricio Gonz\u00e1lez, acad\u00e9mico del Centro de Investigaci\u00f3n y Transferencia en Riego y Agroclimatolog\u00eda (CITRA).<\/a><\/p><p>\u00a0<\/p><p><strong>DIARIOSENRED.COM<\/strong><\/p><p><a href=\"https:\/\/diariosenred.com\/nacional\/temperaturas-de-hasta-40-c-se-esperan-para-este-verano-en-la-zona\">Temperaturas de hasta 40\u00b0 se esperan para este verano en la zona central en Chile. Se refiere Patricio Gonz\u00e1lez, acad\u00e9mico del Centro de Investigaci\u00f3n y Transferencia en Riego y Agroclimatolog\u00eda (CITRA).<\/a><\/p><p>\u00a0<\/p><p><strong>LAHORA.CL<\/strong><\/p><p><a href=\"https:\/\/lahora.cl\/cronica\/2022\/11\/03\/ola-de-calor-para-la-zona-central-preve-temperaturas-sobre-40o\/\">Ola de calor para la zona central: expertos prev\u00e9n temperaturas de hasta 40\u00ba para los pr\u00f3ximos meses. Se refiere Patricio Gonz\u00e1lez, acad\u00e9mico del Centro de Investigaci\u00f3n y Transferencia en Riego y Agroclimatolog\u00eda (CITRA).<\/a><\/p><p>\u00a0<\/p><p><strong>ELCENTRO<\/strong><\/p><p><a href=\"https:\/\/elcentro.cl\/2022\/11\/03\/experto-adelanta-intensas-olas-de-calor-e-incendios-forestales-de-alta-propagacion\/\">Experto adelanta intensas olas de calor e incendios forestales de alta propagaci\u00f3n. Se refiere Patricio Gonz\u00e1lez, acad\u00e9mico del Centro de Investigaci\u00f3n y Transferencia en Riego y Agroclimatolog\u00eda (CITRA).<\/a><\/p><p>\u00a0<\/p><p><strong>ELMAULEINFORMA.CL<\/strong><\/p><p><a href=\"https:\/\/elmauleinforma.cl\/experto-adelanta-verano-con-intensas-olas-de-calor-e-incendios-forestales-de-alta-propagacion\/\">Experto adelanta verano con intensas olas de calor e incendios forestales de alta propagaci\u00f3n. Se refiere Patricio Gonz\u00e1lez, acad\u00e9mico del Centro de Investigaci\u00f3n y Transferencia en Riego y Agroclimatolog\u00eda (CITRA).<\/a><\/p><p>\u00a0<\/p><p><strong>LINARESENLINEA.CL<\/strong><\/p><p><a href=\"https:\/\/www.linaresenlinea.cl\/2022\/11\/03\/experto-adelanta-intensas-olas-de-calor-e-incendios-forestales-de-alta-propagacion\/\">Experto adelanta intensas olas de calor e incendios forestales de alta propagaci\u00f3n. Se refiere Patricio Gonz\u00e1lez, acad\u00e9mico del Centro de Investigaci\u00f3n y Transferencia en Riego y Agroclimatolog\u00eda (CITRA).<\/a><\/p><p>\u00a0<\/p><p><strong>LATRIBUNA.CL<\/strong><\/p><p><a href=\"https:\/\/www.latribuna.cl\/medio-ambiente\/2022\/11\/03\/pronostican-temperaturas-sobre-los-40oc-en-chile-para-2023.html\">Pronostican temperaturas sobre los 40\u00baC en Chile para 2023. Se refiere Patricio Gonz\u00e1lez, acad\u00e9mico del Centro de Investigaci\u00f3n y Transferencia en Riego y Agroclimatolog\u00eda (CITRA).<\/a><\/p><p>\u00a0<\/p><p><strong>LA PRENSA<\/strong><\/p><p><a href=\"https:\/\/www.litoralpress.cl\/paginaconsultas\/Servicios_NClipSitio\/Get_Imagen_Nota.aspx?LPKey=SQCNM3MYACQ55EIPOFDTNXZYHHIV4QAHA4HBJOF6RPHSAEZPSADYE4LXASDAWYNZBZGB5PNWWXIMU\">La quiebra de constructoras dejar\u00e1 \u201ccementerio\u201d abandonado con cientos de obras a mitad de hacer.\u00a0 Se refiere Armando Dur\u00e1n, director de la Escuela de Ingenier\u00eda Civil en Obras Civiles.<\/a><\/p><p>\u00a0<\/p><p><strong>EL HERALDO<\/strong><\/p><p><a href=\"https:\/\/www.litoralpress.cl\/paginaconsultas\/Servicios_NClipSitio\/Get_Imagen_Nota.aspx?LPKey=FK3375GNYOP5DY2HURFGQ53LM3FIMUKIWII7ZH5M2DGWUKCPTOVESV2ICZLWU4QKI2H7F4DJBYZKS\">Investigaci\u00f3n detect\u00f3 quiebra de casi 250 constructoras en \u00faltimos semestres. Se refiere Armando Dur\u00e1n, director de la Escuela de Ingenier\u00eda Civil en Obras Civiles.<\/a><\/p><p>\u00a0<\/p><p><strong>EL LECTOR<\/strong><\/p><p><a href=\"https:\/\/www.litoralpress.cl\/paginaconsultas\/Servicios_NClipSitio\/Get_Imagen_Nota.aspx?LPKey=ETYSSV4A2QEWWZV4FAQK2JIJBJ5Z52PHSPMI3PWYQSARX4JFDA4CWZYNMCHGM32A6RSSKNFPMX7JU\">Investigaci\u00f3n detect\u00f3 quiebra de casi 250 constructoras en \u00faltimos semestres. Se refiere Armando Dur\u00e1n, director de la Escuela de Ingenier\u00eda Civil en Obras Civiles.<\/a><\/p><p>\u00a0<\/p><p><strong>EL PING\u00dbINO<\/strong><\/p><p><a href=\"https:\/\/www.litoralpress.cl\/paginaconsultas\/Servicios_NClipSitio\/Get_Imagen_Nota.aspx?LPKey=OQAHV73LLY7OTHEC6RTVPWXFZSE5RWQJCWXZRTE7D6KDPQQDYPTI6DGH47NTRIYLOV6DZNWETGDJ2\">An\u00e1lisis detect\u00f3 la quiebra de 244 empresas del rubro de la construcci\u00f3n. Se refiere Armando Dur\u00e1n, director de la Escuela de Ingenier\u00eda Civil en Obras Civiles.<\/a><\/p><p>\u00a0<\/p><p><strong>LACUARTA.COM<\/strong><\/p><p><a href=\"https:\/\/constructor.lacuarta.com\/noticias\/novedades-del-rubro\/informe-detecta-la-quiebra-de-244-empresas-del-rubro-de-la-construccion-en-apenas-tres-semestres.html\">Informe detecta la quiebra de 244 empresas del rubro de la construcci\u00f3n en apenas tres semestres. Se refiere Armando Dur\u00e1n, director de la Escuela de Ingenier\u00eda Civil en Obras Civiles.<\/a><\/p><p>\u00a0<\/p><p><strong>DCONSTRUCCION.CL<\/strong><\/p><p><a href=\"http:\/\/www.dconstruccion.cl\/?p=40240\">An\u00e1lisis detect\u00f3 la quiebra de 244 empresas del rubro de la construcci\u00f3n en 3 semestres. Se refiere Armando Dur\u00e1n, director de la Escuela de Ingenier\u00eda Civil en Obras Civiles.<\/a><\/p><p>\u00a0<\/p><p><strong>RADIO AMIGA<\/strong><\/p><p><a href=\"https:\/\/www.litoralpress.cl\/sitio\/RadioTV_Detalles.cshtml?LPKey=FZTR4IQGRMINXGNYJAJKZV3AJJ2TZ6YGC6W3GVJXOF65TMA4O3AN7TPXYJG4EQSYKSKKBR5LMMJJC\">Preocupaci\u00f3n por aumento de empresas constructoras en quiebra. Se refiere Armando Dur\u00e1n, director de la Escuela de Ingenier\u00eda Civil en Obras Civiles.<\/a><\/p><p>\u00a0<\/p><p><strong>ENLINEAMAULE.CL<\/strong><\/p><p><a href=\"https:\/\/enlineamaule.cl\/archivo\/50016\">Quiebra de casi 250 constructoras muestra el complejo panorama que vive el sector. Se refiere Armando Dur\u00e1n, director de la Escuela de Ingenier\u00eda Civil en Obras Civiles.<\/a><\/p><p>\u00a0<\/p><p><strong>DIALOGOSUR.CL<\/strong><\/p><p><a href=\"https:\/\/dialogosur.cl\/investigacion-detecto-quiebra-de-casi-250-constructoras-en-ultimos-semestres\/\">Investigaci\u00f3n detect\u00f3 quiebra de casi 250 constructoras en \u00faltimos semestres. Se refiere Armando Dur\u00e1n, director de la Escuela de Ingenier\u00eda Civil en Obras Civiles.<\/a><\/p><p>\u00a0<\/p><p><strong>MASQUENOTICIAS.CL<\/strong><\/p><p><a href=\"https:\/\/masquenoticias.cl\/2022\/11\/03\/investigacion-detecto-quiebra-de-casi-250-constructoras-en-ultimos-semestres\/\">Investigaci\u00f3n detect\u00f3 quiebra de casi 250 constructoras en \u00faltimos semestres. Se refiere Armando Dur\u00e1n, director de la Escuela de Ingenier\u00eda Civil en Obras Civiles.<\/a><\/p><p>\u00a0<\/p><p><strong>RADIO INICIA<\/strong><\/p><p><a href=\"https:\/\/www.litoralpress.cl\/sitio\/RadioTV_Detalles.cshtml?LPKey=JKO6KIGS3Z2GXWVMPWZYDE6NPBR4LMEVFFGMIWQW3VAK4GJMMYEOJZHD7BCHF43UJ4R35OLKUTOJO\">Entrevista a Paulo Hidalgo, acad\u00e9mico de la Facultad de Ciencias Jur\u00eddicas y Sociales.<\/a><\/p><p>\u00a0<\/p><p><strong>VERITASCAPITUR.CL<\/strong><\/p><p><a href=\"https:\/\/veritascapitur.cl\/coreas-del-norte-y-del-sur-intercambian-lanzamientos-de-misiles-cayeron-en-sus-respectivas-aguas\/\">Coreas del Norte y del Sur intercambian lanzamientos de misiles: Cayeron en sus respectivas aguas. Se refiere Alejandra M\u00e1rquez, acad\u00e9mica del Centro de An\u00e1lisis Pol\u00edtico (CAP).<\/a><\/p><p><a href=\"https:\/\/veritascapitur.cl\/coreas-del-norte-y-del-sur-intercambian-lanzamientos-de-misiles-cayeron-en-sus-respectivas-aguas\/\"><strong>\u00a0<\/strong><\/a><\/p><p><strong>RADIO INFINITA<\/strong><\/p><p><a href=\"https:\/\/www.litoralpress.cl\/sitio\/RadioTV_Detalles.cshtml?LPKey=US4J44QGBMAUYO6J36YFO627RGDQBUWU7JB3KSDCIUZYNYTNHZ3HOWX6RTQ2CKLOV53OFDIWSHFQE\">Comentario de Mauricio Morales, director del Centro de An\u00e1lisis Pol\u00edtico (CAP).<\/a><\/p><p>\u00a0<\/p><p><strong>MEGANOTICIAS.CL<\/strong><\/p><p><a href=\"https:\/\/www.meganoticias.cl\/nacional\/394961-columna-de-mauricio-morales-una-reforma-previsional-sin-nueva-constitucion.html\">Columna de Mauricio Morales: &#8220;Una reforma previsional puede impulsarse sin una nueva Constituci\u00f3n&#8221;. Director del Centro de An\u00e1lisis Pol\u00edtico (CAP).<\/a><\/p><p>\u00a0<\/p><p><strong>ELDIARIODESANTIAGO.CL<\/strong><\/p><p><a href=\"https:\/\/eldiariodesantiago.cl\/archivo\/148808\">Querellas presentadas por Carolina Toh\u00e1 superan ampliamente a las de Izkia Siches en igual per\u00edodo. Se refiere Mauricio Morales, director del Centro de An\u00e1lisis Pol\u00edtico (CAP).<\/a><\/p><p>\u00a0<\/p>\t\t\t\t\t\t<\/div>\n\t\t\t\t<\/div>\n\t\t\t\t\t<\/div>\n\t\t<\/div>\n\t\t\t\t\t\t\t<\/div>\n\t\t<\/section>\n\t\t\t\t\t\t<\/div>\n\t\t\t\t\t<\/div>\n\t\t","protected":false},"excerpt":{"rendered":"<p>EL LECTOR Facultad de Ciencias de la Educaci\u00f3n UTalca celebr\u00f3 sus 14 a\u00f1os de vida. Se refieren Carolina Iturra, decana de la Facultad de Ciencias de la Educaci\u00f3n; Mauricio V\u00e9liz, director de la Escuela de Pedagog\u00edas en Ingl\u00e9s; y los estudiantes Adri\u00e1n Naranjo, Mariana Saens y Jorge Torres. \u00a0 G5NOTICIAS.CL UTalca realiza talleres de lectoescritura &hellip;<\/p>\n<p class=\"read-more\"> <a class=\"\" href=\"https:\/\/www.reportedeprensa.utalca.cl\/?p=5508\"> <span class=\"screen-reader-text\">04 de noviembre de 2022<\/span> Read More &raquo;<\/a><\/p>\n","protected":false},"author":1,"featured_media":0,"comment_status":"closed","ping_status":"open","sticky":false,"template":"","format":"standard","meta":{"_monsterinsights_skip_tracking":false,"_monsterinsights_sitenote_active":false,"_monsterinsights_sitenote_note":"","_monsterinsights_sitenote_category":0},"categories":[27],"tags":[],"_links":{"self":[{"href":"https:\/\/www.reportedeprensa.utalca.cl\/index.php?rest_route=\/wp\/v2\/posts\/5508"}],"collection":[{"href":"https:\/\/www.reportedeprensa.utalca.cl\/index.php?rest_route=\/wp\/v2\/posts"}],"about":[{"href":"https:\/\/www.reportedeprensa.utalca.cl\/index.php?rest_route=\/wp\/v2\/types\/post"}],"author":[{"embeddable":true,"href":"https:\/\/www.reportedeprensa.utalca.cl\/index.php?rest_route=\/wp\/v2\/users\/1"}],"replies":[{"embeddable":true,"href":"https:\/\/www.reportedeprensa.utalca.cl\/index.php?rest_route=%2Fwp%2Fv2%2Fcomments&post=5508"}],"version-history":[{"count":7,"href":"https:\/\/www.reportedeprensa.utalca.cl\/index.php?rest_route=\/wp\/v2\/posts\/5508\/revisions"}],"predecessor-version":[{"id":5525,"href":"https:\/\/www.reportedeprensa.utalca.cl\/index.php?rest_route=\/wp\/v2\/posts\/5508\/revisions\/5525"}],"wp:attachment":[{"href":"https:\/\/www.reportedeprensa.utalca.cl\/index.php?rest_route=%2Fwp%2Fv2%2Fmedia&parent=5508"}],"wp:term":[{"taxonomy":"category","embeddable":true,"href":"https:\/\/www.reportedeprensa.utalca.cl\/index.php?rest_route=%2Fwp%2Fv2%2Fcategories&post=5508"},{"taxonomy":"post_tag","embeddable":true,"href":"https:\/\/www.reportedeprensa.utalca.cl\/index.php?rest_route=%2Fwp%2Fv2%2Ftags&post=5508"}],"curies":[{"name":"wp","href":"https:\/\/api.w.org\/{rel}","templated":true}]}}