{"id":552,"date":"2021-06-29T09:36:09","date_gmt":"2021-06-29T12:36:09","guid":{"rendered":"https:\/\/www.reportedeprensa.utalca.cl\/?p=552"},"modified":"2021-06-29T10:06:42","modified_gmt":"2021-06-29T13:06:42","slug":"29-de-junio-de-2021","status":"publish","type":"post","link":"https:\/\/www.reportedeprensa.utalca.cl\/?p=552","title":{"rendered":"29 de Junio de 2021"},"content":{"rendered":"\t\t<div data-elementor-type=\"wp-post\" data-elementor-id=\"552\" class=\"elementor elementor-552\" data-elementor-settings=\"[]\">\n\t\t\t\t\t\t\t<div class=\"elementor-section-wrap\">\n\t\t\t\t\t\t\t<section class=\"elementor-section elementor-top-section elementor-element elementor-element-a06ca45 elementor-section-boxed elementor-section-height-default elementor-section-height-default\" data-id=\"a06ca45\" data-element_type=\"section\">\n\t\t\t\t\t\t<div class=\"elementor-container elementor-column-gap-default\">\n\t\t\t\t\t<div class=\"elementor-column elementor-col-100 elementor-top-column elementor-element elementor-element-1486c35\" data-id=\"1486c35\" data-element_type=\"column\">\n\t\t\t<div class=\"elementor-widget-wrap elementor-element-populated\">\n\t\t\t\t\t\t\t\t<div class=\"elementor-element elementor-element-42b145e elementor-widget elementor-widget-text-editor\" data-id=\"42b145e\" data-element_type=\"widget\" data-widget_type=\"text-editor.default\">\n\t\t\t\t<div class=\"elementor-widget-container\">\n\t\t\t\t\t\t\t\t<p><b>CANAL TVN<\/b><\/p><p><a style=\"font-style: inherit; font-weight: inherit; background-color: #ffffff; font-family: -apple-system, BlinkMacSystemFont,;\" href=\"https:\/\/www.litoralpress.cl\/sitio\/RadioTV_Detalles.cshtml?LPKey=4VFQDY3YL6ZEA6JGY24NCO4QYQV56SKLOMN2QNSH7ZEIQGP443ZQ\" target=\"_blank\" rel=\"noopener\">Entrevista a Sergio Wehinger, director del Mag\u00edster en Ciencias Biom\u00e9dicas de la UTalca.<\/a><\/p><p>\u00a0<\/p><p><b>EL MERCURIO<\/b><\/p><p><a style=\"font-style: inherit; font-weight: inherit; background-color: #ffffff; font-family: -apple-system, BlinkMacSystemFont,;\" href=\"https:\/\/www.litoralpress.cl\/paginaconsultas\/Servicios_NClip\/Get_Imagen_Nota.aspx?LPKey=3OVIZY72HTZASMZS75EDJY3HXEB64FY6D547EGAFTY6KVI6GUSXA5DT5FUVOEOVD3AJ66GDF3M3YS\" target=\"_blank\" rel=\"noopener\">Hacienda crea comisi\u00f3n para formular propuestas que estimulen el crecimiento de largo plazo. Se menciona a Bernardita Escobar, acad\u00e9mica de la Facultad de Ciencias Jur\u00eddicas y Sociales de la UTalca.<\/a><\/p><p>\u00a0<\/p><p><b>CANAL CHILEVISI\u00d3N<\/b><\/p><p><a style=\"font-style: inherit; font-weight: inherit; background-color: #ffffff; font-family: -apple-system, BlinkMacSystemFont,;\" href=\"https:\/\/www.litoralpress.cl\/sitio\/RadioTV_Detalles.cshtml?LPKey=4HZB33755M7BUNWXUBGLNPNLXJO4FEAGEKXL3422V4B2OVJZOLWQ\" target=\"_blank\" rel=\"noopener\">Esc\u00e1ndalo por primer caso de variante Delta del Coronavirus en Chile. Se refiere Sergio Wehinger, director del Mag\u00edster en Ciencias Biom\u00e9dicas de la UTalca.<\/a><\/p><p>\u00a0<\/p><p><b>CANAL CNN CHILE<\/b><\/p><p><a style=\"font-style: inherit; font-weight: inherit; background-color: #ffffff; font-family: -apple-system, BlinkMacSystemFont,;\" href=\"https:\/\/www.litoralpress.cl\/sitio\/RadioTV_Detalles.cshtml?LPKey=FMVJFWNR32KNV2VD4LBBZI2WL5F4LL54ZRLQPSPCFVPGD2U6CVMQ\" target=\"_blank\" rel=\"noopener\">Esc\u00e1ndalo por primer caso de variante Delta del Coronavirus en Chile. Se refiere Sergio Wehinger, director del Mag\u00edster en Ciencias Biom\u00e9dicas de la UTalca.<\/a><\/p><p>\u00a0<\/p><p><b>CANAL ANTOFAGASTA TELEVISI\u00d3N<\/b><\/p><p><a style=\"font-style: inherit; font-weight: inherit; background-color: #ffffff; font-family: -apple-system, BlinkMacSystemFont,;\" href=\"https:\/\/www.litoralpress.cl\/sitio\/RadioTV_Detalles.cshtml?LPKey=QDGWF7ZS2FBHCF5KE2W656CKYZ4HKC2HYRQFFZBF2OQTEYFFP2XQ\" target=\"_blank\" rel=\"noopener\">Encierro y contaminaci\u00f3n podr\u00edan aumentar los contagios de Coronavirus. Se refiere Sergio Wehinger, director del Mag\u00edster en Ciencias Biom\u00e9dicas de la UTalca.<\/a><\/p><p>\u00a0<\/p><p><b>CANAL CHILEVISI\u00d3N<\/b><\/p><p><a style=\"font-style: inherit; font-weight: inherit; background-color: #ffffff; font-family: -apple-system, BlinkMacSystemFont,;\" href=\"https:\/\/www.litoralpress.cl\/sitio\/RadioTV_Detalles.cshtml?LPKey=WJYWAMEKRQLDEXX374KMSL2YOU466HZFIUMA5HSUSAQCO52O7RSA\" target=\"_blank\" rel=\"noopener\">Nueva estafa con moderna m\u00e1quina que roba la informaci\u00f3n de las tarjetas. Se refiere Ricardo P\u00e9rez, acad\u00e9mico de la Facultad de Ingenier\u00eda de la UTalca.<\/a><\/p><p>\u00a0<\/p><p><b>CANAL CNN CHILE<\/b><\/p><p><a style=\"font-style: inherit; font-weight: inherit; background-color: #ffffff; font-family: -apple-system, BlinkMacSystemFont,;\" href=\"https:\/\/www.litoralpress.cl\/sitio\/RadioTV_Detalles.cshtml?LPKey=VSPAVPM4LMRO3VV5D33NC332FEVY2CQTA72B33IJK656NE4ZMHTQ\" target=\"_blank\" rel=\"noopener\">Nueva estafa con moderna m\u00e1quina que roba la informaci\u00f3n de las tarjetas. Se refiere Ricardo P\u00e9rez, acad\u00e9mico de la Facultad de Ingenier\u00eda de la UTalca.<\/a><\/p><p>\u00a0<\/p><p><b>CANAL CHILEVISI\u00d3N<\/b><\/p><p><a style=\"font-style: inherit; font-weight: inherit; background-color: #ffffff; font-family: -apple-system, BlinkMacSystemFont,;\" href=\"https:\/\/www.litoralpress.cl\/sitio\/RadioTV_Detalles.cshtml?LPKey=ZOLNUB5RALXEF4EFWUUYEAGZWJX2LNUMDXNV3YXS7SR7HBGOFDOQ\" target=\"_blank\" rel=\"noopener\">Detienen a una banda que roba la informaci\u00f3n de los chips de las tarjetas bancarias. Se refiere Ricardo P\u00e9rez, acad\u00e9mico de la Facultad de Ingenier\u00eda de la UTalca.<\/a><\/p><p>\u00a0<\/p><p><b>LA TERCERA<\/b><\/p><p><a style=\"font-style: inherit; font-weight: inherit; background-color: #ffffff; font-family: -apple-system, BlinkMacSystemFont,;\" href=\"https:\/\/www.litoralpress.cl\/paginaconsultas\/Servicios_NClip\/Get_Imagen_Nota.aspx?LPKey=KZOLP2ELOBJCUPCA3DHPIALVS4H5PB2NEJKMCGERS6EHIPTLSGVMLJTDAENRCLPS42VRIZF6SZZIK\" target=\"_blank\" rel=\"noopener\">Disminuci\u00f3n de embarazos durante la pandemia: en seis meses hubo casi 13 mil nacimientos menos. Se refiere Giselle Davis, acad\u00e9mica del Departamento de Salud P\u00fablica de la UTalca.<\/a><\/p><p>\u00a0<\/p><p><b>LATERCERA.COM<\/b><\/p><p><a style=\"font-style: inherit; font-weight: inherit; background-color: #ffffff; font-family: -apple-system, BlinkMacSystemFont,;\" href=\"https:\/\/www.latercera.com\/nacional\/noticia\/disminucion-de-embarazos-durante-la-pandemia-en-seis-meses-hubo-casi-13-mil-nacimientos-menos\/M4VBWXX5NFFLZMGSIDK2E3YX3M\/\" target=\"_blank\" rel=\"noopener\">Disminuci\u00f3n de embarazos durante la pandemia: en seis meses hubo casi 13 mil nacimientos menos. Se refiere Giselle Davis, acad\u00e9mica del Departamento de Salud P\u00fablica de la UTalca.<\/a><\/p><p>\u00a0<\/p><p><b>LATERCERA.COM<\/b><\/p><p><a style=\"font-style: inherit; font-weight: inherit; background-color: #ffffff; font-family: -apple-system, BlinkMacSystemFont,;\" href=\"https:\/\/www.latercera.com\/laboratoriodecontenidos\/noticia\/videojuegos-ganan-terreno-en-pandemia-y-se-alza-su-valor-educativo\/YXJUUEVMHFA6ZD3VJUGXD46CA4\/\" target=\"_blank\" rel=\"noopener\">Videojuegos ganan terreno en pandemia y se alza su valor educativo. Se menciona a la UTalca.<\/a><\/p><p>\u00a0<\/p><p><b>EL MERCURIO<\/b><\/p><p><a style=\"font-style: inherit; font-weight: inherit; background-color: #ffffff; font-family: -apple-system, BlinkMacSystemFont,;\" href=\"https:\/\/www.litoralpress.cl\/paginaconsultas\/Servicios_NClip\/Get_Imagen_Nota.aspx?LPKey=UPTQDUFQCKFDM3S4JPVR63HMMRMUYG4TQZVYVNH3IJ7Y2QRQQZG3KHPPDCYHPJ3EF7DMNRNWUG5YS\" target=\"_blank\" rel=\"noopener\">Chile le saca partido a la sustentabilidad. Se menciona a Yerko Moreno, acad\u00e9mico de la Facultad de Ciencias Agrarias de la UTalca.<\/a><\/p><p>\u00a0<\/p><p><b>LA PRENSA<\/b><\/p><p><a style=\"font-style: inherit; font-weight: inherit; background-color: #ffffff; font-family: -apple-system, BlinkMacSystemFont,;\" href=\"https:\/\/www.litoralpress.cl\/paginaconsultas\/Servicios_NClip\/Get_Imagen_Nota.aspx?LPKey=AEG5SPZNQ67P2XVUFDUEY4V2U3TA75SUXNQIKIKZINFNAZW5NPT2AUVNWW2PZ7LYJVS25LIU2JF3E\" target=\"_blank\" rel=\"noopener\">Universidad de Talca lidera vacunaci\u00f3n de j\u00f3venes en el Maule.<\/a><\/p><p>\u00a0<\/p><p><b>EL HERALDO<\/b><\/p><p><a style=\"font-style: inherit; font-weight: inherit; background-color: #ffffff; font-family: -apple-system, BlinkMacSystemFont,;\" href=\"https:\/\/www.litoralpress.cl\/paginaconsultas\/Servicios_NClip\/Get_Imagen_Nota.aspx?LPKey=KVOEJ4QB5EAVUI5735JJISVKY3BUN2FAU6HXRU2VR6IYYONZ5UFLSGKOJNQAE32LCBRAPOGOIVUDW\" target=\"_blank\" rel=\"noopener\">Universidad de Talca lidera vacunaci\u00f3n de j\u00f3venes en el Maule.<\/a><\/p><p>\u00a0<\/p><p><b>DIARIOELHERALDO.CL<\/b><\/p><p><a style=\"font-style: inherit; font-weight: inherit; background-color: #ffffff; font-family: -apple-system, BlinkMacSystemFont,;\" href=\"http:\/\/www.diarioelheraldo.cl\/noticia\/universidad-de-talca-lidera-vacunacion-de-jovenes-en-el-maule\" target=\"_blank\" rel=\"noopener\">Universidad de Talca lidera vacunaci\u00f3n de j\u00f3venes en el Maule.<\/a><\/p><p>\u00a0<\/p><p><b>DIARIOTALCA.CL<\/b><\/p><p><a style=\"font-style: inherit; font-weight: inherit; background-color: #ffffff; font-family: -apple-system, BlinkMacSystemFont,;\" href=\"https:\/\/www.diariotalca.cl\/exitoso-proceso-vacunatorio-de-jovenes-en-la-universidad-de-talca\/\" target=\"_blank\" rel=\"noopener\">Exitoso proceso vacunatorio de j\u00f3venes en la Universidad de Talca.<\/a><\/p><p>\u00a0<\/p><p><b>LINARESENLINEA.CL<\/b><\/p><p><a style=\"font-style: inherit; font-weight: inherit; background-color: #ffffff; font-family: -apple-system, BlinkMacSystemFont,;\" href=\"https:\/\/www.linaresenlinea.cl\/2021\/06\/26\/universidad-de-talca-lidera-vacunacion-de-jovenes-en-el-maule\/\" target=\"_blank\" rel=\"noopener\">Universidad de Talca lidera vacunaci\u00f3n de j\u00f3venes en el Maule.<\/a><\/p><p>\u00a0<\/p><p><b>DIARIOELHERALDO.CL<\/b><\/p><p><a style=\"font-style: inherit; font-weight: inherit; background-color: #ffffff; font-family: -apple-system, BlinkMacSystemFont,;\" href=\"http:\/\/www.diarioelheraldo.cl\/noticia\/universidad-de-talca-lidera-vacunacion-de-jovenes-en-el-maule\" target=\"_blank\" rel=\"noopener\">Universidad de Talca lidera vacunaci\u00f3n de j\u00f3venes en el Maule.<\/a><\/p><p>\u00a0<\/p><p><b>EL LECTOR<\/b><\/p><p><a style=\"font-style: inherit; font-weight: inherit; background-color: #ffffff; font-family: -apple-system, BlinkMacSystemFont,;\" href=\"https:\/\/www.litoralpress.cl\/paginaconsultas\/Servicios_NClip\/Get_Imagen_Nota.aspx?LPKey=N5OFJKASR2RW635VUTTRJ3L7NOZSCHWKNLGQRQTRB7XX7RW4T3KRJTF3DZHDKUC3FOXWHBJS6TMVC\" target=\"_blank\" rel=\"noopener\">Universidad de Talca lidera vacunaci\u00f3n de j\u00f3venes en el Maule.<\/a><\/p><p>\u00a0<\/p><p><b>DIARIOTALCA.CL<\/b><\/p><p><a style=\"font-style: inherit; font-weight: inherit; background-color: #ffffff; font-family: -apple-system, BlinkMacSystemFont,;\" href=\"https:\/\/www.diariotalca.cl\/amplia-participacion-de-la-utalca-en-mesa-tecnica-nacional-de-salud\/\" target=\"_blank\" rel=\"noopener\">Amplia participaci\u00f3n de la UTalca en mesa t\u00e9cnica nacional de salud.<\/a><\/p><p>\u00a0<\/p><p><b>LA PRENSA<\/b><\/p><p><a style=\"font-style: inherit; font-weight: inherit; background-color: #ffffff; font-family: -apple-system, BlinkMacSystemFont,;\" href=\"https:\/\/www.litoralpress.cl\/paginaconsultas\/Servicios_NClip\/Get_Imagen_Nota.aspx?LPKey=2CPMJQ6XGBLLYTJKBBRTKCMP6AE6HEDHQXY6NEQDWALY6P6BTJ53TVFRHSLBPA453HJ4ORNJXGIHW\" target=\"_blank\" rel=\"noopener\">Olga Lobos, acad\u00e9mica U. de Talca: \u201cMientras m\u00e1s contagios se produzcan, es mayor la posibilidad de que se originen nuevas mutaciones\u201d.<\/a><\/p><p>\u00a0<\/p><p><b>RADIO PALOMA<\/b><\/p><p><a style=\"font-style: inherit; font-weight: inherit; background-color: #ffffff; font-family: -apple-system, BlinkMacSystemFont,;\" href=\"https:\/\/www.litoralpress.cl\/sitio\/RadioTV_Detalles.cshtml?LPKey=MHY5ZC4SI3K3SCTZAKWEYITQAZAF2GRTRGGOOUCBSSF2TGTT5E4A\" target=\"_blank\" rel=\"noopener\">Entrevista a Sergio Wehinger, director del Mag\u00edster en Ciencias Biom\u00e9dicas de la UTalca.<\/a><\/p><p>\u00a0<\/p><p><b>LAS \u00daLTIMAS NOTICIAS<\/b><\/p><p><a style=\"font-style: inherit; font-weight: inherit; background-color: #ffffff; font-family: -apple-system, BlinkMacSystemFont,;\" href=\"https:\/\/www.litoralpress.cl\/paginaconsultas\/Servicios_NClip\/Get_Imagen_Nota.aspx?LPKey=NXYMP7DAHRM3PQYDACU4XQEJAFLRIQXS2U7GTMIZHP5WVPOWB2P63C6TDJQ776C6UHHQPHBJXKNHE\" target=\"_blank\" rel=\"noopener\">Tabla: el arancel anual de todas las escuelas de Medicina chilenas. Se menciona a la UTalca.<\/a><\/p><p>\u00a0<\/p><p><b>DIARIOTALCA.CL<\/b><\/p><p><a style=\"font-style: inherit; font-weight: inherit; background-color: #ffffff; font-family: -apple-system, BlinkMacSystemFont,;\" href=\"https:\/\/www.diariotalca.cl\/cinco-expertos-detallan-como-es-la-variante-delta-del-covid\/\" target=\"_blank\" rel=\"noopener\">Cinco expertos detallan c\u00f3mo es la variante Delta del COVID. Se refieren Olga Lobos, directora del Departamento de Microbiolog\u00eda; Sergio Wehinger, director del Mag\u00edster en Ciencias Biom\u00e9dicas; y Marcelo Alarc\u00f3n, acad\u00e9mico del Departamento de Bioqu\u00edmica Cl\u00ednica e Inmunohematolog\u00eda de la UTalca.<\/a><\/p><p>\u00a0<\/p><p><b>DIARIOLAPRENSA.CL<\/b><\/p><p><a style=\"font-style: inherit; font-weight: inherit; background-color: #ffffff; font-family: -apple-system, BlinkMacSystemFont,;\" href=\"https:\/\/new.diariolaprensa.cl\/index.php\/2021\/06\/25\/expertos-llaman-a-extremar-precauciones-sanitarias-ante-llegada-de-variante-delta\/\" target=\"_blank\" rel=\"noopener\">Expertos UTalca llaman a extremar precauciones sanitarias ante llegada de variante Delta de COVID-19. Se refieren Olga Lobos, directora del Departamento de Microbiolog\u00eda; Sergio Wehinger, director del Mag\u00edster en Ciencias Biom\u00e9dicas; y Marcelo Alarc\u00f3n, acad\u00e9mico del Departamento de Bioqu\u00edmica Cl\u00ednica e Inmunohematolog\u00eda de la UTalca.<\/a><\/p><p>\u00a0<\/p><p><b>DIARIOELHERALDO.CL<\/b><\/p><p><a style=\"font-style: inherit; font-weight: inherit; background-color: #ffffff; font-family: -apple-system, BlinkMacSystemFont,;\" href=\"http:\/\/www.diarioelheraldo.cl\/noticia\/expertos-utalca-llaman-a-extremar-precauciones-sanitarias-ante-llegada-de-variante-delta-de-covid-19\" target=\"_blank\" rel=\"noopener\">Expertos UTalca llaman a extremar precauciones sanitarias ante llegada de variante Delta de COVID-19.<\/a><\/p><p>\u00a0<\/p><p><b>G5NOTICIAS.CL<\/b><\/p><p><a style=\"font-style: inherit; font-weight: inherit; background-color: #ffffff; font-family: -apple-system, BlinkMacSystemFont,;\" href=\"https:\/\/g5noticias.cl\/2021\/06\/25\/expertos-utalca-llaman-a-extremar-precauciones-sanitarias-ante-llegada-de-variante-delta-de-covid-19\/\" target=\"_blank\" rel=\"noopener\">Expertos UTalca llaman a extremar precauciones sanitarias ante llegada de variante Delta de COVID-19.<\/a><\/p><p>\u00a0<\/p><p><b>LA DISCUSI\u00d3N<\/b><\/p><p><a style=\"font-style: inherit; font-weight: inherit; background-color: #ffffff; font-family: -apple-system, BlinkMacSystemFont,;\" href=\"https:\/\/www.litoralpress.cl\/paginaconsultas\/Servicios_NClip\/Get_Imagen_Nota.aspx?LPKey=GX6LVFOQ76MNP74WXOERUD3K4HSDUTGSNNZIRJEKHBDCAVIATO4ZMUXFXRLUATSXVHCBFK4KPBM62\" target=\"_blank\" rel=\"noopener\">Expertos definen cu\u00e1les deben ser los principales cambios del Plan Paso a Paso. Se refiere Daniel Jim\u00e9nez, director de Salud del Estudiante de la UTalca.<\/a><\/p><p>\u00a0<\/p><p><b>ELTIPOGRAFO.CL<\/b><\/p><p><a style=\"font-style: inherit; font-weight: inherit; background-color: #ffffff; font-family: -apple-system, BlinkMacSystemFont,;\" href=\"https:\/\/eltipografo.cl\/2021\/06\/llega-la-peligrosa-variante-delta-al-pais-sus-caracteristicas-y-las-medidas-que-se-toman-en-la-region-para-prevenir\" target=\"_blank\" rel=\"noopener\">Llega la peligrosa variante Delta al pa\u00eds: Sus caracter\u00edsticas y las medidas que se toman en la regi\u00f3n para prevenir. Se refiere Olga Lobos, directora del Departamento de Microbiolog\u00eda y Sergio Wehinger, director del Mag\u00edster en Ciencias Biom\u00e9dicas de la UTalca.<\/a><\/p><p>\u00a0<\/p><p><b>LINARESENLINEA.CL<\/b><\/p><p><a style=\"font-style: inherit; font-weight: inherit; background-color: #ffffff; font-family: -apple-system, BlinkMacSystemFont,;\" href=\"https:\/\/www.linaresenlinea.cl\/2021\/06\/26\/cientificas-utalca-implementan-portafolio-para-el-tratamiento-de-cancer-y-enfermedades-cronicas-no-transmisibles\/\" target=\"_blank\" rel=\"noopener\">Cient\u00edficas UTalca implementan portafolio para el tratamiento de c\u00e1ncer y enfermedades cr\u00f3nicas no transmisibles.<\/a><\/p><p>\u00a0<\/p><p><b>EL LABRADOR<\/b><\/p><p><a style=\"font-style: inherit; font-weight: inherit; background-color: #ffffff; font-family: -apple-system, BlinkMacSystemFont,;\" href=\"https:\/\/www.litoralpress.cl\/paginaconsultas\/Servicios_NClip\/Get_Imagen_Nota.aspx?LPKey=UR5FUXDF23UOBCCNOIACSICHNAYDKN72QWL2GABNX7IJCRRLQWSCPACDLJ3SLCBFWVWH5NVBTUZNW\" target=\"_blank\" rel=\"noopener\">Encuesta: 62% eval\u00faa satisfactoriamente el teletrabajo, pero 84% acusa mayor carga laboral. Se menciona a la UTalca.<\/a><\/p><p>\u00a0<\/p><p><b>LA PRENSA<\/b><\/p><p><a style=\"font-style: inherit; font-weight: inherit; background-color: #ffffff; font-family: -apple-system, BlinkMacSystemFont,;\" href=\"https:\/\/www.litoralpress.cl\/paginaconsultas\/Servicios_NClip\/Get_Imagen_Nota.aspx?LPKey=DUQQBYKKRJRAUMAHJXYGCOFDFJ33FWR4FSGJ4KRXZ63FAVAAXZ3VLNGAAAVZKE2MIX4FGOPYQNDC6\" target=\"_blank\" rel=\"noopener\">Las familias que utilizan estufas a pellets est\u00e1n menos expuestas al material particulado fino dentro del hogar. Se refiere Carlos Ch\u00e1vez, acad\u00e9mico de la Facultad de Econom\u00eda y Negocios (FEN) de la UTalca.<\/a><\/p><p>\u00a0<\/p><p><b>TALCACAPITAL.CL<\/b><\/p><p><a style=\"font-style: inherit; font-weight: inherit; background-color: #ffffff; font-family: -apple-system, BlinkMacSystemFont,;\" href=\"https:\/\/talcacapital.cl\/estudio-utalca-analizo-impacto-del-uso-de-estufas-a-lena-y-pellets-a-nivel-intradomiciliario\/\" target=\"_blank\" rel=\"noopener\">Estudio UTalca analiz\u00f3 impacto del uso de estufas a le\u00f1a y pellets a nivel intradomiciliario.<\/a><\/p><p>\u00a0<\/p><p><b>TVMAULE.CL<\/b><\/p><p><a style=\"font-style: inherit; font-weight: inherit; background-color: #ffffff; font-family: -apple-system, BlinkMacSystemFont,;\" href=\"https:\/\/www.tvmaule.cl\/academicos-analizan-impacto-del-uso-de-estufas-a-lena-y-pellets-a-nivel-intradomiciliario\/\" target=\"_blank\" rel=\"noopener\">Acad\u00e9micos analizan impacto del uso de estufas a le\u00f1a y pellets a nivel intradomiciliario. Se refiere Carlos Ch\u00e1vez, acad\u00e9mico de la Facultad de Econom\u00eda y Negocios (FEN) de la UTalca.<\/a><\/p><p>\u00a0<\/p><p><b>ELALFA.CL<\/b><\/p><p><a style=\"font-style: inherit; font-weight: inherit; background-color: #ffffff; font-family: -apple-system, BlinkMacSystemFont,;\" href=\"https:\/\/elalfa.cl\/index.php\/2021\/06\/26\/estudio-utalca-analizo-impacto-del-uso-de-estufas-a-lena-y-pellets-a-nivel-intradomiciliario\/\" target=\"_blank\" rel=\"noopener\">Estudio UTalca analiz\u00f3 impacto del uso de estufas a le\u00f1a y pellets a nivel intradomiciliario.<\/a><\/p><p>\u00a0<\/p><p><b>LA ESTRELLA DE IQUIQUE<\/b><\/p><p><a style=\"font-style: inherit; font-weight: inherit; background-color: #ffffff; font-family: -apple-system, BlinkMacSystemFont,;\" href=\"https:\/\/www.litoralpress.cl\/paginaconsultas\/Servicios_NClip\/Get_Imagen_Nota.aspx?LPKey=HOF55QHWXWXAFJTKUTZWTXN5FCG4YLOZAHFUD5IAZYAPZEU3AQYCUKXIVMLD3FWYAB2G5XFOCBUUC\" target=\"_blank\" rel=\"noopener\">Enfocados en el futuro de la regi\u00f3n y del pa\u00eds. Se refiere Karin Saavedra, acad\u00e9mica de la Facultad de Ingenier\u00eda de la UTalca.<\/a><\/p><p>\u00a0<\/p><p><b>CANAL CNN CHILE<\/b><\/p><p><a style=\"font-style: inherit; font-weight: inherit; background-color: #ffffff; font-family: -apple-system, BlinkMacSystemFont,;\" href=\"https:\/\/www.litoralpress.cl\/sitio\/RadioTV_Detalles.cshtml?LPKey=QEAQMJR3F5DLFBWALY6P7BEQOZ5QS7VH7JOOXS24IOYF43ZYZMFQ\" target=\"_blank\" rel=\"noopener\">Entrevista a Mauricio Morales, director del Centro de An\u00e1lisis Pol\u00edtico (CAP) de la UTalca.<\/a><\/p><p>\u00a0<\/p><p><b>EL MERCURIO<\/b><\/p><p><a style=\"font-style: inherit; font-weight: inherit; background-color: #ffffff; font-family: -apple-system, BlinkMacSystemFont,;\" href=\"https:\/\/www.litoralpress.cl\/paginaconsultas\/Servicios_NClip\/Get_Imagen_Nota.aspx?LPKey=EW6Q6SUGVEHRQ7FWM4SMKHLCKTKP5X632DLFBMBZXIUGVPY2OXDUI36S53ZEMLGM45L5H5GGJ3EM6\" target=\"_blank\" rel=\"noopener\">Un tercio de los alcaldes que asumen son independientes y sus per\u00edodos ser\u00e1n m\u00e1s cortos. Se refiere Mauricio Morales, director del Centro de An\u00e1lisis Pol\u00edtico (CAP) de la UTalca.<\/a><\/p><p>\u00a0<\/p><p><b>CANAL MEGA<\/b><\/p><p><a style=\"font-style: inherit; font-weight: inherit; background-color: #ffffff; font-family: -apple-system, BlinkMacSystemFont,;\" href=\"https:\/\/www.litoralpress.cl\/sitio\/RadioTV_Detalles.cshtml?LPKey=4OV5NPH3Q7DJCZJKBHYQRXRSMWTUGQ7CERD3SM7YMGOXR7QNCLWA\" target=\"_blank\" rel=\"noopener\">Alcaldes no pudieron asumir su cargo. Se refiere Mauricio Morales, director del Centro de An\u00e1lisis Pol\u00edtico (CAP) de la UTalca.<\/a><\/p><p>\u00a0<\/p><p><b>CANAL MEGA PLUS<\/b><\/p><p><a style=\"font-style: inherit; font-weight: inherit; background-color: #ffffff; font-family: -apple-system, BlinkMacSystemFont,;\" href=\"https:\/\/www.litoralpress.cl\/sitio\/RadioTV_Detalles.cshtml?LPKey=DQOUMM6OVVZ434YP7ECQ25IURYDVPIA7XTO2SODCWN6KJCWZUETQ\" target=\"_blank\" rel=\"noopener\">Alcaldes no pudieron asumir su cargo. Se refiere Mauricio Morales, director del Centro de An\u00e1lisis Pol\u00edtico (CAP) de la UTalca.<\/a><\/p><p>\u00a0<\/p><p><b>ADPRENSA.CL<\/b><\/p><p><a style=\"font-style: inherit; font-weight: inherit; background-color: #ffffff; font-family: -apple-system, BlinkMacSystemFont,;\" href=\"https:\/\/www.adprensa.cl\/cronica\/museo-virtual-del-maule-actualizo-sus-contenidos-para-el-publico\/\" target=\"_blank\" rel=\"noopener\">Museo Virtual del Maule actualiz\u00f3 sus contenidos para el p\u00fablico. Se refiere Felipe Besoa\u00edn, acad\u00e9mico de la Facultad de Ingenier\u00eda de la UTalca.<\/a><\/p><p>\u00a0<\/p><p><b>REDMAULE.COM<\/b><\/p><p><a style=\"font-style: inherit; font-weight: inherit; background-color: #ffffff; font-family: -apple-system, BlinkMacSystemFont,;\" href=\"https:\/\/www.redmaule.com\/regional\/museo-virtual-del-maule-actualizo-sus-contenidos-para-el-publico\" target=\"_blank\" rel=\"noopener\">Museo Virtual del Maule actualiz\u00f3 sus contenidos para el p\u00fablico. Se refiere Felipe Besoa\u00edn, acad\u00e9mico de la Facultad de Ingenier\u00eda de la UTalca.<\/a><\/p><p>\u00a0<\/p><p><b>RANCAGUATV.CL<\/b><\/p><p><a style=\"font-style: inherit; font-weight: inherit; background-color: #ffffff; font-family: -apple-system, BlinkMacSystemFont,;\" href=\"https:\/\/www.rancaguatv.cl\/rancaguatv-noticias\/actualidad-del-maule\/4139-museo-virtual-del-maule-actualizo-sus-contenidos-para-el-publico\" target=\"_blank\" rel=\"noopener\">Museo Virtual del Maule actualiz\u00f3 sus contenidos para el p\u00fablico. Se refiere Felipe Besoa\u00edn, acad\u00e9mico de la Facultad de Ingenier\u00eda de la UTalca.<\/a><\/p><p>\u00a0<\/p><p><b>ADPRENSA.CL<\/b><\/p><p><a style=\"font-style: inherit; font-weight: inherit; background-color: #ffffff; font-family: -apple-system, BlinkMacSystemFont,;\" href=\"https:\/\/www.adprensa.cl\/cronica\/con-taller-de-cortometrajes-y-serie-animada-extension-utalca-dio-inicio-al-proyecto-de-virtualizacion-de-contenidos\/\" target=\"_blank\" rel=\"noopener\">Con taller de cortometrajes y serie animada Extensi\u00f3n UTalca dio inicio al proyecto de virtualizaci\u00f3n de contenidos.<\/a><\/p><p>\u00a0<\/p><p><b>G5NOTICIAS.CL<\/b><\/p><p><a style=\"font-style: inherit; font-weight: inherit; background-color: #ffffff; font-family: -apple-system, BlinkMacSystemFont,;\" href=\"https:\/\/g5noticias.cl\/2021\/06\/28\/con-taller-de-cortometrajes-y-serie-animada-extension-utalca-dio-inicio-al-proyecto-de-virtualizacion-de-contenidos\/\" target=\"_blank\" rel=\"noopener\">Con taller de cortometrajes y serie animada Extensi\u00f3n UTalca dio inicio al proyecto de virtualizaci\u00f3n de contenidos.<\/a><\/p>\t\t\t\t\t\t<\/div>\n\t\t\t\t<\/div>\n\t\t\t\t\t<\/div>\n\t\t<\/div>\n\t\t\t\t\t\t\t<\/div>\n\t\t<\/section>\n\t\t\t\t\t\t<\/div>\n\t\t\t\t\t<\/div>\n\t\t","protected":false},"excerpt":{"rendered":"<p>CANAL TVN Entrevista a Sergio Wehinger, director del Mag\u00edster en Ciencias Biom\u00e9dicas de la UTalca. \u00a0 EL MERCURIO Hacienda crea comisi\u00f3n para formular propuestas que estimulen el crecimiento de largo plazo. Se menciona a Bernardita Escobar, acad\u00e9mica de la Facultad de Ciencias Jur\u00eddicas y Sociales de la UTalca. \u00a0 CANAL CHILEVISI\u00d3N Esc\u00e1ndalo por primer caso &hellip;<\/p>\n<p class=\"read-more\"> <a class=\"\" href=\"https:\/\/www.reportedeprensa.utalca.cl\/?p=552\"> <span class=\"screen-reader-text\">29 de Junio de 2021<\/span> Read More &raquo;<\/a><\/p>\n","protected":false},"author":1,"featured_media":0,"comment_status":"closed","ping_status":"open","sticky":false,"template":"elementor_theme","format":"standard","meta":{"_monsterinsights_skip_tracking":false,"_monsterinsights_sitenote_active":false,"_monsterinsights_sitenote_note":"","_monsterinsights_sitenote_category":0},"categories":[9],"tags":[],"_links":{"self":[{"href":"https:\/\/www.reportedeprensa.utalca.cl\/index.php?rest_route=\/wp\/v2\/posts\/552"}],"collection":[{"href":"https:\/\/www.reportedeprensa.utalca.cl\/index.php?rest_route=\/wp\/v2\/posts"}],"about":[{"href":"https:\/\/www.reportedeprensa.utalca.cl\/index.php?rest_route=\/wp\/v2\/types\/post"}],"author":[{"embeddable":true,"href":"https:\/\/www.reportedeprensa.utalca.cl\/index.php?rest_route=\/wp\/v2\/users\/1"}],"replies":[{"embeddable":true,"href":"https:\/\/www.reportedeprensa.utalca.cl\/index.php?rest_route=%2Fwp%2Fv2%2Fcomments&post=552"}],"version-history":[{"count":30,"href":"https:\/\/www.reportedeprensa.utalca.cl\/index.php?rest_route=\/wp\/v2\/posts\/552\/revisions"}],"predecessor-version":[{"id":1333,"href":"https:\/\/www.reportedeprensa.utalca.cl\/index.php?rest_route=\/wp\/v2\/posts\/552\/revisions\/1333"}],"wp:attachment":[{"href":"https:\/\/www.reportedeprensa.utalca.cl\/index.php?rest_route=%2Fwp%2Fv2%2Fmedia&parent=552"}],"wp:term":[{"taxonomy":"category","embeddable":true,"href":"https:\/\/www.reportedeprensa.utalca.cl\/index.php?rest_route=%2Fwp%2Fv2%2Fcategories&post=552"},{"taxonomy":"post_tag","embeddable":true,"href":"https:\/\/www.reportedeprensa.utalca.cl\/index.php?rest_route=%2Fwp%2Fv2%2Ftags&post=552"}],"curies":[{"name":"wp","href":"https:\/\/api.w.org\/{rel}","templated":true}]}}