{"id":5527,"date":"2022-11-07T09:03:58","date_gmt":"2022-11-07T12:03:58","guid":{"rendered":"https:\/\/www.reportedeprensa.utalca.cl\/?p=5527"},"modified":"2022-11-07T09:51:19","modified_gmt":"2022-11-07T12:51:19","slug":"07-de-noviembre-de-2022","status":"publish","type":"post","link":"https:\/\/www.reportedeprensa.utalca.cl\/?p=5527","title":{"rendered":"07 de noviembre de 2022"},"content":{"rendered":"\t\t<div data-elementor-type=\"wp-post\" data-elementor-id=\"5527\" class=\"elementor elementor-5527\" data-elementor-settings=\"[]\">\n\t\t\t\t\t\t\t<div class=\"elementor-section-wrap\">\n\t\t\t\t\t\t\t<section class=\"elementor-section elementor-top-section elementor-element elementor-element-2a4b4b83 elementor-section-boxed elementor-section-height-default elementor-section-height-default\" data-id=\"2a4b4b83\" data-element_type=\"section\">\n\t\t\t\t\t\t<div class=\"elementor-container elementor-column-gap-default\">\n\t\t\t\t\t<div class=\"elementor-column elementor-col-100 elementor-top-column elementor-element elementor-element-24a78540\" data-id=\"24a78540\" data-element_type=\"column\">\n\t\t\t<div class=\"elementor-widget-wrap elementor-element-populated\">\n\t\t\t\t\t\t\t\t<div class=\"elementor-element elementor-element-55b07e54 elementor-widget elementor-widget-text-editor\" data-id=\"55b07e54\" data-element_type=\"widget\" data-widget_type=\"text-editor.default\">\n\t\t\t\t<div class=\"elementor-widget-container\">\n\t\t\t\t\t\t\t\t<p><strong>CANAL CONTIVISI\u00d3N<\/strong><\/p><p><a href=\"https:\/\/www.litoralpress.cl\/sitio\/RadioTV_Detalles.cshtml?LPKey=3RHL3IHE3PZDUXCEJ5I7MVDGQFTIVSHOXCF7YK2KVHXY32FRUD723Z6HWVVZEWONCNQJCD7YN5XHW\">Docentes de la Universidad de Talca implementan talleres de lectura y escritura inicial para adultos mayores. Se refiere Marianella Flores, jefa de la carrera de Pedagog\u00eda en Educaci\u00f3n General B\u00e1sica menci\u00f3n Ingl\u00e9s.<\/a><\/p><p>\u00a0<\/p><p><strong>ADPRENSA.CL<\/strong><\/p><p><a href=\"https:\/\/www.adprensa.cl\/cronica\/expertos-alertan-aumentos-de-casos-covid-19-continuara-en-los-proximos-dias\/\">Expertos alertan: Aumentos de casos Covid-19 continuar\u00e1 en los pr\u00f3ximos d\u00edas. Se refieren \u00c9rika Retamal, directora del Departamento de Salud P\u00fablica y Marcelo Alarc\u00f3n, acad\u00e9mico del Departamento de Bioqu\u00edmica Cl\u00ednica e Inmunohematolog\u00eda.<\/a><\/p><p>\u00a0<\/p><p><strong>MEDIABANCO.COM<\/strong><\/p><p><a href=\"https:\/\/www.mediabanco.com\/expertos-alertan-aumentos-de-casos-covid-19-continuara-en-los-proximos-dias\/\">Expertos alertan: Aumentos de casos Covid-19 continuar\u00e1 en los pr\u00f3ximos d\u00edas. Se refieren \u00c9rika Retamal, directora del Departamento de Salud P\u00fablica y Marcelo Alarc\u00f3n, acad\u00e9mico del Departamento de Bioqu\u00edmica Cl\u00ednica e Inmunohematolog\u00eda.<\/a><\/p><p>\u00a0<\/p><p><strong>VERITASCAPITUR.CL<\/strong><\/p><p><a href=\"https:\/\/veritascapitur.cl\/expertos-alertan-que-aumento-de-casos-covid-10-continuaran-en-los-proximos-dias\/\">Expertos alertan que aumento de casos Covid-19 continuar\u00e1n en los pr\u00f3ximos d\u00edas. Se refieren \u00c9rika Retamal, directora del Departamento de Salud P\u00fablica y Marcelo Alarc\u00f3n, acad\u00e9mico del Departamento de Bioqu\u00edmica Cl\u00ednica e Inmunohematolog\u00eda.<\/a><\/p><p>\u00a0<\/p><p><strong>LA PRENSA<\/strong><\/p><p><a href=\"https:\/\/www.litoralpress.cl\/paginaconsultas\/Servicios_NClipSitio\/Get_Imagen_Nota.aspx?LPKey=IUTQRFFTVMU5VLO62ARHI43VNHWYHAJEQ63LKQMZ37T726OKYCWMUDEAHUYRTMOBLSIGMC5MZX4BS\">Expertos advierten aumento de contagios y llegada de nuevas variantes \u00d3micron. Se refieren \u00c9rika Retamal, directora del Departamento de Salud P\u00fablica y Marcelo Alarc\u00f3n, acad\u00e9mico del Departamento de Bioqu\u00edmica Cl\u00ednica e Inmunohematolog\u00eda.<\/a><\/p><p>\u00a0<\/p><p><strong>CANAL CONTIVISI\u00d3N<\/strong><\/p><p><a href=\"https:\/\/www.litoralpress.cl\/sitio\/RadioTV_Detalles.cshtml?LPKey=37C73VNE3T25ACNUZAXSFVNXQKJ2BANV62YG5OEBSQNPPULS4KKARO5ZWG2D3XOOD5Q2YBG3MEVXY\">Expertos analizaron el aumento de los contagios por Covid-19. Se refieren \u00c9rika Retamal, directora del Departamento de Salud P\u00fablica y Marcelo Alarc\u00f3n, acad\u00e9mico del Departamento de Bioqu\u00edmica Cl\u00ednica e Inmunohematolog\u00eda.<\/a><\/p><p>\u00a0<\/p><p><strong>CANAL TV5 LINARES<\/strong><\/p><p><a href=\"https:\/\/www.litoralpress.cl\/sitio\/RadioTV_Detalles.cshtml?LPKey=WEHRSDDVALH6LNPRMNL5DLVCGJENSVF7VHAVJF462R5KVFVBN7TFJD4XXCNXX5J7UMCIEKZ6Q5FCO\">Escenario de la actual pandemia. Se refiere \u00c9rika Retamal, directora del Departamento de Salud P\u00fablica.<\/a><\/p><p>\u00a0<\/p><p><strong>DIARIOTALCA.CL<\/strong><\/p><p><a href=\"https:\/\/diariotalca.cl\/alertan-que-aumentos-de-casos-covid-continuara-en-los-proximos-dias\/\">Alertan que aumentos de casos COVID continuar\u00e1 en los pr\u00f3ximos d\u00edas. Se refieren \u00c9rika Retamal, directora del Departamento de Salud P\u00fablica y Marcelo Alarc\u00f3n, acad\u00e9mico del Departamento de Bioqu\u00edmica Cl\u00ednica e Inmunohematolog\u00eda.<\/a><\/p><p>\u00a0<\/p><p><strong>ELCENTRO.CL<\/strong><\/p><p><a href=\"https:\/\/elcentro.cl\/2022\/11\/04\/aumentos-de-casos-covid-19-continuaran-en-los-proximos-dias-segun-expertos\/\">Aumentos de casos Covid-19 continuar\u00e1n en los pr\u00f3ximos d\u00edas seg\u00fan expertos. Se refieren \u00c9rika Retamal, directora del Departamento de Salud P\u00fablica y Marcelo Alarc\u00f3n, acad\u00e9mico del Departamento de Bioqu\u00edmica Cl\u00ednica e Inmunohematolog\u00eda.<\/a><\/p><p>\u00a0<\/p><p><strong>ELMAULEINFORMA.CL<\/strong><\/p><p><a href=\"https:\/\/elmauleinforma.cl\/expertos-alertan-aumento-de-casos-covid-19-continuara-en-los-proximos-dias\/\">Expertos alertan: Aumento de casos Covid-19 continuar\u00e1 en los pr\u00f3ximos d\u00edas. Se refieren \u00c9rika Retamal, directora del Departamento de Salud P\u00fablica y Marcelo Alarc\u00f3n, acad\u00e9mico del Departamento de Bioqu\u00edmica Cl\u00ednica e Inmunohematolog\u00eda.<\/a><\/p><p>\u00a0<\/p><p><strong>SEPTIMAPAGINANOTICIAS.CL<\/strong><\/p><p><a href=\"https:\/\/www.septimapaginanoticias.cl\/expertos-alertan-aumentos-de-casos-covid-19-continuara-en-los-proximos-dias\">Expertos alertan: aumentos de casos Covid-19 continuar\u00e1 en los pr\u00f3ximos d\u00edas. Se refieren \u00c9rika Retamal, directora del Departamento de Salud P\u00fablica y Marcelo Alarc\u00f3n, acad\u00e9mico del Departamento de Bioqu\u00edmica Cl\u00ednica e Inmunohematolog\u00eda.<\/a><\/p><p>\u00a0<\/p><p><strong>G5NOTICIAS.CL<\/strong><\/p><p><a href=\"https:\/\/g5noticias.cl\/2022\/11\/06\/expertos-alertan-aumentos-de-casos-covid-19-continuara-en-los-proximos-dias\/\">Expertos alertan aumentos de casos Covid.19 continuar\u00e1 en los pr\u00f3ximos d\u00edas. Se refieren \u00c9rika Retamal, directora del Departamento de Salud P\u00fablica y Marcelo Alarc\u00f3n, acad\u00e9mico del Departamento de Bioqu\u00edmica Cl\u00ednica e Inmunohematolog\u00eda.<\/a><\/p><p>\u00a0<\/p><p><strong>LA PRENSA<\/strong><\/p><p><a href=\"https:\/\/www.litoralpress.cl\/paginaconsultas\/Servicios_NClipSitio\/Get_Imagen_Nota.aspx?LPKey=K27V5EKOEZYKFV54S6JU66GD7266PMEKZL3RSXUAZKJSO7GGMJYQUJCA66VSYVFEYMFPHTUQ7TCRU\">En horario especial el Hospital Regional atender\u00e1 a pacientes para reducir lista de espera odontol\u00f3gica. Se menciona a la UTalca.<\/a><\/p><p>\u00a0<\/p><p><strong>EL LECTOR<\/strong><\/p><p><a href=\"https:\/\/www.litoralpress.cl\/paginaconsultas\/Servicios_NClipSitio\/Get_Imagen_Nota.aspx?LPKey=TIVNLEB43ZQ6XSMPG4AWTG4M4SS4KC47JQGOZCQFH4GXCXLD73TZ2NSOHCM2IZERNNOGPAZK4X2OA\">Programa fuera de horario permitir\u00e1 resolver lista de espera dental de 220 pacientes en el HRT. Se menciona a la UTalca.<\/a><\/p><p>\u00a0<\/p><p><strong>CANAL CONTIVISI\u00d3N<\/strong><\/p><p><a href=\"https:\/\/www.litoralpress.cl\/sitio\/RadioTV_Detalles.cshtml?LPKey=W4F2JQCAGHQZCWPVSO2QN4UEDOP4ASWOPSAHG7YSPN3ORSSZN3U7W2RE7Q3FCVWMRSJ7Q4SF2KV4E\">Gestionan atenciones dentales pendientes tras la pandemia. Se menciona a la UTalca.<\/a><\/p><p>\u00a0<\/p><p><strong>CANAL 24 HORAS<\/strong><\/p><p><a href=\"https:\/\/www.litoralpress.cl\/sitio\/RadioTV_Detalles.cshtml?LPKey=I6327WM6BKDKQZREO32LLAA7OJUL5SCVGFZYH7TDIMSD5HIRKM2372YKRPT25VE5LQS6KRDWBWFZ6\">Entrevista a Patricio Gonz\u00e1lez, acad\u00e9mico del Centro de Investigaci\u00f3n y Transferencia en Riego y Agroclimatolog\u00eda (CITRA).<\/a><\/p><p>\u00a0<\/p><p><strong>CANAL TVN<\/strong><\/p><p><a href=\"https:\/\/www.litoralpress.cl\/sitio\/RadioTV_Detalles.cshtml?LPKey=HTK3RKVE5CSJWGYDH3X3LEC4GLV6Z35FIW723SI3NPSZGD5GNK5PTQKY6UJHITW2R6IUPL5UWSGAO\">Expertos de la U de Talca advierte sobre altas temperaturas. Se refiere Patricio Gonz\u00e1lez, acad\u00e9mico del Centro de Investigaci\u00f3n y Transferencia en Riego y Agroclimatolog\u00eda (CITRA).<\/a><\/p><p>\u00a0<\/p><p><strong>CANAL TVN <\/strong><\/p><p><a href=\"https:\/\/www.litoralpress.cl\/sitio\/RadioTV_Detalles.cshtml?LPKey=S6JSB77HDN2ZCUKOGJCDMJZ5KK3SF6JINRYB3UO6KRZ6T7NV2BF35PN26PS4JLATC2ILJTCHDOWYI\">Expertos de la Universidad de Talca pronostican temperaturas sobre 40 grados en el centro sur. Se refiere Patricio Gonz\u00e1lez, acad\u00e9mico del Centro de Investigaci\u00f3n y Transferencia en Riego y Agroclimatolog\u00eda (CITRA).<\/a><\/p><p>\u00a0<\/p><p><strong>RADIO FUTURO<\/strong><\/p><p><a href=\"https:\/\/www.litoralpress.cl\/sitio\/RadioTV_Detalles.cshtml?LPKey=H54HKZGG4ZO6QC7XO6EQFU54QQJYBPKFAQBFGTIHJLPXPPRWXN2OAXZZG4P5LZUWKCKVNQYMXHNHM\">Entrevista a Patricio Gonz\u00e1lez, acad\u00e9mico del Centro de Investigaci\u00f3n y Transferencia en Riego y Agroclimatolog\u00eda (CITRA).<\/a><\/p><p>\u00a0<\/p><p><strong>RADIO COOPERATIVA<\/strong><\/p><p><a href=\"https:\/\/www.litoralpress.cl\/sitio\/RadioTV_Detalles.cshtml?LPKey=VMFFYFGFX6RHHWAQKR4JW4ZAKO4IBEKAHPANHRUAIQTA7UV645KWEC3ZRN7OX4Q54KZZVOS5JLNQM\">Maule: Incendios forestales preocupan. Se refiere Patricio Gonz\u00e1lez, acad\u00e9mico del Centro de Investigaci\u00f3n y Transferencia en Riego y Agroclimatolog\u00eda (CITRA).<\/a><\/p><p>\u00a0<\/p><p><strong>LATERCERA.COM<\/strong><\/p><p><a href=\"https:\/\/www.latercera.com\/servicios\/noticia\/como-cuidar-tus-plantas-de-las-altas-temperaturas\/A3BKSKCX7FGUFCUPJJLTCDPVMM\/\">\u00bfC\u00f3mo cuidar tus plantas de las altas temperaturas? Se refiere Patricio Gonz\u00e1lez, acad\u00e9mico del Centro de Investigaci\u00f3n y Transferencia en Riego y Agroclimatolog\u00eda (CITRA).<\/a><\/p><p>\u00a0<\/p><p><strong>24HORAS.CL<\/strong><\/p><p><a href=\"https:\/\/www.24horas.cl\/actualidad\/economia\/se-disparan-compras-de-aire-acondicionado-y-ventiladores\">Se disparan compras de aire acondicionado y ventiladores: ventas superan c\u00e1lculos del retail. Se refiere Patricio Gonz\u00e1lez, acad\u00e9mico del Centro de Investigaci\u00f3n y Transferencia en Riego y Agroclimatolog\u00eda (CITRA).<\/a><\/p><p>\u00a0<\/p><p><strong>ELCIUDADANO.COM<\/strong><\/p><p><a href=\"https:\/\/www.elciudadano.com\/chile\/pronostican-intensas-olas-de-calor-para-fin-de-ano-y-el-verano-de-2023-en-la-zona-central-experto-advierte-por-posibilidad-de-incendios-de-gran-magnitud\/11\/04\/\">Pronostican intensas olas de calor para fin de a\u00f1o y el verano de 2023 en la zona central. Se refiere Patricio Gonz\u00e1lez, acad\u00e9mico del Centro de Investigaci\u00f3n y Transferencia en Riego y Agroclimatolog\u00eda (CITRA).<\/a><\/p><p>\u00a0<\/p><p><strong>FUTURO.CL<\/strong><\/p><p><a href=\"https:\/\/www.futuro.cl\/2022\/11\/agroclimatologo-y-ola-de-calor-para-la-temporada-en-el-verano-habra-zonas-que-estaran-en-los-39-y-40-grados\/\">Agroclimat\u00f3logo y ola de calor para la temporada: \u00abEn el verano habr\u00e1 zonas que estar\u00e1n en los 39 y 40 grados\u00bb. Se refiere Patricio Gonz\u00e1lez, acad\u00e9mico del Centro de Investigaci\u00f3n y Transferencia en Riego y Agroclimatolog\u00eda (CITRA).<\/a><\/p><p>\u00a0<\/p><p><strong>LA PRENSA<\/strong><\/p><p><a href=\"https:\/\/www.litoralpress.cl\/paginaconsultas\/Servicios_NClipSitio\/Get_Imagen_Nota.aspx?LPKey=RQUCO5GCG7LEACLG4VH44FKQ4CYWIO7WTZDKD3AUTHJVHLSXE7NCNYY4EPEV2R2PROTYASADOWNPA\">Experto advierte olas de calor extremas e incendios forestales de alta propagaci\u00f3n. Se refiere Patricio Gonz\u00e1lez, acad\u00e9mico del Centro de Investigaci\u00f3n y Transferencia en Riego y Agroclimatolog\u00eda (CITRA).<\/a><\/p><p>\u00a0<\/p><p><strong>EL HERALDO<\/strong><\/p><p><a href=\"https:\/\/www.litoralpress.cl\/paginaconsultas\/Servicios_NClipSitio\/Get_Imagen_Nota.aspx?LPKey=EKJABSZZSTY6XDZAR2HI3MF7K35VZYU6QE6ZRHXEVXUXTADEZSMNNS7GA5CGA5ADT3LPCDPOXHASA\">Con temperaturas de hasta 40\u00b0: Expertos adelantan intensas olas de calor para la zona central. Se refiere Patricio Gonz\u00e1lez, acad\u00e9mico del Centro de Investigaci\u00f3n y Transferencia en Riego y Agroclimatolog\u00eda (CITRA).<\/a><\/p><p>\u00a0<\/p><p><strong>EL LECTOR<\/strong><\/p><p><a href=\"https:\/\/www.litoralpress.cl\/paginaconsultas\/Servicios_NClipSitio\/Get_Imagen_Nota.aspx?LPKey=BMA2LFV67KMGFBFBUNWJ66WOMRMO7PHUDMOOV4ZFDIJLJWMPSXBFJPKBSKY34USW3W7NSJHTSY5QE\">Experto adelanta intensas olas de calor e incendios forestales de alta propagaci\u00f3n. Se refiere Patricio Gonz\u00e1lez, acad\u00e9mico del Centro de Investigaci\u00f3n y Transferencia en Riego y Agroclimatolog\u00eda (CITRA).<\/a><\/p><p>\u00a0<\/p><p><strong>LA DISCUSI\u00d3N<\/strong><\/p><p><a href=\"https:\/\/www.litoralpress.cl\/paginaconsultas\/Servicios_NClipSitio\/Get_Imagen_Nota.aspx?LPKey=65NKOD2YQJODENFB7DYEEEAAYASDVIGNI2Y3CKQU4P7TGNTKKK5X537MWB3WAAGOTSNFTSKEZMXKK\">Experto proyecta m\u00e1s de 40 para este verano en Chile. Se refiere Patricio Gonz\u00e1lez, acad\u00e9mico del Centro de Investigaci\u00f3n y Transferencia en Riego y Agroclimatolog\u00eda (CITRA).<\/a><\/p><p>\u00a0<\/p><p><strong>CANAL CONTIVISI\u00d3N<\/strong><\/p><p><a href=\"https:\/\/www.litoralpress.cl\/sitio\/RadioTV_Detalles.cshtml?LPKey=VSKX5PQODYWKY7F73G7M47BPSUFPMZTIZK5P4REL7RP5SPSSINE5MROS5PDQXYBZQI2EQ3YZUAJSY\">Violento incendio forestal afecta a la Regi\u00f3n del Maule. Se refiere Patricio Gonz\u00e1lez, acad\u00e9mico del Centro de Investigaci\u00f3n y Transferencia en Riego y Agroclimatolog\u00eda (CITRA).<\/a><\/p><p>\u00a0<\/p><p><strong>RADIO AGRICULTURA<\/strong><\/p><p><a href=\"https:\/\/www.litoralpress.cl\/sitio\/RadioTV_Detalles.cshtml?LPKey=USMXKE4J4W77TT6VNTJQZWEZXRHP4FAQTXDVN7SJ27WN36UQNHNPU2U5JDDC4DBK2DXKI6KZLBNTO\">Investigador chileno particip\u00f3 en estudio que detect\u00f3 una relaci\u00f3n entre las altas temperaturas provocadas por el cambio clim\u00e1tico y el comportamiento de las termitas.<\/a><\/p><p>\u00a0<\/p><p><strong>EL MERCURIO DE ANTOFAGASTA<\/strong><\/p><p><a href=\"https:\/\/www.litoralpress.cl\/paginaconsultas\/Servicios_NClipSitio\/Get_Imagen_Nota.aspx?LPKey=E5BMDSIXFKMHMJ53ASFAYX5BB22GP5W4AC52UIXP6BDHJVZWT2G7URJIH7DDC725PC3CNCFWVREBW\">Especialistas expresan dispares an\u00e1lisis al eventual cambio en el sistema de pensiones del pa\u00eds. Se refiere Rodrigo Henr\u00edquez, acad\u00e9mico de la Facultad de Ciencias Jur\u00eddicas y Sociales.<\/a><\/p><p>\u00a0<\/p><p><strong>EL MERCURIO DE CALAMA<\/strong><\/p><p><a href=\"https:\/\/www.litoralpress.cl\/paginaconsultas\/Servicios_NClipSitio\/Get_Imagen_Nota.aspx?LPKey=TP7AWY7PAQRRTCNT72ZVK4EDU7MWRY7NPD4EW5BFATODZL6YESRRR2QM7OJD6ULRVP6WB3GV7HIP4\">Especialistas expresan dispares an\u00e1lisis al eventual cambio en el sistema de pensiones del pa\u00eds. Se refiere Rodrigo Henr\u00edquez, acad\u00e9mico de la Facultad de Ciencias Jur\u00eddicas y Sociales.<\/a><\/p><p>\u00a0<\/p><p><strong>RADIONUEVOMUNDO.CL<\/strong><\/p><p><a href=\"https:\/\/radionuevomundo.cl\/2022\/11\/04\/experto-en-seguridad-social-sobre-inversion-de-fondos-de-pension-cuanto-de-eso-puede-llevarse-a-las-pymes\/\">Experto en seguridad social sobre inversi\u00f3n de fondos de pensi\u00f3n: \u201c\u00bfCu\u00e1nto de eso puede llevarse a las pymes?\u201d Se refiere Rodrigo Henr\u00edquez, acad\u00e9mico de la Facultad de Ciencias Jur\u00eddicas y Sociales.<\/a><\/p><p>\u00a0<\/p><p><strong>ADPRENSA.CL<\/strong><\/p><p><a href=\"https:\/\/www.adprensa.cl\/cronica\/especialistas-en-automatizacion-de-sistemas-se-reunieron-en-la-utalca\/\">Especialistas en automatizaci\u00f3n de sistemas se reunieron en la UTalca. Se refieren Javier Mu\u00f1oz, decano de la Facultad de Ingenier\u00eda y Mario Fern\u00e1ndez, acad\u00e9mico de la Facultad de Ingenier\u00eda.<\/a><\/p><p>\u00a0<\/p><p><strong>MEDIABANCO.COM<\/strong><\/p><p><a href=\"https:\/\/www.mediabanco.com\/especialistas-en-automatizacion-de-sistemas-se-reunieron-en-la-utalca\/\">Especialistas en automatizaci\u00f3n de sistemas se reunieron en la UTalca. Se refieren Javier Mu\u00f1oz, decano de la Facultad de Ingenier\u00eda y Mario Fern\u00e1ndez, acad\u00e9mico de la Facultad de Ingenier\u00eda.<\/a><\/p><p>\u00a0<\/p><p><strong>CHILLANONLINE.CL<\/strong><\/p><p><a href=\"https:\/\/www.chillanonline.cl\/V6\/especialistas-en-automatizacion-de-sistemas-se-reunieron-en-la-utalca\/\">Especialistas en automatizaci\u00f3n de sistemas se reunieron en la UTalca. Se refieren Javier Mu\u00f1oz, decano de la Facultad de Ingenier\u00eda y Mario Fern\u00e1ndez, acad\u00e9mico de la Facultad de Ingenier\u00eda.<\/a><\/p><p>\u00a0<\/p><p><strong>RADIO AMIGA<\/strong><\/p><p><a href=\"https:\/\/www.litoralpress.cl\/sitio\/RadioTV_Detalles.cshtml?LPKey=PIFTH6PS3CJBYFCFWCBBYGP35UPNCTLPATCL2GZWQWTGOXZOIK3GSWL356MEOMFDC2ZFTPW7NMFYG\">Una investigaci\u00f3n detect\u00f3 la quiebra de 244 empresas en el sector de la construcci\u00f3n durante los \u00faltimos tres semestres. Se refiere Armando Dur\u00e1n, director de la Escuela de Ingenier\u00eda Civil en Obras Civiles.<\/a><\/p><p><strong>\u00a0<\/strong><\/p><p><strong>RADIO M\u00c1GICA<\/strong><\/p><p><a href=\"https:\/\/www.litoralpress.cl\/sitio\/RadioTV_Detalles.cshtml?LPKey=6PSUQAHH76DHN6SBPGQ2QUNWGMJ7LZJE2ROYWVEKNTAY4LZHQAME3N47ILKMGGGFDVRRHR4VXIUJE\">Comentario de Juan Andr\u00e9s Riquelme, director del Mag\u00edster en Econom\u00eda.<\/a><\/p><p>\u00a0<\/p><p><strong>RADIO AMIGA<\/strong><\/p><p><a href=\"https:\/\/www.litoralpress.cl\/sitio\/RadioTV_Detalles.cshtml?LPKey=TH7YVPXIIRN6KROKNZ65424IHFI5XQKRREQRPAWKRE3UOCZ42GMP6BBJWUTKXZVV6JK3WAZ3B4KRS\">Comentario de Juan Andr\u00e9s Riquelme, director del Mag\u00edster en Econom\u00eda.<\/a><\/p><p>\u00a0<\/p><p><strong>EL HERALDO<\/strong><\/p><p><a href=\"https:\/\/www.litoralpress.cl\/paginaconsultas\/Servicios_NClipSitio\/Get_Imagen_Nota.aspx?LPKey=DXSY4JWAQZ7NGZGLKOGJHWDV6N5JGHTWJ5FIFWMHFLMF764KDISSCIFAGB5WOTMOKVWC5JFTNUGHA\">Carrera Administraci\u00f3n P\u00fablica de UTalca conoci\u00f3 en terreno programas de Desarrollo Social y Familias.<\/a><\/p><p>\u00a0<\/p><p><strong>EL LECTOR<\/strong><\/p><p><a href=\"https:\/\/www.litoralpress.cl\/paginaconsultas\/Servicios_NClipSitio\/Get_Imagen_Nota.aspx?LPKey=LPHHPATYWBKS36V4XWZ3CHSUJSWFCBJOVYZ4GLATQI6AKYJA5LO5KRREU6VWZZVMUU5XNH6CGOQ4I\">Carrera Administraci\u00f3n P\u00fablica de UTalca conoci\u00f3 en terreno programas de Desarrollo Social y Familias.<\/a><\/p><p>\u00a0<\/p><p><strong>DIARIOELHERALDO.CL<\/strong><\/p><p><a href=\"https:\/\/www.diarioelheraldo.cl\/noticia\/carrera-administracion-publica-de-utalca-conocio-en-terreno-programas-de-desarrollo-social-y-familias\">Carrera Administraci\u00f3n P\u00fablica de UTalca conoci\u00f3 en terreno programas de Desarrollo Social y Familias.<\/a><\/p><p>\u00a0<\/p><p><strong>MAULEHOY.CL<\/strong><\/p><p><a href=\"https:\/\/maulehoy.cl\/2022\/11\/05\/carrera-administracion-publica-de-utalca-conocio-en-terreno-programas-de-desarrollo-social-y-familias\/\">Carrera Administraci\u00f3n P\u00fablica de UTalca conoci\u00f3 en terreno programas de Desarrollo Social y Familias.<\/a><\/p><p>\u00a0<\/p><p><strong>EL MERCURIO<\/strong><\/p><p><a href=\"https:\/\/www.litoralpress.cl\/paginaconsultas\/Servicios_NClipSitio\/Get_Imagen_Nota.aspx?LPKey=A7HXQLUCYZ762FDUSGYZLLB4NW22SLKHNZNRPLTMLDF37AHCLCKO23TJVLD2RPSSATTSTE4DZBXQS\">Partido Dem\u00f3cratas apelar\u00e1 a su experiencia pol\u00edtica y Amarillos a un \u201cestilo nuevo y constructivo\u201d. Se refiere Mauricio Morales, director del Centro de An\u00e1lisis Pol\u00edtico (CAP).<\/a><\/p><p>\u00a0<\/p><p><strong>CANAL MEGA<\/strong><\/p><p><a href=\"https:\/\/www.litoralpress.cl\/sitio\/RadioTV_Detalles.cshtml?LPKey=OWIHU2AUVYVIMFDZVXS2LG247O36SBZQGODW642QIJ2XKSGVBEKAPUPOHCDKEBFOUMUCTX2LK27IM\">Entrevista a Mauricio Morales, director del Centro de An\u00e1lisis Pol\u00edtico (CAP).<\/a><\/p><p>\u00a0<\/p><p><strong>CANAL CNN CHILE<\/strong><\/p><p><a href=\"https:\/\/www.litoralpress.cl\/sitio\/RadioTV_Detalles.cshtml?LPKey=AR3HJMJMBCM4PNT6NZVYJQI7AFLMCEE6XGUBATYWTIYDZ5677J6FYZGMFUWNFCJNM7RENKP2XCWTY\">Nuevo \u00f3rgano redactor en el proceso constituyente. Se refiere Mauricio Morales, director del Centro de An\u00e1lisis Pol\u00edtico (CAP).<\/a><\/p><p>\u00a0<\/p><p><strong>CANAL 13<\/strong><\/p><p><a href=\"https:\/\/www.litoralpress.cl\/sitio\/RadioTV_Detalles.cshtml?LPKey=MTIN2LIFH5OSI42YP7XCD4WS7ZBJXC2OPY3KZM5P56CH2AMM7QEE6TLCUL63OFBIZDW5ZCEKZ7ILE\">El rol &#8220;bisagra&#8221; del PDG en el Congreso. Se refiere Mario Herrera, acad\u00e9mico del Centro de An\u00e1lisis Pol\u00edtico (CAP).<\/a><\/p><p>\u00a0<\/p><p><strong>\u00a0<\/strong><strong>CANAL T13 SE\u00d1AL DIGITAL<\/strong><\/p><p><a href=\"https:\/\/www.litoralpress.cl\/sitio\/RadioTV_Detalles.cshtml?LPKey=6I6WYX4CPAZ7Z4EOAX7S3Q2WJ7WW5GWHHTW3LALNYPWH2URDWF7ONSEVFBARXJYNFSC5FBZQTY3HW\">El rol &#8220;bisagra&#8221; del PDG en el Congreso. Se refiere Mario Herrera, acad\u00e9mico del Centro de An\u00e1lisis Pol\u00edtico (CAP).<\/a><\/p><p>\u00a0<\/p><p><strong>RADIO INFINITA<\/strong><\/p><p><a href=\"https:\/\/www.litoralpress.cl\/sitio\/RadioTV_Detalles.cshtml?LPKey=WA5UMP7DCPFI6ZXADMD47R7GZ2VEGZMHYYZMAC3FHDBX4E3JW6HQKVOFCBKYPGSKHU65UTU5LY5YQ\">Comentario de Mauricio Morales, director del Centro de An\u00e1lisis Pol\u00edtico (CAP).<\/a><\/p><p>\u00a0<\/p><p><strong>EMOL.COM<\/strong><\/p><p><a href=\"https:\/\/www.emol.com\/noticias\/Nacional\/2022\/11\/05\/1077453\/irrupcion-partidos-de-centro.html\">Irrupci\u00f3n de nuevos partidos tras el triunfo del Rechazo: \u00bfEs el momento del centro pol\u00edtico? Se refiere Mauricio Morales, director del Centro de An\u00e1lisis Pol\u00edtico (CAP).<\/a><\/p><p>\u00a0<\/p><p><strong>MEGANOTICIAS.CL<\/strong><\/p><p><a href=\"https:\/\/www.meganoticias.cl\/nacional\/395306-mauricio-morales-cadem-analisis-presidente-boric-frenazo-proceso-constitucional-06-11-2022.html\">Mauricio Morales y encuesta Cadem de este domingo: &#8220;El frenazo del proceso constitucional y el baile de m\u00e1scaras&#8221;. Se refiere el director del Centro de An\u00e1lisis Pol\u00edtico (CAP).<\/a><\/p><p>\u00a0<\/p><p><strong>THECLINIC.CL<\/strong><\/p><p><a href=\"https:\/\/www.theclinic.cl\/2022\/11\/05\/daniel-nunez-senador-pc-conclave-oficialista-proceso-de-readecuacion\/\">Daniel N\u00fa\u00f1ez (senador PC) en la antesala de c\u00f3nclave oficialista: \u201cTodo lo que pens\u00e1bamos hacer originalmente desde el 11 de marzo, va a sufrir un proceso de readecuaci\u00f3n\u201d. Se refiere Mauricio Morales, director del Centro de An\u00e1lisis Pol\u00edtico (CAP).<\/a><\/p><p>\u00a0<\/p><p><strong>EL MERCURIO DE VALPARA\u00cdSO<\/strong><\/p><p><a href=\"https:\/\/www.litoralpress.cl\/sitio\/Prensa_PaginaCompleta.cshtml?LPKey=TV6RL5DBNVSR3DDDAJGCHF3UQF2SF3VTEFOLZKHYLDUL4RBPL6KQ\">El trasfondo de los cambios de rumbo que ha adoptado la sociedad chilena en la \u00faltima d\u00e9cada. Se refiere Mauricio Morales, director del Centro de An\u00e1lisis Pol\u00edtico (CAP).<\/a><\/p><p>\u00a0<\/p><p><strong>EL LECTOR<\/strong><\/p><p><a href=\"https:\/\/www.litoralpress.cl\/paginaconsultas\/Servicios_NClipSitio\/Get_Imagen_Nota.aspx?LPKey=RXRZQIZZ76JZIHK2RDUKZZNM7XE3YAILCJQAJJLX3PWG3VGBVTYUVKIWQ2H44XTYLFKP3CCTDF3FW\">UTalca inicia campa\u00f1a para donaci\u00f3n de regalos de su tradicional Tren de Navidad. Se refiere Marcela Albornoz, directora de Extensi\u00f3n Cultural-Art\u00edstica.<\/a><\/p><p>\u00a0<\/p><p><strong>MEDIABANCO.COM<\/strong><\/p><p><a href=\"https:\/\/www.mediabanco.com\/utalca-inicia-campana-para-donacion-de-regalos-de-su-tradicional-tren-de-navidad\/\">UTalca inicia campa\u00f1a para donaci\u00f3n de regalos de su tradicional Tren de Navidad. Se refiere Marcela Albornoz, directora de Extensi\u00f3n Cultural-Art\u00edstica.<\/a><\/p><p>\u00a0<\/p><p><strong>ELMAULEINFORMA.CL<\/strong><\/p><p><a href=\"https:\/\/elmauleinforma.cl\/utalca-inicia-campana-para-donacion-de-regalos-de-su-tradicional-tren-de-navidad\/\">UTalca inicia campa\u00f1a para donaci\u00f3n de regalos de su tradicional Tren de Navidad. Se refiere Marcela Albornoz, directora de Extensi\u00f3n Cultural-Art\u00edstica.<\/a><\/p><p>\u00a0<\/p><p><strong>CAUQUENESNET.CL<\/strong><\/p><p><a href=\"https:\/\/cauquenesnet.cl\/2022\/11\/06\/utalca-inicia-campana-para-donacion-de-regalos-de-su-tradicional-tren-de-navidad\/\">UTalca inicia campa\u00f1a para donaci\u00f3n de regalos de su tradicional Tren de Navidad. Se refiere Marcela Albornoz, directora de Extensi\u00f3n Cultural-Art\u00edstica.<\/a><\/p><p>\u00a0<\/p>\t\t\t\t\t\t<\/div>\n\t\t\t\t<\/div>\n\t\t\t\t\t<\/div>\n\t\t<\/div>\n\t\t\t\t\t\t\t<\/div>\n\t\t<\/section>\n\t\t\t\t\t\t<\/div>\n\t\t\t\t\t<\/div>\n\t\t","protected":false},"excerpt":{"rendered":"<p>CANAL CONTIVISI\u00d3N Docentes de la Universidad de Talca implementan talleres de lectura y escritura inicial para adultos mayores. Se refiere Marianella Flores, jefa de la carrera de Pedagog\u00eda en Educaci\u00f3n General B\u00e1sica menci\u00f3n Ingl\u00e9s. \u00a0 ADPRENSA.CL Expertos alertan: Aumentos de casos Covid-19 continuar\u00e1 en los pr\u00f3ximos d\u00edas. Se refieren \u00c9rika Retamal, directora del Departamento de &hellip;<\/p>\n<p class=\"read-more\"> <a class=\"\" href=\"https:\/\/www.reportedeprensa.utalca.cl\/?p=5527\"> <span class=\"screen-reader-text\">07 de noviembre de 2022<\/span> Read More &raquo;<\/a><\/p>\n","protected":false},"author":1,"featured_media":0,"comment_status":"closed","ping_status":"open","sticky":false,"template":"","format":"standard","meta":{"_monsterinsights_skip_tracking":false,"_monsterinsights_sitenote_active":false,"_monsterinsights_sitenote_note":"","_monsterinsights_sitenote_category":0},"categories":[27],"tags":[],"_links":{"self":[{"href":"https:\/\/www.reportedeprensa.utalca.cl\/index.php?rest_route=\/wp\/v2\/posts\/5527"}],"collection":[{"href":"https:\/\/www.reportedeprensa.utalca.cl\/index.php?rest_route=\/wp\/v2\/posts"}],"about":[{"href":"https:\/\/www.reportedeprensa.utalca.cl\/index.php?rest_route=\/wp\/v2\/types\/post"}],"author":[{"embeddable":true,"href":"https:\/\/www.reportedeprensa.utalca.cl\/index.php?rest_route=\/wp\/v2\/users\/1"}],"replies":[{"embeddable":true,"href":"https:\/\/www.reportedeprensa.utalca.cl\/index.php?rest_route=%2Fwp%2Fv2%2Fcomments&post=5527"}],"version-history":[{"count":16,"href":"https:\/\/www.reportedeprensa.utalca.cl\/index.php?rest_route=\/wp\/v2\/posts\/5527\/revisions"}],"predecessor-version":[{"id":5553,"href":"https:\/\/www.reportedeprensa.utalca.cl\/index.php?rest_route=\/wp\/v2\/posts\/5527\/revisions\/5553"}],"wp:attachment":[{"href":"https:\/\/www.reportedeprensa.utalca.cl\/index.php?rest_route=%2Fwp%2Fv2%2Fmedia&parent=5527"}],"wp:term":[{"taxonomy":"category","embeddable":true,"href":"https:\/\/www.reportedeprensa.utalca.cl\/index.php?rest_route=%2Fwp%2Fv2%2Fcategories&post=5527"},{"taxonomy":"post_tag","embeddable":true,"href":"https:\/\/www.reportedeprensa.utalca.cl\/index.php?rest_route=%2Fwp%2Fv2%2Ftags&post=5527"}],"curies":[{"name":"wp","href":"https:\/\/api.w.org\/{rel}","templated":true}]}}