{"id":5554,"date":"2022-11-08T10:48:34","date_gmt":"2022-11-08T13:48:34","guid":{"rendered":"https:\/\/www.reportedeprensa.utalca.cl\/?p=5554"},"modified":"2022-11-08T11:46:02","modified_gmt":"2022-11-08T14:46:02","slug":"08-de-noviembre-de-2022","status":"publish","type":"post","link":"https:\/\/www.reportedeprensa.utalca.cl\/?p=5554","title":{"rendered":"08 de noviembre de 2022"},"content":{"rendered":"\t\t<div data-elementor-type=\"wp-post\" data-elementor-id=\"5554\" class=\"elementor elementor-5554\" data-elementor-settings=\"[]\">\n\t\t\t\t\t\t\t<div class=\"elementor-section-wrap\">\n\t\t\t\t\t\t\t<section class=\"elementor-section elementor-top-section elementor-element elementor-element-2a4b4b83 elementor-section-boxed elementor-section-height-default elementor-section-height-default\" data-id=\"2a4b4b83\" data-element_type=\"section\">\n\t\t\t\t\t\t<div class=\"elementor-container elementor-column-gap-default\">\n\t\t\t\t\t<div class=\"elementor-column elementor-col-100 elementor-top-column elementor-element elementor-element-24a78540\" data-id=\"24a78540\" data-element_type=\"column\">\n\t\t\t<div class=\"elementor-widget-wrap elementor-element-populated\">\n\t\t\t\t\t\t\t\t<div class=\"elementor-element elementor-element-55b07e54 elementor-widget elementor-widget-text-editor\" data-id=\"55b07e54\" data-element_type=\"widget\" data-widget_type=\"text-editor.default\">\n\t\t\t\t<div class=\"elementor-widget-container\">\n\t\t\t\t\t\t\t\t<p><strong>ELMOSTRADOR.CL<\/strong><\/p><p><a href=\"https:\/\/www.elmostrador.cl\/agenda-pais\/2022\/11\/07\/universidad-regional-logra-historica-adjudicacion-de-proyectos-sobre-cambio-climatico\/\">Universidad regional logra hist\u00f3rica adjudicaci\u00f3n de proyectos sobre cambio clim\u00e1tico.<\/a><\/p><p>\u00a0<\/p><p><strong>ADPRENSA.CL<\/strong><\/p><p><a href=\"https:\/\/www.adprensa.cl\/cronica\/utalca-es-reconocida-por-innovadoras-practicas-docentes\/\">UTalca es reconocida por innovadoras pr\u00e1cticas docentes. Se refiere Marlene Guti\u00e9rrez, directora del Programa de Formaci\u00f3n Fundamental (PFF).<\/a><\/p><p>\u00a0<\/p><p><strong>MEDIABANCO.COM<\/strong><\/p><p><a href=\"https:\/\/www.mediabanco.com\/utalca-es-reconocida-por-innovadoras-practicas-docentes\/\">UTalca es reconocida por innovadoras pr\u00e1cticas docentes. Se refiere Marlene Guti\u00e9rrez, directora del Programa de Formaci\u00f3n Fundamental (PFF).<\/a><\/p><p>\u00a0<\/p><p><strong>PUBLIMICRO.CL<\/strong><\/p><p><a href=\"https:\/\/publimicro.cl\/gracias-a-sus-innovadoras-practicas-docentes-organismo-internacional-de-educacion-reconoce-a-la-universidad-de-talca\/\">Gracias a sus innovadoras pr\u00e1cticas docentes, organismo internacional de educaci\u00f3n, reconoce a la Universidad de Talca.<\/a><\/p><p>\u00a0<\/p><p><strong>LA TERCERA \u2013 PORTADA PULSO<\/strong><\/p><p><a href=\"https:\/\/www.litoralpress.cl\/paginaconsultas\/Servicios_NClipSitio\/Get_Imagen_Nota.aspx?LPKey=RSAX6PTW24JWN6H5EWBYKN44RC35L5AQHMR42LK46B66TSTG4BNFDXLBK32JKDXM53EUSYSXDSU6M\">Informe U. de Talca: casi 250 constructoras han quebrado en Chile.<\/a><\/p><p>\u00a0<\/p><p><strong>LA TERCERA<\/strong><\/p><p><a href=\"https:\/\/www.litoralpress.cl\/paginaconsultas\/Servicios_NClipSitio\/Get_Imagen_Nota.aspx?LPKey=UGHOBW4IRRHJMAD32T2FLRIUXGMR4LPQAGFGIBNZ6HHTS3EIH7FMIDTSHGUDMPVPLN6ZNHU2TG7BM\">Estudio de la U. de Talca: quiebras de empresas constructoras se duplican en el primer semestre. Se refiere Armando Dur\u00e1n, director de la Escuela de Ingenier\u00eda Civil en Obras Civiles.<\/a><\/p><p>\u00a0<\/p><p><strong>LATERCERA.COM<\/strong><\/p><p><a href=\"https:\/\/www.latercera.com\/pulso\/noticia\/estudio-de-la-u-de-talca-quiebras-de-empresas-constructoras-se-duplican-en-el-primer-semestre\/5FFSR6CHQJGQZB3VCBPMOSGSGQ\/\">Estudio de la U. de Talca: quiebras de empresas constructoras se duplican en el primer semestre. Se refiere Armando Dur\u00e1n, director de la Escuela de Ingenier\u00eda Civil en Obras Civiles.<\/a><\/p><p>\u00a0<\/p><p><strong>MEGANOTICIAS.CL<\/strong><\/p><p><a href=\"https:\/\/www.meganoticias.cl\/nacional\/395337-constructora-en-quiebra-cega-limitada-razones-por-que-quebro-pdp-7-11-2022.html\">Otra constructora se suma a lista de empresas del sector en quiebra: \u00bfCu\u00e1les son las razones? Se refiere Armando Dur\u00e1n, director de la Escuela de Ingenier\u00eda Civil en Obras Civiles.<\/a><\/p><p>\u00a0<\/p><p><strong>ADPRENSA.CL<\/strong><\/p><p><a href=\"https:\/\/www.adprensa.cl\/cronica\/utalca-y-municipalidad-de-san-joaquin-capacitaron-digitalmente-a-adultos-mayores\/\">UTalca y Municipalidad de San Joaqu\u00edn capacitaron digitalmente a adultos mayores. Se refiere Patricia Rodr\u00edguez, directora del Campus Santiago.<\/a><\/p><p>\u00a0<\/p><p><strong>MEDIABANCO.COM<\/strong><\/p><p><a href=\"https:\/\/www.mediabanco.com\/utalca-y-municipalidad-de-san-joaquin-capacitaron-digitalmente-a-adultos-mayores\/\">UTalca y Municipalidad de San Joaqu\u00edn capacitaron digitalmente a adultos mayores. Se refiere Patricia Rodr\u00edguez, directora del Campus Santiago.<\/a><\/p><p>\u00a0<\/p><p><strong>PUBLIMICRO.CL<\/strong><\/p><p><a href=\"https:\/\/publimicro.cl\/adultos-mayores-de-comuna-de-san-joaquin-en-santiago-fueron-capacitados-digitalmente-por-sede-local-de-la-universidad-de-talca\/\">Adultos mayores de comuna de San Joaqu\u00edn en Santiago, fueron capacitados digitalmente por sede local de la Universidad de Talca.<\/a><\/p><p>\u00a0<\/p><p><strong>CANAL ANTOFAGASTA TV<\/strong><\/p><p><a href=\"https:\/\/www.litoralpress.cl\/sitio\/RadioTV_Detalles.cshtml?LPKey=U2TM4FI5PHBLRGQJMMNCJI6US6WSIYQEJA5LIVW5CEQ4GBZX43LLP5L6VOULHBWA7E7QPNPU5JKHW\">Comienza aplicaci\u00f3n de vacuna bivalente a personas de 70 a\u00f1os o m\u00e1s. Se refiere \u00c9rika Retamal, directora del Departamento de Salud P\u00fablica.<\/a><\/p><p>\u00a0<\/p><p><strong>DIARIOELHERALDO.CL<\/strong><\/p><p><a href=\"https:\/\/www.diarioelheraldo.cl\/noticia\/especialistas-en-automatizacion-de-sistemas-se-reunieron-en-la-utalca-\">Especialistas en automatizaci\u00f3n de sistemas se reunieron en la UTalca. Se refieren Javier Mu\u00f1oz, decano de la Facultad de Ingenier\u00eda y Mario Fern\u00e1ndez, acad\u00e9mico de la Facultad de Ingenier\u00eda.<\/a><\/p><p>\u00a0<\/p><p><strong>CANAL ANTOFAGASTA TV<\/strong><\/p><p><a href=\"https:\/\/www.litoralpress.cl\/sitio\/RadioTV_Detalles.cshtml?LPKey=7FFXL4BHWKZGLQLUZRXTORHOTX2XPXQ4637WJ3DMLMBTSWGO6Q4WAFJAX2WMJ62RRDNBV7TMVZR7Q\">Consejos para enfrentar el complejo escenario econ\u00f3mico. Se refiere Juan Andr\u00e9s Riquelme, director del Mag\u00edster en Econom\u00eda.<\/a><\/p><p>\u00a0<\/p><p><strong>DIARIO FINANCIERO<\/strong><\/p><p><a href=\"https:\/\/www.litoralpress.cl\/sitio\/Prensa_PaginaCompleta.cshtml?LPKey=U55QSXJUVUYZDV7IP7JP6OBCTSJEQWUW6NEXNZQMEQBBEGRULABQ\">Panel UC se divide por destino del 6% de cotizaci\u00f3n adicional. Se refiere Alejandro Ferreiro, ex presidente de la Junta Directiva de la UTalca.<\/a><\/p><p>\u00a0<\/p><p><strong>CANAL MEGA PLUS<\/strong><\/p><p><a href=\"https:\/\/www.litoralpress.cl\/sitio\/RadioTV_Detalles.cshtml?LPKey=4XIFACX5AF7OCDHHW7LZ4K22HNZOYAU5TEHR5NHA3DILGCYEZJPDFZ47JZ5TSUNRE5TEYQA2PKWF6\">Entrevista a Mauricio Morales, director del Centro de An\u00e1lisis Pol\u00edtico (CAP).<\/a><\/p><p>\u00a0<\/p><p><strong>CANAL MEGA PLUS<\/strong><\/p><p><a href=\"https:\/\/www.litoralpress.cl\/sitio\/RadioTV_Detalles.cshtml?LPKey=7WGL4G5MRMBJHFBDSKPRUSAM363S2N53YM5UP3HOXWQ3ZE3JGU7BERK6CN46XQT3E77EA3ESDQGXI\">Vlado Mirosevic electo presidente de la C\u00e1mara de Diputados. Se refiere Mauricio Morales, director del Centro de An\u00e1lisis Pol\u00edtico (CAP).<\/a><\/p><p>\u00a0<\/p><p><strong>RADIO INFINITA<\/strong><\/p><p><a href=\"https:\/\/www.litoralpress.cl\/sitio\/RadioTV_Detalles.cshtml?LPKey=4YJGQTLOYIKC7NXMGT7BAGJXTRWTHNY5CWEHSNOT5HELZKJ7A5CV5EUMFT5SBQTWGXWBL6CRBL4KC\">Comentario de Mauricio Morales, director del Centro de An\u00e1lisis Pol\u00edtico (CAP).<\/a><\/p><p>\u00a0<\/p><p><strong>INFINITA.CL<\/strong><\/p><p><a href=\"https:\/\/www.infinita.cl\/columnas\/2022\/11\/07\/rodrigo-bravo-mauricio-morales-vlado-mirosevic.html\">Comentario de Mauricio Morales, director del Centro de An\u00e1lisis Pol\u00edtico (CAP).<\/a><\/p><p>\u00a0<\/p><p><strong>CR\u00d3NICA CHILL\u00c1N<\/strong><\/p><p><a href=\"https:\/\/www.litoralpress.cl\/sitio\/Prensa_PaginaCompleta.cshtml?LPKey=N77CGK6UYAA5JD5BTYCQH3KUWMYWEBS4YCAAAUFQNUGZSNDKRFRQ\">El trasfondo de los cambios de rumbo que ha adoptado la sociedad chilena en la \u00faltima d\u00e9cada. Se refiere Mauricio Morales, director del Centro de An\u00e1lisis Pol\u00edtico (CAP).<\/a><\/p><p>\u00a0<\/p><p><strong>LA PRENSA<\/strong><\/p><p><a href=\"https:\/\/www.litoralpress.cl\/sitio\/Prensa_Detalles.cshtml?LPKey=ROESS3FULONFOM7C3GV4B2WAQUEBCHXRFCA3PDTKMUS3FID3EAMQ\">Universidad de Talca retoma Tren Navide\u00f1o para llevar regalos y amor a ni\u00f1os del ramal. Se refiere Marcela Albornoz, directora de Extensi\u00f3n Cultural-Art\u00edstica.<\/a><\/p><p>\u00a0<\/p><p><strong>DIARIOENRED.COM<\/strong><\/p><p><a href=\"https:\/\/diariosenred.com\/regional\/utalca-inicia-campana-para-donacion-de-regalos-de-su-tradicional-tren-de\">UTalca inicia campa\u00f1a para donaci\u00f3n de regalos de su tradicional Tren de Navidad. Se refiere Marcela Albornoz, directora de Extensi\u00f3n Cultural-Art\u00edstica.<\/a><\/p><p>\u00a0<\/p><p><strong>ENLINEAMAULE<\/strong><\/p><p><a href=\"https:\/\/enlineamaule.cl\/archivo\/50047\">Se realizar\u00e1 la campa\u00f1a de donaci\u00f3n de juguetes para el tradicional tren de navidad que recorre las localidades del ramal Talca-Constituci\u00f3n. Se menciona a la Direcci\u00f3n Cultural-Art\u00edstica.<\/a><\/p><p>\u00a0<\/p><p><strong>DIARIOLAPRENSA.CL<\/strong><\/p><p><a href=\"https:\/\/new.diariolaprensa.cl\/index.php\/2022\/11\/07\/retoman-tren-navideno-para-llevar-regalos-y-amor-a-ninos-del-ramal\/\">Retoman Tren Navide\u00f1o para llevar regalos y amor a ni\u00f1os del ramal. Se refiere Marcela Albornoz, directora de Extensi\u00f3n Cultural-Art\u00edstica.<\/a><\/p><p>\u00a0<\/p><p><strong>REDMAULE.COM<\/strong><\/p><p><a href=\"https:\/\/www.redmaule.com\/regional\/utalca-inicia-campana-para-donacion-de-regalos-de-su-tradicional-tren-de\">UTalca inicia campa\u00f1a para donaci\u00f3n de regalos de su tradicional Tren de Navidad. Se refiere Marcela Albornoz, directora de Extensi\u00f3n Cultural-Art\u00edstica.<\/a><\/p><p>\u00a0<\/p><p><strong>LA PRENSA<\/strong><\/p><p><a href=\"https:\/\/www.litoralpress.cl\/paginaconsultas\/Servicios_NClipSitio\/Get_Imagen_Nota.aspx?LPKey=3IQUVPIOWOYUVYZWXENFEMSUUVZQDFQWN3VJPPW5FKYY7T5P3SD5EBEYJSK7WHRV54CABM2CH2LO4\">Estudiantes conocieron programa de apoyo a personas en situaci\u00f3n de calle.<\/a><\/p><p>\u00a0<\/p>\t\t\t\t\t\t<\/div>\n\t\t\t\t<\/div>\n\t\t\t\t\t<\/div>\n\t\t<\/div>\n\t\t\t\t\t\t\t<\/div>\n\t\t<\/section>\n\t\t\t\t\t\t<\/div>\n\t\t\t\t\t<\/div>\n\t\t","protected":false},"excerpt":{"rendered":"<p>ELMOSTRADOR.CL Universidad regional logra hist\u00f3rica adjudicaci\u00f3n de proyectos sobre cambio clim\u00e1tico. \u00a0 ADPRENSA.CL UTalca es reconocida por innovadoras pr\u00e1cticas docentes. Se refiere Marlene Guti\u00e9rrez, directora del Programa de Formaci\u00f3n Fundamental (PFF). \u00a0 MEDIABANCO.COM UTalca es reconocida por innovadoras pr\u00e1cticas docentes. Se refiere Marlene Guti\u00e9rrez, directora del Programa de Formaci\u00f3n Fundamental (PFF). \u00a0 PUBLIMICRO.CL Gracias a &hellip;<\/p>\n<p class=\"read-more\"> <a class=\"\" href=\"https:\/\/www.reportedeprensa.utalca.cl\/?p=5554\"> <span class=\"screen-reader-text\">08 de noviembre de 2022<\/span> Read More &raquo;<\/a><\/p>\n","protected":false},"author":1,"featured_media":0,"comment_status":"closed","ping_status":"open","sticky":false,"template":"","format":"standard","meta":{"_monsterinsights_skip_tracking":false,"_monsterinsights_sitenote_active":false,"_monsterinsights_sitenote_note":"","_monsterinsights_sitenote_category":0},"categories":[27],"tags":[],"_links":{"self":[{"href":"https:\/\/www.reportedeprensa.utalca.cl\/index.php?rest_route=\/wp\/v2\/posts\/5554"}],"collection":[{"href":"https:\/\/www.reportedeprensa.utalca.cl\/index.php?rest_route=\/wp\/v2\/posts"}],"about":[{"href":"https:\/\/www.reportedeprensa.utalca.cl\/index.php?rest_route=\/wp\/v2\/types\/post"}],"author":[{"embeddable":true,"href":"https:\/\/www.reportedeprensa.utalca.cl\/index.php?rest_route=\/wp\/v2\/users\/1"}],"replies":[{"embeddable":true,"href":"https:\/\/www.reportedeprensa.utalca.cl\/index.php?rest_route=%2Fwp%2Fv2%2Fcomments&post=5554"}],"version-history":[{"count":7,"href":"https:\/\/www.reportedeprensa.utalca.cl\/index.php?rest_route=\/wp\/v2\/posts\/5554\/revisions"}],"predecessor-version":[{"id":5568,"href":"https:\/\/www.reportedeprensa.utalca.cl\/index.php?rest_route=\/wp\/v2\/posts\/5554\/revisions\/5568"}],"wp:attachment":[{"href":"https:\/\/www.reportedeprensa.utalca.cl\/index.php?rest_route=%2Fwp%2Fv2%2Fmedia&parent=5554"}],"wp:term":[{"taxonomy":"category","embeddable":true,"href":"https:\/\/www.reportedeprensa.utalca.cl\/index.php?rest_route=%2Fwp%2Fv2%2Fcategories&post=5554"},{"taxonomy":"post_tag","embeddable":true,"href":"https:\/\/www.reportedeprensa.utalca.cl\/index.php?rest_route=%2Fwp%2Fv2%2Ftags&post=5554"}],"curies":[{"name":"wp","href":"https:\/\/api.w.org\/{rel}","templated":true}]}}