{"id":5569,"date":"2022-11-09T09:44:36","date_gmt":"2022-11-09T12:44:36","guid":{"rendered":"https:\/\/www.reportedeprensa.utalca.cl\/?p=5569"},"modified":"2022-11-09T09:57:51","modified_gmt":"2022-11-09T12:57:51","slug":"09-de-noviembre-de-2022","status":"publish","type":"post","link":"https:\/\/www.reportedeprensa.utalca.cl\/?p=5569","title":{"rendered":"09 de noviembre de 2022"},"content":{"rendered":"\t\t<div data-elementor-type=\"wp-post\" data-elementor-id=\"5569\" class=\"elementor elementor-5569\" data-elementor-settings=\"[]\">\n\t\t\t\t\t\t\t<div class=\"elementor-section-wrap\">\n\t\t\t\t\t\t\t<section class=\"elementor-section elementor-top-section elementor-element elementor-element-2a4b4b83 elementor-section-boxed elementor-section-height-default elementor-section-height-default\" data-id=\"2a4b4b83\" data-element_type=\"section\">\n\t\t\t\t\t\t<div class=\"elementor-container elementor-column-gap-default\">\n\t\t\t\t\t<div class=\"elementor-column elementor-col-100 elementor-top-column elementor-element elementor-element-24a78540\" data-id=\"24a78540\" data-element_type=\"column\">\n\t\t\t<div class=\"elementor-widget-wrap elementor-element-populated\">\n\t\t\t\t\t\t\t\t<div class=\"elementor-element elementor-element-55b07e54 elementor-widget elementor-widget-text-editor\" data-id=\"55b07e54\" data-element_type=\"widget\" data-widget_type=\"text-editor.default\">\n\t\t\t\t<div class=\"elementor-widget-container\">\n\t\t\t\t\t\t\t\t<p><strong>EL MERCURIO<\/strong><\/p><p><a href=\"https:\/\/www.litoralpress.cl\/paginaconsultas\/Servicios_NClipSitio\/Get_Imagen_Nota.aspx?LPKey=R42SN3ZV6F6TAJM3QLYEITGU7SQ3TCCQGZXOHH2J3IXONNP4APO5CHUVAE4MSGP2JUUXVHH66YXOK\">Educaci\u00f3n de excelencia y pionera en la formaci\u00f3n basada en competencias.<\/a><\/p><p>\u00a0<\/p><p><strong>ADPRENSA.CL<\/strong><\/p><p><a href=\"https:\/\/www.adprensa.cl\/cronica\/mas-de-210-vacantes-abre-el-pace-utalca-para-el-proceso-de-admision-2023\/\">M\u00e1s de 210 vacantes abre el PACE UTalca para el proceso de Admisi\u00f3n 2023. Se refieren Paola Morales, director de Ciclo de Vida Estudiantil (CIVE) y Yerca Ben\u00edtez, coordinador Ejecutiva del Programa PACE.<\/a><\/p><p>\u00a0<\/p><p><strong>MEDIABANCO.COM<\/strong><\/p><p><a href=\"https:\/\/www.mediabanco.com\/mas-de-210-vacantes-abre-el-pace-utalca-para-el-proceso-de-admision-2023\/\">M\u00e1s de 210 vacantes abre el PACE UTalca para el proceso de Admisi\u00f3n 2023. Se refieren Paola Morales, director de Ciclo de Vida Estudiantil (CIVE) y Yerca Ben\u00edtez, coordinador Ejecutiva del Programa PACE.<\/a><\/p><p>\u00a0<\/p><p><strong>LA PRENSA<\/strong><\/p><p><a href=\"https:\/\/www.litoralpress.cl\/paginaconsultas\/Servicios_NClipSitio\/Get_Imagen_Nota.aspx?LPKey=HZ4RRS5LJEWPNJMRCKJWW6H5P7WO3MWRSWUHLGDJXZGRCQDXLHT36K4ERIB2RWIYX6TM5MWJ6XFVQ\">Reconocen a la UTalca por innovaci\u00f3n en pr\u00e1cticas docentes. Se refiere Marlene Guti\u00e9rrez, directora del Programa de Formaci\u00f3n Fundamental.\u00a0<\/a><\/p><p>\u00a0<\/p><p><strong>ELMOSTRADOR.CL<\/strong><\/p><p><a href=\"https:\/\/www.elmostrador.cl\/agenda-pais\/2022\/11\/08\/capacitan-digitalmente-a-personas-mayores-de-la-comuna-de-san-joaquin\/\">Capacitan digitalmente a personas mayores de la comuna de San Joaqu\u00edn. Se refiere Patricio Rodr\u00edguez, directora del Campus Santiago.\u00a0<\/a><\/p><p>\u00a0<\/p><p><strong>EL LECTOR<\/strong><\/p><p><a href=\"https:\/\/www.litoralpress.cl\/paginaconsultas\/Servicios_NClipSitio\/Get_Imagen_Nota.aspx?LPKey=VCXXI723WO7Y23AXBBU7U7CT6ZFC4A3VTTPDZTHOINUKIJ44FPGSMHJKMY22TMFEC2L4WCDPZRMEG\">UTalca y Municipalidad de San Joaqu\u00edn capacitaron digitalmente a adultos mayores. Se refiere Patricio Rodr\u00edguez, directora del Campus Santiago.<\/a>\u00a0<\/p><p>\u00a0<\/p><p><strong>CHILEESNOTICIA.COM<\/strong><\/p><p><a href=\"https:\/\/chileesnoticia.com\/2022\/11\/08\/capacitan-digitalmente-a-personas-mayores-de-la-comuna-de-san-joaquin\/\">Capacitan digitalmente a personas mayores de la comuna de San Joaqu\u00edn. Se refiere Patricio Rodr\u00edguez, directora del Campus Santiago.\u00a0<\/a><\/p><p>\u00a0<\/p><p><strong>RADIO AMIGA<\/strong><\/p><p><a href=\"https:\/\/www.litoralpress.cl\/sitio\/RadioTV_Detalles.cshtml?LPKey=HN3M4NHN255XTVUPAAYGXGHJJLF7ZUL6FDVT3RU435FYJOGESTS7R76DLC6BB5XZ7CCJKKVCZPBIG\">Talleres gratuitos de lectura y escritura inicial orientados a adultos mayores para mejorar su comunicaci\u00f3n digital. Se refiere Marianella Flores, directora de la carrera de Pedagog\u00eda en Educaci\u00f3n General B\u00e1sica Menci\u00f3n Ingl\u00e9s.<\/a><\/p><p>\u00a0<\/p><p><strong>CANAL MEGA<\/strong><\/p><p><a href=\"https:\/\/www.litoralpress.cl\/sitio\/RadioTV_Detalles.cshtml?LPKey=MP6SZS2BT67MN73WRZZTCU376LI45MWOZ6XGXM7MNTVPHFEJ7BHYE5WPOCPSVP2RIODJBBRKS6TN6\">Estudio de la UTalca revel\u00f3 que se duplicaron las empresas constructoras declaradas en quiebra durante el primer semestre del a\u00f1o. Se refiere Armando Dur\u00e1n, director de la Escuela de Ingenier\u00eda Civil en Obras Civiles.<\/a><\/p><p>\u00a0<\/p><p><strong>CANAL MEGA PLUS<\/strong><\/p><p><a href=\"https:\/\/www.litoralpress.cl\/sitio\/RadioTV_Detalles.cshtml?LPKey=45WC75UZHHWNNZ7YM34GDEDUBK7MFHBKEPM3WWS36AB2C5ZVIE5LBFV53PCIBZARELJWHCUZZCSWC\">Estudio de la UTalca revel\u00f3 que se duplicaron las empresas constructoras declaradas en quiebra durante el primer semestre del a\u00f1o. Se refiere Armando Dur\u00e1n, director de la Escuela de Ingenier\u00eda Civil en Obras Civiles.<\/a><\/p><p>\u00a0<\/p><p><strong>RADIO ADN<\/strong><\/p><p><a href=\"https:\/\/www.litoralpress.cl\/sitio\/RadioTV_Detalles.cshtml?LPKey=4MS4LWXHWS4JNMRQRH53O2HZN4RT2OGZXUOSLTCBZ5KEREEQ6JJSRRQQHUKNZUMSGCHTAKPWO6CAQ\">Entrevista a Armando Dur\u00e1n, director de la Escuela de Ingenier\u00eda Civil en Obras Civiles.<\/a><\/p><p>\u00a0<\/p><p><strong>COOPERATIVA.CL<\/strong><\/p><p><a href=\"https:\/\/www.cooperativa.cl\/noticias\/economia\/sectores-productivos\/construccion\/estudio-quiebra-de-constructoras-se-duplico-el-primer-semestre-y-fue-un\/2022-11-08\/063522.html\">Estudio: Quiebra de constructoras se duplic\u00f3 el primer semestre y fue un tercio del total de empresas. Se refiere Armando Dur\u00e1n, director de la Escuela de Ingenier\u00eda Civil en Obras Civiles.<\/a><\/p><p>\u00a0<\/p><p><strong>LATERCERA.COM<\/strong><\/p><p><a href=\"https:\/\/www.latercera.com\/que-pasa\/noticia\/el-desconocido-corredor-calido-de-la-zona-central-talca-anota-la-primavera-mas-calurosa-de-su-historia\/EJR7BGJO3BHYRALP4D66RHOKQ4\/\">El desconocido corredor c\u00e1lido de la zona central: Talca anota la primavera m\u00e1s calurosa de su historia. Se refiere Patricio Gonz\u00e1lez, acad\u00e9mico del Centro de Investigaci\u00f3n y Transferencia en Riego y Agroclimatolog\u00eda (CITRA).\u00a0<\/a><\/p><p>\u00a0<\/p><p><strong>24HORAS.CL<\/strong><\/p><p><a href=\"https:\/\/www.24horas.cl\/te-sirve\/podrian-registrarse-gasta-40-conoce-cuando-llegara-el-verano-en-chile\">Podr\u00edan registrarse hasta 40 \u00b0C: conoce cu\u00e1ndo llegar\u00e1 el verano en Chile. Se refiere Patricio Gonz\u00e1lez, acad\u00e9mico del Centro de Investigaci\u00f3n y Transferencia en Riego y Agroclimatolog\u00eda (CITRA).\u00a0<\/a><\/p><p>\u00a0<\/p><p><strong>ADNRADIO.CL<\/strong><\/p><p><a href=\"https:\/\/www.adnradio.cl\/economia\/2022\/11\/08\/experto-analizo-la-situacion-de-las-empresas-constructoras-ante-la-crisis-economica-este-rubro-es-el-mas-afectado.html\">Experto analiz\u00f3 la situaci\u00f3n de las empresas constructoras ante la crisis econ\u00f3mica: \u201cEste rubro es el m\u00e1s afectado\u201d. Se refiere Patricio Gonz\u00e1lez, acad\u00e9mico del Centro de Investigaci\u00f3n y Transferencia en Riego y Agroclimatolog\u00eda (CITRA).\u00a0<\/a><\/p><p>\u00a0<\/p><p><strong>DIARIOSENRED.COM<\/strong><\/p><p><a href=\"https:\/\/diariosenred.com\/regional\/talca-anota-la-primavera-mas-calurosa-de-su-historia\">Talca anota la primavera m\u00e1s calurosa de su historia. Se refiere Patricio Gonz\u00e1lez, acad\u00e9mico del Centro de Investigaci\u00f3n y Transferencia en Riego y Agroclimatolog\u00eda (CITRA).\u00a0<\/a><\/p><p>\u00a0<\/p><p><strong>REDMAULE.COM<\/strong><\/p><p><a href=\"https:\/\/www.redmaule.com\/regional\/talca-anota-la-primavera-mas-calurosa-de-su-historia\">Talca anota la primavera m\u00e1s calurosa de su historia. Se refiere Patricio Gonz\u00e1lez, acad\u00e9mico del Centro de Investigaci\u00f3n y Transferencia en Riego y Agroclimatolog\u00eda (CITRA).\u00a0<\/a><\/p><p>\u00a0<\/p><p><strong>ELCENTRO.CL<\/strong><\/p><p><a href=\"https:\/\/elcentro.cl\/2022\/11\/08\/reportaje-sequia-incendios-forestales-y-seguridad-las-amenazas-del-sector-agropecuario\/\">Sequ\u00eda, incendios forestales y seguridad: las amenazas del sector agropecuario. Se refiere Patricio Gonz\u00e1lez, acad\u00e9mico del Centro de Investigaci\u00f3n y Transferencia en Riego y Agroclimatolog\u00eda (CITRA). \u00a0<\/a><\/p><p>\u00a0<\/p><p><strong>RADIO GUAYAC\u00c1N<\/strong><\/p><p><a href=\"https:\/\/www.litoralpress.cl\/sitio\/RadioTV_Detalles.cshtml?LPKey=SFKNZACNYH4J6F5TLVNAAVRWOV7NISSK7662CM2VW733V46EDZEP4D4VCEI34HBBHKPY6AQEDXKSC\">Entrevista a Sergio Wehinger, director del Mag\u00edster en Ciencias Biom\u00e9dicas.<\/a><\/p><p>\u00a0<\/p><p><strong>MAULEHOY.CL<\/strong><\/p><p><a href=\"https:\/\/maulehoy.cl\/2022\/11\/08\/expertos-alertan-aumentos-de-casos-covid-19-continuara-en-los-proximos-dias\/\">Expertos alertan: aumentos de casos Covid-19 continuar\u00e1 en los pr\u00f3ximos d\u00edas. Se refieren \u00c9rika Retamal y Marcelo Alarc\u00f3n, acad\u00e9micos de la Facultad de Ciencias de la Salud.<\/a><\/p><p>\u00a0<\/p><p><strong>LA PRENSA<\/strong><\/p><p><a href=\"https:\/\/www.litoralpress.cl\/paginaconsultas\/Servicios_NClipSitio\/Get_Imagen_Nota.aspx?LPKey=SX3THDLPQ7CB47VXBJSUU7JJ4BDSOQDRN5PMTIYC3U6X763R5SDQGUMH7WQZJIRY7E3ZJ3SHRPENK\">Energ\u00eda y nuevos desaf\u00edos. Columna de opini\u00f3n de Marco Rivera, acad\u00e9mico de la Facultad de Ingenier\u00eda.<\/a><\/p><p>\u00a0<\/p><p><strong>EL HERALDO<\/strong><\/p><p><a href=\"https:\/\/www.litoralpress.cl\/paginaconsultas\/Servicios_NClipSitio\/Get_Imagen_Nota.aspx?LPKey=23TDTAON3R6SGH2Q7Q2PU4DSIPFPLPHZVQM5GWXLI63SOVZJOZNXTJRZDXDR2SB4EHWYETOIQXBAC\">Especialistas en automatizaci\u00f3n de sistemas se reunieron en la UTalca. Se refieren Javier Mu\u00f1oz, decano de la Facultad de Ingenier\u00eda y Mario Fern\u00e1ndez, acad\u00e9mico de la misma unidad.\u00a0<\/a><\/p><p>\u00a0<\/p><p><strong>PORTALAGROCHILE.CL<\/strong><\/p><p><a href=\"https:\/\/www.portalagrochile.cl\/2022\/11\/08\/innovaciones-sustentables-para-la-industria-del-vino\/\">Innovaciones sustentables para la industria del vino. Se menciona al Centro Tecnol\u00f3gico de la Vid y el Vino.<\/a><\/p><p>\u00a0<\/p><p><strong>CHILLANONLINE.CL<\/strong><\/p><p><a href=\"https:\/\/www.chillanonline.cl\/V6\/cafe-forestal-2022-logra-vinculo-entre-universitarios-e-investigadores-y-futuro-campo-laboral\/\">\u201cCaf\u00e9 Forestal 2022\u201d logra v\u00ednculo entre universitarios e investigadores y futuro campo laboral. Se refiere Roberto Pizarro, acad\u00e9mico de la Escuela de Ingenier\u00eda Forestal.<\/a><\/p><p>\u00a0<\/p><p><strong>CONTRAPLANO.CL<\/strong><\/p><p><a href=\"https:\/\/contraplano.cl\/2022\/11\/08\/cafe-forestal-2022-logra-vinculo-entre-universitarios-e-investigadores-y-futuro-campo-laboral\/\">\u201cCaf\u00e9 Forestal 2022\u201d logra v\u00ednculo entre universitarios e investigadores y futuro campo laboral. Se refiere Roberto Pizarro, acad\u00e9mico de la Escuela de Ingenier\u00eda Forestal.<\/a><\/p><p>\u00a0<\/p><p><strong>CANAL TV5 LINARES<\/strong><\/p><p><a href=\"https:\/\/www.litoralpress.cl\/sitio\/RadioTV_Detalles.cshtml?LPKey=IAOFSKQC2ZAKY26KYLL3VOLPMUCID2UTACTTXNKM4RFWUXJMD4IEYWESUDMEDTIUDJD72C24BNU7W\">Escenario econ\u00f3mico local. Se refiere Juan Andr\u00e9s Riquelme, director del Mag\u00edster en Econom\u00eda.<\/a><\/p><p>\u00a0<\/p><p><strong>RADIO AMIGA<\/strong><\/p><p><a href=\"https:\/\/www.litoralpress.cl\/sitio\/RadioTV_Detalles.cshtml?LPKey=IODVR4IXTRCDVRJIEG5NFVLX5PQYIW7ABVA5ZQRSOACFVSHCP4DWZ6ZKMUL3M6AGPLWTWZXVZTSC2\">El IPC anot\u00f3 un crecimiento de 0,5% en octubre acumulando un alza de 11,4% en lo que va del a\u00f1o. Se refiere Juan Andr\u00e9s Riquelme, director del Mag\u00edster en Econom\u00eda.<\/a><\/p><p>\u00a0<\/p><p><strong>CANAL 24 HORAS<\/strong><\/p><p><a href=\"https:\/\/www.litoralpress.cl\/sitio\/RadioTV_Detalles.cshtml?LPKey=UNODQSC2QPDFCECT6SQ57E47CTPSQUWG5NKP45Z72O7KECBKV476CZYVXPKSDRNT2LITQFQIGQNNC\">Entrevista a Mauricio Morales, director del Centro de An\u00e1lisis Pol\u00edtico (CAP).<\/a><\/p><p>\u00a0<\/p><p><strong>CANAL CNN CHILE<\/strong><\/p><p><a href=\"https:\/\/www.litoralpress.cl\/sitio\/RadioTV_Detalles.cshtml?LPKey=E5FL3CV7UK2KRAY2FKRFZHWUFB762XG554XWK4MN5WUILOV6EORYLWRRP5VFAXCCEKNCFSJPZLDV2\">El rol de Ana Lya Uriarte en la elecci\u00f3n de la presidencia de la C\u00e1mara de Diputados. Se refiere Mauricio Morales, director del Centro de An\u00e1lisis Pol\u00edtico (CAP).<\/a><\/p><p>\u00a0<\/p><p><strong>EMOL TV<\/strong><\/p><p><a href=\"https:\/\/tv.emol.com\/detail\/20221107121513110\/en-vivo-agenda-mirada-politica-junto-a-mauricio-morales-y-benjamin-blanco\">Comentario de Mauricio Morales, director del Centro de An\u00e1lisis Pol\u00edtico (CAP).<\/a><\/p><p>\u00a0<\/p><p><strong>RADIO INFINITA<\/strong><\/p><p><a href=\"https:\/\/www.litoralpress.cl\/sitio\/RadioTV_Detalles.cshtml?LPKey=DWOHLCKM5KXJXD2JQG5VNQZFVSOLSNKSJPO3RRAVYGO3PVKRD2UP4H3OMI5B7XCSH3GGY7PZNHEFU\">Comentario de Mauricio Morales, director del Centro de An\u00e1lisis Pol\u00edtico (CAP).<\/a><\/p><p>\u00a0<\/p><p><strong>24HORAS.CL<\/strong><\/p><p><a href=\"https:\/\/www.24horas.cl\/programas\/manana-informativa\/mauricio-morales-cientista-politico-vlado-mirosevic\">Mauricio Morales, cientista pol\u00edtico: &#8220;Vlado Mirosevic es un diputado sobresaliente, ser\u00e1 un muy buen presidente&#8221;. Se refiere el director del Centro de An\u00e1lisis Pol\u00edtico (CAP).<\/a><\/p><p>\u00a0<\/p><p><strong>EMOL.COM<\/strong><\/p><p><a href=\"https:\/\/www.emol.com\/noticias\/Nacional\/2022\/11\/08\/1077772\/mauricio-morales-gobierno-proceso-constituyente.html\">Mauricio Morales: &#8220;Si el Gobierno vuelve a empujar un proceso constituyente, es derrota segura&#8221;. Se refiere el director del Centro de An\u00e1lisis Pol\u00edtico (CAP).<\/a><\/p><p>\u00a0<\/p>\t\t\t\t\t\t<\/div>\n\t\t\t\t<\/div>\n\t\t\t\t\t<\/div>\n\t\t<\/div>\n\t\t\t\t\t\t\t<\/div>\n\t\t<\/section>\n\t\t\t\t\t\t<\/div>\n\t\t\t\t\t<\/div>\n\t\t","protected":false},"excerpt":{"rendered":"<p>EL MERCURIO Educaci\u00f3n de excelencia y pionera en la formaci\u00f3n basada en competencias. \u00a0 ADPRENSA.CL M\u00e1s de 210 vacantes abre el PACE UTalca para el proceso de Admisi\u00f3n 2023. Se refieren Paola Morales, director de Ciclo de Vida Estudiantil (CIVE) y Yerca Ben\u00edtez, coordinador Ejecutiva del Programa PACE. \u00a0 MEDIABANCO.COM M\u00e1s de 210 vacantes abre &hellip;<\/p>\n<p class=\"read-more\"> <a class=\"\" href=\"https:\/\/www.reportedeprensa.utalca.cl\/?p=5569\"> <span class=\"screen-reader-text\">09 de noviembre de 2022<\/span> Read More &raquo;<\/a><\/p>\n","protected":false},"author":1,"featured_media":0,"comment_status":"closed","ping_status":"open","sticky":false,"template":"","format":"standard","meta":{"_monsterinsights_skip_tracking":false,"_monsterinsights_sitenote_active":false,"_monsterinsights_sitenote_note":"","_monsterinsights_sitenote_category":0},"categories":[27],"tags":[],"_links":{"self":[{"href":"https:\/\/www.reportedeprensa.utalca.cl\/index.php?rest_route=\/wp\/v2\/posts\/5569"}],"collection":[{"href":"https:\/\/www.reportedeprensa.utalca.cl\/index.php?rest_route=\/wp\/v2\/posts"}],"about":[{"href":"https:\/\/www.reportedeprensa.utalca.cl\/index.php?rest_route=\/wp\/v2\/types\/post"}],"author":[{"embeddable":true,"href":"https:\/\/www.reportedeprensa.utalca.cl\/index.php?rest_route=\/wp\/v2\/users\/1"}],"replies":[{"embeddable":true,"href":"https:\/\/www.reportedeprensa.utalca.cl\/index.php?rest_route=%2Fwp%2Fv2%2Fcomments&post=5569"}],"version-history":[{"count":7,"href":"https:\/\/www.reportedeprensa.utalca.cl\/index.php?rest_route=\/wp\/v2\/posts\/5569\/revisions"}],"predecessor-version":[{"id":5586,"href":"https:\/\/www.reportedeprensa.utalca.cl\/index.php?rest_route=\/wp\/v2\/posts\/5569\/revisions\/5586"}],"wp:attachment":[{"href":"https:\/\/www.reportedeprensa.utalca.cl\/index.php?rest_route=%2Fwp%2Fv2%2Fmedia&parent=5569"}],"wp:term":[{"taxonomy":"category","embeddable":true,"href":"https:\/\/www.reportedeprensa.utalca.cl\/index.php?rest_route=%2Fwp%2Fv2%2Fcategories&post=5569"},{"taxonomy":"post_tag","embeddable":true,"href":"https:\/\/www.reportedeprensa.utalca.cl\/index.php?rest_route=%2Fwp%2Fv2%2Ftags&post=5569"}],"curies":[{"name":"wp","href":"https:\/\/api.w.org\/{rel}","templated":true}]}}