{"id":5590,"date":"2022-11-10T10:30:10","date_gmt":"2022-11-10T13:30:10","guid":{"rendered":"https:\/\/www.reportedeprensa.utalca.cl\/?p=5590"},"modified":"2022-11-10T10:58:06","modified_gmt":"2022-11-10T13:58:06","slug":"10-de-noviembre-de-2022","status":"publish","type":"post","link":"https:\/\/www.reportedeprensa.utalca.cl\/?p=5590","title":{"rendered":"10 de noviembre de 2022"},"content":{"rendered":"\t\t<div data-elementor-type=\"wp-post\" data-elementor-id=\"5590\" class=\"elementor elementor-5590\" data-elementor-settings=\"[]\">\n\t\t\t\t\t\t\t<div class=\"elementor-section-wrap\">\n\t\t\t\t\t\t\t<section class=\"elementor-section elementor-top-section elementor-element elementor-element-2a4b4b83 elementor-section-boxed elementor-section-height-default elementor-section-height-default\" data-id=\"2a4b4b83\" data-element_type=\"section\">\n\t\t\t\t\t\t<div class=\"elementor-container elementor-column-gap-default\">\n\t\t\t\t\t<div class=\"elementor-column elementor-col-100 elementor-top-column elementor-element elementor-element-24a78540\" data-id=\"24a78540\" data-element_type=\"column\">\n\t\t\t<div class=\"elementor-widget-wrap elementor-element-populated\">\n\t\t\t\t\t\t\t\t<div class=\"elementor-element elementor-element-55b07e54 elementor-widget elementor-widget-text-editor\" data-id=\"55b07e54\" data-element_type=\"widget\" data-widget_type=\"text-editor.default\">\n\t\t\t\t<div class=\"elementor-widget-container\">\n\t\t\t\t\t\t\t\t<p><strong>UESTATALES.CL\u00a0<\/strong><\/p><p><a href=\"http:\/\/uestatales.cl\/cue\/?q=node\/9693\">M\u00e1s de 210 vacantes abre el PACE UTalca para el proceso de Admisi\u00f3n 2023. Se refieren Paola Morales, director de Ciclo de Vida Estudiantil (CIVE) y Yerca Ben\u00edtez, coordinador Ejecutiva del Programa PACE.<\/a><\/p><p>\u00a0<\/p><p><strong>LA PRENSA<\/strong><\/p><p><a href=\"https:\/\/www.litoralpress.cl\/paginaconsultas\/Servicios_NClipSitio\/Get_Imagen_Nota.aspx?LPKey=YFGU22QQ2RMM6PZ3S24EOWU4C53VSJADPJ24BODWRE6VHOTTVPAJWBDTP34TDPRDS4ZRRTUICJQCA\">M\u00e1s de 210 vacantes abre el PACE UTalca. Se refieren Paola Morales, director de Ciclo de Vida Estudiantil (CIVE) y Yerca Ben\u00edtez, coordinador Ejecutiva del Programa PACE.<\/a><\/p><p>\u00a0<\/p><p><strong>EL LECTOR<\/strong><\/p><p><a href=\"https:\/\/www.litoralpress.cl\/paginaconsultas\/Servicios_NClipSitio\/Get_Imagen_Nota.aspx?LPKey=IUYK6MKC3O6VABWMNYHA75XWORTRABDAUCMMCK4QXRVUMOLZR3K4TCOYRLFBV3345RBAVZEF4ZOOY\">M\u00e1s de 210 vacantes abre el PACE UTalca para el proceso de Admisi\u00f3n 2023. Se refieren Paola Morales, director de Ciclo de Vida Estudiantil (CIVE) y Yerca Ben\u00edtez, coordinadora ejecutiva del Programa PACE.<\/a><\/p><p>\u00a0<\/p><p><strong>CANAL CONTIVISI\u00d3N<\/strong><\/p><p><a href=\"https:\/\/www.litoralpress.cl\/sitio\/RadioTV_Detalles.cshtml?LPKey=AGRPOVCC6QP7NFVQNEZTIWAFFGP6FKRLUKD2AKFW5OJ6J55GRRXJJOCTMRR4CE7MA5NDR4LKHAT4E\">M\u00e1s de 210 vacantes abri\u00f3 el programa de acceso a la educaci\u00f3n superior Pace de la U. de Talca para el proceso de admisi\u00f3n 2023. Se refieren Paola Morales, director de Ciclo de Vida Estudiantil (CIVE) y Yerca Ben\u00edtez, coordinador Ejecutiva del Programa PACE.<\/a><\/p><p>\u00a0<\/p><p><strong>DIARIOTALCA.CL<\/strong><\/p><p><a href=\"https:\/\/diariotalca.cl\/utalca-abrira-214-cupos-de-admision-especial-para-alumnos-del-programa-pace\/\">UTalca abrir\u00e1 214 cupos de admisi\u00f3n especial para alumnos del programa PACE. Se refieren Paola Morales, director de Ciclo de Vida Estudiantil (CIVE) y Yerca Ben\u00edtez, coordinador Ejecutiva del Programa PACE.<\/a><\/p><p>\u00a0<\/p><p><strong>ADPRENSA.CL<\/strong><\/p><p><a href=\"https:\/\/www.adprensa.cl\/cronica\/admision-especial-utalca-entrega-oportunidades-a-alumnos-con-destacado-compromiso-social\/\">Admisi\u00f3n Especial: UTalca entrega oportunidades a alumnos con destacado compromiso social. Se refieren Carlos Contreras, coordinador de la Unidad de Admisi\u00f3n y Mat\u00edas D\u00edaz, estudiante de Kinesiolog\u00eda.<\/a><\/p><p>\u00a0<\/p><p><strong>MEDIABANCO.COM<\/strong><\/p><p><a href=\"https:\/\/www.mediabanco.com\/admision-especial-utalca-entrega-oportunidades-a-alumnos-con-destacado-compromiso-social\/\">Admisi\u00f3n Especial: UTalca entrega oportunidades a alumnos con destacado compromiso social. Se refieren Carlos Contreras, coordinador de la Unidad de Admisi\u00f3n y Mat\u00edas D\u00edaz, estudiante de Kinesiolog\u00eda.<\/a><\/p><p>\u00a0<\/p><p><strong>ELCENTRO.CL<\/strong><\/p><p><a href=\"https:\/\/elcentro.cl\/2022\/11\/09\/admision-especial-utalca-entrega-oportunidades-a-alumnos-con-destacado-compromiso-social\/\">Admisi\u00f3n Especial: UTalca entrega oportunidades a alumnos con destacado compromiso social. Se refieren Carlos Contreras, coordinador de la Unidad de Admisi\u00f3n y Mat\u00edas D\u00edaz, estudiante de Kinesiolog\u00eda.<\/a><\/p><p>\u00a0<\/p><p><strong>CANAL CNN CHILE<\/strong><\/p><p><a href=\"https:\/\/www.litoralpress.cl\/sitio\/RadioTV_Detalles.cshtml?LPKey=NGIBSZL4K3R3442U7O3UABPQITRU27WCHD52ULODNJZYFUDH4PV5BFECPRZ7YTVNGFUCQAUY3N7YE\">Entrevista a Armando Dur\u00e1n, director de la Escuela de Ingenier\u00eda Civil en Obras Civiles.<\/a><\/p><p>\u00a0<\/p><p><strong>CNNCHILE.COM<\/strong><\/p><p><a href=\"https:\/\/www.cnnchile.com\/programas-completos\/agenda-economica-armando-duran-quiebra-constructoras-duplico-ano_20221109\/\">Quiebras de constructoras se duplicaron en un a\u00f1o: Incidi\u00f3 el alza del precio de materiales y la falta de stock. Se refiere Armando Dur\u00e1n, director de la Escuela de Ingenier\u00eda Civil en Obras Civiles.<\/a><\/p><p>\u00a0<\/p><p><strong>RADIO TELE13<\/strong><\/p><p><a href=\"https:\/\/www.litoralpress.cl\/sitio\/RadioTV_Detalles.cshtml?LPKey=H523SMXS6PXRH7R3GNKS6GY7KSXJLFOTSSOV27SZBMWIK4ROAGJMQRDMWHHXJ3LXADU3NOGD57YSA\">Banco Central public\u00f3 informe de estabilidad financiera. Deterioro de las inmobiliarias y las constructoras. Se menciona estudio de la UTalca.<\/a><\/p><p>\u00a0<\/p><p><strong>LA TERCERA<\/strong><\/p><p><a href=\"https:\/\/www.litoralpress.cl\/sitio\/Prensa_PaginaCompleta.cshtml?LPKey=OZU6WVTV7JKZPKOVJJ7I3CKN4JXWCNJ42Y7KRGBSFMVSBUJD2RLQ\">El desconocido corredor de altas temperaturas de la zona central. Talca anota la primavera m\u00e1s calurosa en un siglo. Se refiere Patricio Gonz\u00e1lez, acad\u00e9mico del Centro de Investigaci\u00f3n y Transferencia en Riego y Agroclimatolog\u00eda (CITRA).<\/a><\/p><p>\u00a0<\/p><p><strong>RADIO COOPERATIVA<\/strong><\/p><p><a href=\"https:\/\/www.litoralpress.cl\/sitio\/RadioTV_Detalles.cshtml?LPKey=3F2Y7PD372IZV7TFRBLMNJQRGBSTEBOW2NQVBI4MHN2RS3NQQ2BIZAN4TRFR3HOMU6RK4TKZYZPY6\">COP27 y la discusi\u00f3n mundial por la contaminaci\u00f3n ambiental. Se refiere Patricio Gonz\u00e1lez, acad\u00e9mico del Centro de Investigaci\u00f3n y Transferencia en Riego y Agroclimatolog\u00eda (CITRA).<\/a><\/p><p>\u00a0<\/p><p><strong>CANAL 30 SAN JAVIER<\/strong><\/p><p><a href=\"https:\/\/www.litoralpress.cl\/sitio\/RadioTV_Detalles.cshtml?LPKey=2OSHXX2MCLNGZUSCUZHVLOOWYNRSLXE2KV5KEYCV7R2VNHZC2SOEI5CX54DNXUBE5MTR2KUMVNWPC\">Entrevista a Patricio Gonz\u00e1lez, acad\u00e9mico del Centro de Investigaci\u00f3n y Transferencia en Riego y Agroclimatolog\u00eda (CITRA).<\/a><\/p><p>\u00a0<\/p><p><strong>PUBLIMICRO.CL<\/strong><\/p><p><a href=\"https:\/\/publimicro.cl\/morfologia-de-la-region-del-maule-y-el-cambio-climatico-serian-cruciales-en-tener-la-primavera-mas-calurosa-en-un-siglo\/\">Morfolog\u00eda de la Regi\u00f3n del Maule y el cambio clim\u00e1tico, ser\u00edan cruciales en tener la primavera m\u00e1s calurosa en un siglo. Se refiere Patricio Gonz\u00e1lez, acad\u00e9mico del Centro de Investigaci\u00f3n y Transferencia en Riego y Agroclimatolog\u00eda (CITRA).<\/a><\/p><p>\u00a0<\/p><p><strong>EMOL.COM<\/strong><\/p><p><a href=\"https:\/\/www.emol.com\/noticias\/Economia\/2022\/11\/09\/1077764\/reforma-pensiones-rentabilidad-nocional.html\">&#8220;Rentabilidad nocional&#8221;: El mecanismo que utilizar\u00e1 el inversor p\u00fablico de pensiones y las dudas que genera. Se refiere Rodrigo Saens, acad\u00e9mico de la Facultad de Econom\u00eda y Negocios (FEN).<\/a><\/p><p>\u00a0<\/p><p><strong>CANAL TV5 LINARES<\/strong><\/p><p><a href=\"https:\/\/www.litoralpress.cl\/sitio\/RadioTV_Detalles.cshtml?LPKey=AHFLAYJQVYEBFEIKX54WEHC6BVGINL47RIFSCWMCMCCAKDHHPVKZKFE6MYT5YYTRRGSCKHCCJFKYG\">IPC e incidencia en la econom\u00eda. Se refiere Rodrigo Saens, acad\u00e9mico de la Facultad de Econom\u00eda y Negocios (FEN).<\/a><\/p><p>\u00a0<\/p><p><strong>CANAL ANTOFAGASTA TV<\/strong><\/p><p><a href=\"https:\/\/www.litoralpress.cl\/sitio\/RadioTV_Detalles.cshtml?LPKey=OWC6YZ2A5N2HQ3OL2TI25HQTASOBVLRCJPFEUQJ4L4N4O4YLDBEVVRW2SGJTHSIZ6BAMLEI3GQPSC\">IPC de octubre fue de 0,5%, acumulando un alza de 11,4% en lo que va de a\u00f1o y 12,8% en 12 meses. Se refiere Rodrigo Saens, acad\u00e9mico de la Facultad de Econom\u00eda y Negocios (FEN).<\/a><\/p><p>\u00a0<\/p><p><strong>RADIO AMIGA<\/strong><\/p><p><a href=\"https:\/\/www.litoralpress.cl\/sitio\/RadioTV_Detalles.cshtml?LPKey=EMDG72P6UJH7N6BPFCQUH4LC5VK3XCRNHDAUXZ5ACX5BPUZKNLGX6IHVPPYAJ4RUMXKNCYOFCOZQ6\">Economistas recomiendan evitar el uso de tarjetas de cr\u00e9dito y planificar los gastos con miras a las fiestas de fin de a\u00f1o. Se refiere Juan Andr\u00e9s Riquelme, director del Magister en Econom\u00eda.<\/a><\/p><p>\u00a0<\/p><p><strong>ENLINEAMAULE.CL<\/strong><\/p><p><a href=\"https:\/\/www.litoralpress.cl\/sitio\/RadioTV_Detalles.cshtml?LPKey=KT32SBB7L2KTWCGJSWFHOFLBMRYNCEGN7PQKVU2J4MBZSFZPR4OF5QSGQ76LSUVO5NJIDIYYBRL3Y\">Endeudamiento de los chilenos. Se refiere Juan Andr\u00e9s Riquelme, director del Magister en Econom\u00eda.<\/a><\/p><p>\u00a0<\/p><p><strong>EMOL TV<\/strong><\/p><p><a href=\"https:\/\/www.litoralpress.cl\/sitio\/RadioTV_Detalles.cshtml?LPKey=IY7SQ2M7YOGKNHB6NX7BVZIENOGFWHO4MAAG64TD577777JLOOYETRNFGGE3LAIH2IFSOEJMPDLAG\">Mirada pol\u00edtica. Se refiere Mauricio Morales, director del Centro de An\u00e1lisis Pol\u00edtico (CAP).<\/a><\/p><p>\u00a0<\/p><p><strong>RADIO INFINITA<\/strong><\/p><p><a href=\"https:\/\/www.litoralpress.cl\/sitio\/RadioTV_Detalles.cshtml?LPKey=FCDGNX5AUT3OHHWTFFA5LDEPZBTCOHBQX6TDQOXW52YS3EN45OXISYJJ4XLV7DOUA6JTMSNCY2UMO\">Comentario de Mauricio Morales, director del Centro de An\u00e1lisis Pol\u00edtico (CAP).<\/a><\/p><p>\u00a0<\/p><p><strong>RADIO UNIVERSIDAD DE CHILE<\/strong><\/p><p><a href=\"https:\/\/www.litoralpress.cl\/sitio\/RadioTV_Detalles.cshtml?LPKey=CFNDVW6L63723SZKA4EV5CYWG6MEVZHBKTW6WNAWGX3CM6U6TFPXZ7UQTZQRIC7TXJIIVJZ2UANKS\">Parlamentarios del Oficialismo Independientes buscan modificar varios puntos del reglamento de la corporaci\u00f3n. Se refiere Mario Herrera, acad\u00e9mico del Centro de An\u00e1lisis Pol\u00edtico (CAP).<\/a><\/p><p>\u00a0<\/p><p><strong>EMOL.COM<\/strong><\/p><p><a href=\"https:\/\/www.emol.com\/noticias\/Nacional\/2022\/11\/09\/1077831\/candidatos-consejo-nacional-dc.html\">Junta Nacional DC: Carolina Goic y exdiputado Ortiz entre postulantes a consejeros, mientras Chahin queda fuera. Se refiere Mauricio Morales, director del Centro de An\u00e1lisis Pol\u00edtico (CAP).<\/a><\/p><p>\u00a0<\/p><p><strong>CNNCHILE.COM<\/strong><\/p><p><a href=\"https:\/\/www.cnnchile.com\/pais\/ministra-uriarte-mirada-oficialismo-oposicion-y-expertos_20221109\/\">La mirada del oficialismo, oposici\u00f3n y expertos sobre la gesti\u00f3n de la ministra Uriarte. Se refiere Mauricio Morales, director del Centro de An\u00e1lisis Pol\u00edtico (CAP).<\/a><\/p><p>\u00a0<\/p><p><strong>RADIO.UCHILE.CL<\/strong><\/p><p><a href=\"https:\/\/radio.uchile.cl\/2022\/11\/09\/alta-agresividad-en-la-camara-que-factores-explican-el-deterioro-del-debate-en-el-hemiciclo\/\">Alta agresividad en la C\u00e1mara: \u00bfQu\u00e9 factores explican el deterioro del debate en el hemiciclo? Se refiere Mario Herrera, acad\u00e9mico del Centro de An\u00e1lisis Pol\u00edtico (CAP).<\/a><\/p><p>\u00a0<\/p><p><strong>UESTATALES.CL<\/strong><\/p><p><a href=\"http:\/\/uestatales.cl\/cue\/?q=node\/9695\">Encuentro Nacional de Direcciones de Comunicaci\u00f3n re\u00fane a equipos de todo el pa\u00eds en torno a reflexiones y desaf\u00edos del \u00e1rea. Se refiere Marcela Barros, directora de Comunicaciones Corporativas.<\/a><\/p><p>\u00a0<\/p><p><strong>CANAL CONTIVISI\u00d3N<\/strong><\/p><p><a href=\"https:\/\/www.litoralpress.cl\/sitio\/RadioTV_Detalles.cshtml?LPKey=G4MZMTAONLTHZBHPOS3N5M65OVZHSBMY4ZZ375O6U3N2Q4UQDPGDQNHUO352HPABRCVSIRBJMVR54\">Curic\u00f3: Se llevar\u00e1 a cabo la Agrotech 2022. Se menciona a ThinkAgro y al Campus Curic\u00f3 de la UTalca.<\/a><\/p><p>\u00a0<\/p>\t\t\t\t\t\t<\/div>\n\t\t\t\t<\/div>\n\t\t\t\t\t<\/div>\n\t\t<\/div>\n\t\t\t\t\t\t\t<\/div>\n\t\t<\/section>\n\t\t\t\t\t\t<\/div>\n\t\t\t\t\t<\/div>\n\t\t","protected":false},"excerpt":{"rendered":"<p>UESTATALES.CL\u00a0 M\u00e1s de 210 vacantes abre el PACE UTalca para el proceso de Admisi\u00f3n 2023. Se refieren Paola Morales, director de Ciclo de Vida Estudiantil (CIVE) y Yerca Ben\u00edtez, coordinador Ejecutiva del Programa PACE. \u00a0 LA PRENSA M\u00e1s de 210 vacantes abre el PACE UTalca. Se refieren Paola Morales, director de Ciclo de Vida Estudiantil &hellip;<\/p>\n<p class=\"read-more\"> <a class=\"\" href=\"https:\/\/www.reportedeprensa.utalca.cl\/?p=5590\"> <span class=\"screen-reader-text\">10 de noviembre de 2022<\/span> Read More &raquo;<\/a><\/p>\n","protected":false},"author":1,"featured_media":0,"comment_status":"closed","ping_status":"open","sticky":false,"template":"","format":"standard","meta":{"_monsterinsights_skip_tracking":false,"_monsterinsights_sitenote_active":false,"_monsterinsights_sitenote_note":"","_monsterinsights_sitenote_category":0},"categories":[27],"tags":[],"_links":{"self":[{"href":"https:\/\/www.reportedeprensa.utalca.cl\/index.php?rest_route=\/wp\/v2\/posts\/5590"}],"collection":[{"href":"https:\/\/www.reportedeprensa.utalca.cl\/index.php?rest_route=\/wp\/v2\/posts"}],"about":[{"href":"https:\/\/www.reportedeprensa.utalca.cl\/index.php?rest_route=\/wp\/v2\/types\/post"}],"author":[{"embeddable":true,"href":"https:\/\/www.reportedeprensa.utalca.cl\/index.php?rest_route=\/wp\/v2\/users\/1"}],"replies":[{"embeddable":true,"href":"https:\/\/www.reportedeprensa.utalca.cl\/index.php?rest_route=%2Fwp%2Fv2%2Fcomments&post=5590"}],"version-history":[{"count":7,"href":"https:\/\/www.reportedeprensa.utalca.cl\/index.php?rest_route=\/wp\/v2\/posts\/5590\/revisions"}],"predecessor-version":[{"id":5610,"href":"https:\/\/www.reportedeprensa.utalca.cl\/index.php?rest_route=\/wp\/v2\/posts\/5590\/revisions\/5610"}],"wp:attachment":[{"href":"https:\/\/www.reportedeprensa.utalca.cl\/index.php?rest_route=%2Fwp%2Fv2%2Fmedia&parent=5590"}],"wp:term":[{"taxonomy":"category","embeddable":true,"href":"https:\/\/www.reportedeprensa.utalca.cl\/index.php?rest_route=%2Fwp%2Fv2%2Fcategories&post=5590"},{"taxonomy":"post_tag","embeddable":true,"href":"https:\/\/www.reportedeprensa.utalca.cl\/index.php?rest_route=%2Fwp%2Fv2%2Ftags&post=5590"}],"curies":[{"name":"wp","href":"https:\/\/api.w.org\/{rel}","templated":true}]}}